[{"@context":"https:\/\/schema.org\/","@type":"Blog","@id":"https:\/\/www.spdkoelnnord.de#Blog","headline":"Die SPD im K\u00f6lner Norden","description":"Die SPD im Stadtbezirk K\u00f6ln - Chorweiler","url":"https:\/\/www.spdkoelnnord.de","blogPost":[{"@type":"BlogPosting","@id":"https:\/\/www.spdkoelnnord.de\/bundestag-staerkt-jugendschutz-neues-gesetz-reguliert-lachgas\/","headline":"Bundestag st\u00e4rkt Jugendschutz \u2013 neues Gesetz reguliert Lachgas","url":"https:\/\/www.spdkoelnnord.de\/bundestag-staerkt-jugendschutz-neues-gesetz-reguliert-lachgas\/","datePublished":"2025-11-14","dateModified":"2025-11-14","mainEntityOfPage":"https:\/\/www.spdkoelnnord.de\/bundestag-staerkt-jugendschutz-neues-gesetz-reguliert-lachgas\/","author":{"@type":"Person","@id":"https:\/\/www.spdkoelnnord.de\/author\/spdbundestagsfraktion\/#Person","name":"Bundestagsfraktion","url":"https:\/\/www.spdkoelnnord.de\/author\/spdbundestagsfraktion\/","identifier":325,"image":{"@type":"ImageObject","@id":"https:\/\/www.spdkoelnnord.de\/wp-content\/plugins\/wp-user-avatar\/deprecated\/wp-user-avatar\/images\/wpua-96x96.png","url":"https:\/\/www.spdkoelnnord.de\/wp-content\/plugins\/wp-user-avatar\/deprecated\/wp-user-avatar\/images\/wpua-96x96.png","height":96,"width":96}},"publisher":{"@type":"Organization","name":"SPD im K\u00f6lner Norden","logo":{"@type":"ImageObject","@id":"https:\/\/www.spdkoelnnord.de\/wp-content\/uploads\/2019\/10\/cropped-logo_ko\u0308lnspd.jpg","url":"https:\/\/www.spdkoelnnord.de\/wp-content\/uploads\/2019\/10\/cropped-logo_ko\u0308lnspd.jpg","width":null,"height":null}},"image":{"@type":"ImageObject","@id":"https:\/\/www.spdkoelnnord.de\/wp-content\/uploads\/2025\/02\/spd-verschwommen.jpg","url":"https:\/\/www.spdkoelnnord.de\/wp-content\/uploads\/2025\/02\/spd-verschwommen.jpg","height":675,"width":1200},"wordCount":396,"keywords":["Analogie (Recht)","Christos Pantazis","Deutscher Bundestag","Distickstoffmonoxid","Elektronischer Handel","Gesellschaft (Soziologie)","gesetz","Handel","Jugendschutz","Kartusche (Munition)","pravention","risiko","sicherheit","Sp\u00e4tkauf","Wissenschaft"]},{"@type":"BlogPosting","@id":"https:\/\/www.spdkoelnnord.de\/der-neue-wehrdienst\/","headline":"Der neue Wehrdienst","url":"https:\/\/www.spdkoelnnord.de\/der-neue-wehrdienst\/","datePublished":"2025-11-14","dateModified":"2025-11-14","mainEntityOfPage":"https:\/\/www.spdkoelnnord.de\/der-neue-wehrdienst\/","author":{"@type":"Person","@id":"https:\/\/www.spdkoelnnord.de\/author\/spdbundestagsfraktion\/#Person","name":"Bundestagsfraktion","url":"https:\/\/www.spdkoelnnord.de\/author\/spdbundestagsfraktion\/","identifier":325,"image":{"@type":"ImageObject","@id":"https:\/\/www.spdkoelnnord.de\/wp-content\/plugins\/wp-user-avatar\/deprecated\/wp-user-avatar\/images\/wpua-96x96.png","url":"https:\/\/www.spdkoelnnord.de\/wp-content\/plugins\/wp-user-avatar\/deprecated\/wp-user-avatar\/images\/wpua-96x96.png","height":96,"width":96}},"publisher":{"@type":"Organization","name":"SPD im K\u00f6lner Norden","logo":{"@type":"ImageObject","@id":"https:\/\/www.spdkoelnnord.de\/wp-content\/uploads\/2019\/10\/cropped-logo_ko\u0308lnspd.jpg","url":"https:\/\/www.spdkoelnnord.de\/wp-content\/uploads\/2019\/10\/cropped-logo_ko\u0308lnspd.jpg","width":null,"height":null}},"image":{"@type":"ImageObject","@id":"https:\/\/www.spd.de\/fileadmin\/Bilder\/Landingspages\/Wehrdienst_desktop.jpg","url":"https:\/\/www.spd.de\/fileadmin\/Bilder\/Landingspages\/Wehrdienst_desktop.jpg","height":0,"width":0},"wordCount":1192,"keywords":["Bundesministerium der Verteidigung","Bundesministerium des Innern und f\u00fcr Heimat","Bundesrat (Deutschland)","Bundeswehr","Deutsche Presse-Agentur","Deutscher Bundestag","Freier Wille","freiheit","freiwilligendienst","Freiwilliger Wehrdienst","frieden","Grundgesetz f\u00fcr die Bundesrepublik Deutschland","grundrechte","Katastrophenschutz","Kollektive Verteidigung","Kriegsdienstverweigerung","Milit\u00e4r","Musterung (milit\u00e4risch)","NS-Staat","Reserve (Milit\u00e4rwesen)","Russischer \u00dcberfall auf die Ukraine seit 2022","Soldat","Soldat auf Zeit","Spannungsfall","Verteidigungsfall (Deutschland)","Wehrdienst","Wehrersatzdienst","Wehrpflicht","Wehrpflicht in Deutschland","Zivildienst"]},{"@type":"BlogPosting","@id":"https:\/\/www.spdkoelnnord.de\/cybersicherheit-im-fokus-parlament-modernisiert-it-sicherheitsstandards\/","headline":"Cybersicherheit im Fokus: Parlament modernisiert IT-Sicherheitsstandards","url":"https:\/\/www.spdkoelnnord.de\/cybersicherheit-im-fokus-parlament-modernisiert-it-sicherheitsstandards\/","datePublished":"2025-11-13","dateModified":"2025-11-13","mainEntityOfPage":"https:\/\/www.spdkoelnnord.de\/cybersicherheit-im-fokus-parlament-modernisiert-it-sicherheitsstandards\/","author":{"@type":"Person","@id":"https:\/\/www.spdkoelnnord.de\/author\/spdbundestagsfraktion\/#Person","name":"Bundestagsfraktion","url":"https:\/\/www.spdkoelnnord.de\/author\/spdbundestagsfraktion\/","identifier":325,"image":{"@type":"ImageObject","@id":"https:\/\/www.spdkoelnnord.de\/wp-content\/plugins\/wp-user-avatar\/deprecated\/wp-user-avatar\/images\/wpua-96x96.png","url":"https:\/\/www.spdkoelnnord.de\/wp-content\/plugins\/wp-user-avatar\/deprecated\/wp-user-avatar\/images\/wpua-96x96.png","height":96,"width":96}},"publisher":{"@type":"Organization","name":"SPD im K\u00f6lner Norden","logo":{"@type":"ImageObject","@id":"https:\/\/www.spdkoelnnord.de\/wp-content\/uploads\/2019\/10\/cropped-logo_ko\u0308lnspd.jpg","url":"https:\/\/www.spdkoelnnord.de\/wp-content\/uploads\/2019\/10\/cropped-logo_ko\u0308lnspd.jpg","width":null,"height":null}},"image":{"@type":"ImageObject","@id":"https:\/\/www.spdkoelnnord.de\/wp-content\/uploads\/2025\/02\/spd-verschwommen.jpg","url":"https:\/\/www.spdkoelnnord.de\/wp-content\/uploads\/2025\/02\/spd-verschwommen.jpg","height":675,"width":1200},"wordCount":279,"keywords":["Bitkom","Bundesamt f\u00fcr Sicherheit in der Informationstechnik","Bundeskanzleramt (Deutschland)","China","Deutscher Bundestag","Digitale Souver\u00e4nit\u00e4t","Fraktion (Bundestag)","gesetz","Informationssicherheit","Johannes Sch\u00e4tzl","Kritische Infrastrukturen","Meldepflicht","\u00d6ffentliche Sicherheit","\u00d6ffentliche Verwaltung","parlament","Risikomanagement","Sonja Eichwede"]},{"@type":"BlogPosting","@id":"https:\/\/www.spdkoelnnord.de\/unicef-bericht-zur-lage-der-kinder-teilhabe-entscheidet-ueber-zukunft\/","headline":"Unicef-Bericht zur Lage der Kinder: Teilhabe entscheidet \u00fcber Zukunft","url":"https:\/\/www.spdkoelnnord.de\/unicef-bericht-zur-lage-der-kinder-teilhabe-entscheidet-ueber-zukunft\/","datePublished":"2025-11-13","dateModified":"2025-11-13","mainEntityOfPage":"https:\/\/www.spdkoelnnord.de\/unicef-bericht-zur-lage-der-kinder-teilhabe-entscheidet-ueber-zukunft\/","author":{"@type":"Person","@id":"https:\/\/www.spdkoelnnord.de\/author\/spdbundestagsfraktion\/#Person","name":"Bundestagsfraktion","url":"https:\/\/www.spdkoelnnord.de\/author\/spdbundestagsfraktion\/","identifier":325,"image":{"@type":"ImageObject","@id":"https:\/\/www.spdkoelnnord.de\/wp-content\/plugins\/wp-user-avatar\/deprecated\/wp-user-avatar\/images\/wpua-96x96.png","url":"https:\/\/www.spdkoelnnord.de\/wp-content\/plugins\/wp-user-avatar\/deprecated\/wp-user-avatar\/images\/wpua-96x96.png","height":96,"width":96}},"publisher":{"@type":"Organization","name":"SPD im K\u00f6lner Norden","logo":{"@type":"ImageObject","@id":"https:\/\/www.spdkoelnnord.de\/wp-content\/uploads\/2019\/10\/cropped-logo_ko\u0308lnspd.jpg","url":"https:\/\/www.spdkoelnnord.de\/wp-content\/uploads\/2019\/10\/cropped-logo_ko\u0308lnspd.jpg","width":null,"height":null}},"image":{"@type":"ImageObject","@id":"https:\/\/www.spdkoelnnord.de\/wp-content\/uploads\/2025\/02\/spd-verschwommen.jpg","url":"https:\/\/www.spdkoelnnord.de\/wp-content\/uploads\/2025\/02\/spd-verschwommen.jpg","height":675,"width":1200},"wordCount":367,"keywords":["armut","Bewegungsmangel","Dagmar Schmidt (Politikerin, 1973)","Gesundheitsf\u00f6rderung","Kausalit\u00e4t","Kinder- und Jugendhilfe","Kindertagesst\u00e4tte","Kindheit","Postleitzahl (Deutschland)","UNICEF"]},{"@type":"BlogPosting","@id":"https:\/\/www.spdkoelnnord.de\/die-neue-grundsicherung\/","headline":"Die neue Grundsicherung","url":"https:\/\/www.spdkoelnnord.de\/die-neue-grundsicherung\/","datePublished":"2025-11-10","dateModified":"2025-11-10","mainEntityOfPage":"https:\/\/www.spdkoelnnord.de\/die-neue-grundsicherung\/","author":{"@type":"Person","@id":"https:\/\/www.spdkoelnnord.de\/author\/spdbundestagsfraktion\/#Person","name":"Bundestagsfraktion","url":"https:\/\/www.spdkoelnnord.de\/author\/spdbundestagsfraktion\/","identifier":325,"image":{"@type":"ImageObject","@id":"https:\/\/www.spdkoelnnord.de\/wp-content\/plugins\/wp-user-avatar\/deprecated\/wp-user-avatar\/images\/wpua-96x96.png","url":"https:\/\/www.spdkoelnnord.de\/wp-content\/plugins\/wp-user-avatar\/deprecated\/wp-user-avatar\/images\/wpua-96x96.png","height":96,"width":96}},"publisher":{"@type":"Organization","name":"SPD im K\u00f6lner Norden","logo":{"@type":"ImageObject","@id":"https:\/\/www.spdkoelnnord.de\/wp-content\/uploads\/2019\/10\/cropped-logo_ko\u0308lnspd.jpg","url":"https:\/\/www.spdkoelnnord.de\/wp-content\/uploads\/2019\/10\/cropped-logo_ko\u0308lnspd.jpg","width":null,"height":null}},"image":{"@type":"ImageObject","@id":"https:\/\/www.spdkoelnnord.de\/wp-content\/uploads\/2025\/02\/spd-verschwommen.jpg","url":"https:\/\/www.spdkoelnnord.de\/wp-content\/uploads\/2025\/02\/spd-verschwommen.jpg","height":675,"width":1200},"wordCount":1185,"keywords":["Altersvorsorge","Arbeit (Philosophie)","arbeitsmarkt","Aufstocker","Bedarfsgemeinschaft","Bedingungsloses Grundeinkommen","Bundesagentur f\u00fcr Arbeit","Bundesebene (Deutschland)","Einkommen","Geld","Grundsicherung","Immobilie","jobcenter","Kinderzuschlag","Kosten der Unterkunft","mietendeckel","Mietpreisbindung","Mietvertrag (Deutschland)","Nat\u00fcrliche Person","Pflegebed\u00fcrftigkeit","Pflichtverletzung","Qualifikation (Personalwesen)","Sanktion","Schonverm\u00f6gen","Sozialer Wohnungsbau","Sozialgesetzbuch (Deutschland)","Sozialstaat","sparen","Totalverweigerung","Transferleistung","Verm\u00f6gen (Wirtschaft)","Wirtschaftswachstum","wohngeld","Wohnungsmarkt"]},{"@type":"BlogPosting","@id":"https:\/\/www.spdkoelnnord.de\/alle-wissen-jetzt-was-die-stunde-geschlagen-hat\/","headline":"\u201eAlle wissen jetzt, was die Stunde geschlagen hat\u201c","url":"https:\/\/www.spdkoelnnord.de\/alle-wissen-jetzt-was-die-stunde-geschlagen-hat\/","datePublished":"2025-11-06","dateModified":"2025-11-06","mainEntityOfPage":"https:\/\/www.spdkoelnnord.de\/alle-wissen-jetzt-was-die-stunde-geschlagen-hat\/","author":{"@type":"Person","@id":"https:\/\/www.spdkoelnnord.de\/author\/ott\/#Person","name":"Jochen Ott","url":"https:\/\/www.spdkoelnnord.de\/author\/ott\/","identifier":344,"image":{"@type":"ImageObject","@id":"https:\/\/www.spdkoelnnord.de\/wp-content\/plugins\/wp-user-avatar\/deprecated\/wp-user-avatar\/images\/wpua-96x96.png","url":"https:\/\/www.spdkoelnnord.de\/wp-content\/plugins\/wp-user-avatar\/deprecated\/wp-user-avatar\/images\/wpua-96x96.png","height":96,"width":96}},"publisher":{"@type":"Organization","name":"SPD im K\u00f6lner Norden","logo":{"@type":"ImageObject","@id":"https:\/\/www.spdkoelnnord.de\/wp-content\/uploads\/2019\/10\/cropped-logo_ko\u0308lnspd.jpg","url":"https:\/\/www.spdkoelnnord.de\/wp-content\/uploads\/2019\/10\/cropped-logo_ko\u0308lnspd.jpg","width":null,"height":null}},"image":{"@type":"ImageObject","@id":"https:\/\/www.spdkoelnnord.de\/wp-content\/uploads\/2025\/02\/spd-verschwommen.jpg","url":"https:\/\/www.spdkoelnnord.de\/wp-content\/uploads\/2025\/02\/spd-verschwommen.jpg","height":675,"width":1200},"wordCount":254,"keywords":["Bundeskanzleramt (Deutschland)","Fraktion (Politik)","Jochen Ott","Nordrhein-Westfalen"]},{"@type":"BlogPosting","@id":"https:\/\/www.spdkoelnnord.de\/die-schwarz-gruenen-hochschulkuerzungen-gefaehrden-den-bildungsstandort-nrw\/","headline":"Die schwarz-gr\u00fcnen Hochschulk\u00fcrzungen gef\u00e4hrden den Bildungsstandort NRW","url":"https:\/\/www.spdkoelnnord.de\/die-schwarz-gruenen-hochschulkuerzungen-gefaehrden-den-bildungsstandort-nrw\/","datePublished":"2025-11-06","dateModified":"2025-11-06","mainEntityOfPage":"https:\/\/www.spdkoelnnord.de\/die-schwarz-gruenen-hochschulkuerzungen-gefaehrden-den-bildungsstandort-nrw\/","author":{"@type":"Person","@id":"https:\/\/www.spdkoelnnord.de\/author\/koelnspd\/#Person","name":"K\u00f6lnSPD","url":"https:\/\/www.spdkoelnnord.de\/author\/koelnspd\/","identifier":11,"description":"SPD-Unterbezirk K\u00f6ln\r\nMagnusstra\u00dfe 18 b\r\n50672 K\u00f6ln\r\nTel: 0221 \/ 92 59 81-0","image":{"@type":"ImageObject","@id":"https:\/\/www.spdkoelnnord.de\/wp-content\/plugins\/wp-user-avatar\/deprecated\/wp-user-avatar\/images\/wpua-96x96.png","url":"https:\/\/www.spdkoelnnord.de\/wp-content\/plugins\/wp-user-avatar\/deprecated\/wp-user-avatar\/images\/wpua-96x96.png","height":96,"width":96}},"publisher":{"@type":"Organization","name":"SPD im K\u00f6lner Norden","logo":{"@type":"ImageObject","@id":"https:\/\/www.spdkoelnnord.de\/wp-content\/uploads\/2019\/10\/cropped-logo_ko\u0308lnspd.jpg","url":"https:\/\/www.spdkoelnnord.de\/wp-content\/uploads\/2019\/10\/cropped-logo_ko\u0308lnspd.jpg","width":null,"height":null}},"image":{"@type":"ImageObject","@id":"https:\/\/www.spdkoelnnord.de\/wp-content\/uploads\/2025\/02\/spd-verschwommen.jpg","url":"https:\/\/www.spdkoelnnord.de\/wp-content\/uploads\/2025\/02\/spd-verschwommen.jpg","height":675,"width":1200},"wordCount":478,"keywords":["Angewandte Wissenschaft","Arbeitsverdichtung","Fakult\u00e4t (Hochschule)","Forschung","Hochschule","Personalkosten","Personalwesen","Student"]}]},{"@context":"https:\/\/schema.org","@type":"WebSite","@id":"https:\/\/www.spdkoelnnord.de\/#website","name":"Die SPD im K\u00f6lner Norden","url":"https:\/\/www.spdkoelnnord.de","potentialAction":{"@type":"SearchAction","target":"https:\/\/www.spdkoelnnord.de\/?s={search_term_string}","query-input":"required name=search_term_string"}}]