[{"@context":"https:\/\/schema.org\/","@type":"BlogPosting","@id":"https:\/\/www.spdkoelnnord.de\/heute-ist-ein-besonderer-tag-fuer-den-koelner-industriestandort\/#BlogPosting","mainEntityOfPage":"https:\/\/www.spdkoelnnord.de\/heute-ist-ein-besonderer-tag-fuer-den-koelner-industriestandort\/","headline":"Heute ist ein besonderer Tag f\u00fcr den K\u00f6lner Industriestandort","name":"Heute ist ein besonderer Tag f\u00fcr den K\u00f6lner Industriestandort","description":"Tweet1Share1Submit1Email1 min gesch\u00e4tzte Lesedauer Heute ist ein besonderer Tag f\u00fcr die Transformation unserer Arbeitswelt. Heute ist ein besonderer Tag f\u00fcr die Fordwerke im K\u00f6lner Norden. Nach einem langen und teils...","datePublished":"2024-06-04","dateModified":"2024-06-04","author":{"@type":"Person","@id":"https:\/\/www.spdkoelnnord.de\/author\/helga_wagner\/#Person","name":"Helga Wagner","url":"https:\/\/www.spdkoelnnord.de\/author\/helga_wagner\/","identifier":363,"image":{"@type":"ImageObject","@id":"https:\/\/www.spdkoelnnord.de\/wp-content\/plugins\/wp-user-avatar\/deprecated\/wp-user-avatar\/images\/wpua-96x96.png","url":"https:\/\/www.spdkoelnnord.de\/wp-content\/plugins\/wp-user-avatar\/deprecated\/wp-user-avatar\/images\/wpua-96x96.png","height":96,"width":96}},"publisher":{"@type":"Organization","name":"SPD im K\u00f6lner Norden","logo":{"@type":"ImageObject","@id":"https:\/\/www.spdkoelnnord.de\/wp-content\/uploads\/2019\/10\/cropped-logo_ko\u0308lnspd.jpg","url":"https:\/\/www.spdkoelnnord.de\/wp-content\/uploads\/2019\/10\/cropped-logo_ko\u0308lnspd.jpg","width":null,"height":null}},"image":{"@type":"ImageObject","@id":"https:\/\/www.spdkoelnnord.de\/wp-content\/uploads\/2024\/06\/447776813_18264786286213276_7261348881984259603_n.jpg","url":"https:\/\/www.spdkoelnnord.de\/wp-content\/uploads\/2024\/06\/447776813_18264786286213276_7261348881984259603_n.jpg","height":1080,"width":1080},"url":"https:\/\/www.spdkoelnnord.de\/heute-ist-ein-besonderer-tag-fuer-den-koelner-industriestandort\/","about":["Allgemein","K\u00f6ln-Nord","Newsletters"],"wordCount":298,"keywords":["besonderer","Ein besonderer Tag","Elektroauto","Elektromobilit\u00e4t","Elektromotor","Ford Explorer","Ford Fiesta","Ford-Werke","heute","industriestandort","K\u00f6ln","kolner"],"articleBody":"Tweet1Share1Submit1Email1 min gesch\u00e4tzte LesedauerHeute ist ein besonderer Tag f\u00fcr die Transformation unserer Arbeitswelt.Heute ist ein besonderer Tag f\u00fcr die Fordwerke im K\u00f6lner Norden.Nach einem langen und teils sehr steinigen Weg hat heute die Serienproduktion f\u00fcr das erste vollelektrische Auto von Ford \u2013 den Ford Explorer \u2013 begonnen. Ein herausragender Meilenstein f\u00fcr unsere gesamte Region.Nachdem im Sommer 2023 der letzte von \u00fcber 9,5 Millionen Ford Fiesta in den K\u00f6lner Fordwerken produziert wurde, wurden die Fordwerke in den vergangenen Monaten auf die Elektroproduktion umgestellt. Das haben wir vor allem dem starken Einsatz des Betriebsrates um Benjamin Gruschka zu verdanken, der einen ma\u00dfgeblichen Anteil an der Entscheidung von Ford hatte, zwei Milliarden Euro in den Aufbau des Cologne Electrification Centers zu investieren und damit langfristig Arbeitspl\u00e4tze zu sichern.K\u00f6ln ist das neue europ\u00e4ische Zentrum f\u00fcr Elektromobilit\u00e4t bei Ford. Neben der Produktion des Explorers wird bald bereits ein zweites E-Auto \u00fcber die B\u00e4nder der K\u00f6lner Fordwerke laufen.Doch die Entscheidung, Fahrzeugmodelle mit Elektromotor zuk\u00fcnftig in den USA und nicht mehr in Europa entwickeln zu lassen, hat bei vielen die Vorfreude ged\u00e4mpft. Heute ist ein Tag zum Feiern, aber wir m\u00fcssen weiterhin die Zukunft des Standortes im Blick behalten. Ford hat eine hohe Verantwortung gegen\u00fcber seiner Belegschaft und darf sich nicht auf der Produktion des neuen Explorers ausruhen. Dazu z\u00e4hlen neben der Arbeitsplatzsicherung auch gute Arbeitsbedingungen und eine umfangreiche (Weiter-) Qualifizierung der Besch\u00e4ftigten.Ich werde mich weiterhin gemeinsam mit den Besch\u00e4ftigten f\u00fcr eine langfristige Perspektive des Standortes einsetzen und die Transformation bei Ford eng bei meiner Arbeit im Wirtschaftsausschuss begleiten.Sei der erste, der diesen Beitrag teilt! teilen&nbsp;teilen&nbsp;teilen&nbsp;Tweet1Share1Submit1Email"},{"@context":"https:\/\/schema.org\/","@type":"BreadcrumbList","itemListElement":[{"@type":"ListItem","position":1,"name":"Heute ist ein besonderer Tag f\u00fcr den K\u00f6lner Industriestandort","item":"https:\/\/www.spdkoelnnord.de\/heute-ist-ein-besonderer-tag-fuer-den-koelner-industriestandort\/#breadcrumbitem"}]}]