[{"@context":"https:\/\/schema.org\/","@type":"Blog","@id":"https:\/\/www.spdkoelnnord.de#Blog","headline":"Die SPD im K\u00f6lner Norden","description":"Die SPD im Stadtbezirk K\u00f6ln - Chorweiler","url":"https:\/\/www.spdkoelnnord.de","blogPost":[{"@type":"BlogPosting","@id":"https:\/\/www.spdkoelnnord.de\/spd-draengt-auf-schnelle-massnahmen-gegen-verwahrlosung-fuenf-punkte-plan-auf-den-weg-gebracht\/","headline":"SPD dr\u00e4ngt auf schnelle Ma\u00dfnahmen gegen Verwahrlosung   F\u00fcnf-Punkte-Plan auf den Weg gebracht","url":"https:\/\/www.spdkoelnnord.de\/spd-draengt-auf-schnelle-massnahmen-gegen-verwahrlosung-fuenf-punkte-plan-auf-den-weg-gebracht\/","datePublished":"2025-02-14","dateModified":"2025-02-14","mainEntityOfPage":"https:\/\/www.spdkoelnnord.de\/spd-draengt-auf-schnelle-massnahmen-gegen-verwahrlosung-fuenf-punkte-plan-auf-den-weg-gebracht\/","author":{"@type":"Person","@id":"https:\/\/www.spdkoelnnord.de\/author\/koelnspd\/#Person","name":"K\u00f6lnSPD","url":"https:\/\/www.spdkoelnnord.de\/author\/koelnspd\/","identifier":11,"description":"SPD-Unterbezirk K\u00f6ln\r\nMagnusstra\u00dfe 18 b\r\n50672 K\u00f6ln\r\nTel: 0221 \/ 92 59 81-0","image":{"@type":"ImageObject","@id":"https:\/\/www.spdkoelnnord.de\/wp-content\/plugins\/wp-user-avatar\/deprecated\/wp-user-avatar\/images\/wpua-96x96.png","url":"https:\/\/www.spdkoelnnord.de\/wp-content\/plugins\/wp-user-avatar\/deprecated\/wp-user-avatar\/images\/wpua-96x96.png","height":96,"width":96}},"publisher":{"@type":"Organization","name":"SPD im K\u00f6lner Norden","logo":{"@type":"ImageObject","@id":"https:\/\/www.spdkoelnnord.de\/wp-content\/uploads\/2019\/10\/cropped-logo_ko\u0308lnspd.jpg","url":"https:\/\/www.spdkoelnnord.de\/wp-content\/uploads\/2019\/10\/cropped-logo_ko\u0308lnspd.jpg","width":null,"height":null}},"image":{"@type":"ImageObject","@id":"https:\/\/www.spdkoelnnord.de\/wp-content\/uploads\/2025\/02\/spd-verschwommen.jpg","url":"https:\/\/www.spdkoelnnord.de\/wp-content\/uploads\/2025\/02\/spd-verschwommen.jpg","height":675,"width":1200},"wordCount":417,"keywords":["Abh\u00e4ngigkeit von psychoaktiven Substanzen","Barrierefreiheit","dusseldorf","Gastronomie","Housing First","Kalkstein","K\u00f6ln","Kriminalpr\u00e4vention","Neumarkt (K\u00f6ln)","obdachlosigkeit","Ordnungsamt","pravention","Sozialdemokratische Partei Deutschlands"]},{"@type":"BlogPosting","@id":"https:\/\/www.spdkoelnnord.de\/spd-fraktion-lehnt-haushalt-ab-verantwortung-statt-sozialabbau\/","headline":"SPD-Fraktion lehnt Haushalt ab: Verantwortung statt Sozialabbau!","url":"https:\/\/www.spdkoelnnord.de\/spd-fraktion-lehnt-haushalt-ab-verantwortung-statt-sozialabbau\/","datePublished":"2025-02-13","dateModified":"2025-02-13","mainEntityOfPage":"https:\/\/www.spdkoelnnord.de\/spd-fraktion-lehnt-haushalt-ab-verantwortung-statt-sozialabbau\/","author":{"@type":"Person","@id":"https:\/\/www.spdkoelnnord.de\/author\/koelnspd\/#Person","name":"K\u00f6lnSPD","url":"https:\/\/www.spdkoelnnord.de\/author\/koelnspd\/","identifier":11,"description":"SPD-Unterbezirk K\u00f6ln\r\nMagnusstra\u00dfe 18 b\r\n50672 K\u00f6ln\r\nTel: 0221 \/ 92 59 81-0","image":{"@type":"ImageObject","@id":"https:\/\/www.spdkoelnnord.de\/wp-content\/plugins\/wp-user-avatar\/deprecated\/wp-user-avatar\/images\/wpua-96x96.png","url":"https:\/\/www.spdkoelnnord.de\/wp-content\/plugins\/wp-user-avatar\/deprecated\/wp-user-avatar\/images\/wpua-96x96.png","height":96,"width":96}},"publisher":{"@type":"Organization","name":"SPD im K\u00f6lner Norden","logo":{"@type":"ImageObject","@id":"https:\/\/www.spdkoelnnord.de\/wp-content\/uploads\/2019\/10\/cropped-logo_ko\u0308lnspd.jpg","url":"https:\/\/www.spdkoelnnord.de\/wp-content\/uploads\/2019\/10\/cropped-logo_ko\u0308lnspd.jpg","width":null,"height":null}},"image":{"@type":"ImageObject","@id":"https:\/\/www.spdkoelnnord.de\/wp-content\/uploads\/2025\/02\/spd-verschwommen.jpg","url":"https:\/\/www.spdkoelnnord.de\/wp-content\/uploads\/2025\/02\/spd-verschwommen.jpg","height":675,"width":1200},"wordCount":594,"keywords":["Burgergemeinde Bern","Christine Joisten","G\u00fcrzenich-Orchester","Hans-Peter Joisten","Inflation","K\u00f6ln","Kulturf\u00f6rderabgabe","sozialabbau","Sozialdemokratische Partei Deutschlands","Sozialpolitik","Verkehrspolitik","Verkehrswende"]},{"@type":"BlogPosting","@id":"https:\/\/www.spdkoelnnord.de\/olaf-scholz-in-koeln-deine-fragen-klare-antworten\/","headline":"Olaf Scholz in K\u00f6ln: Deine Fragen. Klare Antworten.","url":"https:\/\/www.spdkoelnnord.de\/olaf-scholz-in-koeln-deine-fragen-klare-antworten\/","datePublished":"2025-02-11","dateModified":"2025-02-11","mainEntityOfPage":"https:\/\/www.spdkoelnnord.de\/olaf-scholz-in-koeln-deine-fragen-klare-antworten\/","author":{"@type":"Person","@id":"https:\/\/www.spdkoelnnord.de\/author\/koelnspd\/#Person","name":"K\u00f6lnSPD","url":"https:\/\/www.spdkoelnnord.de\/author\/koelnspd\/","identifier":11,"description":"SPD-Unterbezirk K\u00f6ln\r\nMagnusstra\u00dfe 18 b\r\n50672 K\u00f6ln\r\nTel: 0221 \/ 92 59 81-0","image":{"@type":"ImageObject","@id":"https:\/\/www.spdkoelnnord.de\/wp-content\/plugins\/wp-user-avatar\/deprecated\/wp-user-avatar\/images\/wpua-96x96.png","url":"https:\/\/www.spdkoelnnord.de\/wp-content\/plugins\/wp-user-avatar\/deprecated\/wp-user-avatar\/images\/wpua-96x96.png","height":96,"width":96}},"publisher":{"@type":"Organization","name":"SPD im K\u00f6lner Norden","logo":{"@type":"ImageObject","@id":"https:\/\/www.spdkoelnnord.de\/wp-content\/uploads\/2019\/10\/cropped-logo_ko\u0308lnspd.jpg","url":"https:\/\/www.spdkoelnnord.de\/wp-content\/uploads\/2019\/10\/cropped-logo_ko\u0308lnspd.jpg","width":null,"height":null}},"image":{"@type":"ImageObject","@id":"https:\/\/www.spdkoelnnord.de\/wp-content\/uploads\/2025\/02\/spd-verschwommen.jpg","url":"https:\/\/www.spdkoelnnord.de\/wp-content\/uploads\/2025\/02\/spd-verschwommen.jpg","height":675,"width":1200},"wordCount":221,"keywords":["Arbeitsentgelt","Bundeskanzler (Deutschland)","Bundesregierung (Deutschland)","K\u00f6ln","Messe (Wirtschaft)","Olaf Scholz"]},{"@type":"BlogPosting","@id":"https:\/\/www.spdkoelnnord.de\/chorweiler-abendfrieden\/","headline":"Chorweiler Abendfrieden","url":"https:\/\/www.spdkoelnnord.de\/chorweiler-abendfrieden\/","datePublished":"2025-02-04","dateModified":"2025-02-04","mainEntityOfPage":"https:\/\/www.spdkoelnnord.de\/chorweiler-abendfrieden\/","author":{"@type":"Person","@id":"https:\/\/www.spdkoelnnord.de\/author\/helga_wagner\/#Person","name":"Helga Wagner","url":"https:\/\/www.spdkoelnnord.de\/author\/helga_wagner\/","identifier":363,"image":{"@type":"ImageObject","@id":"https:\/\/www.spdkoelnnord.de\/wp-content\/plugins\/wp-user-avatar\/deprecated\/wp-user-avatar\/images\/wpua-96x96.png","url":"https:\/\/www.spdkoelnnord.de\/wp-content\/plugins\/wp-user-avatar\/deprecated\/wp-user-avatar\/images\/wpua-96x96.png","height":96,"width":96}},"publisher":{"@type":"Organization","name":"SPD im K\u00f6lner Norden","logo":{"@type":"ImageObject","@id":"https:\/\/www.spdkoelnnord.de\/wp-content\/uploads\/2019\/10\/cropped-logo_ko\u0308lnspd.jpg","url":"https:\/\/www.spdkoelnnord.de\/wp-content\/uploads\/2019\/10\/cropped-logo_ko\u0308lnspd.jpg","width":null,"height":null}},"image":{"@type":"ImageObject","@id":"https:\/\/www.spdkoelnnord.de\/wp-content\/uploads\/2025\/02\/WhatsApp-Image-2025-02-02-at-18.20.58.jpeg","url":"https:\/\/www.spdkoelnnord.de\/wp-content\/uploads\/2025\/02\/WhatsApp-Image-2025-02-02-at-18.20.58.jpeg","height":1200,"width":900},"wordCount":170,"keywords":["chorweiler","demokratie","Plug-in","Runder Tisch","toleranz"]},{"@type":"BlogPosting","@id":"https:\/\/www.spdkoelnnord.de\/mit-besonnenheit-und-vernunft-laermschutz-am-bruesseler-platz-verbessern\/","headline":"Mit Besonnenheit und Vernunft L\u00e4rmschutz am Br\u00fcsseler Platz verbessern","url":"https:\/\/www.spdkoelnnord.de\/mit-besonnenheit-und-vernunft-laermschutz-am-bruesseler-platz-verbessern\/","datePublished":"2025-02-04","dateModified":"2025-02-04","mainEntityOfPage":"https:\/\/www.spdkoelnnord.de\/mit-besonnenheit-und-vernunft-laermschutz-am-bruesseler-platz-verbessern\/","author":{"@type":"Person","@id":"https:\/\/www.spdkoelnnord.de\/author\/koelnspd\/#Person","name":"K\u00f6lnSPD","url":"https:\/\/www.spdkoelnnord.de\/author\/koelnspd\/","identifier":11,"description":"SPD-Unterbezirk K\u00f6ln\r\nMagnusstra\u00dfe 18 b\r\n50672 K\u00f6ln\r\nTel: 0221 \/ 92 59 81-0","image":{"@type":"ImageObject","@id":"https:\/\/www.spdkoelnnord.de\/wp-content\/plugins\/wp-user-avatar\/deprecated\/wp-user-avatar\/images\/wpua-96x96.png","url":"https:\/\/www.spdkoelnnord.de\/wp-content\/plugins\/wp-user-avatar\/deprecated\/wp-user-avatar\/images\/wpua-96x96.png","height":96,"width":96}},"publisher":{"@type":"Organization","name":"SPD im K\u00f6lner Norden","logo":{"@type":"ImageObject","@id":"https:\/\/www.spdkoelnnord.de\/wp-content\/uploads\/2019\/10\/cropped-logo_ko\u0308lnspd.jpg","url":"https:\/\/www.spdkoelnnord.de\/wp-content\/uploads\/2019\/10\/cropped-logo_ko\u0308lnspd.jpg","width":null,"height":null}},"image":{"@type":"ImageObject","@id":"https:\/\/www.koelnspd.de\/wp-content\/uploads\/sites\/749\/2025\/02\/bild-br-sseler-platz.png","url":"https:\/\/www.koelnspd.de\/wp-content\/uploads\/sites\/749\/2025\/02\/bild-br-sseler-platz.png","height":0,"width":0},"wordCount":712,"keywords":["Br\u00fcsseler Platz","Fraktion (Politik)","Gastronomie","G\u00fcrzenich","K\u00f6ln","Lanxess Arena","L\u00e4rmschutz","Oberverwaltungsgericht f\u00fcr das Land Nordrhein-Westfalen","Rheinenergiestadion"]},{"@type":"BlogPosting","@id":"https:\/\/www.spdkoelnnord.de\/faire-regeln-fuer-den-taximarkt-beschlossen\/","headline":"Faire Regeln f\u00fcr den Taximarkt beschlossen","url":"https:\/\/www.spdkoelnnord.de\/faire-regeln-fuer-den-taximarkt-beschlossen\/","datePublished":"2025-02-04","dateModified":"2025-02-04","mainEntityOfPage":"https:\/\/www.spdkoelnnord.de\/faire-regeln-fuer-den-taximarkt-beschlossen\/","author":{"@type":"Person","@id":"https:\/\/www.spdkoelnnord.de\/author\/koelnspd\/#Person","name":"K\u00f6lnSPD","url":"https:\/\/www.spdkoelnnord.de\/author\/koelnspd\/","identifier":11,"description":"SPD-Unterbezirk K\u00f6ln\r\nMagnusstra\u00dfe 18 b\r\n50672 K\u00f6ln\r\nTel: 0221 \/ 92 59 81-0","image":{"@type":"ImageObject","@id":"https:\/\/www.spdkoelnnord.de\/wp-content\/plugins\/wp-user-avatar\/deprecated\/wp-user-avatar\/images\/wpua-96x96.png","url":"https:\/\/www.spdkoelnnord.de\/wp-content\/plugins\/wp-user-avatar\/deprecated\/wp-user-avatar\/images\/wpua-96x96.png","height":96,"width":96}},"publisher":{"@type":"Organization","name":"SPD im K\u00f6lner Norden","logo":{"@type":"ImageObject","@id":"https:\/\/www.spdkoelnnord.de\/wp-content\/uploads\/2019\/10\/cropped-logo_ko\u0308lnspd.jpg","url":"https:\/\/www.spdkoelnnord.de\/wp-content\/uploads\/2019\/10\/cropped-logo_ko\u0308lnspd.jpg","width":null,"height":null}},"image":{"@type":"ImageObject","@id":"https:\/\/www.spdkoelnnord.de\/wp-content\/uploads\/2025\/02\/spd-verschwommen.jpg","url":"https:\/\/www.spdkoelnnord.de\/wp-content\/uploads\/2025\/02\/spd-verschwommen.jpg","height":675,"width":1200},"wordCount":315,"keywords":["Burgergemeinde Bern","Daseinsvorsorge","Hamburg","K\u00f6ln","Kontrolle","Ordnungspolitik","Schwarzarbeit","Thyssenkrupp","Universit\u00e4t zu K\u00f6ln","Wettbewerb (Wirtschaft)","Zoll (Abgabe)"]},{"@type":"BlogPosting","@id":"https:\/\/www.spdkoelnnord.de\/sozialer-wohnungsbau-und-staedtebaufoerderung-gehen-weiter\/","headline":"Sozialer Wohnungsbau und St\u00e4dtebauf\u00f6rderung gehen weiter","url":"https:\/\/www.spdkoelnnord.de\/sozialer-wohnungsbau-und-staedtebaufoerderung-gehen-weiter\/","datePublished":"2025-01-31","dateModified":"2025-01-31","mainEntityOfPage":"https:\/\/www.spdkoelnnord.de\/sozialer-wohnungsbau-und-staedtebaufoerderung-gehen-weiter\/","author":{"@type":"Person","@id":"https:\/\/www.spdkoelnnord.de\/author\/spdbundestagsfraktion\/#Person","name":"Bundestagsfraktion","url":"https:\/\/www.spdkoelnnord.de\/author\/spdbundestagsfraktion\/","identifier":325,"image":{"@type":"ImageObject","@id":"https:\/\/www.spdkoelnnord.de\/wp-content\/plugins\/wp-user-avatar\/deprecated\/wp-user-avatar\/images\/wpua-96x96.png","url":"https:\/\/www.spdkoelnnord.de\/wp-content\/plugins\/wp-user-avatar\/deprecated\/wp-user-avatar\/images\/wpua-96x96.png","height":96,"width":96}},"publisher":{"@type":"Organization","name":"SPD im K\u00f6lner Norden","logo":{"@type":"ImageObject","@id":"https:\/\/www.spdkoelnnord.de\/wp-content\/uploads\/2019\/10\/cropped-logo_ko\u0308lnspd.jpg","url":"https:\/\/www.spdkoelnnord.de\/wp-content\/uploads\/2019\/10\/cropped-logo_ko\u0308lnspd.jpg","width":null,"height":null}},"image":{"@type":"ImageObject","@id":"https:\/\/www.spdkoelnnord.de\/wp-content\/uploads\/2025\/02\/spd-verschwommen.jpg","url":"https:\/\/www.spdkoelnnord.de\/wp-content\/uploads\/2025\/02\/spd-verschwommen.jpg","height":675,"width":1200},"wordCount":211,"keywords":["Bernhard Daldrup (Politiker, 1956)","haushaltsausschuss","infrastruktur","Sozialer Wohnungsbau","St\u00e4dtebauf\u00f6rderung","Wohnungspolitik"]}]},{"@context":"https:\/\/schema.org","@type":"WebSite","@id":"https:\/\/www.spdkoelnnord.de\/#website","name":"Die SPD im K\u00f6lner Norden","url":"https:\/\/www.spdkoelnnord.de","potentialAction":{"@type":"SearchAction","target":"https:\/\/www.spdkoelnnord.de\/?s={search_term_string}","query-input":"required name=search_term_string"}}]