[{"@context":"https:\/\/schema.org\/","@type":"Blog","@id":"https:\/\/www.spdkoelnnord.de#Blog","headline":"Die SPD im K\u00f6lner Norden","description":"Die SPD im Stadtbezirk K\u00f6ln - Chorweiler","url":"https:\/\/www.spdkoelnnord.de","blogPost":[{"@type":"BlogPosting","@id":"https:\/\/www.spdkoelnnord.de\/aus-dem-landtag-wir-brauchen-eine-lebendige-demokratie-mit-dem-buergerrat-demokratische-teilhabe-staerken\/","headline":"Aus dem Landtag: Wir brauchen eine lebendige Demokratie \u2013 mit dem B\u00fcrgerrat demokratische Teilhabe st\u00e4rken","url":"https:\/\/www.spdkoelnnord.de\/aus-dem-landtag-wir-brauchen-eine-lebendige-demokratie-mit-dem-buergerrat-demokratische-teilhabe-staerken\/","datePublished":"2025-01-31","dateModified":"2025-01-31","mainEntityOfPage":"https:\/\/www.spdkoelnnord.de\/aus-dem-landtag-wir-brauchen-eine-lebendige-demokratie-mit-dem-buergerrat-demokratische-teilhabe-staerken\/","author":{"@type":"Person","@id":"https:\/\/www.spdkoelnnord.de\/author\/bezirk_mitthelrhein\/#Person","name":"Bezirk Mittelrhein","url":"https:\/\/www.spdkoelnnord.de\/author\/bezirk_mitthelrhein\/","identifier":1226,"description":"Zur rheinischen Region geh\u00f6ren die St\u00e4dte K\u00f6ln, Bonn, Aachen und Leverkusen, die St\u00e4dteRegion Aachen sowie die Kreise D\u00fcren, Euskirchen, Rhein-Sieg, Rhein-Erft, Rhein-Berg, Heinsberg und Oberberg.\r\n\r\nAuf dieser Seite finden Sie Informationen aus der Arbeit des SPD-Bezirks und Informationen zu Ihren Abgeordneten in Bund, Land und Europa.","image":{"@type":"ImageObject","@id":"https:\/\/www.spdkoelnnord.de\/wp-content\/plugins\/wp-user-avatar\/deprecated\/wp-user-avatar\/images\/wpua-96x96.png","url":"https:\/\/www.spdkoelnnord.de\/wp-content\/plugins\/wp-user-avatar\/deprecated\/wp-user-avatar\/images\/wpua-96x96.png","height":96,"width":96}},"publisher":{"@type":"Organization","name":"SPD im K\u00f6lner Norden","logo":{"@type":"ImageObject","@id":"https:\/\/www.spdkoelnnord.de\/wp-content\/uploads\/2019\/10\/cropped-logo_ko\u0308lnspd.jpg","url":"https:\/\/www.spdkoelnnord.de\/wp-content\/uploads\/2019\/10\/cropped-logo_ko\u0308lnspd.jpg","width":null,"height":null}},"image":{"@type":"ImageObject","@id":"https:\/\/www.spdkoelnnord.de\/wp-content\/uploads\/2025\/02\/spd-verschwommen.jpg","url":"https:\/\/www.spdkoelnnord.de\/wp-content\/uploads\/2025\/02\/spd-verschwommen.jpg","height":675,"width":1200},"wordCount":325,"keywords":["B\u00fcrgerforum (B\u00fcrgerbeteiligung)","Burgergemeinde Bern","demokratie","entscheidung","Gesellschaft (Soziologie)","Nordrhein-Westfalen","Partizipation","Politische Partizipation","Wissenschaft"]},{"@type":"BlogPosting","@id":"https:\/\/www.spdkoelnnord.de\/aus-dem-landtag-skandal-um-die-staatskanzlei-wer-traegt-dafuer-die-politische-verantwortung\/","headline":"Aus dem Landtag: Skandal um die Staatskanzlei \u2013 Wer tr\u00e4gt daf\u00fcr die politische Verantwortung?","url":"https:\/\/www.spdkoelnnord.de\/aus-dem-landtag-skandal-um-die-staatskanzlei-wer-traegt-dafuer-die-politische-verantwortung\/","datePublished":"2025-01-31","dateModified":"2025-01-31","mainEntityOfPage":"https:\/\/www.spdkoelnnord.de\/aus-dem-landtag-skandal-um-die-staatskanzlei-wer-traegt-dafuer-die-politische-verantwortung\/","author":{"@type":"Person","@id":"https:\/\/www.spdkoelnnord.de\/author\/bezirk_mitthelrhein\/#Person","name":"Bezirk Mittelrhein","url":"https:\/\/www.spdkoelnnord.de\/author\/bezirk_mitthelrhein\/","identifier":1226,"description":"Zur rheinischen Region geh\u00f6ren die St\u00e4dte K\u00f6ln, Bonn, Aachen und Leverkusen, die St\u00e4dteRegion Aachen sowie die Kreise D\u00fcren, Euskirchen, Rhein-Sieg, Rhein-Erft, Rhein-Berg, Heinsberg und Oberberg.\r\n\r\nAuf dieser Seite finden Sie Informationen aus der Arbeit des SPD-Bezirks und Informationen zu Ihren Abgeordneten in Bund, Land und Europa.","image":{"@type":"ImageObject","@id":"https:\/\/www.spdkoelnnord.de\/wp-content\/plugins\/wp-user-avatar\/deprecated\/wp-user-avatar\/images\/wpua-96x96.png","url":"https:\/\/www.spdkoelnnord.de\/wp-content\/plugins\/wp-user-avatar\/deprecated\/wp-user-avatar\/images\/wpua-96x96.png","height":96,"width":96}},"publisher":{"@type":"Organization","name":"SPD im K\u00f6lner Norden","logo":{"@type":"ImageObject","@id":"https:\/\/www.spdkoelnnord.de\/wp-content\/uploads\/2019\/10\/cropped-logo_ko\u0308lnspd.jpg","url":"https:\/\/www.spdkoelnnord.de\/wp-content\/uploads\/2019\/10\/cropped-logo_ko\u0308lnspd.jpg","width":null,"height":null}},"image":{"@type":"ImageObject","@id":"https:\/\/www.spdkoelnnord.de\/wp-content\/uploads\/2025\/02\/spd-verschwommen.jpg","url":"https:\/\/www.spdkoelnnord.de\/wp-content\/uploads\/2025\/02\/spd-verschwommen.jpg","height":675,"width":1200},"wordCount":262,"keywords":["aufklarung","Fragestunde"]},{"@type":"BlogPosting","@id":"https:\/\/www.spdkoelnnord.de\/wir-weiten-den-mutterschutz-aus\/","headline":"Wir weiten den Mutterschutz aus","url":"https:\/\/www.spdkoelnnord.de\/wir-weiten-den-mutterschutz-aus\/","datePublished":"2025-01-31","dateModified":"2025-01-31","mainEntityOfPage":"https:\/\/www.spdkoelnnord.de\/wir-weiten-den-mutterschutz-aus\/","author":{"@type":"Person","@id":"https:\/\/www.spdkoelnnord.de\/author\/spdbundestagsfraktion\/#Person","name":"Bundestagsfraktion","url":"https:\/\/www.spdkoelnnord.de\/author\/spdbundestagsfraktion\/","identifier":325,"image":{"@type":"ImageObject","@id":"https:\/\/www.spdkoelnnord.de\/wp-content\/plugins\/wp-user-avatar\/deprecated\/wp-user-avatar\/images\/wpua-96x96.png","url":"https:\/\/www.spdkoelnnord.de\/wp-content\/plugins\/wp-user-avatar\/deprecated\/wp-user-avatar\/images\/wpua-96x96.png","height":96,"width":96}},"publisher":{"@type":"Organization","name":"SPD im K\u00f6lner Norden","logo":{"@type":"ImageObject","@id":"https:\/\/www.spdkoelnnord.de\/wp-content\/uploads\/2019\/10\/cropped-logo_ko\u0308lnspd.jpg","url":"https:\/\/www.spdkoelnnord.de\/wp-content\/uploads\/2019\/10\/cropped-logo_ko\u0308lnspd.jpg","width":null,"height":null}},"image":{"@type":"ImageObject","@id":"https:\/\/www.spdkoelnnord.de\/wp-content\/uploads\/2025\/02\/spd-verschwommen.jpg","url":"https:\/\/www.spdkoelnnord.de\/wp-content\/uploads\/2025\/02\/spd-verschwommen.jpg","height":675,"width":1200},"wordCount":476,"keywords":["Arbeitgeber","Arbeitsentgelt","CDU\/CSU-Fraktion im Deutschen Bundestag","Deutscher Bundestag","Erholung","familie","Fehlgeburt","Mutterschaftsgeld","mutterschutz","schwangerschaft","S\u00f6nke Rix","Totgeburt"]},{"@type":"BlogPosting","@id":"https:\/\/www.spdkoelnnord.de\/abstimmung-zur-altschuldenloesung-chance-vertan\/","headline":"Abstimmung zur Altschuldenl\u00f6sung \u2013 Chance vertan\u00a0","url":"https:\/\/www.spdkoelnnord.de\/abstimmung-zur-altschuldenloesung-chance-vertan\/","datePublished":"2025-01-30","dateModified":"2025-01-30","mainEntityOfPage":"https:\/\/www.spdkoelnnord.de\/abstimmung-zur-altschuldenloesung-chance-vertan\/","author":{"@type":"Person","@id":"https:\/\/www.spdkoelnnord.de\/author\/koelnspd\/#Person","name":"K\u00f6lnSPD","url":"https:\/\/www.spdkoelnnord.de\/author\/koelnspd\/","identifier":11,"description":"SPD-Unterbezirk K\u00f6ln\r\nMagnusstra\u00dfe 18 b\r\n50672 K\u00f6ln\r\nTel: 0221 \/ 92 59 81-0","image":{"@type":"ImageObject","@id":"https:\/\/www.spdkoelnnord.de\/wp-content\/plugins\/wp-user-avatar\/deprecated\/wp-user-avatar\/images\/wpua-96x96.png","url":"https:\/\/www.spdkoelnnord.de\/wp-content\/plugins\/wp-user-avatar\/deprecated\/wp-user-avatar\/images\/wpua-96x96.png","height":96,"width":96}},"publisher":{"@type":"Organization","name":"SPD im K\u00f6lner Norden","logo":{"@type":"ImageObject","@id":"https:\/\/www.spdkoelnnord.de\/wp-content\/uploads\/2019\/10\/cropped-logo_ko\u0308lnspd.jpg","url":"https:\/\/www.spdkoelnnord.de\/wp-content\/uploads\/2019\/10\/cropped-logo_ko\u0308lnspd.jpg","width":null,"height":null}},"image":{"@type":"ImageObject","@id":"https:\/\/www.spdkoelnnord.de\/wp-content\/uploads\/2025\/02\/spd-verschwommen.jpg","url":"https:\/\/www.spdkoelnnord.de\/wp-content\/uploads\/2025\/02\/spd-verschwommen.jpg","height":675,"width":1200},"wordCount":311,"keywords":["Bundesebene (Deutschland)","Bundesministerium der Finanzen","Bundesregierung (Deutschland)","B\u00fcndnis 90\/Die Gr\u00fcnen","Deutscher Bundestag","Grundgesetz f\u00fcr die Bundesrepublik Deutschland","Landesregierung (Deutschland)","ministerprasident"]},{"@type":"BlogPosting","@id":"https:\/\/www.spdkoelnnord.de\/aus-dem-landtag-wird-nrw-eine-brandmauer-gegen-rechts-bleiben-herr-wuest\/","headline":"Aus dem Landtag: Wird NRW eine Brandmauer gegen Rechts bleiben, Herr W\u00fcst?","url":"https:\/\/www.spdkoelnnord.de\/aus-dem-landtag-wird-nrw-eine-brandmauer-gegen-rechts-bleiben-herr-wuest\/","datePublished":"2025-01-30","dateModified":"2025-01-30","mainEntityOfPage":"https:\/\/www.spdkoelnnord.de\/aus-dem-landtag-wird-nrw-eine-brandmauer-gegen-rechts-bleiben-herr-wuest\/","author":{"@type":"Person","@id":"https:\/\/www.spdkoelnnord.de\/author\/bezirk_mitthelrhein\/#Person","name":"Bezirk Mittelrhein","url":"https:\/\/www.spdkoelnnord.de\/author\/bezirk_mitthelrhein\/","identifier":1226,"description":"Zur rheinischen Region geh\u00f6ren die St\u00e4dte K\u00f6ln, Bonn, Aachen und Leverkusen, die St\u00e4dteRegion Aachen sowie die Kreise D\u00fcren, Euskirchen, Rhein-Sieg, Rhein-Erft, Rhein-Berg, Heinsberg und Oberberg.\r\n\r\nAuf dieser Seite finden Sie Informationen aus der Arbeit des SPD-Bezirks und Informationen zu Ihren Abgeordneten in Bund, Land und Europa.","image":{"@type":"ImageObject","@id":"https:\/\/www.spdkoelnnord.de\/wp-content\/plugins\/wp-user-avatar\/deprecated\/wp-user-avatar\/images\/wpua-96x96.png","url":"https:\/\/www.spdkoelnnord.de\/wp-content\/plugins\/wp-user-avatar\/deprecated\/wp-user-avatar\/images\/wpua-96x96.png","height":96,"width":96}},"publisher":{"@type":"Organization","name":"SPD im K\u00f6lner Norden","logo":{"@type":"ImageObject","@id":"https:\/\/www.spdkoelnnord.de\/wp-content\/uploads\/2019\/10\/cropped-logo_ko\u0308lnspd.jpg","url":"https:\/\/www.spdkoelnnord.de\/wp-content\/uploads\/2019\/10\/cropped-logo_ko\u0308lnspd.jpg","width":null,"height":null}},"image":{"@type":"ImageObject","@id":"https:\/\/www.spdkoelnnord.de\/wp-content\/uploads\/2025\/02\/spd-verschwommen.jpg","url":"https:\/\/www.spdkoelnnord.de\/wp-content\/uploads\/2025\/02\/spd-verschwommen.jpg","height":675,"width":1200},"wordCount":505,"keywords":["Alternative f\u00fcr Deutschland","Angela Merkel","Armin Laschet","Asylrecht (Deutschland)","berlin","Brandwand","Bundesrat (Deutschland)","Christlich Demokratische Union Deutschlands","demokratie","Faschismus","Friedrich Merz","Helmut Kohl","Jochen Ott","K\u00f6ln","Konrad Adenauer","Konservatismus","Liberalismus","Nationalsozialismus","Politiker","rechtsextremismus","Schleswig-Holstein","Tabu","Verfassung","Weimarer Republik"]},{"@type":"BlogPosting","@id":"https:\/\/www.spdkoelnnord.de\/wird-nrw-eine-brandmauer-gegen-rechts-bleiben-herr-wuest\/","headline":"Wird NRW eine Brandmauer gegen Rechts bleiben, Herr W\u00fcst?","url":"https:\/\/www.spdkoelnnord.de\/wird-nrw-eine-brandmauer-gegen-rechts-bleiben-herr-wuest\/","datePublished":"2025-01-30","dateModified":"2025-01-30","mainEntityOfPage":"https:\/\/www.spdkoelnnord.de\/wird-nrw-eine-brandmauer-gegen-rechts-bleiben-herr-wuest\/","author":{"@type":"Person","@id":"https:\/\/www.spdkoelnnord.de\/author\/ott\/#Person","name":"Jochen Ott","url":"https:\/\/www.spdkoelnnord.de\/author\/ott\/","identifier":344,"image":{"@type":"ImageObject","@id":"https:\/\/www.spdkoelnnord.de\/wp-content\/plugins\/wp-user-avatar\/deprecated\/wp-user-avatar\/images\/wpua-96x96.png","url":"https:\/\/www.spdkoelnnord.de\/wp-content\/plugins\/wp-user-avatar\/deprecated\/wp-user-avatar\/images\/wpua-96x96.png","height":96,"width":96}},"publisher":{"@type":"Organization","name":"SPD im K\u00f6lner Norden","logo":{"@type":"ImageObject","@id":"https:\/\/www.spdkoelnnord.de\/wp-content\/uploads\/2019\/10\/cropped-logo_ko\u0308lnspd.jpg","url":"https:\/\/www.spdkoelnnord.de\/wp-content\/uploads\/2019\/10\/cropped-logo_ko\u0308lnspd.jpg","width":null,"height":null}},"image":{"@type":"ImageObject","@id":"https:\/\/www.spdkoelnnord.de\/wp-content\/uploads\/2025\/02\/spd-verschwommen.jpg","url":"https:\/\/www.spdkoelnnord.de\/wp-content\/uploads\/2025\/02\/spd-verschwommen.jpg","height":675,"width":1200},"wordCount":286,"keywords":["Alternative f\u00fcr Deutschland","Angela Merkel","Brandwand","Bundeskanzler (Deutschland)","Bundesrat (Deutschland)","Daniel G\u00fcnther","Deutscher Bundestag","Faschismus","Fraktion (Politik)","Hendrik W\u00fcst","Jochen Ott","Landesparlament","Landesregierung (Deutschland)","ministerprasident","Ministerpr\u00e4sident des Landes Nordrhein-Westfalen","Nordrhein-Westfalen","Schwarz-gr\u00fcne Koalition","Sozialdemokratie"]},{"@type":"BlogPosting","@id":"https:\/\/www.spdkoelnnord.de\/kinder-vor-sexueller-gewalt-schuetzen\/","headline":"Kinder vor sexueller Gewalt sch\u00fctzen","url":"https:\/\/www.spdkoelnnord.de\/kinder-vor-sexueller-gewalt-schuetzen\/","datePublished":"2025-01-30","dateModified":"2025-01-30","mainEntityOfPage":"https:\/\/www.spdkoelnnord.de\/kinder-vor-sexueller-gewalt-schuetzen\/","author":{"@type":"Person","@id":"https:\/\/www.spdkoelnnord.de\/author\/spdbundestagsfraktion\/#Person","name":"Bundestagsfraktion","url":"https:\/\/www.spdkoelnnord.de\/author\/spdbundestagsfraktion\/","identifier":325,"image":{"@type":"ImageObject","@id":"https:\/\/www.spdkoelnnord.de\/wp-content\/plugins\/wp-user-avatar\/deprecated\/wp-user-avatar\/images\/wpua-96x96.png","url":"https:\/\/www.spdkoelnnord.de\/wp-content\/plugins\/wp-user-avatar\/deprecated\/wp-user-avatar\/images\/wpua-96x96.png","height":96,"width":96}},"publisher":{"@type":"Organization","name":"SPD im K\u00f6lner Norden","logo":{"@type":"ImageObject","@id":"https:\/\/www.spdkoelnnord.de\/wp-content\/uploads\/2019\/10\/cropped-logo_ko\u0308lnspd.jpg","url":"https:\/\/www.spdkoelnnord.de\/wp-content\/uploads\/2019\/10\/cropped-logo_ko\u0308lnspd.jpg","width":null,"height":null}},"image":{"@type":"ImageObject","@id":"https:\/\/www.spdkoelnnord.de\/wp-content\/uploads\/2025\/02\/spd-verschwommen.jpg","url":"https:\/\/www.spdkoelnnord.de\/wp-content\/uploads\/2025\/02\/spd-verschwommen.jpg","height":675,"width":1200},"wordCount":310,"keywords":["Akteneinsicht (Deutschland)","Daniel Baldy","demokratie","Deutscher Bundestag","gesetz","Kerstin Claus (Journalistin)","kinderschutz","Kindheit","Leni Breymaier","pravention","Sexueller Missbrauch","Unabh\u00e4ngige Beauftragte f\u00fcr Fragen des sexuellen Kindesmissbrauchs","Vergewaltigung"]}]},{"@context":"https:\/\/schema.org","@type":"WebSite","@id":"https:\/\/www.spdkoelnnord.de\/#website","name":"Die SPD im K\u00f6lner Norden","url":"https:\/\/www.spdkoelnnord.de","potentialAction":{"@type":"SearchAction","target":"https:\/\/www.spdkoelnnord.de\/?s={search_term_string}","query-input":"required name=search_term_string"}}]