[{"@context":"https:\/\/schema.org\/","@type":"Blog","@id":"https:\/\/www.spdkoelnnord.de#Blog","headline":"Die SPD im K\u00f6lner Norden","description":"Die SPD im Stadtbezirk K\u00f6ln - Chorweiler","url":"https:\/\/www.spdkoelnnord.de","blogPost":[{"@type":"BlogPosting","@id":"https:\/\/www.spdkoelnnord.de\/das-scheitern-der-finanzierung-des-buergerhauses-ein-rueckschlag-fuer-lindweiler-und-deutliche-kritik-von-lena-teschlade\/","headline":"Das Scheitern der Finanzierung des B\u00fcrgerhauses: Ein R\u00fcckschlag f\u00fcr Lindweiler und deutliche Kritik von Lena Teschlade","url":"https:\/\/www.spdkoelnnord.de\/das-scheitern-der-finanzierung-des-buergerhauses-ein-rueckschlag-fuer-lindweiler-und-deutliche-kritik-von-lena-teschlade\/","datePublished":"2025-01-30","dateModified":"2025-01-30","mainEntityOfPage":"https:\/\/www.spdkoelnnord.de\/das-scheitern-der-finanzierung-des-buergerhauses-ein-rueckschlag-fuer-lindweiler-und-deutliche-kritik-von-lena-teschlade\/","author":{"@type":"Person","@id":"https:\/\/www.spdkoelnnord.de\/author\/helga_wagner\/#Person","name":"Helga Wagner","url":"https:\/\/www.spdkoelnnord.de\/author\/helga_wagner\/","identifier":363,"image":{"@type":"ImageObject","@id":"https:\/\/www.spdkoelnnord.de\/wp-content\/plugins\/wp-user-avatar\/deprecated\/wp-user-avatar\/images\/wpua-96x96.png","url":"https:\/\/www.spdkoelnnord.de\/wp-content\/plugins\/wp-user-avatar\/deprecated\/wp-user-avatar\/images\/wpua-96x96.png","height":96,"width":96}},"publisher":{"@type":"Organization","name":"SPD im K\u00f6lner Norden","logo":{"@type":"ImageObject","@id":"https:\/\/www.spdkoelnnord.de\/wp-content\/uploads\/2019\/10\/cropped-logo_ko\u0308lnspd.jpg","url":"https:\/\/www.spdkoelnnord.de\/wp-content\/uploads\/2019\/10\/cropped-logo_ko\u0308lnspd.jpg","width":null,"height":null}},"image":{"@type":"ImageObject","@id":"https:\/\/www.spdkoelnnord.de\/wp-content\/uploads\/2024\/12\/470192605_593702146489890_6443585846464275929_n.jpg","url":"https:\/\/www.spdkoelnnord.de\/wp-content\/uploads\/2024\/12\/470192605_593702146489890_6443585846464275929_n.jpg","height":526,"width":526},"wordCount":614,"keywords":["Lena Teschlade","Lindweiler (K\u00f6ln)","Plug-in","sozial","Stolpersteine"]},{"@type":"BlogPosting","@id":"https:\/\/www.spdkoelnnord.de\/auf-den-letzten-metern-das-gewalthilfegesetz-kommt\/","headline":"Auf den letzten Metern: Das Gewalthilfegesetz kommt","url":"https:\/\/www.spdkoelnnord.de\/auf-den-letzten-metern-das-gewalthilfegesetz-kommt\/","datePublished":"2025-01-29","dateModified":"2025-01-29","mainEntityOfPage":"https:\/\/www.spdkoelnnord.de\/auf-den-letzten-metern-das-gewalthilfegesetz-kommt\/","author":{"@type":"Person","@id":"https:\/\/www.spdkoelnnord.de\/author\/spdbundestagsfraktion\/#Person","name":"Bundestagsfraktion","url":"https:\/\/www.spdkoelnnord.de\/author\/spdbundestagsfraktion\/","identifier":325,"image":{"@type":"ImageObject","@id":"https:\/\/www.spdkoelnnord.de\/wp-content\/plugins\/wp-user-avatar\/deprecated\/wp-user-avatar\/images\/wpua-96x96.png","url":"https:\/\/www.spdkoelnnord.de\/wp-content\/plugins\/wp-user-avatar\/deprecated\/wp-user-avatar\/images\/wpua-96x96.png","height":96,"width":96}},"publisher":{"@type":"Organization","name":"SPD im K\u00f6lner Norden","logo":{"@type":"ImageObject","@id":"https:\/\/www.spdkoelnnord.de\/wp-content\/uploads\/2019\/10\/cropped-logo_ko\u0308lnspd.jpg","url":"https:\/\/www.spdkoelnnord.de\/wp-content\/uploads\/2019\/10\/cropped-logo_ko\u0308lnspd.jpg","width":null,"height":null}},"image":{"@type":"ImageObject","@id":"https:\/\/www.spdkoelnnord.de\/wp-content\/uploads\/2025\/02\/spd-verschwommen.jpg","url":"https:\/\/www.spdkoelnnord.de\/wp-content\/uploads\/2025\/02\/spd-verschwommen.jpg","height":675,"width":1200},"wordCount":351,"keywords":["Ariane F\u00e4scher","Leni Breymaier","Paradigma","Sozio\u00f6konomischer Status","T\u00e4terarbeit","\u00dcbereinkommen des Europarats zur Verh\u00fctung und Bek\u00e4mpfung von Gewalt gegen Frauen und h\u00e4uslicher Gewalt","Zivilgesellschaft"]},{"@type":"BlogPosting","@id":"https:\/\/www.spdkoelnnord.de\/startchancenprogramm-fuer-koeln\/","headline":"Startchancenprogramm f\u00fcr K\u00f6ln","url":"https:\/\/www.spdkoelnnord.de\/startchancenprogramm-fuer-koeln\/","datePublished":"2025-01-29","dateModified":"2025-01-29","mainEntityOfPage":"https:\/\/www.spdkoelnnord.de\/startchancenprogramm-fuer-koeln\/","author":{"@type":"Person","@id":"https:\/\/www.spdkoelnnord.de\/author\/helga_wagner\/#Person","name":"Helga Wagner","url":"https:\/\/www.spdkoelnnord.de\/author\/helga_wagner\/","identifier":363,"image":{"@type":"ImageObject","@id":"https:\/\/www.spdkoelnnord.de\/wp-content\/plugins\/wp-user-avatar\/deprecated\/wp-user-avatar\/images\/wpua-96x96.png","url":"https:\/\/www.spdkoelnnord.de\/wp-content\/plugins\/wp-user-avatar\/deprecated\/wp-user-avatar\/images\/wpua-96x96.png","height":96,"width":96}},"publisher":{"@type":"Organization","name":"SPD im K\u00f6lner Norden","logo":{"@type":"ImageObject","@id":"https:\/\/www.spdkoelnnord.de\/wp-content\/uploads\/2019\/10\/cropped-logo_ko\u0308lnspd.jpg","url":"https:\/\/www.spdkoelnnord.de\/wp-content\/uploads\/2019\/10\/cropped-logo_ko\u0308lnspd.jpg","width":null,"height":null}},"image":{"@type":"ImageObject","@id":"https:\/\/www.spdkoelnnord.de\/wp-content\/uploads\/2025\/01\/d41d05ad-6c1c-49bb-a022-98db74aa80f2.jpg","url":"https:\/\/www.spdkoelnnord.de\/wp-content\/uploads\/2025\/01\/d41d05ad-6c1c-49bb-a022-98db74aa80f2.jpg","height":768,"width":1024},"wordCount":393,"keywords":["Bundeskanzler (Deutschland)","Kohorte (Sozialwissenschaft)","K\u00f6ln","Menden (Sauerland)","Nordrhein-Westfalen","Olaf Scholz","Plug-in","Schulautonomie","schule","Sozialdemokratie"]},{"@type":"BlogPosting","@id":"https:\/\/www.spdkoelnnord.de\/mutterschutz-nach-fehlgeburten\/","headline":"Mutterschutz nach Fehlgeburten","url":"https:\/\/www.spdkoelnnord.de\/mutterschutz-nach-fehlgeburten\/","datePublished":"2025-01-29","dateModified":"2025-01-29","mainEntityOfPage":"https:\/\/www.spdkoelnnord.de\/mutterschutz-nach-fehlgeburten\/","author":{"@type":"Person","@id":"https:\/\/www.spdkoelnnord.de\/author\/spdbundestagsfraktion\/#Person","name":"Bundestagsfraktion","url":"https:\/\/www.spdkoelnnord.de\/author\/spdbundestagsfraktion\/","identifier":325,"image":{"@type":"ImageObject","@id":"https:\/\/www.spdkoelnnord.de\/wp-content\/plugins\/wp-user-avatar\/deprecated\/wp-user-avatar\/images\/wpua-96x96.png","url":"https:\/\/www.spdkoelnnord.de\/wp-content\/plugins\/wp-user-avatar\/deprecated\/wp-user-avatar\/images\/wpua-96x96.png","height":96,"width":96}},"publisher":{"@type":"Organization","name":"SPD im K\u00f6lner Norden","logo":{"@type":"ImageObject","@id":"https:\/\/www.spdkoelnnord.de\/wp-content\/uploads\/2019\/10\/cropped-logo_ko\u0308lnspd.jpg","url":"https:\/\/www.spdkoelnnord.de\/wp-content\/uploads\/2019\/10\/cropped-logo_ko\u0308lnspd.jpg","width":null,"height":null}},"image":{"@type":"ImageObject","@id":"https:\/\/www.spdkoelnnord.de\/wp-content\/uploads\/2025\/02\/spd-verschwommen.jpg","url":"https:\/\/www.spdkoelnnord.de\/wp-content\/uploads\/2025\/02\/spd-verschwommen.jpg","height":675,"width":1200},"wordCount":457,"keywords":["Bundestagsfraktion B\u00fcndnis 90\/Die Gr\u00fcnen","B\u00fcndnis 90\/Die Gr\u00fcnen","CDU\/CSU-Fraktion im Deutschen Bundestag","demokratie","Deutscher Bundestag","Fehlgeburt","Fraktion (Bundestag)","Frauenbewegung","Kinderbeauftragter","mutterschutz","Mutterschutzgesetz","Regeneration (Schweiz)","Sarah Lahrkamp","schwangerschaft","Silvia Breher"]},{"@type":"BlogPosting","@id":"https:\/\/www.spdkoelnnord.de\/ministerpraesident-wuest-eiert-bei-merz-wahlkampfaussagen-herum\/","headline":"Ministerpr\u00e4sident W\u00fcst eiert bei Merz\u2018 Wahlkampfaussagen herum","url":"https:\/\/www.spdkoelnnord.de\/ministerpraesident-wuest-eiert-bei-merz-wahlkampfaussagen-herum\/","datePublished":"2025-01-24","dateModified":"2025-01-24","mainEntityOfPage":"https:\/\/www.spdkoelnnord.de\/ministerpraesident-wuest-eiert-bei-merz-wahlkampfaussagen-herum\/","author":{"@type":"Person","@id":"https:\/\/www.spdkoelnnord.de\/author\/ott\/#Person","name":"Jochen Ott","url":"https:\/\/www.spdkoelnnord.de\/author\/ott\/","identifier":344,"image":{"@type":"ImageObject","@id":"https:\/\/www.spdkoelnnord.de\/wp-content\/plugins\/wp-user-avatar\/deprecated\/wp-user-avatar\/images\/wpua-96x96.png","url":"https:\/\/www.spdkoelnnord.de\/wp-content\/plugins\/wp-user-avatar\/deprecated\/wp-user-avatar\/images\/wpua-96x96.png","height":96,"width":96}},"publisher":{"@type":"Organization","name":"SPD im K\u00f6lner Norden","logo":{"@type":"ImageObject","@id":"https:\/\/www.spdkoelnnord.de\/wp-content\/uploads\/2019\/10\/cropped-logo_ko\u0308lnspd.jpg","url":"https:\/\/www.spdkoelnnord.de\/wp-content\/uploads\/2019\/10\/cropped-logo_ko\u0308lnspd.jpg","width":null,"height":null}},"image":{"@type":"ImageObject","@id":"https:\/\/www.spdkoelnnord.de\/wp-content\/uploads\/2025\/02\/spd-verschwommen.jpg","url":"https:\/\/www.spdkoelnnord.de\/wp-content\/uploads\/2025\/02\/spd-verschwommen.jpg","height":675,"width":1200},"wordCount":404,"keywords":["Abschiebung (Recht)","Alternative f\u00fcr Deutschland","Deutscher Bundestag","Dublin","eiert","Fraktion (Politik)","Friedrich Merz","Hendrik W\u00fcst","herum","Jochen Ott","Landesparlament","Migration","ministerprasident","Parteivorsitzender","Schwarz-gr\u00fcne Koalition","V\u00f6lkerrecht","wahlkampfaussagen"]},{"@type":"BlogPosting","@id":"https:\/\/www.spdkoelnnord.de\/die-neuen-antraege-aus-der-fraktion\/","headline":"Die neuen Antr\u00e4ge aus der Fraktion","url":"https:\/\/www.spdkoelnnord.de\/die-neuen-antraege-aus-der-fraktion\/","datePublished":"2025-01-22","dateModified":"2025-01-27","mainEntityOfPage":"https:\/\/www.spdkoelnnord.de\/die-neuen-antraege-aus-der-fraktion\/","author":{"@type":"Person","@id":"https:\/\/www.spdkoelnnord.de\/author\/helga_wagner\/#Person","name":"Helga Wagner","url":"https:\/\/www.spdkoelnnord.de\/author\/helga_wagner\/","identifier":363,"image":{"@type":"ImageObject","@id":"https:\/\/www.spdkoelnnord.de\/wp-content\/plugins\/wp-user-avatar\/deprecated\/wp-user-avatar\/images\/wpua-96x96.png","url":"https:\/\/www.spdkoelnnord.de\/wp-content\/plugins\/wp-user-avatar\/deprecated\/wp-user-avatar\/images\/wpua-96x96.png","height":96,"width":96}},"publisher":{"@type":"Organization","name":"SPD im K\u00f6lner Norden","logo":{"@type":"ImageObject","@id":"https:\/\/www.spdkoelnnord.de\/wp-content\/uploads\/2019\/10\/cropped-logo_ko\u0308lnspd.jpg","url":"https:\/\/www.spdkoelnnord.de\/wp-content\/uploads\/2019\/10\/cropped-logo_ko\u0308lnspd.jpg","width":null,"height":null}},"image":{"@type":"ImageObject","@id":"https:\/\/www.spdkoelnnord.de\/wp-content\/uploads\/2025\/02\/spd-verschwommen.jpg","url":"https:\/\/www.spdkoelnnord.de\/wp-content\/uploads\/2025\/02\/spd-verschwommen.jpg","height":675,"width":1200},"wordCount":47,"keywords":["Plug-in"]},{"@type":"BlogPosting","@id":"https:\/\/www.spdkoelnnord.de\/spd-fordert-klare-prioritaetensetzung-im-haushaltsentwurf-2025-2026-sozialpolitik-muss-erhalten-bleiben\/","headline":"SPD fordert klare Priorit\u00e4tensetzung im Haushaltsentwurf 2025\/2026 \u2013 Sozialpolitik muss erhalten bleiben","url":"https:\/\/www.spdkoelnnord.de\/spd-fordert-klare-prioritaetensetzung-im-haushaltsentwurf-2025-2026-sozialpolitik-muss-erhalten-bleiben\/","datePublished":"2025-01-17","dateModified":"2025-01-17","mainEntityOfPage":"https:\/\/www.spdkoelnnord.de\/spd-fordert-klare-prioritaetensetzung-im-haushaltsentwurf-2025-2026-sozialpolitik-muss-erhalten-bleiben\/","author":{"@type":"Person","@id":"https:\/\/www.spdkoelnnord.de\/author\/koelnspd\/#Person","name":"K\u00f6lnSPD","url":"https:\/\/www.spdkoelnnord.de\/author\/koelnspd\/","identifier":11,"description":"SPD-Unterbezirk K\u00f6ln\r\nMagnusstra\u00dfe 18 b\r\n50672 K\u00f6ln\r\nTel: 0221 \/ 92 59 81-0","image":{"@type":"ImageObject","@id":"https:\/\/www.spdkoelnnord.de\/wp-content\/plugins\/wp-user-avatar\/deprecated\/wp-user-avatar\/images\/wpua-96x96.png","url":"https:\/\/www.spdkoelnnord.de\/wp-content\/plugins\/wp-user-avatar\/deprecated\/wp-user-avatar\/images\/wpua-96x96.png","height":96,"width":96}},"publisher":{"@type":"Organization","name":"SPD im K\u00f6lner Norden","logo":{"@type":"ImageObject","@id":"https:\/\/www.spdkoelnnord.de\/wp-content\/uploads\/2019\/10\/cropped-logo_ko\u0308lnspd.jpg","url":"https:\/\/www.spdkoelnnord.de\/wp-content\/uploads\/2019\/10\/cropped-logo_ko\u0308lnspd.jpg","width":null,"height":null}},"image":{"@type":"ImageObject","@id":"https:\/\/www.spdkoelnnord.de\/wp-content\/uploads\/2025\/02\/spd-verschwommen.jpg","url":"https:\/\/www.spdkoelnnord.de\/wp-content\/uploads\/2025\/02\/spd-verschwommen.jpg","height":675,"width":1200},"wordCount":645,"keywords":["Akademie der K\u00fcnste der Welt","Aufgabe (Pflicht)","B\u00fcndnis 90\/Die Gr\u00fcnen","G\u00fcrzenich","infrastruktur","Interessenvertretung","Kahlschlag","K\u00f6ln","Lebensqualit\u00e4t","Motivation","Schulwegsicherheit","Sozialdemokratische Partei Deutschlands","Sozialpolitik","Ticketgeb\u00fchr","\u00dcberforderung","Verkehrswende","Volt Deutschland"]}]},{"@context":"https:\/\/schema.org","@type":"WebSite","@id":"https:\/\/www.spdkoelnnord.de\/#website","name":"Die SPD im K\u00f6lner Norden","url":"https:\/\/www.spdkoelnnord.de","potentialAction":{"@type":"SearchAction","target":"https:\/\/www.spdkoelnnord.de\/?s={search_term_string}","query-input":"required name=search_term_string"}}]