[{"@context":"https:\/\/schema.org\/","@type":"Blog","@id":"https:\/\/www.spdkoelnnord.de#Blog","headline":"Die SPD im K\u00f6lner Norden","description":"Die SPD im Stadtbezirk K\u00f6ln - Chorweiler","url":"https:\/\/www.spdkoelnnord.de","blogPost":[{"@type":"BlogPosting","@id":"https:\/\/www.spdkoelnnord.de\/bruesseler-platz-laermschutzmassnahmen-fuer-eine-bessere-nachtruhe\/","headline":"Br\u00fcsseler Platz: L\u00e4rmschutzma\u00dfnahmen f\u00fcr eine bessere Nachtruhe","url":"https:\/\/www.spdkoelnnord.de\/bruesseler-platz-laermschutzmassnahmen-fuer-eine-bessere-nachtruhe\/","datePublished":"2025-01-17","dateModified":"2025-01-17","mainEntityOfPage":"https:\/\/www.spdkoelnnord.de\/bruesseler-platz-laermschutzmassnahmen-fuer-eine-bessere-nachtruhe\/","author":{"@type":"Person","@id":"https:\/\/www.spdkoelnnord.de\/author\/koelnspd\/#Person","name":"K\u00f6lnSPD","url":"https:\/\/www.spdkoelnnord.de\/author\/koelnspd\/","identifier":11,"description":"SPD-Unterbezirk K\u00f6ln\r\nMagnusstra\u00dfe 18 b\r\n50672 K\u00f6ln\r\nTel: 0221 \/ 92 59 81-0","image":{"@type":"ImageObject","@id":"https:\/\/www.spdkoelnnord.de\/wp-content\/plugins\/wp-user-avatar\/deprecated\/wp-user-avatar\/images\/wpua-96x96.png","url":"https:\/\/www.spdkoelnnord.de\/wp-content\/plugins\/wp-user-avatar\/deprecated\/wp-user-avatar\/images\/wpua-96x96.png","height":96,"width":96}},"publisher":{"@type":"Organization","name":"SPD im K\u00f6lner Norden","logo":{"@type":"ImageObject","@id":"https:\/\/www.spdkoelnnord.de\/wp-content\/uploads\/2019\/10\/cropped-logo_ko\u0308lnspd.jpg","url":"https:\/\/www.spdkoelnnord.de\/wp-content\/uploads\/2019\/10\/cropped-logo_ko\u0308lnspd.jpg","width":null,"height":null}},"image":{"@type":"ImageObject","@id":"https:\/\/www.spdkoelnnord.de\/wp-content\/uploads\/2025\/02\/spd-verschwommen.jpg","url":"https:\/\/www.spdkoelnnord.de\/wp-content\/uploads\/2025\/02\/spd-verschwommen.jpg","height":675,"width":1200},"wordCount":370,"keywords":["Br\u00fcsseler Platz","B\u00fcrgerbeteiligung","Freiz\u00fcgigkeit","K\u00f6ln","Oberverwaltungsgericht f\u00fcr das Land Nordrhein-Westfalen"]},{"@type":"BlogPosting","@id":"https:\/\/www.spdkoelnnord.de\/gruene-verhoehnen-chance-auf-altschulden-loesung\/","headline":"Gr\u00fcne verh\u00f6hnen Chance auf Altschulden-L\u00f6sung","url":"https:\/\/www.spdkoelnnord.de\/gruene-verhoehnen-chance-auf-altschulden-loesung\/","datePublished":"2025-01-16","dateModified":"2025-01-16","mainEntityOfPage":"https:\/\/www.spdkoelnnord.de\/gruene-verhoehnen-chance-auf-altschulden-loesung\/","author":{"@type":"Person","@id":"https:\/\/www.spdkoelnnord.de\/author\/ott\/#Person","name":"Jochen Ott","url":"https:\/\/www.spdkoelnnord.de\/author\/ott\/","identifier":344,"image":{"@type":"ImageObject","@id":"https:\/\/www.spdkoelnnord.de\/wp-content\/plugins\/wp-user-avatar\/deprecated\/wp-user-avatar\/images\/wpua-96x96.png","url":"https:\/\/www.spdkoelnnord.de\/wp-content\/plugins\/wp-user-avatar\/deprecated\/wp-user-avatar\/images\/wpua-96x96.png","height":96,"width":96}},"publisher":{"@type":"Organization","name":"SPD im K\u00f6lner Norden","logo":{"@type":"ImageObject","@id":"https:\/\/www.spdkoelnnord.de\/wp-content\/uploads\/2019\/10\/cropped-logo_ko\u0308lnspd.jpg","url":"https:\/\/www.spdkoelnnord.de\/wp-content\/uploads\/2019\/10\/cropped-logo_ko\u0308lnspd.jpg","width":null,"height":null}},"image":{"@type":"ImageObject","@id":"https:\/\/www.spdkoelnnord.de\/wp-content\/uploads\/2025\/02\/spd-verschwommen.jpg","url":"https:\/\/www.spdkoelnnord.de\/wp-content\/uploads\/2025\/02\/spd-verschwommen.jpg","height":675,"width":1200},"wordCount":337,"keywords":["altschulden","Bolzplatz","Bundesregierung (Deutschland)","Bundestagsfraktion B\u00fcndnis 90\/Die Gr\u00fcnen","B\u00fcndnis 90\/Die Gr\u00fcnen","chance","Deutscher Bundestag","Fraktion (Politik)","Grundgesetz f\u00fcr die Bundesrepublik Deutschland","grune","Jochen Ott","losung","Oberb\u00fcrgermeister","Verena Sch\u00e4ffer","verhohnen","Westdeutsche Zeitung","Wuppertal"]},{"@type":"BlogPosting","@id":"https:\/\/www.spdkoelnnord.de\/weihnachtsbaum-abholung-wieder-buergerfreundlich-gestalten\/","headline":"Weihnachtsbaum-Abholung wieder b\u00fcrgerfreundlich gestalten","url":"https:\/\/www.spdkoelnnord.de\/weihnachtsbaum-abholung-wieder-buergerfreundlich-gestalten\/","datePublished":"2025-01-16","dateModified":"2025-01-16","mainEntityOfPage":"https:\/\/www.spdkoelnnord.de\/weihnachtsbaum-abholung-wieder-buergerfreundlich-gestalten\/","author":{"@type":"Person","@id":"https:\/\/www.spdkoelnnord.de\/author\/koelnspd\/#Person","name":"K\u00f6lnSPD","url":"https:\/\/www.spdkoelnnord.de\/author\/koelnspd\/","identifier":11,"description":"SPD-Unterbezirk K\u00f6ln\r\nMagnusstra\u00dfe 18 b\r\n50672 K\u00f6ln\r\nTel: 0221 \/ 92 59 81-0","image":{"@type":"ImageObject","@id":"https:\/\/www.spdkoelnnord.de\/wp-content\/plugins\/wp-user-avatar\/deprecated\/wp-user-avatar\/images\/wpua-96x96.png","url":"https:\/\/www.spdkoelnnord.de\/wp-content\/plugins\/wp-user-avatar\/deprecated\/wp-user-avatar\/images\/wpua-96x96.png","height":96,"width":96}},"publisher":{"@type":"Organization","name":"SPD im K\u00f6lner Norden","logo":{"@type":"ImageObject","@id":"https:\/\/www.spdkoelnnord.de\/wp-content\/uploads\/2019\/10\/cropped-logo_ko\u0308lnspd.jpg","url":"https:\/\/www.spdkoelnnord.de\/wp-content\/uploads\/2019\/10\/cropped-logo_ko\u0308lnspd.jpg","width":null,"height":null}},"image":{"@type":"ImageObject","@id":"https:\/\/www.koelnspd.de\/wp-content\/uploads\/sites\/749\/2025\/02\/bild-weihnachtsbaum.png","url":"https:\/\/www.koelnspd.de\/wp-content\/uploads\/sites\/749\/2025\/02\/bild-weihnachtsbaum.png","height":0,"width":0},"wordCount":572,"keywords":["Bioabfall","G\u00fcrzenich","K\u00f6ln","Lanxess Arena","Rheinenergiestadion","Weihnachtsbaum"]},{"@type":"BlogPosting","@id":"https:\/\/www.spdkoelnnord.de\/umgang-mit-sozialen-netzwerken-gehoert-mehr-denn-je-auf-die-politische-agenda\/","headline":"Umgang mit Sozialen Netzwerken geh\u00f6rt mehr denn je auf die politische Agenda","url":"https:\/\/www.spdkoelnnord.de\/umgang-mit-sozialen-netzwerken-gehoert-mehr-denn-je-auf-die-politische-agenda\/","datePublished":"2025-01-14","dateModified":"2025-01-14","mainEntityOfPage":"https:\/\/www.spdkoelnnord.de\/umgang-mit-sozialen-netzwerken-gehoert-mehr-denn-je-auf-die-politische-agenda\/","author":{"@type":"Person","@id":"https:\/\/www.spdkoelnnord.de\/author\/ott\/#Person","name":"Jochen Ott","url":"https:\/\/www.spdkoelnnord.de\/author\/ott\/","identifier":344,"image":{"@type":"ImageObject","@id":"https:\/\/www.spdkoelnnord.de\/wp-content\/plugins\/wp-user-avatar\/deprecated\/wp-user-avatar\/images\/wpua-96x96.png","url":"https:\/\/www.spdkoelnnord.de\/wp-content\/plugins\/wp-user-avatar\/deprecated\/wp-user-avatar\/images\/wpua-96x96.png","height":96,"width":96}},"publisher":{"@type":"Organization","name":"SPD im K\u00f6lner Norden","logo":{"@type":"ImageObject","@id":"https:\/\/www.spdkoelnnord.de\/wp-content\/uploads\/2019\/10\/cropped-logo_ko\u0308lnspd.jpg","url":"https:\/\/www.spdkoelnnord.de\/wp-content\/uploads\/2019\/10\/cropped-logo_ko\u0308lnspd.jpg","width":null,"height":null}},"image":{"@type":"ImageObject","@id":"https:\/\/www.spdkoelnnord.de\/wp-content\/uploads\/2025\/02\/spd-verschwommen.jpg","url":"https:\/\/www.spdkoelnnord.de\/wp-content\/uploads\/2025\/02\/spd-verschwommen.jpg","height":675,"width":1200},"wordCount":394,"keywords":["agenda","gehort","netzwerken","politische","sozialen","umgang"]},{"@type":"BlogPosting","@id":"https:\/\/www.spdkoelnnord.de\/die-cdu-kann-ihre-blockade-fuer-eine-loesung-der-altschuldenfrage-jetzt-loesen\/","headline":"Die CDU kann ihre Blockade f\u00fcr eine L\u00f6sung der Altschuldenfrage jetzt l\u00f6sen","url":"https:\/\/www.spdkoelnnord.de\/die-cdu-kann-ihre-blockade-fuer-eine-loesung-der-altschuldenfrage-jetzt-loesen\/","datePublished":"2025-01-14","dateModified":"2025-01-14","mainEntityOfPage":"https:\/\/www.spdkoelnnord.de\/die-cdu-kann-ihre-blockade-fuer-eine-loesung-der-altschuldenfrage-jetzt-loesen\/","author":{"@type":"Person","@id":"https:\/\/www.spdkoelnnord.de\/author\/ott\/#Person","name":"Jochen Ott","url":"https:\/\/www.spdkoelnnord.de\/author\/ott\/","identifier":344,"image":{"@type":"ImageObject","@id":"https:\/\/www.spdkoelnnord.de\/wp-content\/plugins\/wp-user-avatar\/deprecated\/wp-user-avatar\/images\/wpua-96x96.png","url":"https:\/\/www.spdkoelnnord.de\/wp-content\/plugins\/wp-user-avatar\/deprecated\/wp-user-avatar\/images\/wpua-96x96.png","height":96,"width":96}},"publisher":{"@type":"Organization","name":"SPD im K\u00f6lner Norden","logo":{"@type":"ImageObject","@id":"https:\/\/www.spdkoelnnord.de\/wp-content\/uploads\/2019\/10\/cropped-logo_ko\u0308lnspd.jpg","url":"https:\/\/www.spdkoelnnord.de\/wp-content\/uploads\/2019\/10\/cropped-logo_ko\u0308lnspd.jpg","width":null,"height":null}},"image":{"@type":"ImageObject","@id":"https:\/\/www.spdkoelnnord.de\/wp-content\/uploads\/2025\/02\/spd-verschwommen.jpg","url":"https:\/\/www.spdkoelnnord.de\/wp-content\/uploads\/2025\/02\/spd-verschwommen.jpg","height":675,"width":1200},"wordCount":386,"keywords":["altschuldenfrage","berlin","blockade","Bundesebene (Deutschland)","Bundeskanzler (Deutschland)","Bundesregierung (Deutschland)","Burgergemeinde Bern","Christlich Demokratische Union Deutschlands","Fraktion (Politik)","Grundgesetz f\u00fcr die Bundesrepublik Deutschland","jetzt","Jochen Ott","Kommunale Selbstverwaltung","Land (Deutschland)","Landesparlament","losen","losung","ministerprasident","Nordrhein-Westfalen"]},{"@type":"BlogPosting","@id":"https:\/\/www.spdkoelnnord.de\/kommunale-finanzkrise-defizit-von-259-milliarden-euro-zeigt-handlungsbedarf\/","headline":"Kommunale Finanzkrise: Defizit von 25,9 Milliarden Euro zeigt Handlungsbedarf","url":"https:\/\/www.spdkoelnnord.de\/kommunale-finanzkrise-defizit-von-259-milliarden-euro-zeigt-handlungsbedarf\/","datePublished":"2025-01-10","dateModified":"2025-01-10","mainEntityOfPage":"https:\/\/www.spdkoelnnord.de\/kommunale-finanzkrise-defizit-von-259-milliarden-euro-zeigt-handlungsbedarf\/","author":{"@type":"Person","@id":"https:\/\/www.spdkoelnnord.de\/author\/spdbundestagsfraktion\/#Person","name":"Bundestagsfraktion","url":"https:\/\/www.spdkoelnnord.de\/author\/spdbundestagsfraktion\/","identifier":325,"image":{"@type":"ImageObject","@id":"https:\/\/www.spdkoelnnord.de\/wp-content\/plugins\/wp-user-avatar\/deprecated\/wp-user-avatar\/images\/wpua-96x96.png","url":"https:\/\/www.spdkoelnnord.de\/wp-content\/plugins\/wp-user-avatar\/deprecated\/wp-user-avatar\/images\/wpua-96x96.png","height":96,"width":96}},"publisher":{"@type":"Organization","name":"SPD im K\u00f6lner Norden","logo":{"@type":"ImageObject","@id":"https:\/\/www.spdkoelnnord.de\/wp-content\/uploads\/2019\/10\/cropped-logo_ko\u0308lnspd.jpg","url":"https:\/\/www.spdkoelnnord.de\/wp-content\/uploads\/2019\/10\/cropped-logo_ko\u0308lnspd.jpg","width":null,"height":null}},"image":{"@type":"ImageObject","@id":"https:\/\/www.spdkoelnnord.de\/wp-content\/uploads\/2025\/02\/spd-verschwommen.jpg","url":"https:\/\/www.spdkoelnnord.de\/wp-content\/uploads\/2025\/02\/spd-verschwommen.jpg","height":675,"width":1200},"wordCount":316,"keywords":["Ampelkoalition","Bernhard Daldrup (Politiker, 1956)","defizit","finanzkrise","Grundgesetz f\u00fcr die Bundesrepublik Deutschland","handlungsbedarf","Kapital","kommunale","Legislaturperiode","milliarden","parlament","Regierung","Schuldenbremse (Deutschland)","Statistisches Bundesamt","Weltfinanzkrise 2007\u20132008","Wirtschaftsfonds Deutschland","zeigt"]},{"@type":"BlogPosting","@id":"https:\/\/www.spdkoelnnord.de\/rueckblick-2024-gemeinsam-erfolgreich\/","headline":"R\u00fcckblick 2024 \u2013 Gemeinsam erfolgreich!","url":"https:\/\/www.spdkoelnnord.de\/rueckblick-2024-gemeinsam-erfolgreich\/","datePublished":"2025-01-06","dateModified":"2025-02-06","mainEntityOfPage":"https:\/\/www.spdkoelnnord.de\/rueckblick-2024-gemeinsam-erfolgreich\/","author":{"@type":"Person","@id":"https:\/\/www.spdkoelnnord.de\/author\/helga_wagner\/#Person","name":"Helga Wagner","url":"https:\/\/www.spdkoelnnord.de\/author\/helga_wagner\/","identifier":363,"image":{"@type":"ImageObject","@id":"https:\/\/www.spdkoelnnord.de\/wp-content\/plugins\/wp-user-avatar\/deprecated\/wp-user-avatar\/images\/wpua-96x96.png","url":"https:\/\/www.spdkoelnnord.de\/wp-content\/plugins\/wp-user-avatar\/deprecated\/wp-user-avatar\/images\/wpua-96x96.png","height":96,"width":96}},"publisher":{"@type":"Organization","name":"SPD im K\u00f6lner Norden","logo":{"@type":"ImageObject","@id":"https:\/\/www.spdkoelnnord.de\/wp-content\/uploads\/2019\/10\/cropped-logo_ko\u0308lnspd.jpg","url":"https:\/\/www.spdkoelnnord.de\/wp-content\/uploads\/2019\/10\/cropped-logo_ko\u0308lnspd.jpg","width":null,"height":null}},"image":{"@type":"ImageObject","@id":"https:\/\/www.spdkoelnnord.de\/wp-content\/uploads\/2025\/02\/1000238329-e1738827754909.jpg","url":"https:\/\/www.spdkoelnnord.de\/wp-content\/uploads\/2025\/02\/1000238329-e1738827754909.jpg","height":394,"width":618},"wordCount":186,"keywords":["Burgergemeinde Bern","chorweiler","Hitdorf","klimaschutz","K\u00f6ln-Chorweiler (Stadtbezirk)","Langel (K\u00f6ln)","Plug-in"]}]},{"@context":"https:\/\/schema.org","@type":"WebSite","@id":"https:\/\/www.spdkoelnnord.de\/#website","name":"Die SPD im K\u00f6lner Norden","url":"https:\/\/www.spdkoelnnord.de","potentialAction":{"@type":"SearchAction","target":"https:\/\/www.spdkoelnnord.de\/?s={search_term_string}","query-input":"required name=search_term_string"}}]