[{"@context":"https:\/\/schema.org\/","@type":"Blog","@id":"https:\/\/www.spdkoelnnord.de#Blog","headline":"Die SPD im K\u00f6lner Norden","description":"Die SPD im Stadtbezirk K\u00f6ln - Chorweiler","url":"https:\/\/www.spdkoelnnord.de","blogPost":[{"@type":"BlogPosting","@id":"https:\/\/www.spdkoelnnord.de\/kommunale-finanzkrise-vermeiden-altschuldenhilfe-jetzt\/","headline":"Kommunale Finanzkrise vermeiden \u2013 Altschuldenhilfe jetzt","url":"https:\/\/www.spdkoelnnord.de\/kommunale-finanzkrise-vermeiden-altschuldenhilfe-jetzt\/","datePublished":"2025-01-03","dateModified":"2025-01-03","mainEntityOfPage":"https:\/\/www.spdkoelnnord.de\/kommunale-finanzkrise-vermeiden-altschuldenhilfe-jetzt\/","author":{"@type":"Person","@id":"https:\/\/www.spdkoelnnord.de\/author\/spdbundestagsfraktion\/#Person","name":"Bundestagsfraktion","url":"https:\/\/www.spdkoelnnord.de\/author\/spdbundestagsfraktion\/","identifier":325,"image":{"@type":"ImageObject","@id":"https:\/\/www.spdkoelnnord.de\/wp-content\/plugins\/wp-user-avatar\/deprecated\/wp-user-avatar\/images\/wpua-96x96.png","url":"https:\/\/www.spdkoelnnord.de\/wp-content\/plugins\/wp-user-avatar\/deprecated\/wp-user-avatar\/images\/wpua-96x96.png","height":96,"width":96}},"publisher":{"@type":"Organization","name":"SPD im K\u00f6lner Norden","logo":{"@type":"ImageObject","@id":"https:\/\/www.spdkoelnnord.de\/wp-content\/uploads\/2019\/10\/cropped-logo_ko\u0308lnspd.jpg","url":"https:\/\/www.spdkoelnnord.de\/wp-content\/uploads\/2019\/10\/cropped-logo_ko\u0308lnspd.jpg","width":null,"height":null}},"image":{"@type":"ImageObject","@id":"https:\/\/www.spdkoelnnord.de\/wp-content\/uploads\/2025\/02\/spd-verschwommen.jpg","url":"https:\/\/www.spdkoelnnord.de\/wp-content\/uploads\/2025\/02\/spd-verschwommen.jpg","height":675,"width":1200},"wordCount":416,"keywords":["altschuldenhilfe","finanzkrise","jetzt","kommunale","vermeiden"]},{"@type":"BlogPosting","@id":"https:\/\/www.spdkoelnnord.de\/gestaffelter-mutterschutz-bei-fehlgeburten-gemeinsam-fuer-bessere-rechte-von-frauen\/","headline":"Gestaffelter Mutterschutz bei Fehlgeburten: Gemeinsam f\u00fcr bessere Rechte von Frauen","url":"https:\/\/www.spdkoelnnord.de\/gestaffelter-mutterschutz-bei-fehlgeburten-gemeinsam-fuer-bessere-rechte-von-frauen\/","datePublished":"2025-01-02","dateModified":"2025-01-02","mainEntityOfPage":"https:\/\/www.spdkoelnnord.de\/gestaffelter-mutterschutz-bei-fehlgeburten-gemeinsam-fuer-bessere-rechte-von-frauen\/","author":{"@type":"Person","@id":"https:\/\/www.spdkoelnnord.de\/author\/spdbundestagsfraktion\/#Person","name":"Bundestagsfraktion","url":"https:\/\/www.spdkoelnnord.de\/author\/spdbundestagsfraktion\/","identifier":325,"image":{"@type":"ImageObject","@id":"https:\/\/www.spdkoelnnord.de\/wp-content\/plugins\/wp-user-avatar\/deprecated\/wp-user-avatar\/images\/wpua-96x96.png","url":"https:\/\/www.spdkoelnnord.de\/wp-content\/plugins\/wp-user-avatar\/deprecated\/wp-user-avatar\/images\/wpua-96x96.png","height":96,"width":96}},"publisher":{"@type":"Organization","name":"SPD im K\u00f6lner Norden","logo":{"@type":"ImageObject","@id":"https:\/\/www.spdkoelnnord.de\/wp-content\/uploads\/2019\/10\/cropped-logo_ko\u0308lnspd.jpg","url":"https:\/\/www.spdkoelnnord.de\/wp-content\/uploads\/2019\/10\/cropped-logo_ko\u0308lnspd.jpg","width":null,"height":null}},"image":{"@type":"ImageObject","@id":"https:\/\/www.spdkoelnnord.de\/wp-content\/uploads\/2025\/02\/spd-verschwommen.jpg","url":"https:\/\/www.spdkoelnnord.de\/wp-content\/uploads\/2025\/02\/spd-verschwommen.jpg","height":675,"width":1200},"wordCount":360,"keywords":["Ausschuss f\u00fcr Bildung, Forschung und Technikfolgenabsch\u00e4tzung","Ausschuss f\u00fcr Familie, Senioren, Frauen und Jugend","Autonomie","bessere","B\u00fcndnis 90\/Die Gr\u00fcnen","demokratie","Fehlgeburt","fehlgeburten","Fraktion (Politik)","frauen","freiheit","gemeinsam","Gesetzentwurf","gestaffelter","Kinderbeauftragter","mutterschutz","Natascha Sagorski","parlament","rechte","Sarah Lahrkamp"]},{"@type":"BlogPosting","@id":"https:\/\/www.spdkoelnnord.de\/frohe-festtage-und-ein-gutes-neues-jahr\/","headline":"Frohe Festtage und ein gutes neues Jahr!","url":"https:\/\/www.spdkoelnnord.de\/frohe-festtage-und-ein-gutes-neues-jahr\/","datePublished":"2024-12-23","dateModified":"2024-12-23","mainEntityOfPage":"https:\/\/www.spdkoelnnord.de\/frohe-festtage-und-ein-gutes-neues-jahr\/","author":{"@type":"Person","@id":"https:\/\/www.spdkoelnnord.de\/author\/koelnspd\/#Person","name":"K\u00f6lnSPD","url":"https:\/\/www.spdkoelnnord.de\/author\/koelnspd\/","identifier":11,"description":"SPD-Unterbezirk K\u00f6ln\r\nMagnusstra\u00dfe 18 b\r\n50672 K\u00f6ln\r\nTel: 0221 \/ 92 59 81-0","image":{"@type":"ImageObject","@id":"https:\/\/www.spdkoelnnord.de\/wp-content\/plugins\/wp-user-avatar\/deprecated\/wp-user-avatar\/images\/wpua-96x96.png","url":"https:\/\/www.spdkoelnnord.de\/wp-content\/plugins\/wp-user-avatar\/deprecated\/wp-user-avatar\/images\/wpua-96x96.png","height":96,"width":96}},"publisher":{"@type":"Organization","name":"SPD im K\u00f6lner Norden","logo":{"@type":"ImageObject","@id":"https:\/\/www.spdkoelnnord.de\/wp-content\/uploads\/2019\/10\/cropped-logo_ko\u0308lnspd.jpg","url":"https:\/\/www.spdkoelnnord.de\/wp-content\/uploads\/2019\/10\/cropped-logo_ko\u0308lnspd.jpg","width":null,"height":null}},"image":{"@type":"ImageObject","@id":"https:\/\/www.spdkoelnnord.de\/wp-content\/uploads\/2025\/02\/spd-verschwommen.jpg","url":"https:\/\/www.spdkoelnnord.de\/wp-content\/uploads\/2025\/02\/spd-verschwommen.jpg","height":675,"width":1200},"wordCount":165,"keywords":["festtage","frohe","gutes","neues"]},{"@type":"BlogPosting","@id":"https:\/\/www.spdkoelnnord.de\/mutterschutz-soll-auch-bei-fehlgeburten-eingefuehrt-werden\/","headline":"Mutterschutz soll auch bei Fehlgeburten eingef\u00fchrt werden","url":"https:\/\/www.spdkoelnnord.de\/mutterschutz-soll-auch-bei-fehlgeburten-eingefuehrt-werden\/","datePublished":"2024-12-20","dateModified":"2024-12-20","mainEntityOfPage":"https:\/\/www.spdkoelnnord.de\/mutterschutz-soll-auch-bei-fehlgeburten-eingefuehrt-werden\/","author":{"@type":"Person","@id":"https:\/\/www.spdkoelnnord.de\/author\/spdbundestagsfraktion\/#Person","name":"Bundestagsfraktion","url":"https:\/\/www.spdkoelnnord.de\/author\/spdbundestagsfraktion\/","identifier":325,"image":{"@type":"ImageObject","@id":"https:\/\/www.spdkoelnnord.de\/wp-content\/plugins\/wp-user-avatar\/deprecated\/wp-user-avatar\/images\/wpua-96x96.png","url":"https:\/\/www.spdkoelnnord.de\/wp-content\/plugins\/wp-user-avatar\/deprecated\/wp-user-avatar\/images\/wpua-96x96.png","height":96,"width":96}},"publisher":{"@type":"Organization","name":"SPD im K\u00f6lner Norden","logo":{"@type":"ImageObject","@id":"https:\/\/www.spdkoelnnord.de\/wp-content\/uploads\/2019\/10\/cropped-logo_ko\u0308lnspd.jpg","url":"https:\/\/www.spdkoelnnord.de\/wp-content\/uploads\/2019\/10\/cropped-logo_ko\u0308lnspd.jpg","width":null,"height":null}},"image":{"@type":"ImageObject","@id":"https:\/\/www.spdkoelnnord.de\/wp-content\/uploads\/2025\/02\/spd-verschwommen.jpg","url":"https:\/\/www.spdkoelnnord.de\/wp-content\/uploads\/2025\/02\/spd-verschwommen.jpg","height":675,"width":1200},"wordCount":316,"keywords":["eingefuhrt","fehlgeburten","mutterschutz","werden"]},{"@type":"BlogPosting","@id":"https:\/\/www.spdkoelnnord.de\/wir-entlasten-die-arbeitende-mitte\/","headline":"Wir entlasten die arbeitende Mitte","url":"https:\/\/www.spdkoelnnord.de\/wir-entlasten-die-arbeitende-mitte\/","datePublished":"2024-12-19","dateModified":"2024-12-19","mainEntityOfPage":"https:\/\/www.spdkoelnnord.de\/wir-entlasten-die-arbeitende-mitte\/","author":{"@type":"Person","@id":"https:\/\/www.spdkoelnnord.de\/author\/spdbundestagsfraktion\/#Person","name":"Bundestagsfraktion","url":"https:\/\/www.spdkoelnnord.de\/author\/spdbundestagsfraktion\/","identifier":325,"image":{"@type":"ImageObject","@id":"https:\/\/www.spdkoelnnord.de\/wp-content\/plugins\/wp-user-avatar\/deprecated\/wp-user-avatar\/images\/wpua-96x96.png","url":"https:\/\/www.spdkoelnnord.de\/wp-content\/plugins\/wp-user-avatar\/deprecated\/wp-user-avatar\/images\/wpua-96x96.png","height":96,"width":96}},"publisher":{"@type":"Organization","name":"SPD im K\u00f6lner Norden","logo":{"@type":"ImageObject","@id":"https:\/\/www.spdkoelnnord.de\/wp-content\/uploads\/2019\/10\/cropped-logo_ko\u0308lnspd.jpg","url":"https:\/\/www.spdkoelnnord.de\/wp-content\/uploads\/2019\/10\/cropped-logo_ko\u0308lnspd.jpg","width":null,"height":null}},"image":{"@type":"ImageObject","@id":"https:\/\/www.spdkoelnnord.de\/wp-content\/uploads\/2025\/02\/spd-verschwommen.jpg","url":"https:\/\/www.spdkoelnnord.de\/wp-content\/uploads\/2025\/02\/spd-verschwommen.jpg","height":675,"width":1200},"wordCount":269,"keywords":["arbeitende","Arbeitsentgelt","CDU\/CSU-Fraktion im Deutschen Bundestag","Deutscher Bundestag","Einkommen","entlasten","Grundfreibetrag (Deutschland)","Grundsicherung","Kalte Progression","Kaufkraft (Konsum)","kinderfreibetrag","Kindergeld","mitte"]},{"@type":"BlogPosting","@id":"https:\/\/www.spdkoelnnord.de\/maennliche-abgruende-wir-muessen-gewalt-gegen-frauen-ernsthaft-bekaempfen\/","headline":"M\u00e4nnliche Abgr\u00fcnde: Wir m\u00fcssen Gewalt gegen Frauen ernsthaft bek\u00e4mpfen","url":"https:\/\/www.spdkoelnnord.de\/maennliche-abgruende-wir-muessen-gewalt-gegen-frauen-ernsthaft-bekaempfen\/","datePublished":"2024-12-19","dateModified":"2024-12-19","mainEntityOfPage":"https:\/\/www.spdkoelnnord.de\/maennliche-abgruende-wir-muessen-gewalt-gegen-frauen-ernsthaft-bekaempfen\/","author":{"@type":"Person","@id":"https:\/\/www.spdkoelnnord.de\/author\/spdbundestagsfraktion\/#Person","name":"Bundestagsfraktion","url":"https:\/\/www.spdkoelnnord.de\/author\/spdbundestagsfraktion\/","identifier":325,"image":{"@type":"ImageObject","@id":"https:\/\/www.spdkoelnnord.de\/wp-content\/plugins\/wp-user-avatar\/deprecated\/wp-user-avatar\/images\/wpua-96x96.png","url":"https:\/\/www.spdkoelnnord.de\/wp-content\/plugins\/wp-user-avatar\/deprecated\/wp-user-avatar\/images\/wpua-96x96.png","height":96,"width":96}},"publisher":{"@type":"Organization","name":"SPD im K\u00f6lner Norden","logo":{"@type":"ImageObject","@id":"https:\/\/www.spdkoelnnord.de\/wp-content\/uploads\/2019\/10\/cropped-logo_ko\u0308lnspd.jpg","url":"https:\/\/www.spdkoelnnord.de\/wp-content\/uploads\/2019\/10\/cropped-logo_ko\u0308lnspd.jpg","width":null,"height":null}},"image":{"@type":"ImageObject","@id":"https:\/\/www.spdkoelnnord.de\/wp-content\/uploads\/2025\/02\/spd-verschwommen.jpg","url":"https:\/\/www.spdkoelnnord.de\/wp-content\/uploads\/2025\/02\/spd-verschwommen.jpg","height":675,"width":1200},"wordCount":342,"keywords":["abgrunde","ernsthaft","frauen","gegen","gewalt","mannliche","mussen"]},{"@type":"BlogPosting","@id":"https:\/\/www.spdkoelnnord.de\/gemeinsam-fuer-lindweiler-ein-starkes-zeichen-fuer-unsere-stadt\/","headline":"Gemeinsam f\u00fcr Lindweiler: Ein starkes Zeichen f\u00fcr unsere Stadt!","url":"https:\/\/www.spdkoelnnord.de\/gemeinsam-fuer-lindweiler-ein-starkes-zeichen-fuer-unsere-stadt\/","datePublished":"2024-12-13","dateModified":"2024-12-13","mainEntityOfPage":"https:\/\/www.spdkoelnnord.de\/gemeinsam-fuer-lindweiler-ein-starkes-zeichen-fuer-unsere-stadt\/","author":{"@type":"Person","@id":"https:\/\/www.spdkoelnnord.de\/author\/helga_wagner\/#Person","name":"Helga Wagner","url":"https:\/\/www.spdkoelnnord.de\/author\/helga_wagner\/","identifier":363,"image":{"@type":"ImageObject","@id":"https:\/\/www.spdkoelnnord.de\/wp-content\/plugins\/wp-user-avatar\/deprecated\/wp-user-avatar\/images\/wpua-96x96.png","url":"https:\/\/www.spdkoelnnord.de\/wp-content\/plugins\/wp-user-avatar\/deprecated\/wp-user-avatar\/images\/wpua-96x96.png","height":96,"width":96}},"publisher":{"@type":"Organization","name":"SPD im K\u00f6lner Norden","logo":{"@type":"ImageObject","@id":"https:\/\/www.spdkoelnnord.de\/wp-content\/uploads\/2019\/10\/cropped-logo_ko\u0308lnspd.jpg","url":"https:\/\/www.spdkoelnnord.de\/wp-content\/uploads\/2019\/10\/cropped-logo_ko\u0308lnspd.jpg","width":null,"height":null}},"image":{"@type":"ImageObject","@id":"https:\/\/www.spdkoelnnord.de\/wp-content\/uploads\/2024\/12\/470192605_593702146489890_6443585846464275929_n.jpg","url":"https:\/\/www.spdkoelnnord.de\/wp-content\/uploads\/2024\/12\/470192605_593702146489890_6443585846464275929_n.jpg","height":526,"width":526},"wordCount":389,"keywords":["gemeinsam","K\u00f6ln","lindweiler","Lindweiler (K\u00f6ln)","Mehrgenerationenhaus","stadt","starkes","unsere","zeichen"]}]},{"@context":"https:\/\/schema.org","@type":"WebSite","@id":"https:\/\/www.spdkoelnnord.de\/#website","name":"Die SPD im K\u00f6lner Norden","url":"https:\/\/www.spdkoelnnord.de","potentialAction":{"@type":"SearchAction","target":"https:\/\/www.spdkoelnnord.de\/?s={search_term_string}","query-input":"required name=search_term_string"}}]