[{"@context":"https:\/\/schema.org\/","@type":"Blog","@id":"https:\/\/www.spdkoelnnord.de#Blog","headline":"Die SPD im K\u00f6lner Norden","description":"Die SPD im Stadtbezirk K\u00f6ln - Chorweiler","url":"https:\/\/www.spdkoelnnord.de","blogPost":[{"@type":"BlogPosting","@id":"https:\/\/www.spdkoelnnord.de\/soziale-projekte-koennen-weiterlaufen\/","headline":"Soziale Projekte k\u00f6nnen weiterlaufen","url":"https:\/\/www.spdkoelnnord.de\/soziale-projekte-koennen-weiterlaufen\/","datePublished":"2024-12-13","dateModified":"2024-12-13","mainEntityOfPage":"https:\/\/www.spdkoelnnord.de\/soziale-projekte-koennen-weiterlaufen\/","author":{"@type":"Person","@id":"https:\/\/www.spdkoelnnord.de\/author\/koelnspd\/#Person","name":"K\u00f6lnSPD","url":"https:\/\/www.spdkoelnnord.de\/author\/koelnspd\/","identifier":11,"description":"SPD-Unterbezirk K\u00f6ln\r\nMagnusstra\u00dfe 18 b\r\n50672 K\u00f6ln\r\nTel: 0221 \/ 92 59 81-0","image":{"@type":"ImageObject","@id":"https:\/\/www.spdkoelnnord.de\/wp-content\/plugins\/wp-user-avatar\/deprecated\/wp-user-avatar\/images\/wpua-96x96.png","url":"https:\/\/www.spdkoelnnord.de\/wp-content\/plugins\/wp-user-avatar\/deprecated\/wp-user-avatar\/images\/wpua-96x96.png","height":96,"width":96}},"publisher":{"@type":"Organization","name":"SPD im K\u00f6lner Norden","logo":{"@type":"ImageObject","@id":"https:\/\/www.spdkoelnnord.de\/wp-content\/uploads\/2019\/10\/cropped-logo_ko\u0308lnspd.jpg","url":"https:\/\/www.spdkoelnnord.de\/wp-content\/uploads\/2019\/10\/cropped-logo_ko\u0308lnspd.jpg","width":null,"height":null}},"image":{"@type":"ImageObject","@id":"https:\/\/www.spdkoelnnord.de\/wp-content\/uploads\/2025\/02\/spd-verschwommen.jpg","url":"https:\/\/www.spdkoelnnord.de\/wp-content\/uploads\/2025\/02\/spd-verschwommen.jpg","height":675,"width":1200},"wordCount":410,"keywords":["entscheidung","Gesellschaft (Soziologie)","infrastruktur","K\u00f6ln","konnen","projekte","soziale","Vorl\u00e4ufige Haushaltsf\u00fchrung","weiterlaufen"]},{"@type":"BlogPosting","@id":"https:\/\/www.spdkoelnnord.de\/wohnbau-sofortprogramm-beschlossen-vorfahrt-fuer-bezahlbaren-wohnraum\/","headline":"Wohnbau-Sofortprogramm beschlossen: Vorfahrt f\u00fcr bezahlbaren Wohnraum","url":"https:\/\/www.spdkoelnnord.de\/wohnbau-sofortprogramm-beschlossen-vorfahrt-fuer-bezahlbaren-wohnraum\/","datePublished":"2024-12-13","dateModified":"2024-12-13","mainEntityOfPage":"https:\/\/www.spdkoelnnord.de\/wohnbau-sofortprogramm-beschlossen-vorfahrt-fuer-bezahlbaren-wohnraum\/","author":{"@type":"Person","@id":"https:\/\/www.spdkoelnnord.de\/author\/koelnspd\/#Person","name":"K\u00f6lnSPD","url":"https:\/\/www.spdkoelnnord.de\/author\/koelnspd\/","identifier":11,"description":"SPD-Unterbezirk K\u00f6ln\r\nMagnusstra\u00dfe 18 b\r\n50672 K\u00f6ln\r\nTel: 0221 \/ 92 59 81-0","image":{"@type":"ImageObject","@id":"https:\/\/www.spdkoelnnord.de\/wp-content\/plugins\/wp-user-avatar\/deprecated\/wp-user-avatar\/images\/wpua-96x96.png","url":"https:\/\/www.spdkoelnnord.de\/wp-content\/plugins\/wp-user-avatar\/deprecated\/wp-user-avatar\/images\/wpua-96x96.png","height":96,"width":96}},"publisher":{"@type":"Organization","name":"SPD im K\u00f6lner Norden","logo":{"@type":"ImageObject","@id":"https:\/\/www.spdkoelnnord.de\/wp-content\/uploads\/2019\/10\/cropped-logo_ko\u0308lnspd.jpg","url":"https:\/\/www.spdkoelnnord.de\/wp-content\/uploads\/2019\/10\/cropped-logo_ko\u0308lnspd.jpg","width":null,"height":null}},"image":{"@type":"ImageObject","@id":"https:\/\/www.spdkoelnnord.de\/wp-content\/uploads\/2025\/02\/spd-verschwommen.jpg","url":"https:\/\/www.spdkoelnnord.de\/wp-content\/uploads\/2025\/02\/spd-verschwommen.jpg","height":675,"width":1200},"wordCount":556,"keywords":["Bauleitplanung","beschlossen","bezahlbaren","Burgergemeinde Bern","Dienstleistung","Erbbaurecht","infrastruktur","K\u00f6ln","sofortprogramm","Soziale Frage","Stadtwerke K\u00f6ln","Unternehmen","vorfahrt","wohnbau","wohnraum"]},{"@type":"BlogPosting","@id":"https:\/\/www.spdkoelnnord.de\/syrien-staedtepartnerschaftsverein-koeln-qamishlo-bittet-um-spenden-fuer-fluechtlinge\/","headline":"Syrien: St\u00e4dtepartnerschaftsverein K\u00f6ln-Qamishlo bittet um Spenden f\u00fcr Fl\u00fcchtlinge","url":"https:\/\/www.spdkoelnnord.de\/syrien-staedtepartnerschaftsverein-koeln-qamishlo-bittet-um-spenden-fuer-fluechtlinge\/","datePublished":"2024-12-11","dateModified":"2024-12-11","mainEntityOfPage":"https:\/\/www.spdkoelnnord.de\/syrien-staedtepartnerschaftsverein-koeln-qamishlo-bittet-um-spenden-fuer-fluechtlinge\/","author":{"@type":"Person","@id":"https:\/\/www.spdkoelnnord.de\/author\/koelnspd\/#Person","name":"K\u00f6lnSPD","url":"https:\/\/www.spdkoelnnord.de\/author\/koelnspd\/","identifier":11,"description":"SPD-Unterbezirk K\u00f6ln\r\nMagnusstra\u00dfe 18 b\r\n50672 K\u00f6ln\r\nTel: 0221 \/ 92 59 81-0","image":{"@type":"ImageObject","@id":"https:\/\/www.spdkoelnnord.de\/wp-content\/plugins\/wp-user-avatar\/deprecated\/wp-user-avatar\/images\/wpua-96x96.png","url":"https:\/\/www.spdkoelnnord.de\/wp-content\/plugins\/wp-user-avatar\/deprecated\/wp-user-avatar\/images\/wpua-96x96.png","height":96,"width":96}},"publisher":{"@type":"Organization","name":"SPD im K\u00f6lner Norden","logo":{"@type":"ImageObject","@id":"https:\/\/www.spdkoelnnord.de\/wp-content\/uploads\/2019\/10\/cropped-logo_ko\u0308lnspd.jpg","url":"https:\/\/www.spdkoelnnord.de\/wp-content\/uploads\/2019\/10\/cropped-logo_ko\u0308lnspd.jpg","width":null,"height":null}},"image":{"@type":"ImageObject","@id":"https:\/\/www.spdkoelnnord.de\/wp-content\/uploads\/2025\/02\/spd-verschwommen.jpg","url":"https:\/\/www.spdkoelnnord.de\/wp-content\/uploads\/2025\/02\/spd-verschwommen.jpg","height":675,"width":1200},"wordCount":207,"keywords":["Aleppo","Autonomie","bittet","Britisches Mandat Mesopotamien","demokratie","Distrikt Afrin","Dschihadismus","fluchtlinge","K\u00f6ln","Kurden","Mesopotamien","qamishlo","Recep Tayyip Erdo\u011fan","Rojava","S\u00f6ldner","spenden","stadtepartnerschaftsverein","syrien","Syrische Nationale Armee","turkei","Volksbank K\u00f6ln Bonn"]},{"@type":"BlogPosting","@id":"https:\/\/www.spdkoelnnord.de\/solidarisch-mit-ford-mer-stonn-zesamme\/","headline":"Solidarisch mit Ford! Mer stonn zesamme!!!","url":"https:\/\/www.spdkoelnnord.de\/solidarisch-mit-ford-mer-stonn-zesamme\/","datePublished":"2024-12-10","dateModified":"2024-12-10","mainEntityOfPage":"https:\/\/www.spdkoelnnord.de\/solidarisch-mit-ford-mer-stonn-zesamme\/","author":{"@type":"Person","@id":"https:\/\/www.spdkoelnnord.de\/author\/koelnspd\/#Person","name":"K\u00f6lnSPD","url":"https:\/\/www.spdkoelnnord.de\/author\/koelnspd\/","identifier":11,"description":"SPD-Unterbezirk K\u00f6ln\r\nMagnusstra\u00dfe 18 b\r\n50672 K\u00f6ln\r\nTel: 0221 \/ 92 59 81-0","image":{"@type":"ImageObject","@id":"https:\/\/www.spdkoelnnord.de\/wp-content\/plugins\/wp-user-avatar\/deprecated\/wp-user-avatar\/images\/wpua-96x96.png","url":"https:\/\/www.spdkoelnnord.de\/wp-content\/plugins\/wp-user-avatar\/deprecated\/wp-user-avatar\/images\/wpua-96x96.png","height":96,"width":96}},"publisher":{"@type":"Organization","name":"SPD im K\u00f6lner Norden","logo":{"@type":"ImageObject","@id":"https:\/\/www.spdkoelnnord.de\/wp-content\/uploads\/2019\/10\/cropped-logo_ko\u0308lnspd.jpg","url":"https:\/\/www.spdkoelnnord.de\/wp-content\/uploads\/2019\/10\/cropped-logo_ko\u0308lnspd.jpg","width":null,"height":null}},"image":{"@type":"ImageObject","@id":"https:\/\/www.spdkoelnnord.de\/wp-content\/uploads\/2025\/02\/spd-verschwommen.jpg","url":"https:\/\/www.spdkoelnnord.de\/wp-content\/uploads\/2025\/02\/spd-verschwommen.jpg","height":675,"width":1200},"wordCount":281,"keywords":["K\u00f6ln","solidarisch","stonn","zesamme"]},{"@type":"BlogPosting","@id":"https:\/\/www.spdkoelnnord.de\/ein-gewerkschaftlich-geerdeter-ein-grosser-sozialdemokrat\/","headline":"Ein gewerkschaftlich geerdeter, ein gro\u00dfer Sozialdemokrat","url":"https:\/\/www.spdkoelnnord.de\/ein-gewerkschaftlich-geerdeter-ein-grosser-sozialdemokrat\/","datePublished":"2024-12-10","dateModified":"2024-12-10","mainEntityOfPage":"https:\/\/www.spdkoelnnord.de\/ein-gewerkschaftlich-geerdeter-ein-grosser-sozialdemokrat\/","author":{"@type":"Person","@id":"https:\/\/www.spdkoelnnord.de\/author\/ott\/#Person","name":"Jochen Ott","url":"https:\/\/www.spdkoelnnord.de\/author\/ott\/","identifier":344,"image":{"@type":"ImageObject","@id":"https:\/\/www.spdkoelnnord.de\/wp-content\/plugins\/wp-user-avatar\/deprecated\/wp-user-avatar\/images\/wpua-96x96.png","url":"https:\/\/www.spdkoelnnord.de\/wp-content\/plugins\/wp-user-avatar\/deprecated\/wp-user-avatar\/images\/wpua-96x96.png","height":96,"width":96}},"publisher":{"@type":"Organization","name":"SPD im K\u00f6lner Norden","logo":{"@type":"ImageObject","@id":"https:\/\/www.spdkoelnnord.de\/wp-content\/uploads\/2019\/10\/cropped-logo_ko\u0308lnspd.jpg","url":"https:\/\/www.spdkoelnnord.de\/wp-content\/uploads\/2019\/10\/cropped-logo_ko\u0308lnspd.jpg","width":null,"height":null}},"image":{"@type":"ImageObject","@id":"https:\/\/www.spdkoelnnord.de\/wp-content\/uploads\/2025\/02\/spd-verschwommen.jpg","url":"https:\/\/www.spdkoelnnord.de\/wp-content\/uploads\/2025\/02\/spd-verschwommen.jpg","height":675,"width":1200},"wordCount":426,"keywords":["geerdeter","gewerkschaftlich","sozialdemokrat"]},{"@type":"BlogPosting","@id":"https:\/\/www.spdkoelnnord.de\/cdu-spd-und-fdp-mit-gemeinsamem-antrag-zur-ost-west-achse-tunnel-zwischen-deutz-und-lindenthal-soll-kommen\/","headline":"CDU, SPD und FDP mit gemeinsamem Antrag zur Ost-West-Achse \u2013 Tunnel zwischen Deutz und Lindenthal soll kommen","url":"https:\/\/www.spdkoelnnord.de\/cdu-spd-und-fdp-mit-gemeinsamem-antrag-zur-ost-west-achse-tunnel-zwischen-deutz-und-lindenthal-soll-kommen\/","datePublished":"2024-12-06","dateModified":"2024-12-06","mainEntityOfPage":"https:\/\/www.spdkoelnnord.de\/cdu-spd-und-fdp-mit-gemeinsamem-antrag-zur-ost-west-achse-tunnel-zwischen-deutz-und-lindenthal-soll-kommen\/","author":{"@type":"Person","@id":"https:\/\/www.spdkoelnnord.de\/author\/koelnspd\/#Person","name":"K\u00f6lnSPD","url":"https:\/\/www.spdkoelnnord.de\/author\/koelnspd\/","identifier":11,"description":"SPD-Unterbezirk K\u00f6ln\r\nMagnusstra\u00dfe 18 b\r\n50672 K\u00f6ln\r\nTel: 0221 \/ 92 59 81-0","image":{"@type":"ImageObject","@id":"https:\/\/www.spdkoelnnord.de\/wp-content\/plugins\/wp-user-avatar\/deprecated\/wp-user-avatar\/images\/wpua-96x96.png","url":"https:\/\/www.spdkoelnnord.de\/wp-content\/plugins\/wp-user-avatar\/deprecated\/wp-user-avatar\/images\/wpua-96x96.png","height":96,"width":96}},"publisher":{"@type":"Organization","name":"SPD im K\u00f6lner Norden","logo":{"@type":"ImageObject","@id":"https:\/\/www.spdkoelnnord.de\/wp-content\/uploads\/2019\/10\/cropped-logo_ko\u0308lnspd.jpg","url":"https:\/\/www.spdkoelnnord.de\/wp-content\/uploads\/2019\/10\/cropped-logo_ko\u0308lnspd.jpg","width":null,"height":null}},"image":{"@type":"ImageObject","@id":"https:\/\/www.spdkoelnnord.de\/wp-content\/uploads\/2025\/02\/spd-verschwommen.jpg","url":"https:\/\/www.spdkoelnnord.de\/wp-content\/uploads\/2025\/02\/spd-verschwommen.jpg","height":675,"width":1200},"wordCount":507,"keywords":["achse","antrag","Belgisches Viertel (K\u00f6ln)","Bernd Petelkau","Christlich Demokratische Union Deutschlands","deutz","Deutz (K\u00f6ln)","Deutz AG","Deutzer Br\u00fccke","Freie Demokratische Partei","gemeinsamem","Innere Kanalstra\u00dfe","K\u00f6ln","K\u00f6ln Hauptbahnhof","K\u00f6lner Ringe","Lebensqualit\u00e4t","lindenthal","Lindenthal (K\u00f6ln)","Melaten-Friedhof","Neumarkt (K\u00f6ln)","Nord-S\u00fcd-Stadtbahn","Porz (K\u00f6ln)","Sozialdemokratie","Sozialdemokratische Partei Deutschlands","Stra\u00dfenbahn","Stra\u00dfenbahn-Museum Thielenbruch","S\u00fclz (K\u00f6ln)","tunnel","U-Bahn","Z\u00fclpicher Stra\u00dfe (D\u00fcren)","zwischen"]},{"@type":"BlogPosting","@id":"https:\/\/www.spdkoelnnord.de\/aus-dem-landtag-die-digitale-kompetenz-von-senorinnen-und-senioren-staerken\/","headline":"Aus dem Landtag: Die digitale Kompetenz von Senorinnen und Senioren st\u00e4rken","url":"https:\/\/www.spdkoelnnord.de\/aus-dem-landtag-die-digitale-kompetenz-von-senorinnen-und-senioren-staerken\/","datePublished":"2024-12-06","dateModified":"2024-12-06","mainEntityOfPage":"https:\/\/www.spdkoelnnord.de\/aus-dem-landtag-die-digitale-kompetenz-von-senorinnen-und-senioren-staerken\/","author":{"@type":"Person","@id":"https:\/\/www.spdkoelnnord.de\/author\/bezirk_mitthelrhein\/#Person","name":"Bezirk Mittelrhein","url":"https:\/\/www.spdkoelnnord.de\/author\/bezirk_mitthelrhein\/","identifier":1226,"description":"Zur rheinischen Region geh\u00f6ren die St\u00e4dte K\u00f6ln, Bonn, Aachen und Leverkusen, die St\u00e4dteRegion Aachen sowie die Kreise D\u00fcren, Euskirchen, Rhein-Sieg, Rhein-Erft, Rhein-Berg, Heinsberg und Oberberg.\r\n\r\nAuf dieser Seite finden Sie Informationen aus der Arbeit des SPD-Bezirks und Informationen zu Ihren Abgeordneten in Bund, Land und Europa.","image":{"@type":"ImageObject","@id":"https:\/\/www.spdkoelnnord.de\/wp-content\/plugins\/wp-user-avatar\/deprecated\/wp-user-avatar\/images\/wpua-96x96.png","url":"https:\/\/www.spdkoelnnord.de\/wp-content\/plugins\/wp-user-avatar\/deprecated\/wp-user-avatar\/images\/wpua-96x96.png","height":96,"width":96}},"publisher":{"@type":"Organization","name":"SPD im K\u00f6lner Norden","logo":{"@type":"ImageObject","@id":"https:\/\/www.spdkoelnnord.de\/wp-content\/uploads\/2019\/10\/cropped-logo_ko\u0308lnspd.jpg","url":"https:\/\/www.spdkoelnnord.de\/wp-content\/uploads\/2019\/10\/cropped-logo_ko\u0308lnspd.jpg","width":null,"height":null}},"image":{"@type":"ImageObject","@id":"https:\/\/www.spdkoelnnord.de\/wp-content\/uploads\/2025\/02\/spd-verschwommen.jpg","url":"https:\/\/www.spdkoelnnord.de\/wp-content\/uploads\/2025\/02\/spd-verschwommen.jpg","height":675,"width":1200},"wordCount":358,"keywords":["digitale","kompetenz","landtag","senioren","senorinnen","starken"]}]},{"@context":"https:\/\/schema.org","@type":"WebSite","@id":"https:\/\/www.spdkoelnnord.de\/#website","name":"Die SPD im K\u00f6lner Norden","url":"https:\/\/www.spdkoelnnord.de","potentialAction":{"@type":"SearchAction","target":"https:\/\/www.spdkoelnnord.de\/?s={search_term_string}","query-input":"required name=search_term_string"}}]