[{"@context":"https:\/\/schema.org\/","@type":"Blog","@id":"https:\/\/www.spdkoelnnord.de#Blog","headline":"Die SPD im K\u00f6lner Norden","description":"Die SPD im Stadtbezirk K\u00f6ln - Chorweiler","url":"https:\/\/www.spdkoelnnord.de","blogPost":[{"@type":"BlogPosting","@id":"https:\/\/www.spdkoelnnord.de\/gewalt-gegen-frauen-stoppen\/","headline":"Gewalt gegen Frauen stoppen","url":"https:\/\/www.spdkoelnnord.de\/gewalt-gegen-frauen-stoppen\/","datePublished":"2024-12-06","dateModified":"2024-12-06","mainEntityOfPage":"https:\/\/www.spdkoelnnord.de\/gewalt-gegen-frauen-stoppen\/","author":{"@type":"Person","@id":"https:\/\/www.spdkoelnnord.de\/author\/spdbundestagsfraktion\/#Person","name":"Bundestagsfraktion","url":"https:\/\/www.spdkoelnnord.de\/author\/spdbundestagsfraktion\/","identifier":325,"image":{"@type":"ImageObject","@id":"https:\/\/www.spdkoelnnord.de\/wp-content\/plugins\/wp-user-avatar\/deprecated\/wp-user-avatar\/images\/wpua-96x96.png","url":"https:\/\/www.spdkoelnnord.de\/wp-content\/plugins\/wp-user-avatar\/deprecated\/wp-user-avatar\/images\/wpua-96x96.png","height":96,"width":96}},"publisher":{"@type":"Organization","name":"SPD im K\u00f6lner Norden","logo":{"@type":"ImageObject","@id":"https:\/\/www.spdkoelnnord.de\/wp-content\/uploads\/2019\/10\/cropped-logo_ko\u0308lnspd.jpg","url":"https:\/\/www.spdkoelnnord.de\/wp-content\/uploads\/2019\/10\/cropped-logo_ko\u0308lnspd.jpg","width":null,"height":null}},"image":{"@type":"ImageObject","@id":"https:\/\/www.spdkoelnnord.de\/wp-content\/uploads\/2025\/02\/spd-verschwommen.jpg","url":"https:\/\/www.spdkoelnnord.de\/wp-content\/uploads\/2025\/02\/spd-verschwommen.jpg","height":675,"width":1200},"wordCount":460,"keywords":["Ariane F\u00e4scher","Bundeskriminalamt (Deutschland)","CDU\/CSU-Fraktion im Deutschen Bundestag","frauen","Frauenhaus","gegen","gewalt","Gewalt gegen Frauen","Gewaltkriminalit\u00e4t","Gewaltschutzgesetz","H\u00e4usliche Gewalt","Sexuelle Selbstbestimmung","stoppen"]},{"@type":"BlogPosting","@id":"https:\/\/www.spdkoelnnord.de\/sozialabbau-in-nrw-rechentricks-statt-gerechtigkeit\/","headline":"Sozialabbau in NRW \u2013 Rechentricks statt Gerechtigkeit","url":"https:\/\/www.spdkoelnnord.de\/sozialabbau-in-nrw-rechentricks-statt-gerechtigkeit\/","datePublished":"2024-12-06","dateModified":"2024-12-06","mainEntityOfPage":"https:\/\/www.spdkoelnnord.de\/sozialabbau-in-nrw-rechentricks-statt-gerechtigkeit\/","author":{"@type":"Person","@id":"https:\/\/www.spdkoelnnord.de\/author\/koelnspd\/#Person","name":"K\u00f6lnSPD","url":"https:\/\/www.spdkoelnnord.de\/author\/koelnspd\/","identifier":11,"description":"SPD-Unterbezirk K\u00f6ln\r\nMagnusstra\u00dfe 18 b\r\n50672 K\u00f6ln\r\nTel: 0221 \/ 92 59 81-0","image":{"@type":"ImageObject","@id":"https:\/\/www.spdkoelnnord.de\/wp-content\/plugins\/wp-user-avatar\/deprecated\/wp-user-avatar\/images\/wpua-96x96.png","url":"https:\/\/www.spdkoelnnord.de\/wp-content\/plugins\/wp-user-avatar\/deprecated\/wp-user-avatar\/images\/wpua-96x96.png","height":96,"width":96}},"publisher":{"@type":"Organization","name":"SPD im K\u00f6lner Norden","logo":{"@type":"ImageObject","@id":"https:\/\/www.spdkoelnnord.de\/wp-content\/uploads\/2019\/10\/cropped-logo_ko\u0308lnspd.jpg","url":"https:\/\/www.spdkoelnnord.de\/wp-content\/uploads\/2019\/10\/cropped-logo_ko\u0308lnspd.jpg","width":null,"height":null}},"image":{"@type":"ImageObject","@id":"https:\/\/www.carolin-kirsch.de\/wp-content\/uploads\/sites\/1473\/2024\/12\/cashbox-1642989-1280-1-300x300.jpg","url":"https:\/\/www.carolin-kirsch.de\/wp-content\/uploads\/sites\/1473\/2024\/12\/cashbox-1642989-1280-1-300x300.jpg","height":300,"width":300},"wordCount":623,"keywords":["gerechtigkeit","rechentricks","sozialabbau","statt"]},{"@type":"BlogPosting","@id":"https:\/\/www.spdkoelnnord.de\/rueckwaertsfahrt-ohne-rueckspiegel-schwarz-gruen-kuerzt-bei-den-schwaechsten\/","headline":"R\u00fcckw\u00e4rtsfahrt ohne R\u00fcckspiegel: Schwarz-Gr\u00fcn k\u00fcrzt bei den Schw\u00e4chsten!","url":"https:\/\/www.spdkoelnnord.de\/rueckwaertsfahrt-ohne-rueckspiegel-schwarz-gruen-kuerzt-bei-den-schwaechsten\/","datePublished":"2024-12-05","dateModified":"2024-12-05","mainEntityOfPage":"https:\/\/www.spdkoelnnord.de\/rueckwaertsfahrt-ohne-rueckspiegel-schwarz-gruen-kuerzt-bei-den-schwaechsten\/","author":{"@type":"Person","@id":"https:\/\/www.spdkoelnnord.de\/author\/koelnspd\/#Person","name":"K\u00f6lnSPD","url":"https:\/\/www.spdkoelnnord.de\/author\/koelnspd\/","identifier":11,"description":"SPD-Unterbezirk K\u00f6ln\r\nMagnusstra\u00dfe 18 b\r\n50672 K\u00f6ln\r\nTel: 0221 \/ 92 59 81-0","image":{"@type":"ImageObject","@id":"https:\/\/www.spdkoelnnord.de\/wp-content\/plugins\/wp-user-avatar\/deprecated\/wp-user-avatar\/images\/wpua-96x96.png","url":"https:\/\/www.spdkoelnnord.de\/wp-content\/plugins\/wp-user-avatar\/deprecated\/wp-user-avatar\/images\/wpua-96x96.png","height":96,"width":96}},"publisher":{"@type":"Organization","name":"SPD im K\u00f6lner Norden","logo":{"@type":"ImageObject","@id":"https:\/\/www.spdkoelnnord.de\/wp-content\/uploads\/2019\/10\/cropped-logo_ko\u0308lnspd.jpg","url":"https:\/\/www.spdkoelnnord.de\/wp-content\/uploads\/2019\/10\/cropped-logo_ko\u0308lnspd.jpg","width":null,"height":null}},"image":{"@type":"ImageObject","@id":"https:\/\/www.spdkoelnnord.de\/wp-content\/uploads\/2025\/02\/spd-verschwommen.jpg","url":"https:\/\/www.spdkoelnnord.de\/wp-content\/uploads\/2025\/02\/spd-verschwommen.jpg","height":675,"width":1200},"wordCount":459,"keywords":["Hendrik W\u00fcst","kurzt","Nordrhein-Westfalen","ruckspiegel","ruckwartsfahrt","schwachsten","schwarz","Schwarz-gr\u00fcne Koalition"]},{"@type":"BlogPosting","@id":"https:\/\/www.spdkoelnnord.de\/nrw-gegen-gewalt-an-frauen-und-maedchen\/","headline":"NRW gegen Gewalt an Frauen und M\u00e4dchen","url":"https:\/\/www.spdkoelnnord.de\/nrw-gegen-gewalt-an-frauen-und-maedchen\/","datePublished":"2024-12-05","dateModified":"2024-12-05","mainEntityOfPage":"https:\/\/www.spdkoelnnord.de\/nrw-gegen-gewalt-an-frauen-und-maedchen\/","author":{"@type":"Person","@id":"https:\/\/www.spdkoelnnord.de\/author\/koelnspd\/#Person","name":"K\u00f6lnSPD","url":"https:\/\/www.spdkoelnnord.de\/author\/koelnspd\/","identifier":11,"description":"SPD-Unterbezirk K\u00f6ln\r\nMagnusstra\u00dfe 18 b\r\n50672 K\u00f6ln\r\nTel: 0221 \/ 92 59 81-0","image":{"@type":"ImageObject","@id":"https:\/\/www.spdkoelnnord.de\/wp-content\/plugins\/wp-user-avatar\/deprecated\/wp-user-avatar\/images\/wpua-96x96.png","url":"https:\/\/www.spdkoelnnord.de\/wp-content\/plugins\/wp-user-avatar\/deprecated\/wp-user-avatar\/images\/wpua-96x96.png","height":96,"width":96}},"publisher":{"@type":"Organization","name":"SPD im K\u00f6lner Norden","logo":{"@type":"ImageObject","@id":"https:\/\/www.spdkoelnnord.de\/wp-content\/uploads\/2019\/10\/cropped-logo_ko\u0308lnspd.jpg","url":"https:\/\/www.spdkoelnnord.de\/wp-content\/uploads\/2019\/10\/cropped-logo_ko\u0308lnspd.jpg","width":null,"height":null}},"image":{"@type":"ImageObject","@id":"https:\/\/www.spdkoelnnord.de\/wp-content\/uploads\/2025\/02\/spd-verschwommen.jpg","url":"https:\/\/www.spdkoelnnord.de\/wp-content\/uploads\/2025\/02\/spd-verschwommen.jpg","height":675,"width":1200},"wordCount":369,"keywords":["Andrew Tate","Bundesministerium des Innern und f\u00fcr Heimat","Der dritte Mann","Femizid","Frau","frauen","Frauenhaus","gegen","gewalt","Gewalt gegen Frauen","H\u00e4usliche Gewalt","Kahlschlag","madchen","Misogynie","Plan International","sexismus","Sexualisierte Gewalt","Soziale Medien","TikTok","\u00dcbereinkommen des Europarats zur Verh\u00fctung und Bek\u00e4mpfung von Gewalt gegen Frauen und h\u00e4uslicher Gewalt"]},{"@type":"BlogPosting","@id":"https:\/\/www.spdkoelnnord.de\/fruehkindliche-bildung-droht-zum-opfer-der-kitastrophe-zu-werden\/","headline":"Fr\u00fchkindliche Bildung droht zum Opfer der Kitastrophe zu werden","url":"https:\/\/www.spdkoelnnord.de\/fruehkindliche-bildung-droht-zum-opfer-der-kitastrophe-zu-werden\/","datePublished":"2024-12-04","dateModified":"2024-12-04","mainEntityOfPage":"https:\/\/www.spdkoelnnord.de\/fruehkindliche-bildung-droht-zum-opfer-der-kitastrophe-zu-werden\/","author":{"@type":"Person","@id":"https:\/\/www.spdkoelnnord.de\/author\/ott\/#Person","name":"Jochen Ott","url":"https:\/\/www.spdkoelnnord.de\/author\/ott\/","identifier":344,"image":{"@type":"ImageObject","@id":"https:\/\/www.spdkoelnnord.de\/wp-content\/plugins\/wp-user-avatar\/deprecated\/wp-user-avatar\/images\/wpua-96x96.png","url":"https:\/\/www.spdkoelnnord.de\/wp-content\/plugins\/wp-user-avatar\/deprecated\/wp-user-avatar\/images\/wpua-96x96.png","height":96,"width":96}},"publisher":{"@type":"Organization","name":"SPD im K\u00f6lner Norden","logo":{"@type":"ImageObject","@id":"https:\/\/www.spdkoelnnord.de\/wp-content\/uploads\/2019\/10\/cropped-logo_ko\u0308lnspd.jpg","url":"https:\/\/www.spdkoelnnord.de\/wp-content\/uploads\/2019\/10\/cropped-logo_ko\u0308lnspd.jpg","width":null,"height":null}},"image":{"@type":"ImageObject","@id":"https:\/\/www.spdkoelnnord.de\/wp-content\/uploads\/2025\/02\/spd-verschwommen.jpg","url":"https:\/\/www.spdkoelnnord.de\/wp-content\/uploads\/2025\/02\/spd-verschwommen.jpg","height":675,"width":1200},"wordCount":393,"keywords":["Bertelsmann Stiftung","bildung","droht","Familientherapie","Fraktion (Politik)","fruhkindliche","Jochen Ott","Kinderbildungsgesetz","Kindertagesst\u00e4tte","Kindheit","kitastrophe","Nordrhein-Westfalen","opfer","Stress","werden"]},{"@type":"BlogPosting","@id":"https:\/\/www.spdkoelnnord.de\/wir-kaempfen-fuer-die-komplette-ruecknahme-der-sozialkuerzungen\/","headline":"Wir k\u00e4mpfen f\u00fcr die komplette R\u00fccknahme der Sozialk\u00fcrzungen","url":"https:\/\/www.spdkoelnnord.de\/wir-kaempfen-fuer-die-komplette-ruecknahme-der-sozialkuerzungen\/","datePublished":"2024-12-03","dateModified":"2024-12-03","mainEntityOfPage":"https:\/\/www.spdkoelnnord.de\/wir-kaempfen-fuer-die-komplette-ruecknahme-der-sozialkuerzungen\/","author":{"@type":"Person","@id":"https:\/\/www.spdkoelnnord.de\/author\/ott\/#Person","name":"Jochen Ott","url":"https:\/\/www.spdkoelnnord.de\/author\/ott\/","identifier":344,"image":{"@type":"ImageObject","@id":"https:\/\/www.spdkoelnnord.de\/wp-content\/plugins\/wp-user-avatar\/deprecated\/wp-user-avatar\/images\/wpua-96x96.png","url":"https:\/\/www.spdkoelnnord.de\/wp-content\/plugins\/wp-user-avatar\/deprecated\/wp-user-avatar\/images\/wpua-96x96.png","height":96,"width":96}},"publisher":{"@type":"Organization","name":"SPD im K\u00f6lner Norden","logo":{"@type":"ImageObject","@id":"https:\/\/www.spdkoelnnord.de\/wp-content\/uploads\/2019\/10\/cropped-logo_ko\u0308lnspd.jpg","url":"https:\/\/www.spdkoelnnord.de\/wp-content\/uploads\/2019\/10\/cropped-logo_ko\u0308lnspd.jpg","width":null,"height":null}},"image":{"@type":"ImageObject","@id":"https:\/\/www.spdkoelnnord.de\/wp-content\/uploads\/2025\/02\/spd-verschwommen.jpg","url":"https:\/\/www.spdkoelnnord.de\/wp-content\/uploads\/2025\/02\/spd-verschwommen.jpg","height":675,"width":1200},"wordCount":336,"keywords":["B\u00fcndnis 90\/Die Gr\u00fcnen","Fraktion (Politik)","H\u00e4ngepartie","Hendrik W\u00fcst","Jochen Ott","kampfen","komplette","Landesparlament","ministerprasident","rucknahme","sozialkurzungen","Sozialstaat"]},{"@type":"BlogPosting","@id":"https:\/\/www.spdkoelnnord.de\/einsatz-fuer-anonymen-krankenschein-spd-besucht-malteser-hilfsdienst\/","headline":"Einsatz f\u00fcr anonymen Krankenschein. SPD besucht Malteser Hilfsdienst.","url":"https:\/\/www.spdkoelnnord.de\/einsatz-fuer-anonymen-krankenschein-spd-besucht-malteser-hilfsdienst\/","datePublished":"2024-12-02","dateModified":"2024-12-02","mainEntityOfPage":"https:\/\/www.spdkoelnnord.de\/einsatz-fuer-anonymen-krankenschein-spd-besucht-malteser-hilfsdienst\/","author":{"@type":"Person","@id":"https:\/\/www.spdkoelnnord.de\/author\/koelnspd\/#Person","name":"K\u00f6lnSPD","url":"https:\/\/www.spdkoelnnord.de\/author\/koelnspd\/","identifier":11,"description":"SPD-Unterbezirk K\u00f6ln\r\nMagnusstra\u00dfe 18 b\r\n50672 K\u00f6ln\r\nTel: 0221 \/ 92 59 81-0","image":{"@type":"ImageObject","@id":"https:\/\/www.spdkoelnnord.de\/wp-content\/plugins\/wp-user-avatar\/deprecated\/wp-user-avatar\/images\/wpua-96x96.png","url":"https:\/\/www.spdkoelnnord.de\/wp-content\/plugins\/wp-user-avatar\/deprecated\/wp-user-avatar\/images\/wpua-96x96.png","height":96,"width":96}},"publisher":{"@type":"Organization","name":"SPD im K\u00f6lner Norden","logo":{"@type":"ImageObject","@id":"https:\/\/www.spdkoelnnord.de\/wp-content\/uploads\/2019\/10\/cropped-logo_ko\u0308lnspd.jpg","url":"https:\/\/www.spdkoelnnord.de\/wp-content\/uploads\/2019\/10\/cropped-logo_ko\u0308lnspd.jpg","width":null,"height":null}},"image":{"@type":"ImageObject","@id":"https:\/\/www.spdkoelnnord.de\/wp-content\/uploads\/2025\/02\/spd-verschwommen.jpg","url":"https:\/\/www.spdkoelnnord.de\/wp-content\/uploads\/2025\/02\/spd-verschwommen.jpg","height":675,"width":1200},"wordCount":502,"keywords":["anonymen","besucht","Dermatologie","einsatz","gerechtigkeit","Gesundheitssystem","hilfsdienst","K\u00f6ln","krankenschein","Krankenversicherung","malteser","Malteser Hilfsdienst","medizin","Mittelstand","P\u00e4diatrie","Private Krankenversicherung","solidaritat","sozial","Sozialdemokratische Partei Deutschlands","Zahnarzt"]}]},{"@context":"https:\/\/schema.org","@type":"WebSite","@id":"https:\/\/www.spdkoelnnord.de\/#website","name":"Die SPD im K\u00f6lner Norden","url":"https:\/\/www.spdkoelnnord.de","potentialAction":{"@type":"SearchAction","target":"https:\/\/www.spdkoelnnord.de\/?s={search_term_string}","query-input":"required name=search_term_string"}}]