[{"@context":"https:\/\/schema.org\/","@type":"Blog","@id":"https:\/\/www.spdkoelnnord.de#Blog","headline":"Die SPD im K\u00f6lner Norden","description":"Die SPD im Stadtbezirk K\u00f6ln - Chorweiler","url":"https:\/\/www.spdkoelnnord.de","blogPost":[{"@type":"BlogPosting","@id":"https:\/\/www.spdkoelnnord.de\/unsere-kommunen-mit-einer-altschuldenloesung-sichern\/","headline":"Unsere Kommunen mit einer Altschuldenl\u00f6sung sichern","url":"https:\/\/www.spdkoelnnord.de\/unsere-kommunen-mit-einer-altschuldenloesung-sichern\/","datePublished":"2024-11-28","dateModified":"2024-11-28","mainEntityOfPage":"https:\/\/www.spdkoelnnord.de\/unsere-kommunen-mit-einer-altschuldenloesung-sichern\/","author":{"@type":"Person","@id":"https:\/\/www.spdkoelnnord.de\/author\/spdbundestagsfraktion\/#Person","name":"Bundestagsfraktion","url":"https:\/\/www.spdkoelnnord.de\/author\/spdbundestagsfraktion\/","identifier":325,"image":{"@type":"ImageObject","@id":"https:\/\/www.spdkoelnnord.de\/wp-content\/plugins\/wp-user-avatar\/deprecated\/wp-user-avatar\/images\/wpua-96x96.png","url":"https:\/\/www.spdkoelnnord.de\/wp-content\/plugins\/wp-user-avatar\/deprecated\/wp-user-avatar\/images\/wpua-96x96.png","height":96,"width":96}},"publisher":{"@type":"Organization","name":"SPD im K\u00f6lner Norden","logo":{"@type":"ImageObject","@id":"https:\/\/www.spdkoelnnord.de\/wp-content\/uploads\/2019\/10\/cropped-logo_ko\u0308lnspd.jpg","url":"https:\/\/www.spdkoelnnord.de\/wp-content\/uploads\/2019\/10\/cropped-logo_ko\u0308lnspd.jpg","width":null,"height":null}},"image":{"@type":"ImageObject","@id":"https:\/\/www.spdkoelnnord.de\/wp-content\/uploads\/2025\/02\/spd-verschwommen.jpg","url":"https:\/\/www.spdkoelnnord.de\/wp-content\/uploads\/2025\/02\/spd-verschwommen.jpg","height":675,"width":1200},"wordCount":295,"keywords":["altschuldenlosung","Ampelkoalition","Bernhard Daldrup (Politiker, 1956)","Bochum","Bundeskanzler (Deutschland)","Bundestagswahl","Christian Lindner","Deutscher Bundestag","einer","Emschergenossenschaft","Fraktion (Bundestag)","Grundgesetz f\u00fcr die Bundesrepublik Deutschland","Investitionsstau","J\u00f6rg Kukies","Koalitionsvertrag","kommunen","Olaf Scholz","sichern","unsere"]},{"@type":"BlogPosting","@id":"https:\/\/www.spdkoelnnord.de\/dunkler-tag-der-entscheidung-bei-ford\/","headline":"Dunkler Tag der Entscheidung bei Ford","url":"https:\/\/www.spdkoelnnord.de\/dunkler-tag-der-entscheidung-bei-ford\/","datePublished":"2024-11-27","dateModified":"2024-11-27","mainEntityOfPage":"https:\/\/www.spdkoelnnord.de\/dunkler-tag-der-entscheidung-bei-ford\/","author":{"@type":"Person","@id":"https:\/\/www.spdkoelnnord.de\/author\/koelnspd\/#Person","name":"K\u00f6lnSPD","url":"https:\/\/www.spdkoelnnord.de\/author\/koelnspd\/","identifier":11,"description":"SPD-Unterbezirk K\u00f6ln\r\nMagnusstra\u00dfe 18 b\r\n50672 K\u00f6ln\r\nTel: 0221 \/ 92 59 81-0","image":{"@type":"ImageObject","@id":"https:\/\/www.spdkoelnnord.de\/wp-content\/plugins\/wp-user-avatar\/deprecated\/wp-user-avatar\/images\/wpua-96x96.png","url":"https:\/\/www.spdkoelnnord.de\/wp-content\/plugins\/wp-user-avatar\/deprecated\/wp-user-avatar\/images\/wpua-96x96.png","height":96,"width":96}},"publisher":{"@type":"Organization","name":"SPD im K\u00f6lner Norden","logo":{"@type":"ImageObject","@id":"https:\/\/www.spdkoelnnord.de\/wp-content\/uploads\/2019\/10\/cropped-logo_ko\u0308lnspd.jpg","url":"https:\/\/www.spdkoelnnord.de\/wp-content\/uploads\/2019\/10\/cropped-logo_ko\u0308lnspd.jpg","width":null,"height":null}},"image":{"@type":"ImageObject","@id":"https:\/\/www.spdkoelnnord.de\/wp-content\/uploads\/2025\/02\/spd-verschwommen.jpg","url":"https:\/\/www.spdkoelnnord.de\/wp-content\/uploads\/2025\/02\/spd-verschwommen.jpg","height":675,"width":1200},"wordCount":336,"keywords":["Arbeitnehmer","Arbeitsplatz","Betriebsrat","dunkler","entscheidung","Gie\u00dfen (Metall)","K\u00f6ln","Landtag Nordrhein-Westfalen","Lena Teschlade","Tag der Entscheidung","Werkzeugbau"]},{"@type":"BlogPosting","@id":"https:\/\/www.spdkoelnnord.de\/einblick-in-den-arbeitsalltag\/","headline":"Einblick in den Arbeitsalltag","url":"https:\/\/www.spdkoelnnord.de\/einblick-in-den-arbeitsalltag\/","datePublished":"2024-11-27","dateModified":"2024-11-27","mainEntityOfPage":"https:\/\/www.spdkoelnnord.de\/einblick-in-den-arbeitsalltag\/","author":{"@type":"Person","@id":"https:\/\/www.spdkoelnnord.de\/author\/koelnspd\/#Person","name":"K\u00f6lnSPD","url":"https:\/\/www.spdkoelnnord.de\/author\/koelnspd\/","identifier":11,"description":"SPD-Unterbezirk K\u00f6ln\r\nMagnusstra\u00dfe 18 b\r\n50672 K\u00f6ln\r\nTel: 0221 \/ 92 59 81-0","image":{"@type":"ImageObject","@id":"https:\/\/www.spdkoelnnord.de\/wp-content\/plugins\/wp-user-avatar\/deprecated\/wp-user-avatar\/images\/wpua-96x96.png","url":"https:\/\/www.spdkoelnnord.de\/wp-content\/plugins\/wp-user-avatar\/deprecated\/wp-user-avatar\/images\/wpua-96x96.png","height":96,"width":96}},"publisher":{"@type":"Organization","name":"SPD im K\u00f6lner Norden","logo":{"@type":"ImageObject","@id":"https:\/\/www.spdkoelnnord.de\/wp-content\/uploads\/2019\/10\/cropped-logo_ko\u0308lnspd.jpg","url":"https:\/\/www.spdkoelnnord.de\/wp-content\/uploads\/2019\/10\/cropped-logo_ko\u0308lnspd.jpg","width":null,"height":null}},"image":{"@type":"ImageObject","@id":"https:\/\/www.spdkoelnnord.de\/wp-content\/uploads\/2025\/02\/spd-verschwommen.jpg","url":"https:\/\/www.spdkoelnnord.de\/wp-content\/uploads\/2025\/02\/spd-verschwommen.jpg","height":675,"width":1200},"wordCount":506,"keywords":["Arbeitnehmer","arbeitsalltag","Arbeitslosenstatistik","arbeitsmarkt","Berufsausbildung","Carolin Kirsch","dusseldorf","einblick","Erwerbst\u00e4tigkeit","fachkraftemangel","Industrie- und Handelskammer","Inklusion (Soziologie)","Integration (Soziologie)","Keupstra\u00dfe","Kindertagesst\u00e4tte","M\u00fclheim (K\u00f6ln)","Nordrhein-Westfalen","wahlkreis"]},{"@type":"BlogPosting","@id":"https:\/\/www.spdkoelnnord.de\/handlungsfaehigkeit-des-oeffentlichen-dienstes-wieder-herstellen-fuer-die-menschen-in-nrw\/","headline":"Handlungsf\u00e4higkeit des \u00d6ffentlichen Dienstes wieder herstellen \u2013 f\u00fcr die Menschen in NRW","url":"https:\/\/www.spdkoelnnord.de\/handlungsfaehigkeit-des-oeffentlichen-dienstes-wieder-herstellen-fuer-die-menschen-in-nrw\/","datePublished":"2024-11-25","dateModified":"2024-11-25","mainEntityOfPage":"https:\/\/www.spdkoelnnord.de\/handlungsfaehigkeit-des-oeffentlichen-dienstes-wieder-herstellen-fuer-die-menschen-in-nrw\/","author":{"@type":"Person","@id":"https:\/\/www.spdkoelnnord.de\/author\/nrwspd-fraktion\/#Person","name":"NRWSPD Fraktion","url":"https:\/\/www.spdkoelnnord.de\/author\/nrwspd-fraktion\/","identifier":324,"image":{"@type":"ImageObject","@id":"https:\/\/www.spdkoelnnord.de\/wp-content\/plugins\/wp-user-avatar\/deprecated\/wp-user-avatar\/images\/wpua-96x96.png","url":"https:\/\/www.spdkoelnnord.de\/wp-content\/plugins\/wp-user-avatar\/deprecated\/wp-user-avatar\/images\/wpua-96x96.png","height":96,"width":96}},"publisher":{"@type":"Organization","name":"SPD im K\u00f6lner Norden","logo":{"@type":"ImageObject","@id":"https:\/\/www.spdkoelnnord.de\/wp-content\/uploads\/2019\/10\/cropped-logo_ko\u0308lnspd.jpg","url":"https:\/\/www.spdkoelnnord.de\/wp-content\/uploads\/2019\/10\/cropped-logo_ko\u0308lnspd.jpg","width":null,"height":null}},"image":{"@type":"ImageObject","@id":"https:\/\/www.spdkoelnnord.de\/wp-content\/uploads\/2025\/02\/spd-verschwommen.jpg","url":"https:\/\/www.spdkoelnnord.de\/wp-content\/uploads\/2025\/02\/spd-verschwommen.jpg","height":675,"width":1200},"wordCount":361,"keywords":["Aufgabe (Pflicht)","Burgergemeinde Bern","demokratie","dienstes","Dienstleistung","handlungsfahigkeit","herstellen","hochwasserschutz","menschen","Nordrhein-Westfalen","offentlichen","\u00d6ffentlicher Dienst","Polizei","qualitat","Stefan Zimkeit","strafrecht","wieder"]},{"@type":"BlogPosting","@id":"https:\/\/www.spdkoelnnord.de\/das-gewalthilfegesetz-muss-jetzt-kommen\/","headline":"Das Gewalthilfegesetz muss jetzt kommen","url":"https:\/\/www.spdkoelnnord.de\/das-gewalthilfegesetz-muss-jetzt-kommen\/","datePublished":"2024-11-25","dateModified":"2024-11-25","mainEntityOfPage":"https:\/\/www.spdkoelnnord.de\/das-gewalthilfegesetz-muss-jetzt-kommen\/","author":{"@type":"Person","@id":"https:\/\/www.spdkoelnnord.de\/author\/spdbundestagsfraktion\/#Person","name":"Bundestagsfraktion","url":"https:\/\/www.spdkoelnnord.de\/author\/spdbundestagsfraktion\/","identifier":325,"image":{"@type":"ImageObject","@id":"https:\/\/www.spdkoelnnord.de\/wp-content\/plugins\/wp-user-avatar\/deprecated\/wp-user-avatar\/images\/wpua-96x96.png","url":"https:\/\/www.spdkoelnnord.de\/wp-content\/plugins\/wp-user-avatar\/deprecated\/wp-user-avatar\/images\/wpua-96x96.png","height":96,"width":96}},"publisher":{"@type":"Organization","name":"SPD im K\u00f6lner Norden","logo":{"@type":"ImageObject","@id":"https:\/\/www.spdkoelnnord.de\/wp-content\/uploads\/2019\/10\/cropped-logo_ko\u0308lnspd.jpg","url":"https:\/\/www.spdkoelnnord.de\/wp-content\/uploads\/2019\/10\/cropped-logo_ko\u0308lnspd.jpg","width":null,"height":null}},"image":{"@type":"ImageObject","@id":"https:\/\/www.spdkoelnnord.de\/wp-content\/uploads\/2025\/02\/spd-verschwommen.jpg","url":"https:\/\/www.spdkoelnnord.de\/wp-content\/uploads\/2025\/02\/spd-verschwommen.jpg","height":675,"width":1200},"wordCount":384,"keywords":["Ariane F\u00e4scher","Fraktion (Bundestag)","Frankreich","Frauenhaus","Gewalt gegen Frauen","gewalthilfegesetz","jetzt","kommen","Leni Breymaier","pravention","\u00dcbereinkommen des Europarats zur Verh\u00fctung und Bek\u00e4mpfung von Gewalt gegen Frauen und h\u00e4uslicher Gewalt"]},{"@type":"BlogPosting","@id":"https:\/\/www.spdkoelnnord.de\/kreuzfeld-wird-nur-mit-guter-verkehrsanbindung-funktionieren\/","headline":"Kreuzfeld wird nur mit guter Verkehrsanbindung funktionieren","url":"https:\/\/www.spdkoelnnord.de\/kreuzfeld-wird-nur-mit-guter-verkehrsanbindung-funktionieren\/","datePublished":"2024-11-23","dateModified":"2024-11-23","mainEntityOfPage":"https:\/\/www.spdkoelnnord.de\/kreuzfeld-wird-nur-mit-guter-verkehrsanbindung-funktionieren\/","author":{"@type":"Person","@id":"https:\/\/www.spdkoelnnord.de\/author\/koeln_nord\/#Person","name":"SPD im K\u00f6lner Norden","url":"https:\/\/www.spdkoelnnord.de\/author\/koeln_nord\/","identifier":1221,"image":{"@type":"ImageObject","@id":"https:\/\/www.spdkoelnnord.de\/wp-content\/uploads\/2024\/02\/logo_koelnspd-150x150.png","url":"https:\/\/www.spdkoelnnord.de\/wp-content\/uploads\/2024\/02\/logo_koelnspd-150x150.png","height":96,"width":96}},"publisher":{"@type":"Organization","name":"SPD im K\u00f6lner Norden","logo":{"@type":"ImageObject","@id":"https:\/\/www.spdkoelnnord.de\/wp-content\/uploads\/2019\/10\/cropped-logo_ko\u0308lnspd.jpg","url":"https:\/\/www.spdkoelnnord.de\/wp-content\/uploads\/2019\/10\/cropped-logo_ko\u0308lnspd.jpg","width":null,"height":null}},"image":{"@type":"ImageObject","@id":"https:\/\/www.spdkoelnnord.de\/wp-content\/uploads\/2024\/02\/IMG_0542.jpg","url":"https:\/\/www.spdkoelnnord.de\/wp-content\/uploads\/2024\/02\/IMG_0542.jpg","height":1200,"width":900},"wordCount":289,"keywords":["Burgergemeinde Bern","chorweiler","funktionieren","guter","Hektar","infrastruktur","K\u00f6ln Hauptbahnhof","kreuzfeld","Stadtplanung","Urbanit\u00e4t","veedel","verkehrsanbindung"]},{"@type":"BlogPosting","@id":"https:\/\/www.spdkoelnnord.de\/koeln-muss-es-besser-koennen-und-koeln-kann-es-besser\/","headline":"K\u00f6ln muss es besser k\u00f6nnen und K\u00f6ln kann es besser","url":"https:\/\/www.spdkoelnnord.de\/koeln-muss-es-besser-koennen-und-koeln-kann-es-besser\/","datePublished":"2024-11-22","dateModified":"2024-11-22","mainEntityOfPage":"https:\/\/www.spdkoelnnord.de\/koeln-muss-es-besser-koennen-und-koeln-kann-es-besser\/","author":{"@type":"Person","@id":"https:\/\/www.spdkoelnnord.de\/author\/koelnspd\/#Person","name":"K\u00f6lnSPD","url":"https:\/\/www.spdkoelnnord.de\/author\/koelnspd\/","identifier":11,"description":"SPD-Unterbezirk K\u00f6ln\r\nMagnusstra\u00dfe 18 b\r\n50672 K\u00f6ln\r\nTel: 0221 \/ 92 59 81-0","image":{"@type":"ImageObject","@id":"https:\/\/www.spdkoelnnord.de\/wp-content\/plugins\/wp-user-avatar\/deprecated\/wp-user-avatar\/images\/wpua-96x96.png","url":"https:\/\/www.spdkoelnnord.de\/wp-content\/plugins\/wp-user-avatar\/deprecated\/wp-user-avatar\/images\/wpua-96x96.png","height":96,"width":96}},"publisher":{"@type":"Organization","name":"SPD im K\u00f6lner Norden","logo":{"@type":"ImageObject","@id":"https:\/\/www.spdkoelnnord.de\/wp-content\/uploads\/2019\/10\/cropped-logo_ko\u0308lnspd.jpg","url":"https:\/\/www.spdkoelnnord.de\/wp-content\/uploads\/2019\/10\/cropped-logo_ko\u0308lnspd.jpg","width":null,"height":null}},"image":{"@type":"ImageObject","@id":"https:\/\/www.spdkoelnnord.de\/wp-content\/uploads\/2025\/02\/spd-verschwommen.jpg","url":"https:\/\/www.spdkoelnnord.de\/wp-content\/uploads\/2025\/02\/spd-verschwommen.jpg","height":675,"width":1200},"wordCount":685,"keywords":["Belgisches Viertel (K\u00f6ln)","besser","bildung","Bundeskanzleramt (Deutschland)","Bundesministerium des Innern und f\u00fcr Heimat","Bundesministerium f\u00fcr Wirtschaft und Klimaschutz","Burgergemeinde Bern","demokratie","Deutscher Behindertensportverband","Deutscher Olympischer Sportbund","Ehrenamt","Individualverkehr","K\u00f6ln","konnen","Oberb\u00fcrgermeister","Verkehrswende","Wohngemeinschaft"]}]},{"@context":"https:\/\/schema.org","@type":"WebSite","@id":"https:\/\/www.spdkoelnnord.de\/#website","name":"Die SPD im K\u00f6lner Norden","url":"https:\/\/www.spdkoelnnord.de","potentialAction":{"@type":"SearchAction","target":"https:\/\/www.spdkoelnnord.de\/?s={search_term_string}","query-input":"required name=search_term_string"}}]