[{"@context":"https:\/\/schema.org\/","@type":"Blog","@id":"https:\/\/www.spdkoelnnord.de#Blog","headline":"Die SPD im K\u00f6lner Norden","description":"Die SPD im Stadtbezirk K\u00f6ln - Chorweiler","url":"https:\/\/www.spdkoelnnord.de","blogPost":[{"@type":"BlogPosting","@id":"https:\/\/www.spdkoelnnord.de\/hoechste-zeit-weg-mit-%c2%a7218-fuer-mehr-selbstbestimmung\/","headline":"H\u00f6chste Zeit: Weg mit \u00a7218 \u2013 f\u00fcr mehr Selbstbestimmung!","url":"https:\/\/www.spdkoelnnord.de\/hoechste-zeit-weg-mit-%c2%a7218-fuer-mehr-selbstbestimmung\/","datePublished":"2024-11-21","dateModified":"2024-11-21","mainEntityOfPage":"https:\/\/www.spdkoelnnord.de\/hoechste-zeit-weg-mit-%c2%a7218-fuer-mehr-selbstbestimmung\/","author":{"@type":"Person","@id":"https:\/\/www.spdkoelnnord.de\/author\/koelnspd\/#Person","name":"K\u00f6lnSPD","url":"https:\/\/www.spdkoelnnord.de\/author\/koelnspd\/","identifier":11,"description":"SPD-Unterbezirk K\u00f6ln\r\nMagnusstra\u00dfe 18 b\r\n50672 K\u00f6ln\r\nTel: 0221 \/ 92 59 81-0","image":{"@type":"ImageObject","@id":"https:\/\/www.spdkoelnnord.de\/wp-content\/plugins\/wp-user-avatar\/deprecated\/wp-user-avatar\/images\/wpua-96x96.png","url":"https:\/\/www.spdkoelnnord.de\/wp-content\/plugins\/wp-user-avatar\/deprecated\/wp-user-avatar\/images\/wpua-96x96.png","height":96,"width":96}},"publisher":{"@type":"Organization","name":"SPD im K\u00f6lner Norden","logo":{"@type":"ImageObject","@id":"https:\/\/www.spdkoelnnord.de\/wp-content\/uploads\/2019\/10\/cropped-logo_ko\u0308lnspd.jpg","url":"https:\/\/www.spdkoelnnord.de\/wp-content\/uploads\/2019\/10\/cropped-logo_ko\u0308lnspd.jpg","width":null,"height":null}},"image":{"@type":"ImageObject","@id":"https:\/\/www.spdkoelnnord.de\/wp-content\/uploads\/2025\/02\/spd-verschwommen.jpg","url":"https:\/\/www.spdkoelnnord.de\/wp-content\/uploads\/2025\/02\/spd-verschwommen.jpg","height":675,"width":1200},"wordCount":715,"keywords":["Autonomie","Bundeskanzler (Deutschland)","B\u00fcndnis 90\/Die Gr\u00fcnen","Deutscher Bundestag","familie","Fraktion (Politik)","freiheit","Friedrich Merz","Gesetzliche Krankenversicherung","hochste","K\u00f6ln","Mitglied des Deutschen Bundestages","N\u00f6tigung (Deutschland)","Nyke Slawik","Olaf Scholz","Pro familia (Deutschland)","Psychologe","Rolf M\u00fctzenich","Sanae Abdi","schwangerschaft","Schwangerschaftsabbruch","Schwangerschaftskonfliktgesetz","selbstbestimmung","Selbstbestimmungsrecht","Sexualtherapie","Strafgesetzbuch (Deutschland)","Strafrecht (Deutschland)","Unterlassen (Deutschland)","Wille","Wir Frauen (Zeitschrift)"]},{"@type":"BlogPosting","@id":"https:\/\/www.spdkoelnnord.de\/stellenstreichung-bei-ford-wir-stehen-solidarisch-an-der-seite-der-beschaeftigten\/","headline":"Stellenstreichung bei Ford. Wir stehen solidarisch an der Seite der Besch\u00e4ftigten.","url":"https:\/\/www.spdkoelnnord.de\/stellenstreichung-bei-ford-wir-stehen-solidarisch-an-der-seite-der-beschaeftigten\/","datePublished":"2024-11-20","dateModified":"2024-11-20","mainEntityOfPage":"https:\/\/www.spdkoelnnord.de\/stellenstreichung-bei-ford-wir-stehen-solidarisch-an-der-seite-der-beschaeftigten\/","author":{"@type":"Person","@id":"https:\/\/www.spdkoelnnord.de\/author\/koelnspd\/#Person","name":"K\u00f6lnSPD","url":"https:\/\/www.spdkoelnnord.de\/author\/koelnspd\/","identifier":11,"description":"SPD-Unterbezirk K\u00f6ln\r\nMagnusstra\u00dfe 18 b\r\n50672 K\u00f6ln\r\nTel: 0221 \/ 92 59 81-0","image":{"@type":"ImageObject","@id":"https:\/\/www.spdkoelnnord.de\/wp-content\/plugins\/wp-user-avatar\/deprecated\/wp-user-avatar\/images\/wpua-96x96.png","url":"https:\/\/www.spdkoelnnord.de\/wp-content\/plugins\/wp-user-avatar\/deprecated\/wp-user-avatar\/images\/wpua-96x96.png","height":96,"width":96}},"publisher":{"@type":"Organization","name":"SPD im K\u00f6lner Norden","logo":{"@type":"ImageObject","@id":"https:\/\/www.spdkoelnnord.de\/wp-content\/uploads\/2019\/10\/cropped-logo_ko\u0308lnspd.jpg","url":"https:\/\/www.spdkoelnnord.de\/wp-content\/uploads\/2019\/10\/cropped-logo_ko\u0308lnspd.jpg","width":null,"height":null}},"image":{"@type":"ImageObject","@id":"https:\/\/www.koelnspd.de\/wp-content\/uploads\/sites\/749\/2019\/12\/ford-2691853_1920.jpg","url":"https:\/\/www.koelnspd.de\/wp-content\/uploads\/sites\/749\/2019\/12\/ford-2691853_1920.jpg","height":841,"width":1920},"wordCount":552,"keywords":["beschaftigten","seite","solidarisch","stehen","stellenstreichung"]},{"@type":"BlogPosting","@id":"https:\/\/www.spdkoelnnord.de\/ford-werke-koeln-wir-brauchen-schnell-die-e-auto-praemie\/","headline":"Ford-Werke K\u00f6ln: Wir brauchen schnell die E-Auto-Pr\u00e4mie","url":"https:\/\/www.spdkoelnnord.de\/ford-werke-koeln-wir-brauchen-schnell-die-e-auto-praemie\/","datePublished":"2024-11-20","dateModified":"2024-11-20","mainEntityOfPage":"https:\/\/www.spdkoelnnord.de\/ford-werke-koeln-wir-brauchen-schnell-die-e-auto-praemie\/","author":{"@type":"Person","@id":"https:\/\/www.spdkoelnnord.de\/author\/ott\/#Person","name":"Jochen Ott","url":"https:\/\/www.spdkoelnnord.de\/author\/ott\/","identifier":344,"image":{"@type":"ImageObject","@id":"https:\/\/www.spdkoelnnord.de\/wp-content\/plugins\/wp-user-avatar\/deprecated\/wp-user-avatar\/images\/wpua-96x96.png","url":"https:\/\/www.spdkoelnnord.de\/wp-content\/plugins\/wp-user-avatar\/deprecated\/wp-user-avatar\/images\/wpua-96x96.png","height":96,"width":96}},"publisher":{"@type":"Organization","name":"SPD im K\u00f6lner Norden","logo":{"@type":"ImageObject","@id":"https:\/\/www.spdkoelnnord.de\/wp-content\/uploads\/2019\/10\/cropped-logo_ko\u0308lnspd.jpg","url":"https:\/\/www.spdkoelnnord.de\/wp-content\/uploads\/2019\/10\/cropped-logo_ko\u0308lnspd.jpg","width":null,"height":null}},"image":{"@type":"ImageObject","@id":"https:\/\/www.spdkoelnnord.de\/wp-content\/uploads\/2025\/02\/spd-verschwommen.jpg","url":"https:\/\/www.spdkoelnnord.de\/wp-content\/uploads\/2025\/02\/spd-verschwommen.jpg","height":675,"width":1200},"wordCount":377,"keywords":["brauchen","pramie","schnell","werke"]},{"@type":"BlogPosting","@id":"https:\/\/www.spdkoelnnord.de\/was-kindern-wichtig-ist\/","headline":"Was Kindern wichtig ist","url":"https:\/\/www.spdkoelnnord.de\/was-kindern-wichtig-ist\/","datePublished":"2024-11-19","dateModified":"2024-11-19","mainEntityOfPage":"https:\/\/www.spdkoelnnord.de\/was-kindern-wichtig-ist\/","author":{"@type":"Person","@id":"https:\/\/www.spdkoelnnord.de\/author\/spdbundestagsfraktion\/#Person","name":"Bundestagsfraktion","url":"https:\/\/www.spdkoelnnord.de\/author\/spdbundestagsfraktion\/","identifier":325,"image":{"@type":"ImageObject","@id":"https:\/\/www.spdkoelnnord.de\/wp-content\/plugins\/wp-user-avatar\/deprecated\/wp-user-avatar\/images\/wpua-96x96.png","url":"https:\/\/www.spdkoelnnord.de\/wp-content\/plugins\/wp-user-avatar\/deprecated\/wp-user-avatar\/images\/wpua-96x96.png","height":96,"width":96}},"publisher":{"@type":"Organization","name":"SPD im K\u00f6lner Norden","logo":{"@type":"ImageObject","@id":"https:\/\/www.spdkoelnnord.de\/wp-content\/uploads\/2019\/10\/cropped-logo_ko\u0308lnspd.jpg","url":"https:\/\/www.spdkoelnnord.de\/wp-content\/uploads\/2019\/10\/cropped-logo_ko\u0308lnspd.jpg","width":null,"height":null}},"image":{"@type":"ImageObject","@id":"https:\/\/www.spdkoelnnord.de\/wp-content\/uploads\/2025\/02\/spd-verschwommen.jpg","url":"https:\/\/www.spdkoelnnord.de\/wp-content\/uploads\/2025\/02\/spd-verschwommen.jpg","height":675,"width":1200},"wordCount":328,"keywords":["Bundestagsfraktion B\u00fcndnis 90\/Die Gr\u00fcnen","CDU\/CSU-Fraktion im Deutschen Bundestag","demokratie","familie","gerechtigkeit","gesundheit","Jugendamt","Kinderarmut in den Industriel\u00e4ndern","Kinderbeauftragter","Kindergeld","kindern","Kindertagesst\u00e4tte","Kinderzuschlag","Kindheit","Klimapolitik","Leni Breymaier","Recht auf Bildung","Sarah Lahrkamp","Schuldenbremse (Deutschland)","Sozialdemokratische Partei Deutschlands","Sozialleistung","UN-Kinderrechtskonvention","wichtig"]},{"@type":"BlogPosting","@id":"https:\/\/www.spdkoelnnord.de\/wohnbau-sofortprogramm-endlich-beschlossen-antrag-im-unterausschuss-wohnen-setzt-klare-prioritaeten\/","headline":"Wohnbau-Sofortprogramm endlich beschlossen \u2013 Antrag im Unterausschuss Wohnen setzt klare Priorit\u00e4ten","url":"https:\/\/www.spdkoelnnord.de\/wohnbau-sofortprogramm-endlich-beschlossen-antrag-im-unterausschuss-wohnen-setzt-klare-prioritaeten\/","datePublished":"2024-11-18","dateModified":"2024-11-18","mainEntityOfPage":"https:\/\/www.spdkoelnnord.de\/wohnbau-sofortprogramm-endlich-beschlossen-antrag-im-unterausschuss-wohnen-setzt-klare-prioritaeten\/","author":{"@type":"Person","@id":"https:\/\/www.spdkoelnnord.de\/author\/koelnspd\/#Person","name":"K\u00f6lnSPD","url":"https:\/\/www.spdkoelnnord.de\/author\/koelnspd\/","identifier":11,"description":"SPD-Unterbezirk K\u00f6ln\r\nMagnusstra\u00dfe 18 b\r\n50672 K\u00f6ln\r\nTel: 0221 \/ 92 59 81-0","image":{"@type":"ImageObject","@id":"https:\/\/www.spdkoelnnord.de\/wp-content\/plugins\/wp-user-avatar\/deprecated\/wp-user-avatar\/images\/wpua-96x96.png","url":"https:\/\/www.spdkoelnnord.de\/wp-content\/plugins\/wp-user-avatar\/deprecated\/wp-user-avatar\/images\/wpua-96x96.png","height":96,"width":96}},"publisher":{"@type":"Organization","name":"SPD im K\u00f6lner Norden","logo":{"@type":"ImageObject","@id":"https:\/\/www.spdkoelnnord.de\/wp-content\/uploads\/2019\/10\/cropped-logo_ko\u0308lnspd.jpg","url":"https:\/\/www.spdkoelnnord.de\/wp-content\/uploads\/2019\/10\/cropped-logo_ko\u0308lnspd.jpg","width":null,"height":null}},"image":{"@type":"ImageObject","@id":"https:\/\/www.spdkoelnnord.de\/wp-content\/uploads\/2025\/02\/spd-verschwommen.jpg","url":"https:\/\/www.spdkoelnnord.de\/wp-content\/uploads\/2025\/02\/spd-verschwommen.jpg","height":675,"width":1200},"wordCount":580,"keywords":["antrag","beschlossen","endlich","sofortprogramm","unterausschuss","wohnbau","wohnen"]},{"@type":"BlogPosting","@id":"https:\/\/www.spdkoelnnord.de\/eroeffnung-der-neuen-rettungswache-worringen\/","headline":"Er\u00f6ffnung der neuen Rettungswache Worringen","url":"https:\/\/www.spdkoelnnord.de\/eroeffnung-der-neuen-rettungswache-worringen\/","datePublished":"2024-11-16","dateModified":"2024-11-23","mainEntityOfPage":"https:\/\/www.spdkoelnnord.de\/eroeffnung-der-neuen-rettungswache-worringen\/","author":{"@type":"Person","@id":"https:\/\/www.spdkoelnnord.de\/author\/koeln_nord\/#Person","name":"SPD im K\u00f6lner Norden","url":"https:\/\/www.spdkoelnnord.de\/author\/koeln_nord\/","identifier":1221,"image":{"@type":"ImageObject","@id":"https:\/\/www.spdkoelnnord.de\/wp-content\/uploads\/2024\/02\/logo_koelnspd-150x150.png","url":"https:\/\/www.spdkoelnnord.de\/wp-content\/uploads\/2024\/02\/logo_koelnspd-150x150.png","height":96,"width":96}},"publisher":{"@type":"Organization","name":"SPD im K\u00f6lner Norden","logo":{"@type":"ImageObject","@id":"https:\/\/www.spdkoelnnord.de\/wp-content\/uploads\/2019\/10\/cropped-logo_ko\u0308lnspd.jpg","url":"https:\/\/www.spdkoelnnord.de\/wp-content\/uploads\/2019\/10\/cropped-logo_ko\u0308lnspd.jpg","width":null,"height":null}},"image":{"@type":"ImageObject","@id":"https:\/\/www.spdkoelnnord.de\/wp-content\/uploads\/2024\/02\/IMG_0511-1.jpg","url":"https:\/\/www.spdkoelnnord.de\/wp-content\/uploads\/2024\/02\/IMG_0511-1.jpg","height":1200,"width":900},"wordCount":157,"keywords":["eroffnung","Feuerwehrhaus","Freiwillige Feuerwehr","neuen","Photovoltaik","rettungswache","worringen"]},{"@type":"BlogPosting","@id":"https:\/\/www.spdkoelnnord.de\/unsoziale-politik-gegen-obdachlose-gruene-und-cdu-lehnen-pascha-kauf-ab\/","headline":"Unsoziale Politik gegen Obdachlose \u2013 Gr\u00fcne und CDU lehnen Pascha-Kauf ab","url":"https:\/\/www.spdkoelnnord.de\/unsoziale-politik-gegen-obdachlose-gruene-und-cdu-lehnen-pascha-kauf-ab\/","datePublished":"2024-11-15","dateModified":"2024-11-15","mainEntityOfPage":"https:\/\/www.spdkoelnnord.de\/unsoziale-politik-gegen-obdachlose-gruene-und-cdu-lehnen-pascha-kauf-ab\/","author":{"@type":"Person","@id":"https:\/\/www.spdkoelnnord.de\/author\/koelnspd\/#Person","name":"K\u00f6lnSPD","url":"https:\/\/www.spdkoelnnord.de\/author\/koelnspd\/","identifier":11,"description":"SPD-Unterbezirk K\u00f6ln\r\nMagnusstra\u00dfe 18 b\r\n50672 K\u00f6ln\r\nTel: 0221 \/ 92 59 81-0","image":{"@type":"ImageObject","@id":"https:\/\/www.spdkoelnnord.de\/wp-content\/plugins\/wp-user-avatar\/deprecated\/wp-user-avatar\/images\/wpua-96x96.png","url":"https:\/\/www.spdkoelnnord.de\/wp-content\/plugins\/wp-user-avatar\/deprecated\/wp-user-avatar\/images\/wpua-96x96.png","height":96,"width":96}},"publisher":{"@type":"Organization","name":"SPD im K\u00f6lner Norden","logo":{"@type":"ImageObject","@id":"https:\/\/www.spdkoelnnord.de\/wp-content\/uploads\/2019\/10\/cropped-logo_ko\u0308lnspd.jpg","url":"https:\/\/www.spdkoelnnord.de\/wp-content\/uploads\/2019\/10\/cropped-logo_ko\u0308lnspd.jpg","width":null,"height":null}},"image":{"@type":"ImageObject","@id":"https:\/\/www.koelnspd.de\/wp-content\/uploads\/sites\/749\/2024\/11\/pascha-bild.png","url":"https:\/\/www.koelnspd.de\/wp-content\/uploads\/sites\/749\/2024\/11\/pascha-bild.png","height":1080,"width":1080},"wordCount":608,"keywords":["gegen","grune","lehnen","obdachlose","pascha","politik","unsoziale"]}]},{"@context":"https:\/\/schema.org","@type":"WebSite","@id":"https:\/\/www.spdkoelnnord.de\/#website","name":"Die SPD im K\u00f6lner Norden","url":"https:\/\/www.spdkoelnnord.de","potentialAction":{"@type":"SearchAction","target":"https:\/\/www.spdkoelnnord.de\/?s={search_term_string}","query-input":"required name=search_term_string"}}]