[{"@context":"https:\/\/schema.org\/","@type":"Blog","@id":"https:\/\/www.spdkoelnnord.de#Blog","headline":"Die SPD im K\u00f6lner Norden","description":"Die SPD im Stadtbezirk K\u00f6ln - Chorweiler","url":"https:\/\/www.spdkoelnnord.de","blogPost":[{"@type":"BlogPosting","@id":"https:\/\/www.spdkoelnnord.de\/hut-nehmen-statt-haut-retten\/","headline":"Hut nehmen statt Haut retten","url":"https:\/\/www.spdkoelnnord.de\/hut-nehmen-statt-haut-retten\/","datePublished":"2024-11-15","dateModified":"2024-11-15","mainEntityOfPage":"https:\/\/www.spdkoelnnord.de\/hut-nehmen-statt-haut-retten\/","author":{"@type":"Person","@id":"https:\/\/www.spdkoelnnord.de\/author\/ott\/#Person","name":"Jochen Ott","url":"https:\/\/www.spdkoelnnord.de\/author\/ott\/","identifier":344,"image":{"@type":"ImageObject","@id":"https:\/\/www.spdkoelnnord.de\/wp-content\/plugins\/wp-user-avatar\/deprecated\/wp-user-avatar\/images\/wpua-96x96.png","url":"https:\/\/www.spdkoelnnord.de\/wp-content\/plugins\/wp-user-avatar\/deprecated\/wp-user-avatar\/images\/wpua-96x96.png","height":96,"width":96}},"publisher":{"@type":"Organization","name":"SPD im K\u00f6lner Norden","logo":{"@type":"ImageObject","@id":"https:\/\/www.spdkoelnnord.de\/wp-content\/uploads\/2019\/10\/cropped-logo_ko\u0308lnspd.jpg","url":"https:\/\/www.spdkoelnnord.de\/wp-content\/uploads\/2019\/10\/cropped-logo_ko\u0308lnspd.jpg","width":null,"height":null}},"image":{"@type":"ImageObject","@id":"https:\/\/www.spdkoelnnord.de\/wp-content\/uploads\/2025\/02\/spd-verschwommen.jpg","url":"https:\/\/www.spdkoelnnord.de\/wp-content\/uploads\/2025\/02\/spd-verschwommen.jpg","height":675,"width":1200},"wordCount":460,"keywords":["Beh\u00f6rde","Benjamin Limbach","Fraktion (Politik)","fraktionsvorsitzender","Jochen Ott","Jutta Limbach","Nadja L\u00fcders","nehmen","Nordrhein-Westfalen","Rechtsprechung","retten","statt"]},{"@type":"BlogPosting","@id":"https:\/\/www.spdkoelnnord.de\/aus-dem-landtag-lebenssituation-von-menschen-mit-behinderung-in-nordrhein-westfalen\/","headline":"Aus dem Landtag: Lebenssituation von Menschen mit Behinderung in Nordrhein-Westfalen","url":"https:\/\/www.spdkoelnnord.de\/aus-dem-landtag-lebenssituation-von-menschen-mit-behinderung-in-nordrhein-westfalen\/","datePublished":"2024-11-15","dateModified":"2024-11-15","mainEntityOfPage":"https:\/\/www.spdkoelnnord.de\/aus-dem-landtag-lebenssituation-von-menschen-mit-behinderung-in-nordrhein-westfalen\/","author":{"@type":"Person","@id":"https:\/\/www.spdkoelnnord.de\/author\/bezirk_mitthelrhein\/#Person","name":"Bezirk Mittelrhein","url":"https:\/\/www.spdkoelnnord.de\/author\/bezirk_mitthelrhein\/","identifier":1226,"description":"Zur rheinischen Region geh\u00f6ren die St\u00e4dte K\u00f6ln, Bonn, Aachen und Leverkusen, die St\u00e4dteRegion Aachen sowie die Kreise D\u00fcren, Euskirchen, Rhein-Sieg, Rhein-Erft, Rhein-Berg, Heinsberg und Oberberg.\r\n\r\nAuf dieser Seite finden Sie Informationen aus der Arbeit des SPD-Bezirks und Informationen zu Ihren Abgeordneten in Bund, Land und Europa.","image":{"@type":"ImageObject","@id":"https:\/\/www.spdkoelnnord.de\/wp-content\/plugins\/wp-user-avatar\/deprecated\/wp-user-avatar\/images\/wpua-96x96.png","url":"https:\/\/www.spdkoelnnord.de\/wp-content\/plugins\/wp-user-avatar\/deprecated\/wp-user-avatar\/images\/wpua-96x96.png","height":96,"width":96}},"publisher":{"@type":"Organization","name":"SPD im K\u00f6lner Norden","logo":{"@type":"ImageObject","@id":"https:\/\/www.spdkoelnnord.de\/wp-content\/uploads\/2019\/10\/cropped-logo_ko\u0308lnspd.jpg","url":"https:\/\/www.spdkoelnnord.de\/wp-content\/uploads\/2019\/10\/cropped-logo_ko\u0308lnspd.jpg","width":null,"height":null}},"image":{"@type":"ImageObject","@id":"https:\/\/www.spdkoelnnord.de\/wp-content\/uploads\/2025\/02\/spd-verschwommen.jpg","url":"https:\/\/www.spdkoelnnord.de\/wp-content\/uploads\/2025\/02\/spd-verschwommen.jpg","height":675,"width":1200},"wordCount":601,"keywords":["arbeitsmarkt","Barrierefreiheit","behinderung","chancengleichheit","diskriminierung","Erster Arbeitsmarkt","Frauenhaus","Gesundheitssystem","Globalisierung","Gro\u00dfe Anfrage","Inklusion (Soziologie)","Inklusive P\u00e4dagogik","Inklusiver Arbeitsmarkt","landtag","lebenssituation","Licht ins Dunkel","menschen","Menschenrechte","Migration","nordrhein","Nordrhein-Westfalen","Partizipation","Politische Partizipation","Ratifikation","Soziale Inklusion","Staatsgewalt","Status quo","\u00dcbereinkommen \u00fcber die Rechte von Menschen mit Behinderungen","Werkstatt f\u00fcr behinderte Menschen","westfalen"]},{"@type":"BlogPosting","@id":"https:\/\/www.spdkoelnnord.de\/aus-dem-landtag-es-wurde-wuest-jetzt-wird-gebuesst-die-sozialkuerzungen-der-landesregierung-sind-nicht-hinnehmbar\/","headline":"Aus dem Landtag: Es wurde W\u00fcst. Jetzt wird geb\u00fc\u00dft! Die Sozialk\u00fcrzungen der Landesregierung sind nicht hinnehmbar!","url":"https:\/\/www.spdkoelnnord.de\/aus-dem-landtag-es-wurde-wuest-jetzt-wird-gebuesst-die-sozialkuerzungen-der-landesregierung-sind-nicht-hinnehmbar\/","datePublished":"2024-11-15","dateModified":"2024-11-15","mainEntityOfPage":"https:\/\/www.spdkoelnnord.de\/aus-dem-landtag-es-wurde-wuest-jetzt-wird-gebuesst-die-sozialkuerzungen-der-landesregierung-sind-nicht-hinnehmbar\/","author":{"@type":"Person","@id":"https:\/\/www.spdkoelnnord.de\/author\/bezirk_mitthelrhein\/#Person","name":"Bezirk Mittelrhein","url":"https:\/\/www.spdkoelnnord.de\/author\/bezirk_mitthelrhein\/","identifier":1226,"description":"Zur rheinischen Region geh\u00f6ren die St\u00e4dte K\u00f6ln, Bonn, Aachen und Leverkusen, die St\u00e4dteRegion Aachen sowie die Kreise D\u00fcren, Euskirchen, Rhein-Sieg, Rhein-Erft, Rhein-Berg, Heinsberg und Oberberg.\r\n\r\nAuf dieser Seite finden Sie Informationen aus der Arbeit des SPD-Bezirks und Informationen zu Ihren Abgeordneten in Bund, Land und Europa.","image":{"@type":"ImageObject","@id":"https:\/\/www.spdkoelnnord.de\/wp-content\/plugins\/wp-user-avatar\/deprecated\/wp-user-avatar\/images\/wpua-96x96.png","url":"https:\/\/www.spdkoelnnord.de\/wp-content\/plugins\/wp-user-avatar\/deprecated\/wp-user-avatar\/images\/wpua-96x96.png","height":96,"width":96}},"publisher":{"@type":"Organization","name":"SPD im K\u00f6lner Norden","logo":{"@type":"ImageObject","@id":"https:\/\/www.spdkoelnnord.de\/wp-content\/uploads\/2019\/10\/cropped-logo_ko\u0308lnspd.jpg","url":"https:\/\/www.spdkoelnnord.de\/wp-content\/uploads\/2019\/10\/cropped-logo_ko\u0308lnspd.jpg","width":null,"height":null}},"image":{"@type":"ImageObject","@id":"https:\/\/www.spdkoelnnord.de\/wp-content\/uploads\/2025\/02\/spd-verschwommen.jpg","url":"https:\/\/www.spdkoelnnord.de\/wp-content\/uploads\/2025\/02\/spd-verschwommen.jpg","height":675,"width":1200},"wordCount":399,"keywords":["armut","dusseldorf","Europ\u00e4ische Union","Hendrik W\u00fcst","hinnehmbar","jetzt","Kahlschlag","landesregierung","Landesregierung (Deutschland)","landtag","ministerprasident","nicht","pravention","Schwarz-gr\u00fcne Koalition","Soziale Gerechtigkeit","sozialkurzungen","Will Schwarz (Architekt)","wurde"]},{"@type":"BlogPosting","@id":"https:\/\/www.spdkoelnnord.de\/aus-dem-landtag-ampel-aus-was-bedeutet-das-fuer-uns-in-nrw\/","headline":"Aus dem Landtag: Ampel-Aus! \u2013 Was bedeutet das f\u00fcr uns in NRW?","url":"https:\/\/www.spdkoelnnord.de\/aus-dem-landtag-ampel-aus-was-bedeutet-das-fuer-uns-in-nrw\/","datePublished":"2024-11-15","dateModified":"2024-11-15","mainEntityOfPage":"https:\/\/www.spdkoelnnord.de\/aus-dem-landtag-ampel-aus-was-bedeutet-das-fuer-uns-in-nrw\/","author":{"@type":"Person","@id":"https:\/\/www.spdkoelnnord.de\/author\/bezirk_mitthelrhein\/#Person","name":"Bezirk Mittelrhein","url":"https:\/\/www.spdkoelnnord.de\/author\/bezirk_mitthelrhein\/","identifier":1226,"description":"Zur rheinischen Region geh\u00f6ren die St\u00e4dte K\u00f6ln, Bonn, Aachen und Leverkusen, die St\u00e4dteRegion Aachen sowie die Kreise D\u00fcren, Euskirchen, Rhein-Sieg, Rhein-Erft, Rhein-Berg, Heinsberg und Oberberg.\r\n\r\nAuf dieser Seite finden Sie Informationen aus der Arbeit des SPD-Bezirks und Informationen zu Ihren Abgeordneten in Bund, Land und Europa.","image":{"@type":"ImageObject","@id":"https:\/\/www.spdkoelnnord.de\/wp-content\/plugins\/wp-user-avatar\/deprecated\/wp-user-avatar\/images\/wpua-96x96.png","url":"https:\/\/www.spdkoelnnord.de\/wp-content\/plugins\/wp-user-avatar\/deprecated\/wp-user-avatar\/images\/wpua-96x96.png","height":96,"width":96}},"publisher":{"@type":"Organization","name":"SPD im K\u00f6lner Norden","logo":{"@type":"ImageObject","@id":"https:\/\/www.spdkoelnnord.de\/wp-content\/uploads\/2019\/10\/cropped-logo_ko\u0308lnspd.jpg","url":"https:\/\/www.spdkoelnnord.de\/wp-content\/uploads\/2019\/10\/cropped-logo_ko\u0308lnspd.jpg","width":null,"height":null}},"image":{"@type":"ImageObject","@id":"https:\/\/www.spdkoelnnord.de\/wp-content\/uploads\/2025\/02\/spd-verschwommen.jpg","url":"https:\/\/www.spdkoelnnord.de\/wp-content\/uploads\/2025\/02\/spd-verschwommen.jpg","height":675,"width":1200},"wordCount":450,"keywords":["ampel","bedeutet","landtag"]},{"@type":"BlogPosting","@id":"https:\/\/www.spdkoelnnord.de\/mein-angebot-steht-zum-wohle-des-landes-zusammenzuarbeiten\/","headline":"&#8220;Mein Angebot steht, zum Wohle des Landes zusammenzuarbeiten&#8221;","url":"https:\/\/www.spdkoelnnord.de\/mein-angebot-steht-zum-wohle-des-landes-zusammenzuarbeiten\/","datePublished":"2024-11-14","dateModified":"2024-11-14","mainEntityOfPage":"https:\/\/www.spdkoelnnord.de\/mein-angebot-steht-zum-wohle-des-landes-zusammenzuarbeiten\/","author":{"@type":"Person","@id":"https:\/\/www.spdkoelnnord.de\/author\/spdbundestagsfraktion\/#Person","name":"Bundestagsfraktion","url":"https:\/\/www.spdkoelnnord.de\/author\/spdbundestagsfraktion\/","identifier":325,"image":{"@type":"ImageObject","@id":"https:\/\/www.spdkoelnnord.de\/wp-content\/plugins\/wp-user-avatar\/deprecated\/wp-user-avatar\/images\/wpua-96x96.png","url":"https:\/\/www.spdkoelnnord.de\/wp-content\/plugins\/wp-user-avatar\/deprecated\/wp-user-avatar\/images\/wpua-96x96.png","height":96,"width":96}},"publisher":{"@type":"Organization","name":"SPD im K\u00f6lner Norden","logo":{"@type":"ImageObject","@id":"https:\/\/www.spdkoelnnord.de\/wp-content\/uploads\/2019\/10\/cropped-logo_ko\u0308lnspd.jpg","url":"https:\/\/www.spdkoelnnord.de\/wp-content\/uploads\/2019\/10\/cropped-logo_ko\u0308lnspd.jpg","width":null,"height":null}},"image":{"@type":"ImageObject","@id":"https:\/\/www.spdkoelnnord.de\/wp-content\/uploads\/2025\/02\/spd-verschwommen.jpg","url":"https:\/\/www.spdkoelnnord.de\/wp-content\/uploads\/2025\/02\/spd-verschwommen.jpg","height":675,"width":1200},"wordCount":633,"keywords":["angebot","Arbeitnehmer","Bundeskanzler (Deutschland)","Bundesregierung (Deutschland)","Bundesverfassungsgericht","Bundeswehr","Burgergemeinde Bern","CDU\/CSU","Deutscher Bundestag","Fraktion (Bundestag)","Friedrich Merz","gesetz","Gesetzliche Rentenversicherung (Deutschland)","Konservatismus","landes","Olaf Scholz","Opposition (Politik)","parlament","Regierungserkl\u00e4rung","Standardrentenniveau","steht","ukraine","Vertrauensfrage","wohle","zusammenzuarbeiten"]},{"@type":"BlogPosting","@id":"https:\/\/www.spdkoelnnord.de\/es-gibt-keine-sozialdemokratischen-mobilfunkmasten-oder-glasfaserkabel\/","headline":"Es gibt keine sozialdemokratischen Mobilfunkmasten oder Glasfaserkabel","url":"https:\/\/www.spdkoelnnord.de\/es-gibt-keine-sozialdemokratischen-mobilfunkmasten-oder-glasfaserkabel\/","datePublished":"2024-11-14","dateModified":"2024-11-14","mainEntityOfPage":"https:\/\/www.spdkoelnnord.de\/es-gibt-keine-sozialdemokratischen-mobilfunkmasten-oder-glasfaserkabel\/","author":{"@type":"Person","@id":"https:\/\/www.spdkoelnnord.de\/author\/spdbundestagsfraktion\/#Person","name":"Bundestagsfraktion","url":"https:\/\/www.spdkoelnnord.de\/author\/spdbundestagsfraktion\/","identifier":325,"image":{"@type":"ImageObject","@id":"https:\/\/www.spdkoelnnord.de\/wp-content\/plugins\/wp-user-avatar\/deprecated\/wp-user-avatar\/images\/wpua-96x96.png","url":"https:\/\/www.spdkoelnnord.de\/wp-content\/plugins\/wp-user-avatar\/deprecated\/wp-user-avatar\/images\/wpua-96x96.png","height":96,"width":96}},"publisher":{"@type":"Organization","name":"SPD im K\u00f6lner Norden","logo":{"@type":"ImageObject","@id":"https:\/\/www.spdkoelnnord.de\/wp-content\/uploads\/2019\/10\/cropped-logo_ko\u0308lnspd.jpg","url":"https:\/\/www.spdkoelnnord.de\/wp-content\/uploads\/2019\/10\/cropped-logo_ko\u0308lnspd.jpg","width":null,"height":null}},"image":{"@type":"ImageObject","@id":"https:\/\/www.spdkoelnnord.de\/wp-content\/uploads\/2025\/02\/spd-verschwommen.jpg","url":"https:\/\/www.spdkoelnnord.de\/wp-content\/uploads\/2025\/02\/spd-verschwommen.jpg","height":675,"width":1200},"wordCount":254,"keywords":["glasfaserkabel","keine","mobilfunkmasten","sozialdemokratischen"]},{"@type":"BlogPosting","@id":"https:\/\/www.spdkoelnnord.de\/zusammenhalt-statt-spaltung\/","headline":"Zusammenhalt statt Spaltung","url":"https:\/\/www.spdkoelnnord.de\/zusammenhalt-statt-spaltung\/","datePublished":"2024-11-13","dateModified":"2024-11-13","mainEntityOfPage":"https:\/\/www.spdkoelnnord.de\/zusammenhalt-statt-spaltung\/","author":{"@type":"Person","@id":"https:\/\/www.spdkoelnnord.de\/author\/spdbundestagsfraktion\/#Person","name":"Bundestagsfraktion","url":"https:\/\/www.spdkoelnnord.de\/author\/spdbundestagsfraktion\/","identifier":325,"image":{"@type":"ImageObject","@id":"https:\/\/www.spdkoelnnord.de\/wp-content\/plugins\/wp-user-avatar\/deprecated\/wp-user-avatar\/images\/wpua-96x96.png","url":"https:\/\/www.spdkoelnnord.de\/wp-content\/plugins\/wp-user-avatar\/deprecated\/wp-user-avatar\/images\/wpua-96x96.png","height":96,"width":96}},"publisher":{"@type":"Organization","name":"SPD im K\u00f6lner Norden","logo":{"@type":"ImageObject","@id":"https:\/\/www.spdkoelnnord.de\/wp-content\/uploads\/2019\/10\/cropped-logo_ko\u0308lnspd.jpg","url":"https:\/\/www.spdkoelnnord.de\/wp-content\/uploads\/2019\/10\/cropped-logo_ko\u0308lnspd.jpg","width":null,"height":null}},"image":{"@type":"ImageObject","@id":"https:\/\/www.spdkoelnnord.de\/wp-content\/uploads\/2025\/02\/spd-verschwommen.jpg","url":"https:\/\/www.spdkoelnnord.de\/wp-content\/uploads\/2025\/02\/spd-verschwommen.jpg","height":675,"width":1200},"wordCount":194,"keywords":["armut","Bundeskanzler (Deutschland)","CDU\/CSU-Fraktion im Deutschen Bundestag","familie","Gesellschaft (Soziologie)","Kalte Progression","Konservatismus","Olaf Scholz","Populismus","spaltung","statt","zusammenhalt"]}]},{"@context":"https:\/\/schema.org","@type":"WebSite","@id":"https:\/\/www.spdkoelnnord.de\/#website","name":"Die SPD im K\u00f6lner Norden","url":"https:\/\/www.spdkoelnnord.de","potentialAction":{"@type":"SearchAction","target":"https:\/\/www.spdkoelnnord.de\/?s={search_term_string}","query-input":"required name=search_term_string"}}]