[{"@context":"https:\/\/schema.org\/","@type":"Blog","@id":"https:\/\/www.spdkoelnnord.de#Blog","headline":"Die SPD im K\u00f6lner Norden","description":"Die SPD im Stadtbezirk K\u00f6ln - Chorweiler","url":"https:\/\/www.spdkoelnnord.de","blogPost":[{"@type":"BlogPosting","@id":"https:\/\/www.spdkoelnnord.de\/nrw-bleib-sozial-kein-platz-fuer-sozialkuerzungen-in-koeln\/","headline":"\u201cNRW bleib sozial! \u2013 Kein Platz f\u00fcr Sozialk\u00fcrzungen in K\u00f6ln\u201d","url":"https:\/\/www.spdkoelnnord.de\/nrw-bleib-sozial-kein-platz-fuer-sozialkuerzungen-in-koeln\/","datePublished":"2024-11-13","dateModified":"2024-11-13","mainEntityOfPage":"https:\/\/www.spdkoelnnord.de\/nrw-bleib-sozial-kein-platz-fuer-sozialkuerzungen-in-koeln\/","author":{"@type":"Person","@id":"https:\/\/www.spdkoelnnord.de\/author\/koelnspd\/#Person","name":"K\u00f6lnSPD","url":"https:\/\/www.spdkoelnnord.de\/author\/koelnspd\/","identifier":11,"description":"SPD-Unterbezirk K\u00f6ln\r\nMagnusstra\u00dfe 18 b\r\n50672 K\u00f6ln\r\nTel: 0221 \/ 92 59 81-0","image":{"@type":"ImageObject","@id":"https:\/\/www.spdkoelnnord.de\/wp-content\/plugins\/wp-user-avatar\/deprecated\/wp-user-avatar\/images\/wpua-96x96.png","url":"https:\/\/www.spdkoelnnord.de\/wp-content\/plugins\/wp-user-avatar\/deprecated\/wp-user-avatar\/images\/wpua-96x96.png","height":96,"width":96}},"publisher":{"@type":"Organization","name":"SPD im K\u00f6lner Norden","logo":{"@type":"ImageObject","@id":"https:\/\/www.spdkoelnnord.de\/wp-content\/uploads\/2019\/10\/cropped-logo_ko\u0308lnspd.jpg","url":"https:\/\/www.spdkoelnnord.de\/wp-content\/uploads\/2019\/10\/cropped-logo_ko\u0308lnspd.jpg","width":null,"height":null}},"image":{"@type":"ImageObject","@id":"https:\/\/www.koelnspd.de\/wp-content\/uploads\/sites\/749\/2024\/11\/csm-2024-11-13-kundgebung-nrw-bleib-sozial-2-54b2ced768.jpg","url":"https:\/\/www.koelnspd.de\/wp-content\/uploads\/sites\/749\/2024\/11\/csm-2024-11-13-kundgebung-nrw-bleib-sozial-2-54b2ced768.jpg","height":327,"width":490},"wordCount":685,"keywords":["bleib","platz","sozial","sozialkurzungen"]},{"@type":"BlogPosting","@id":"https:\/\/www.spdkoelnnord.de\/wir-kaempfen-in-duesseldorf-gemeinsam-gegen-die-schwarz-gruenen-sozialkuerzungen\/","headline":"Wir k\u00e4mpfen in D\u00fcsseldorf gemeinsam gegen die schwarz-gr\u00fcnen Sozialk\u00fcrzungen!","url":"https:\/\/www.spdkoelnnord.de\/wir-kaempfen-in-duesseldorf-gemeinsam-gegen-die-schwarz-gruenen-sozialkuerzungen\/","datePublished":"2024-11-13","dateModified":"2024-11-13","mainEntityOfPage":"https:\/\/www.spdkoelnnord.de\/wir-kaempfen-in-duesseldorf-gemeinsam-gegen-die-schwarz-gruenen-sozialkuerzungen\/","author":{"@type":"Person","@id":"https:\/\/www.spdkoelnnord.de\/author\/ott\/#Person","name":"Jochen Ott","url":"https:\/\/www.spdkoelnnord.de\/author\/ott\/","identifier":344,"image":{"@type":"ImageObject","@id":"https:\/\/www.spdkoelnnord.de\/wp-content\/plugins\/wp-user-avatar\/deprecated\/wp-user-avatar\/images\/wpua-96x96.png","url":"https:\/\/www.spdkoelnnord.de\/wp-content\/plugins\/wp-user-avatar\/deprecated\/wp-user-avatar\/images\/wpua-96x96.png","height":96,"width":96}},"publisher":{"@type":"Organization","name":"SPD im K\u00f6lner Norden","logo":{"@type":"ImageObject","@id":"https:\/\/www.spdkoelnnord.de\/wp-content\/uploads\/2019\/10\/cropped-logo_ko\u0308lnspd.jpg","url":"https:\/\/www.spdkoelnnord.de\/wp-content\/uploads\/2019\/10\/cropped-logo_ko\u0308lnspd.jpg","width":null,"height":null}},"image":{"@type":"ImageObject","@id":"https:\/\/www.spdkoelnnord.de\/wp-content\/uploads\/2025\/02\/spd-verschwommen.jpg","url":"https:\/\/www.spdkoelnnord.de\/wp-content\/uploads\/2025\/02\/spd-verschwommen.jpg","height":675,"width":1200},"wordCount":265,"keywords":["dusseldorf","gegen","gemeinsam","grunen","kampfen","schwarz","sozialkurzungen"]},{"@type":"BlogPosting","@id":"https:\/\/www.spdkoelnnord.de\/hendrik-wuest-muss-unsoziale-kuerzungen-zuruecknehmen-schwarz-gruener-haushalt-bringt-soziales-nrw-zum-einsturz\/","headline":"Hendrik W\u00fcst muss unsoziale K\u00fcrzungen zur\u00fccknehmen \u2013 Schwarz-Gr\u00fcner Haushalt bringt soziales NRW zum Einsturz","url":"https:\/\/www.spdkoelnnord.de\/hendrik-wuest-muss-unsoziale-kuerzungen-zuruecknehmen-schwarz-gruener-haushalt-bringt-soziales-nrw-zum-einsturz\/","datePublished":"2024-11-12","dateModified":"2024-11-12","mainEntityOfPage":"https:\/\/www.spdkoelnnord.de\/hendrik-wuest-muss-unsoziale-kuerzungen-zuruecknehmen-schwarz-gruener-haushalt-bringt-soziales-nrw-zum-einsturz\/","author":{"@type":"Person","@id":"https:\/\/www.spdkoelnnord.de\/author\/ott\/#Person","name":"Jochen Ott","url":"https:\/\/www.spdkoelnnord.de\/author\/ott\/","identifier":344,"image":{"@type":"ImageObject","@id":"https:\/\/www.spdkoelnnord.de\/wp-content\/plugins\/wp-user-avatar\/deprecated\/wp-user-avatar\/images\/wpua-96x96.png","url":"https:\/\/www.spdkoelnnord.de\/wp-content\/plugins\/wp-user-avatar\/deprecated\/wp-user-avatar\/images\/wpua-96x96.png","height":96,"width":96}},"publisher":{"@type":"Organization","name":"SPD im K\u00f6lner Norden","logo":{"@type":"ImageObject","@id":"https:\/\/www.spdkoelnnord.de\/wp-content\/uploads\/2019\/10\/cropped-logo_ko\u0308lnspd.jpg","url":"https:\/\/www.spdkoelnnord.de\/wp-content\/uploads\/2019\/10\/cropped-logo_ko\u0308lnspd.jpg","width":null,"height":null}},"image":{"@type":"ImageObject","@id":"https:\/\/www.spdkoelnnord.de\/wp-content\/uploads\/2025\/02\/spd-verschwommen.jpg","url":"https:\/\/www.spdkoelnnord.de\/wp-content\/uploads\/2025\/02\/spd-verschwommen.jpg","height":675,"width":1200},"wordCount":485,"keywords":["B\u00fcndnis 90\/Die Gr\u00fcnen","Fraktion (Politik)","Freie Wohlfahrtspflege","gruner","haushalt","hendrik","Hendrik W\u00fcst","Jochen Ott","Kindertagesst\u00e4tte","kurzungen","Landesparlament","ministerprasident","Nordrhein-Westfalen","schwarz","Schwarz-gr\u00fcne Koalition","Soziale Gerechtigkeit","unsoziale","Will Schwarz (Architekt)","zurucknehmen"]},{"@type":"BlogPosting","@id":"https:\/\/www.spdkoelnnord.de\/keine-abschaffung-des-zuschusses-zum-jobticket-fuer-beschaeftigte-der-stadt-koeln\/","headline":"Keine Abschaffung des Zuschusses zum Jobticket f\u00fcr Besch\u00e4ftigte der Stadt K\u00f6ln!","url":"https:\/\/www.spdkoelnnord.de\/keine-abschaffung-des-zuschusses-zum-jobticket-fuer-beschaeftigte-der-stadt-koeln\/","datePublished":"2024-11-11","dateModified":"2024-11-11","mainEntityOfPage":"https:\/\/www.spdkoelnnord.de\/keine-abschaffung-des-zuschusses-zum-jobticket-fuer-beschaeftigte-der-stadt-koeln\/","author":{"@type":"Person","@id":"https:\/\/www.spdkoelnnord.de\/author\/koelnspd\/#Person","name":"K\u00f6lnSPD","url":"https:\/\/www.spdkoelnnord.de\/author\/koelnspd\/","identifier":11,"description":"SPD-Unterbezirk K\u00f6ln\r\nMagnusstra\u00dfe 18 b\r\n50672 K\u00f6ln\r\nTel: 0221 \/ 92 59 81-0","image":{"@type":"ImageObject","@id":"https:\/\/www.spdkoelnnord.de\/wp-content\/plugins\/wp-user-avatar\/deprecated\/wp-user-avatar\/images\/wpua-96x96.png","url":"https:\/\/www.spdkoelnnord.de\/wp-content\/plugins\/wp-user-avatar\/deprecated\/wp-user-avatar\/images\/wpua-96x96.png","height":96,"width":96}},"publisher":{"@type":"Organization","name":"SPD im K\u00f6lner Norden","logo":{"@type":"ImageObject","@id":"https:\/\/www.spdkoelnnord.de\/wp-content\/uploads\/2019\/10\/cropped-logo_ko\u0308lnspd.jpg","url":"https:\/\/www.spdkoelnnord.de\/wp-content\/uploads\/2019\/10\/cropped-logo_ko\u0308lnspd.jpg","width":null,"height":null}},"image":{"@type":"ImageObject","@id":"https:\/\/www.spdkoelnnord.de\/wp-content\/uploads\/2025\/02\/spd-verschwommen.jpg","url":"https:\/\/www.spdkoelnnord.de\/wp-content\/uploads\/2025\/02\/spd-verschwommen.jpg","height":675,"width":1200},"wordCount":355,"keywords":["abschaffung","beschaftigte","jobticket","keine","stadt","zuschusses"]},{"@type":"BlogPosting","@id":"https:\/\/www.spdkoelnnord.de\/anlieferung-von-stahlteilen-fuer-leverkusener-bruecke-in-merkenich\/","headline":"Anlieferung von Stahlteilen f\u00fcr Leverkusener Br\u00fccke in Merkenich","url":"https:\/\/www.spdkoelnnord.de\/anlieferung-von-stahlteilen-fuer-leverkusener-bruecke-in-merkenich\/","datePublished":"2024-11-10","dateModified":"2024-11-23","mainEntityOfPage":"https:\/\/www.spdkoelnnord.de\/anlieferung-von-stahlteilen-fuer-leverkusener-bruecke-in-merkenich\/","author":{"@type":"Person","@id":"https:\/\/www.spdkoelnnord.de\/author\/koeln_nord\/#Person","name":"SPD im K\u00f6lner Norden","url":"https:\/\/www.spdkoelnnord.de\/author\/koeln_nord\/","identifier":1221,"image":{"@type":"ImageObject","@id":"https:\/\/www.spdkoelnnord.de\/wp-content\/uploads\/2024\/02\/logo_koelnspd-150x150.png","url":"https:\/\/www.spdkoelnnord.de\/wp-content\/uploads\/2024\/02\/logo_koelnspd-150x150.png","height":96,"width":96}},"publisher":{"@type":"Organization","name":"SPD im K\u00f6lner Norden","logo":{"@type":"ImageObject","@id":"https:\/\/www.spdkoelnnord.de\/wp-content\/uploads\/2019\/10\/cropped-logo_ko\u0308lnspd.jpg","url":"https:\/\/www.spdkoelnnord.de\/wp-content\/uploads\/2019\/10\/cropped-logo_ko\u0308lnspd.jpg","width":null,"height":null}},"image":{"@type":"ImageObject","@id":"https:\/\/www.spdkoelnnord.de\/wp-content\/uploads\/2024\/11\/IMG_9819.jpg","url":"https:\/\/www.spdkoelnnord.de\/wp-content\/uploads\/2024\/11\/IMG_9819.jpg","height":1200,"width":900},"wordCount":318,"keywords":["anlieferung","brucke","leverkusener","merkenich","Rangieren","Schwertransport","S\u00e9lestat","stahlteilen"]},{"@type":"BlogPosting","@id":"https:\/\/www.spdkoelnnord.de\/gemeinsame-erklaerung-der-demokratischen-fraktionen-im-rat-der-stadt-koeln-zum-antisemitischen-farbbeutelanschlag-auf-das-koelner-rathaus\/","headline":"Gemeinsame Erkl\u00e4rung der demokratischen Fraktionen im Rat der Stadt K\u00f6ln zum antisemitischen Farbbeutelanschlag auf das K\u00f6lner Rathaus","url":"https:\/\/www.spdkoelnnord.de\/gemeinsame-erklaerung-der-demokratischen-fraktionen-im-rat-der-stadt-koeln-zum-antisemitischen-farbbeutelanschlag-auf-das-koelner-rathaus\/","datePublished":"2024-11-09","dateModified":"2024-11-10","mainEntityOfPage":"https:\/\/www.spdkoelnnord.de\/gemeinsame-erklaerung-der-demokratischen-fraktionen-im-rat-der-stadt-koeln-zum-antisemitischen-farbbeutelanschlag-auf-das-koelner-rathaus\/","author":{"@type":"Person","@id":"https:\/\/www.spdkoelnnord.de\/author\/koelnspd\/#Person","name":"K\u00f6lnSPD","url":"https:\/\/www.spdkoelnnord.de\/author\/koelnspd\/","identifier":11,"description":"SPD-Unterbezirk K\u00f6ln\r\nMagnusstra\u00dfe 18 b\r\n50672 K\u00f6ln\r\nTel: 0221 \/ 92 59 81-0","image":{"@type":"ImageObject","@id":"https:\/\/www.spdkoelnnord.de\/wp-content\/plugins\/wp-user-avatar\/deprecated\/wp-user-avatar\/images\/wpua-96x96.png","url":"https:\/\/www.spdkoelnnord.de\/wp-content\/plugins\/wp-user-avatar\/deprecated\/wp-user-avatar\/images\/wpua-96x96.png","height":96,"width":96}},"publisher":{"@type":"Organization","name":"SPD im K\u00f6lner Norden","logo":{"@type":"ImageObject","@id":"https:\/\/www.spdkoelnnord.de\/wp-content\/uploads\/2019\/10\/cropped-logo_ko\u0308lnspd.jpg","url":"https:\/\/www.spdkoelnnord.de\/wp-content\/uploads\/2019\/10\/cropped-logo_ko\u0308lnspd.jpg","width":null,"height":null}},"image":{"@type":"ImageObject","@id":"https:\/\/www.spdkoelnnord.de\/wp-content\/uploads\/2025\/02\/spd-verschwommen.jpg","url":"https:\/\/www.spdkoelnnord.de\/wp-content\/uploads\/2025\/02\/spd-verschwommen.jpg","height":675,"width":1200},"wordCount":360,"keywords":["antisemitischen","antisemitismus","Bernd Petelkau","Botschafter","B\u00fcndnis 90\/Die Gr\u00fcnen","demokratie","demokratischen","Die Linke","diskriminierung","erklarung","farbbeutelanschlag","Fraktion (Politik)","fraktionen","frieden","gemeinsame","Gesellschaft (Soziologie)","Judentum","K\u00f6ln","Menschenrechte","Novemberpogrome 1938","Rathaus K\u00f6ln","Religion","Ron Prosor","solidaritat","stadt","toleranz","Volt Deutschland","Weltanschauung","Wertvorstellung"]},{"@type":"BlogPosting","@id":"https:\/\/www.spdkoelnnord.de\/zukunft-des-krebelshofs-einladung-zur-buergerbeteiligung\/","headline":"Zukunft des Krebelshofs: Einladung zur B\u00fcrgerbeteiligung","url":"https:\/\/www.spdkoelnnord.de\/zukunft-des-krebelshofs-einladung-zur-buergerbeteiligung\/","datePublished":"2024-11-08","dateModified":"2024-11-10","mainEntityOfPage":"https:\/\/www.spdkoelnnord.de\/zukunft-des-krebelshofs-einladung-zur-buergerbeteiligung\/","author":{"@type":"Person","@id":"https:\/\/www.spdkoelnnord.de\/author\/koeln_nord\/#Person","name":"SPD im K\u00f6lner Norden","url":"https:\/\/www.spdkoelnnord.de\/author\/koeln_nord\/","identifier":1221,"image":{"@type":"ImageObject","@id":"https:\/\/www.spdkoelnnord.de\/wp-content\/uploads\/2024\/02\/logo_koelnspd-150x150.png","url":"https:\/\/www.spdkoelnnord.de\/wp-content\/uploads\/2024\/02\/logo_koelnspd-150x150.png","height":96,"width":96}},"publisher":{"@type":"Organization","name":"SPD im K\u00f6lner Norden","logo":{"@type":"ImageObject","@id":"https:\/\/www.spdkoelnnord.de\/wp-content\/uploads\/2019\/10\/cropped-logo_ko\u0308lnspd.jpg","url":"https:\/\/www.spdkoelnnord.de\/wp-content\/uploads\/2019\/10\/cropped-logo_ko\u0308lnspd.jpg","width":null,"height":null}},"image":{"@type":"ImageObject","@id":"https:\/\/www.spdkoelnnord.de\/wp-content\/uploads\/2024\/02\/Krebelshof_0421_01g.jpg","url":"https:\/\/www.spdkoelnnord.de\/wp-content\/uploads\/2024\/02\/Krebelshof_0421_01g.jpg","height":567,"width":850},"wordCount":338,"keywords":["B\u00fcrgerbeteiligung","einladung","krebelshofs","zukunft"]}]},{"@context":"https:\/\/schema.org","@type":"WebSite","@id":"https:\/\/www.spdkoelnnord.de\/#website","name":"Die SPD im K\u00f6lner Norden","url":"https:\/\/www.spdkoelnnord.de","potentialAction":{"@type":"SearchAction","target":"https:\/\/www.spdkoelnnord.de\/?s={search_term_string}","query-input":"required name=search_term_string"}}]