[{"@context":"https:\/\/schema.org\/","@type":"Blog","@id":"https:\/\/www.spdkoelnnord.de#Blog","headline":"Die SPD im K\u00f6lner Norden","description":"Die SPD im Stadtbezirk K\u00f6ln - Chorweiler","url":"https:\/\/www.spdkoelnnord.de","blogPost":[{"@type":"BlogPosting","@id":"https:\/\/www.spdkoelnnord.de\/wir-uebernehmen-verantwortung-fuer-deutschland\/","headline":"Wir \u00fcbernehmen Verantwortung f\u00fcr Deutschland","url":"https:\/\/www.spdkoelnnord.de\/wir-uebernehmen-verantwortung-fuer-deutschland\/","datePublished":"2024-11-07","dateModified":"2024-11-07","mainEntityOfPage":"https:\/\/www.spdkoelnnord.de\/wir-uebernehmen-verantwortung-fuer-deutschland\/","author":{"@type":"Person","@id":"https:\/\/www.spdkoelnnord.de\/author\/spdbundestagsfraktion\/#Person","name":"Bundestagsfraktion","url":"https:\/\/www.spdkoelnnord.de\/author\/spdbundestagsfraktion\/","identifier":325,"image":{"@type":"ImageObject","@id":"https:\/\/www.spdkoelnnord.de\/wp-content\/plugins\/wp-user-avatar\/deprecated\/wp-user-avatar\/images\/wpua-96x96.png","url":"https:\/\/www.spdkoelnnord.de\/wp-content\/plugins\/wp-user-avatar\/deprecated\/wp-user-avatar\/images\/wpua-96x96.png","height":96,"width":96}},"publisher":{"@type":"Organization","name":"SPD im K\u00f6lner Norden","logo":{"@type":"ImageObject","@id":"https:\/\/www.spdkoelnnord.de\/wp-content\/uploads\/2019\/10\/cropped-logo_ko\u0308lnspd.jpg","url":"https:\/\/www.spdkoelnnord.de\/wp-content\/uploads\/2019\/10\/cropped-logo_ko\u0308lnspd.jpg","width":null,"height":null}},"image":{"@type":"ImageObject","@id":"https:\/\/www.spd.de\/fileadmin\/Bilder\/Aktuell_SPD_2021\/Hero_1440x617\/Klingbeil_Esken_1440x617.jpg","url":"https:\/\/www.spd.de\/fileadmin\/Bilder\/Aktuell_SPD_2021\/Hero_1440x617\/Klingbeil_Esken_1440x617.jpg","height":617,"width":1440},"wordCount":549,"keywords":["Bundeskanzler (Deutschland)","Bundesministerium der Finanzen","Bundespr\u00e4sident (Deutschland)","Bundesregierung (Deutschland)","B\u00fcndnis 90\/Die Gr\u00fcnen","Burgergemeinde Bern","Christian Lindner","Deutscher Bundestag","deutschland","Donald Trump","Fraktion (Bundestag)","Geschichte Deutschlands","Lars Klingbeil","Namensbeitrag","Olaf Scholz","Saskia Esken","Sozialdemokratie","ubernehmen","ukraine","verantwortung","Wirtschaft Deutschlands"]},{"@type":"BlogPosting","@id":"https:\/\/www.spdkoelnnord.de\/in-fuenf-schritten-zur-smart-city\/","headline":"In f\u00fcnf Schritten zur Smart City","url":"https:\/\/www.spdkoelnnord.de\/in-fuenf-schritten-zur-smart-city\/","datePublished":"2024-11-06","dateModified":"2024-11-06","mainEntityOfPage":"https:\/\/www.spdkoelnnord.de\/in-fuenf-schritten-zur-smart-city\/","author":{"@type":"Person","@id":"https:\/\/www.spdkoelnnord.de\/author\/spdbundestagsfraktion\/#Person","name":"Bundestagsfraktion","url":"https:\/\/www.spdkoelnnord.de\/author\/spdbundestagsfraktion\/","identifier":325,"image":{"@type":"ImageObject","@id":"https:\/\/www.spdkoelnnord.de\/wp-content\/plugins\/wp-user-avatar\/deprecated\/wp-user-avatar\/images\/wpua-96x96.png","url":"https:\/\/www.spdkoelnnord.de\/wp-content\/plugins\/wp-user-avatar\/deprecated\/wp-user-avatar\/images\/wpua-96x96.png","height":96,"width":96}},"publisher":{"@type":"Organization","name":"SPD im K\u00f6lner Norden","logo":{"@type":"ImageObject","@id":"https:\/\/www.spdkoelnnord.de\/wp-content\/uploads\/2019\/10\/cropped-logo_ko\u0308lnspd.jpg","url":"https:\/\/www.spdkoelnnord.de\/wp-content\/uploads\/2019\/10\/cropped-logo_ko\u0308lnspd.jpg","width":null,"height":null}},"image":{"@type":"ImageObject","@id":"https:\/\/www.spdkoelnnord.de\/wp-content\/uploads\/2025\/02\/spd-verschwommen.jpg","url":"https:\/\/www.spdkoelnnord.de\/wp-content\/uploads\/2025\/02\/spd-verschwommen.jpg","height":675,"width":1200},"wordCount":447,"keywords":["Burgergemeinde Bern","Carolin Wagner","digitalisierung","Emily Vontz","K\u00fcnstliche Intelligenz","Legitimit\u00e4t","schritten","smart","Smart City"]},{"@type":"BlogPosting","@id":"https:\/\/www.spdkoelnnord.de\/verliert-der-bahnhof-muelheim-den-anschluss-nach-duesseldorf\/","headline":"Verliert der Bahnhof M\u00fclheim den Anschluss nach D\u00fcsseldorf?","url":"https:\/\/www.spdkoelnnord.de\/verliert-der-bahnhof-muelheim-den-anschluss-nach-duesseldorf\/","datePublished":"2024-11-05","dateModified":"2024-11-05","mainEntityOfPage":"https:\/\/www.spdkoelnnord.de\/verliert-der-bahnhof-muelheim-den-anschluss-nach-duesseldorf\/","author":{"@type":"Person","@id":"https:\/\/www.spdkoelnnord.de\/author\/koelnspd\/#Person","name":"K\u00f6lnSPD","url":"https:\/\/www.spdkoelnnord.de\/author\/koelnspd\/","identifier":11,"description":"SPD-Unterbezirk K\u00f6ln\r\nMagnusstra\u00dfe 18 b\r\n50672 K\u00f6ln\r\nTel: 0221 \/ 92 59 81-0","image":{"@type":"ImageObject","@id":"https:\/\/www.spdkoelnnord.de\/wp-content\/plugins\/wp-user-avatar\/deprecated\/wp-user-avatar\/images\/wpua-96x96.png","url":"https:\/\/www.spdkoelnnord.de\/wp-content\/plugins\/wp-user-avatar\/deprecated\/wp-user-avatar\/images\/wpua-96x96.png","height":96,"width":96}},"publisher":{"@type":"Organization","name":"SPD im K\u00f6lner Norden","logo":{"@type":"ImageObject","@id":"https:\/\/www.spdkoelnnord.de\/wp-content\/uploads\/2019\/10\/cropped-logo_ko\u0308lnspd.jpg","url":"https:\/\/www.spdkoelnnord.de\/wp-content\/uploads\/2019\/10\/cropped-logo_ko\u0308lnspd.jpg","width":null,"height":null}},"image":{"@type":"ImageObject","@id":"https:\/\/www.spdkoelnnord.de\/wp-content\/uploads\/2025\/02\/spd-verschwommen.jpg","url":"https:\/\/www.spdkoelnnord.de\/wp-content\/uploads\/2025\/02\/spd-verschwommen.jpg","height":675,"width":1200},"wordCount":295,"keywords":["anschluss","bahnhof","Bahnhof K\u00f6ln-M\u00fclheim","Carolin Kirsch","Deutsche Bahn","dusseldorf","D\u00fcsseldorf Hauptbahnhof","Flughafen D\u00fcsseldorf","Kleine Anfrage","K\u00f6ln-M\u00fclheim (Stadtbezirk)","mulheim","Pendler","Verkehrswende","verliert","Zweckverband go.Rheinland"]},{"@type":"BlogPosting","@id":"https:\/\/www.spdkoelnnord.de\/jochen-ott-als-fraktionsvorsitzender-bestaetigt\/","headline":"Jochen Ott als Fraktionsvorsitzender best\u00e4tigt","url":"https:\/\/www.spdkoelnnord.de\/jochen-ott-als-fraktionsvorsitzender-bestaetigt\/","datePublished":"2024-11-05","dateModified":"2024-11-05","mainEntityOfPage":"https:\/\/www.spdkoelnnord.de\/jochen-ott-als-fraktionsvorsitzender-bestaetigt\/","author":{"@type":"Person","@id":"https:\/\/www.spdkoelnnord.de\/author\/ott\/#Person","name":"Jochen Ott","url":"https:\/\/www.spdkoelnnord.de\/author\/ott\/","identifier":344,"image":{"@type":"ImageObject","@id":"https:\/\/www.spdkoelnnord.de\/wp-content\/plugins\/wp-user-avatar\/deprecated\/wp-user-avatar\/images\/wpua-96x96.png","url":"https:\/\/www.spdkoelnnord.de\/wp-content\/plugins\/wp-user-avatar\/deprecated\/wp-user-avatar\/images\/wpua-96x96.png","height":96,"width":96}},"publisher":{"@type":"Organization","name":"SPD im K\u00f6lner Norden","logo":{"@type":"ImageObject","@id":"https:\/\/www.spdkoelnnord.de\/wp-content\/uploads\/2019\/10\/cropped-logo_ko\u0308lnspd.jpg","url":"https:\/\/www.spdkoelnnord.de\/wp-content\/uploads\/2019\/10\/cropped-logo_ko\u0308lnspd.jpg","width":null,"height":null}},"image":{"@type":"ImageObject","@id":"https:\/\/www.spdkoelnnord.de\/wp-content\/uploads\/2025\/02\/spd-verschwommen.jpg","url":"https:\/\/www.spdkoelnnord.de\/wp-content\/uploads\/2025\/02\/spd-verschwommen.jpg","height":675,"width":1200},"wordCount":307,"keywords":["bestatigt","fraktionsvorsitzender","jochen"]},{"@type":"BlogPosting","@id":"https:\/\/www.spdkoelnnord.de\/jetzt-reden-zukunft-bewegen\/","headline":"Jetzt reden. Zukunft bewegen.","url":"https:\/\/www.spdkoelnnord.de\/jetzt-reden-zukunft-bewegen\/","datePublished":"2024-11-01","dateModified":"2024-11-01","mainEntityOfPage":"https:\/\/www.spdkoelnnord.de\/jetzt-reden-zukunft-bewegen\/","author":{"@type":"Person","@id":"https:\/\/www.spdkoelnnord.de\/author\/spdbundestagsfraktion\/#Person","name":"Bundestagsfraktion","url":"https:\/\/www.spdkoelnnord.de\/author\/spdbundestagsfraktion\/","identifier":325,"image":{"@type":"ImageObject","@id":"https:\/\/www.spdkoelnnord.de\/wp-content\/plugins\/wp-user-avatar\/deprecated\/wp-user-avatar\/images\/wpua-96x96.png","url":"https:\/\/www.spdkoelnnord.de\/wp-content\/plugins\/wp-user-avatar\/deprecated\/wp-user-avatar\/images\/wpua-96x96.png","height":96,"width":96}},"publisher":{"@type":"Organization","name":"SPD im K\u00f6lner Norden","logo":{"@type":"ImageObject","@id":"https:\/\/www.spdkoelnnord.de\/wp-content\/uploads\/2019\/10\/cropped-logo_ko\u0308lnspd.jpg","url":"https:\/\/www.spdkoelnnord.de\/wp-content\/uploads\/2019\/10\/cropped-logo_ko\u0308lnspd.jpg","width":null,"height":null}},"image":{"@type":"ImageObject","@id":"https:\/\/www.spd.de\/fileadmin\/Bilder\/Aktuell_SPD_2021\/Hero_1440x617\/DC1_LJO_desktop.jpg","url":"https:\/\/www.spd.de\/fileadmin\/Bilder\/Aktuell_SPD_2021\/Hero_1440x617\/DC1_LJO_desktop.jpg","height":617,"width":1440},"wordCount":1137,"keywords":["Akkreditierung (Hochschule)","Ausweis","Barrierefreiheit","bewegen","bildung","Congress Center Hamburg","Essen","familie","Gesellschaft (Soziologie)","Gesetzliche Rentenversicherung (Deutschland)","Hamburg","infrastruktur","jetzt","Kaffee","klimaschutz","Kurf\u00fcrstliches Schloss (Koblenz)","Live-Streaming","Mainz","Personalausweis","Peter Altmeier","Presseakkreditierung","reden","SANAA-Geb\u00e4ude","Schloss Mannheim","wirtschaft","zukunft"]},{"@type":"BlogPosting","@id":"https:\/\/www.spdkoelnnord.de\/dank-an-sabine-leutheusser-schnarrenberger-in-schwierigen-zeiten-wichtige-arbeit-geleistet\/","headline":"Dank an Sabine Leutheusser-Schnarrenberger: In schwierigen Zeiten wichtige Arbeit geleistet","url":"https:\/\/www.spdkoelnnord.de\/dank-an-sabine-leutheusser-schnarrenberger-in-schwierigen-zeiten-wichtige-arbeit-geleistet\/","datePublished":"2024-10-31","dateModified":"2024-10-31","mainEntityOfPage":"https:\/\/www.spdkoelnnord.de\/dank-an-sabine-leutheusser-schnarrenberger-in-schwierigen-zeiten-wichtige-arbeit-geleistet\/","author":{"@type":"Person","@id":"https:\/\/www.spdkoelnnord.de\/author\/ott\/#Person","name":"Jochen Ott","url":"https:\/\/www.spdkoelnnord.de\/author\/ott\/","identifier":344,"image":{"@type":"ImageObject","@id":"https:\/\/www.spdkoelnnord.de\/wp-content\/plugins\/wp-user-avatar\/deprecated\/wp-user-avatar\/images\/wpua-96x96.png","url":"https:\/\/www.spdkoelnnord.de\/wp-content\/plugins\/wp-user-avatar\/deprecated\/wp-user-avatar\/images\/wpua-96x96.png","height":96,"width":96}},"publisher":{"@type":"Organization","name":"SPD im K\u00f6lner Norden","logo":{"@type":"ImageObject","@id":"https:\/\/www.spdkoelnnord.de\/wp-content\/uploads\/2019\/10\/cropped-logo_ko\u0308lnspd.jpg","url":"https:\/\/www.spdkoelnnord.de\/wp-content\/uploads\/2019\/10\/cropped-logo_ko\u0308lnspd.jpg","width":null,"height":null}},"image":{"@type":"ImageObject","@id":"https:\/\/www.spdkoelnnord.de\/wp-content\/uploads\/2025\/02\/spd-verschwommen.jpg","url":"https:\/\/www.spdkoelnnord.de\/wp-content\/uploads\/2025\/02\/spd-verschwommen.jpg","height":675,"width":1200},"wordCount":270,"keywords":["arbeit","leutheusser","sabine","schnarrenberger","schwierigen","wichtige","zeiten"]},{"@type":"BlogPosting","@id":"https:\/\/www.spdkoelnnord.de\/du-bist-leistungstraegerin\/","headline":"Du bist Leistungstr\u00e4ger*in?","url":"https:\/\/www.spdkoelnnord.de\/du-bist-leistungstraegerin\/","datePublished":"2024-10-30","dateModified":"2024-10-30","mainEntityOfPage":"https:\/\/www.spdkoelnnord.de\/du-bist-leistungstraegerin\/","author":{"@type":"Person","@id":"https:\/\/www.spdkoelnnord.de\/author\/spdbundestagsfraktion\/#Person","name":"Bundestagsfraktion","url":"https:\/\/www.spdkoelnnord.de\/author\/spdbundestagsfraktion\/","identifier":325,"image":{"@type":"ImageObject","@id":"https:\/\/www.spdkoelnnord.de\/wp-content\/plugins\/wp-user-avatar\/deprecated\/wp-user-avatar\/images\/wpua-96x96.png","url":"https:\/\/www.spdkoelnnord.de\/wp-content\/plugins\/wp-user-avatar\/deprecated\/wp-user-avatar\/images\/wpua-96x96.png","height":96,"width":96}},"publisher":{"@type":"Organization","name":"SPD im K\u00f6lner Norden","logo":{"@type":"ImageObject","@id":"https:\/\/www.spdkoelnnord.de\/wp-content\/uploads\/2019\/10\/cropped-logo_ko\u0308lnspd.jpg","url":"https:\/\/www.spdkoelnnord.de\/wp-content\/uploads\/2019\/10\/cropped-logo_ko\u0308lnspd.jpg","width":null,"height":null}},"image":{"@type":"ImageObject","@id":"https:\/\/www.spd.de\/fileadmin\/_processed_\/2\/c\/csm_RZ_241028_SPD_Leistungstraeger_Kampagnenmotive_Erzieherin_1400x617_cc935e5656.jpg","url":"https:\/\/www.spd.de\/fileadmin\/_processed_\/2\/c\/csm_RZ_241028_SPD_Leistungstraeger_Kampagnenmotive_Erzieherin_1400x617_cc935e5656.jpg","height":618,"width":1440},"wordCount":252,"keywords":["Einkommen","Geld","gerechtigkeit","leistungstrager","Steuer"]}]},{"@context":"https:\/\/schema.org","@type":"WebSite","@id":"https:\/\/www.spdkoelnnord.de\/#website","name":"Die SPD im K\u00f6lner Norden","url":"https:\/\/www.spdkoelnnord.de","potentialAction":{"@type":"SearchAction","target":"https:\/\/www.spdkoelnnord.de\/?s={search_term_string}","query-input":"required name=search_term_string"}}]