[{"@context":"https:\/\/schema.org\/","@type":"Blog","@id":"https:\/\/www.spdkoelnnord.de#Blog","headline":"Die SPD im K\u00f6lner Norden","description":"Die SPD im Stadtbezirk K\u00f6ln - Chorweiler","url":"https:\/\/www.spdkoelnnord.de","blogPost":[{"@type":"BlogPosting","@id":"https:\/\/www.spdkoelnnord.de\/wir-arbeiten-fuer-deutschlands-zukunft\/","headline":"Wir arbeiten f\u00fcr Deutschlands Zukunft","url":"https:\/\/www.spdkoelnnord.de\/wir-arbeiten-fuer-deutschlands-zukunft\/","datePublished":"2024-10-25","dateModified":"2024-10-25","mainEntityOfPage":"https:\/\/www.spdkoelnnord.de\/wir-arbeiten-fuer-deutschlands-zukunft\/","author":{"@type":"Person","@id":"https:\/\/www.spdkoelnnord.de\/author\/spdbundestagsfraktion\/#Person","name":"Bundestagsfraktion","url":"https:\/\/www.spdkoelnnord.de\/author\/spdbundestagsfraktion\/","identifier":325,"image":{"@type":"ImageObject","@id":"https:\/\/www.spdkoelnnord.de\/wp-content\/plugins\/wp-user-avatar\/deprecated\/wp-user-avatar\/images\/wpua-96x96.png","url":"https:\/\/www.spdkoelnnord.de\/wp-content\/plugins\/wp-user-avatar\/deprecated\/wp-user-avatar\/images\/wpua-96x96.png","height":96,"width":96}},"publisher":{"@type":"Organization","name":"SPD im K\u00f6lner Norden","logo":{"@type":"ImageObject","@id":"https:\/\/www.spdkoelnnord.de\/wp-content\/uploads\/2019\/10\/cropped-logo_ko\u0308lnspd.jpg","url":"https:\/\/www.spdkoelnnord.de\/wp-content\/uploads\/2019\/10\/cropped-logo_ko\u0308lnspd.jpg","width":null,"height":null}},"image":{"@type":"ImageObject","@id":"https:\/\/www.spd.de\/fileadmin\/user_upload\/industriearbeitsplaetze_desktop.png","url":"https:\/\/www.spd.de\/fileadmin\/user_upload\/industriearbeitsplaetze_desktop.png","height":617,"width":1440},"wordCount":743,"keywords":["arbeiten","Arbeitsplatz","Besserverdiener","Bundeskanzler (Deutschland)","Bundesregierung (Deutschland)","Bundestagswahl 2021","Datenschutzerkl\u00e4rung","deutschlands","Drittanbieter","Einkommen","Elektromobilit\u00e4t","Friedrich Merz","Inflation","infrastruktur","Kaufkraft (Konsum)","Kindertagesst\u00e4tte","Metadaten","mindestlohn","\u00d6ffentlichkeit","Olaf Scholz","Personenbezogene Daten","Privatisierung","qualitat","Reallohn","sozialabbau","Unternehmensbesteuerung","Wahl zum 21. Deutschen Bundestag","YouTube","zukunft"]},{"@type":"BlogPosting","@id":"https:\/\/www.spdkoelnnord.de\/sicherheitspaket-der-landesregierung-als-fadenscheiniges-lippenbekenntnis-entlarvt\/","headline":"Sicherheitspaket der Landesregierung als fadenscheiniges Lippenbekenntnis entlarvt","url":"https:\/\/www.spdkoelnnord.de\/sicherheitspaket-der-landesregierung-als-fadenscheiniges-lippenbekenntnis-entlarvt\/","datePublished":"2024-10-20","dateModified":"2024-10-20","mainEntityOfPage":"https:\/\/www.spdkoelnnord.de\/sicherheitspaket-der-landesregierung-als-fadenscheiniges-lippenbekenntnis-entlarvt\/","author":{"@type":"Person","@id":"https:\/\/www.spdkoelnnord.de\/author\/ott\/#Person","name":"Jochen Ott","url":"https:\/\/www.spdkoelnnord.de\/author\/ott\/","identifier":344,"image":{"@type":"ImageObject","@id":"https:\/\/www.spdkoelnnord.de\/wp-content\/plugins\/wp-user-avatar\/deprecated\/wp-user-avatar\/images\/wpua-96x96.png","url":"https:\/\/www.spdkoelnnord.de\/wp-content\/plugins\/wp-user-avatar\/deprecated\/wp-user-avatar\/images\/wpua-96x96.png","height":96,"width":96}},"publisher":{"@type":"Organization","name":"SPD im K\u00f6lner Norden","logo":{"@type":"ImageObject","@id":"https:\/\/www.spdkoelnnord.de\/wp-content\/uploads\/2019\/10\/cropped-logo_ko\u0308lnspd.jpg","url":"https:\/\/www.spdkoelnnord.de\/wp-content\/uploads\/2019\/10\/cropped-logo_ko\u0308lnspd.jpg","width":null,"height":null}},"image":{"@type":"ImageObject","@id":"https:\/\/www.spdkoelnnord.de\/wp-content\/uploads\/2025\/02\/spd-verschwommen.jpg","url":"https:\/\/www.spdkoelnnord.de\/wp-content\/uploads\/2025\/02\/spd-verschwommen.jpg","height":675,"width":1200},"wordCount":305,"keywords":["entlarvt","fadenscheiniges","landesregierung","lippenbekenntnis","sicherheitspaket"]},{"@type":"BlogPosting","@id":"https:\/\/www.spdkoelnnord.de\/abstimmungsverhalten-von-nrw-im-bundesrat-ist-parteipolitisches-spiel-auf-kosten-unserer-sicherheit\/","headline":"Abstimmungsverhalten von NRW im Bundesrat ist parteipolitisches Spiel auf Kosten unserer Sicherheit","url":"https:\/\/www.spdkoelnnord.de\/abstimmungsverhalten-von-nrw-im-bundesrat-ist-parteipolitisches-spiel-auf-kosten-unserer-sicherheit\/","datePublished":"2024-10-18","dateModified":"2024-10-18","mainEntityOfPage":"https:\/\/www.spdkoelnnord.de\/abstimmungsverhalten-von-nrw-im-bundesrat-ist-parteipolitisches-spiel-auf-kosten-unserer-sicherheit\/","author":{"@type":"Person","@id":"https:\/\/www.spdkoelnnord.de\/author\/ott\/#Person","name":"Jochen Ott","url":"https:\/\/www.spdkoelnnord.de\/author\/ott\/","identifier":344,"image":{"@type":"ImageObject","@id":"https:\/\/www.spdkoelnnord.de\/wp-content\/plugins\/wp-user-avatar\/deprecated\/wp-user-avatar\/images\/wpua-96x96.png","url":"https:\/\/www.spdkoelnnord.de\/wp-content\/plugins\/wp-user-avatar\/deprecated\/wp-user-avatar\/images\/wpua-96x96.png","height":96,"width":96}},"publisher":{"@type":"Organization","name":"SPD im K\u00f6lner Norden","logo":{"@type":"ImageObject","@id":"https:\/\/www.spdkoelnnord.de\/wp-content\/uploads\/2019\/10\/cropped-logo_ko\u0308lnspd.jpg","url":"https:\/\/www.spdkoelnnord.de\/wp-content\/uploads\/2019\/10\/cropped-logo_ko\u0308lnspd.jpg","width":null,"height":null}},"image":{"@type":"ImageObject","@id":"https:\/\/www.spdkoelnnord.de\/wp-content\/uploads\/2025\/02\/spd-verschwommen.jpg","url":"https:\/\/www.spdkoelnnord.de\/wp-content\/uploads\/2025\/02\/spd-verschwommen.jpg","height":675,"width":1200},"wordCount":160,"keywords":["abstimmungsverhalten","bundesrat","kosten","parteipolitisches","sicherheit","spiel","unserer"]},{"@type":"BlogPosting","@id":"https:\/\/www.spdkoelnnord.de\/schwangerschaftsabbrueche-gehoeren-nicht-ins-strafgesetzbuch\/","headline":"Schwangerschaftsabbr\u00fcche geh\u00f6ren nicht ins Strafgesetzbuch","url":"https:\/\/www.spdkoelnnord.de\/schwangerschaftsabbrueche-gehoeren-nicht-ins-strafgesetzbuch\/","datePublished":"2024-10-17","dateModified":"2024-10-17","mainEntityOfPage":"https:\/\/www.spdkoelnnord.de\/schwangerschaftsabbrueche-gehoeren-nicht-ins-strafgesetzbuch\/","author":{"@type":"Person","@id":"https:\/\/www.spdkoelnnord.de\/author\/spdbundestagsfraktion\/#Person","name":"Bundestagsfraktion","url":"https:\/\/www.spdkoelnnord.de\/author\/spdbundestagsfraktion\/","identifier":325,"image":{"@type":"ImageObject","@id":"https:\/\/www.spdkoelnnord.de\/wp-content\/plugins\/wp-user-avatar\/deprecated\/wp-user-avatar\/images\/wpua-96x96.png","url":"https:\/\/www.spdkoelnnord.de\/wp-content\/plugins\/wp-user-avatar\/deprecated\/wp-user-avatar\/images\/wpua-96x96.png","height":96,"width":96}},"publisher":{"@type":"Organization","name":"SPD im K\u00f6lner Norden","logo":{"@type":"ImageObject","@id":"https:\/\/www.spdkoelnnord.de\/wp-content\/uploads\/2019\/10\/cropped-logo_ko\u0308lnspd.jpg","url":"https:\/\/www.spdkoelnnord.de\/wp-content\/uploads\/2019\/10\/cropped-logo_ko\u0308lnspd.jpg","width":null,"height":null}},"image":{"@type":"ImageObject","@id":"https:\/\/www.spdkoelnnord.de\/wp-content\/uploads\/2025\/02\/spd-verschwommen.jpg","url":"https:\/\/www.spdkoelnnord.de\/wp-content\/uploads\/2025\/02\/spd-verschwommen.jpg","height":675,"width":1200},"wordCount":234,"keywords":["Autonomie","Bundesregierung (Deutschland)","familie","Fraktion (Bundestag)","gehoren","grundrechte","Leni Breymaier","nicht","Schwangerschaftsabbruch","schwangerschaftsabbruche","Selbstbestimmungsrecht","Sexuelle Selbstbestimmung","Sonja Eichwede","strafgesetzbuch","Strafgesetzbuch (Deutschland)"]},{"@type":"BlogPosting","@id":"https:\/\/www.spdkoelnnord.de\/aus-dem-landtag-einrichtung-eines-parlamentarischen-untersuchungsausschusses-zum-terroranschlag-in-solingen\/","headline":"Aus dem Landtag: Einrichtung eines Parlamentarischen Untersuchungsausschusses zum Terroranschlag in Solingen","url":"https:\/\/www.spdkoelnnord.de\/aus-dem-landtag-einrichtung-eines-parlamentarischen-untersuchungsausschusses-zum-terroranschlag-in-solingen\/","datePublished":"2024-10-10","dateModified":"2024-10-10","mainEntityOfPage":"https:\/\/www.spdkoelnnord.de\/aus-dem-landtag-einrichtung-eines-parlamentarischen-untersuchungsausschusses-zum-terroranschlag-in-solingen\/","author":{"@type":"Person","@id":"https:\/\/www.spdkoelnnord.de\/author\/bezirk_mitthelrhein\/#Person","name":"Bezirk Mittelrhein","url":"https:\/\/www.spdkoelnnord.de\/author\/bezirk_mitthelrhein\/","identifier":1226,"description":"Zur rheinischen Region geh\u00f6ren die St\u00e4dte K\u00f6ln, Bonn, Aachen und Leverkusen, die St\u00e4dteRegion Aachen sowie die Kreise D\u00fcren, Euskirchen, Rhein-Sieg, Rhein-Erft, Rhein-Berg, Heinsberg und Oberberg.\r\n\r\nAuf dieser Seite finden Sie Informationen aus der Arbeit des SPD-Bezirks und Informationen zu Ihren Abgeordneten in Bund, Land und Europa.","image":{"@type":"ImageObject","@id":"https:\/\/www.spdkoelnnord.de\/wp-content\/plugins\/wp-user-avatar\/deprecated\/wp-user-avatar\/images\/wpua-96x96.png","url":"https:\/\/www.spdkoelnnord.de\/wp-content\/plugins\/wp-user-avatar\/deprecated\/wp-user-avatar\/images\/wpua-96x96.png","height":96,"width":96}},"publisher":{"@type":"Organization","name":"SPD im K\u00f6lner Norden","logo":{"@type":"ImageObject","@id":"https:\/\/www.spdkoelnnord.de\/wp-content\/uploads\/2019\/10\/cropped-logo_ko\u0308lnspd.jpg","url":"https:\/\/www.spdkoelnnord.de\/wp-content\/uploads\/2019\/10\/cropped-logo_ko\u0308lnspd.jpg","width":null,"height":null}},"image":{"@type":"ImageObject","@id":"https:\/\/www.spdkoelnnord.de\/wp-content\/uploads\/2025\/02\/spd-verschwommen.jpg","url":"https:\/\/www.spdkoelnnord.de\/wp-content\/uploads\/2025\/02\/spd-verschwommen.jpg","height":675,"width":1200},"wordCount":182,"keywords":["eines","einrichtung","landtag","parlamentarischen","solingen","terroranschlag","untersuchungsausschusses"]},{"@type":"BlogPosting","@id":"https:\/\/www.spdkoelnnord.de\/aus-dem-landtag-erfolg-der-krankenhausplanung-nrw-durch-ausreichende-investitionsmittel-sicherstellen\/","headline":"Aus dem Landtag: Erfolg der Krankenhausplanung NRW durch ausreichende Investitionsmittel sicherstellen","url":"https:\/\/www.spdkoelnnord.de\/aus-dem-landtag-erfolg-der-krankenhausplanung-nrw-durch-ausreichende-investitionsmittel-sicherstellen\/","datePublished":"2024-10-10","dateModified":"2024-10-10","mainEntityOfPage":"https:\/\/www.spdkoelnnord.de\/aus-dem-landtag-erfolg-der-krankenhausplanung-nrw-durch-ausreichende-investitionsmittel-sicherstellen\/","author":{"@type":"Person","@id":"https:\/\/www.spdkoelnnord.de\/author\/bezirk_mitthelrhein\/#Person","name":"Bezirk Mittelrhein","url":"https:\/\/www.spdkoelnnord.de\/author\/bezirk_mitthelrhein\/","identifier":1226,"description":"Zur rheinischen Region geh\u00f6ren die St\u00e4dte K\u00f6ln, Bonn, Aachen und Leverkusen, die St\u00e4dteRegion Aachen sowie die Kreise D\u00fcren, Euskirchen, Rhein-Sieg, Rhein-Erft, Rhein-Berg, Heinsberg und Oberberg.\r\n\r\nAuf dieser Seite finden Sie Informationen aus der Arbeit des SPD-Bezirks und Informationen zu Ihren Abgeordneten in Bund, Land und Europa.","image":{"@type":"ImageObject","@id":"https:\/\/www.spdkoelnnord.de\/wp-content\/plugins\/wp-user-avatar\/deprecated\/wp-user-avatar\/images\/wpua-96x96.png","url":"https:\/\/www.spdkoelnnord.de\/wp-content\/plugins\/wp-user-avatar\/deprecated\/wp-user-avatar\/images\/wpua-96x96.png","height":96,"width":96}},"publisher":{"@type":"Organization","name":"SPD im K\u00f6lner Norden","logo":{"@type":"ImageObject","@id":"https:\/\/www.spdkoelnnord.de\/wp-content\/uploads\/2019\/10\/cropped-logo_ko\u0308lnspd.jpg","url":"https:\/\/www.spdkoelnnord.de\/wp-content\/uploads\/2019\/10\/cropped-logo_ko\u0308lnspd.jpg","width":null,"height":null}},"image":{"@type":"ImageObject","@id":"https:\/\/www.spdkoelnnord.de\/wp-content\/uploads\/2025\/02\/spd-verschwommen.jpg","url":"https:\/\/www.spdkoelnnord.de\/wp-content\/uploads\/2025\/02\/spd-verschwommen.jpg","height":675,"width":1200},"wordCount":248,"keywords":["ausreichende","durch","erfolg","investitionsmittel","krankenhausplanung","landtag","sicherstellen"]},{"@type":"BlogPosting","@id":"https:\/\/www.spdkoelnnord.de\/fuer-mehr-verlaesslichkeit-fuer-familien-in-nrw\/","headline":"F\u00fcr mehr Verl\u00e4sslichkeit f\u00fcr Familien in NRW","url":"https:\/\/www.spdkoelnnord.de\/fuer-mehr-verlaesslichkeit-fuer-familien-in-nrw\/","datePublished":"2024-10-10","dateModified":"2024-10-10","mainEntityOfPage":"https:\/\/www.spdkoelnnord.de\/fuer-mehr-verlaesslichkeit-fuer-familien-in-nrw\/","author":{"@type":"Person","@id":"https:\/\/www.spdkoelnnord.de\/author\/ott\/#Person","name":"Jochen Ott","url":"https:\/\/www.spdkoelnnord.de\/author\/ott\/","identifier":344,"image":{"@type":"ImageObject","@id":"https:\/\/www.spdkoelnnord.de\/wp-content\/plugins\/wp-user-avatar\/deprecated\/wp-user-avatar\/images\/wpua-96x96.png","url":"https:\/\/www.spdkoelnnord.de\/wp-content\/plugins\/wp-user-avatar\/deprecated\/wp-user-avatar\/images\/wpua-96x96.png","height":96,"width":96}},"publisher":{"@type":"Organization","name":"SPD im K\u00f6lner Norden","logo":{"@type":"ImageObject","@id":"https:\/\/www.spdkoelnnord.de\/wp-content\/uploads\/2019\/10\/cropped-logo_ko\u0308lnspd.jpg","url":"https:\/\/www.spdkoelnnord.de\/wp-content\/uploads\/2019\/10\/cropped-logo_ko\u0308lnspd.jpg","width":null,"height":null}},"image":{"@type":"ImageObject","@id":"https:\/\/www.jochen-ott.de\/wp-content\/uploads\/sites\/19\/2022\/11\/logo-spd-startseite.png","url":"https:\/\/www.jochen-ott.de\/wp-content\/uploads\/sites\/19\/2022\/11\/logo-spd-startseite.png","height":500,"width":500},"wordCount":246,"keywords":["familien","verlasslichkeit"]}]},{"@context":"https:\/\/schema.org","@type":"WebSite","@id":"https:\/\/www.spdkoelnnord.de\/#website","name":"Die SPD im K\u00f6lner Norden","url":"https:\/\/www.spdkoelnnord.de","potentialAction":{"@type":"SearchAction","target":"https:\/\/www.spdkoelnnord.de\/?s={search_term_string}","query-input":"required name=search_term_string"}}]