[{"@context":"https:\/\/schema.org\/","@type":"Blog","@id":"https:\/\/www.spdkoelnnord.de#Blog","headline":"Die SPD im K\u00f6lner Norden","description":"Die SPD im Stadtbezirk K\u00f6ln - Chorweiler","url":"https:\/\/www.spdkoelnnord.de","blogPost":[{"@type":"BlogPosting","@id":"https:\/\/www.spdkoelnnord.de\/bund-foerdert-kita-qualitaet-bis-2026-weiter-mit-vier-milliarden-euro\/","headline":"Bund f\u00f6rdert KiTa-Qualit\u00e4t bis 2026 weiter mit vier Milliarden Euro","url":"https:\/\/www.spdkoelnnord.de\/bund-foerdert-kita-qualitaet-bis-2026-weiter-mit-vier-milliarden-euro\/","datePublished":"2024-10-10","dateModified":"2024-10-10","mainEntityOfPage":"https:\/\/www.spdkoelnnord.de\/bund-foerdert-kita-qualitaet-bis-2026-weiter-mit-vier-milliarden-euro\/","author":{"@type":"Person","@id":"https:\/\/www.spdkoelnnord.de\/author\/spdbundestagsfraktion\/#Person","name":"Bundestagsfraktion","url":"https:\/\/www.spdkoelnnord.de\/author\/spdbundestagsfraktion\/","identifier":325,"image":{"@type":"ImageObject","@id":"https:\/\/www.spdkoelnnord.de\/wp-content\/plugins\/wp-user-avatar\/deprecated\/wp-user-avatar\/images\/wpua-96x96.png","url":"https:\/\/www.spdkoelnnord.de\/wp-content\/plugins\/wp-user-avatar\/deprecated\/wp-user-avatar\/images\/wpua-96x96.png","height":96,"width":96}},"publisher":{"@type":"Organization","name":"SPD im K\u00f6lner Norden","logo":{"@type":"ImageObject","@id":"https:\/\/www.spdkoelnnord.de\/wp-content\/uploads\/2019\/10\/cropped-logo_ko\u0308lnspd.jpg","url":"https:\/\/www.spdkoelnnord.de\/wp-content\/uploads\/2019\/10\/cropped-logo_ko\u0308lnspd.jpg","width":null,"height":null}},"image":{"@type":"ImageObject","@id":"https:\/\/www.spdkoelnnord.de\/wp-content\/uploads\/2025\/02\/spd-verschwommen.jpg","url":"https:\/\/www.spdkoelnnord.de\/wp-content\/uploads\/2025\/02\/spd-verschwommen.jpg","height":675,"width":1200},"wordCount":360,"keywords":["chancengerechtigkeit","Deutscher Bundestag","Erik von Malottki","fachkraftemangel","fordert","Haus- und Familienarbeit","Kindertagesbetreuung","Kindertagesst\u00e4tte","Kindheit","Leni Breymaier","milliarden","qualitat","Sprach-Kitas","weiter"]},{"@type":"BlogPosting","@id":"https:\/\/www.spdkoelnnord.de\/kitaschulden-bei-den-kommunen-warum-will-die-landesregierung-den-rechtsstreit\/","headline":"Kitaschulden bei den Kommunen: Warum will die Landesregierung den Rechtsstreit?","url":"https:\/\/www.spdkoelnnord.de\/kitaschulden-bei-den-kommunen-warum-will-die-landesregierung-den-rechtsstreit\/","datePublished":"2024-10-10","dateModified":"2024-10-10","mainEntityOfPage":"https:\/\/www.spdkoelnnord.de\/kitaschulden-bei-den-kommunen-warum-will-die-landesregierung-den-rechtsstreit\/","author":{"@type":"Person","@id":"https:\/\/www.spdkoelnnord.de\/author\/koelnspd\/#Person","name":"K\u00f6lnSPD","url":"https:\/\/www.spdkoelnnord.de\/author\/koelnspd\/","identifier":11,"description":"SPD-Unterbezirk K\u00f6ln\r\nMagnusstra\u00dfe 18 b\r\n50672 K\u00f6ln\r\nTel: 0221 \/ 92 59 81-0","image":{"@type":"ImageObject","@id":"https:\/\/www.spdkoelnnord.de\/wp-content\/plugins\/wp-user-avatar\/deprecated\/wp-user-avatar\/images\/wpua-96x96.png","url":"https:\/\/www.spdkoelnnord.de\/wp-content\/plugins\/wp-user-avatar\/deprecated\/wp-user-avatar\/images\/wpua-96x96.png","height":96,"width":96}},"publisher":{"@type":"Organization","name":"SPD im K\u00f6lner Norden","logo":{"@type":"ImageObject","@id":"https:\/\/www.spdkoelnnord.de\/wp-content\/uploads\/2019\/10\/cropped-logo_ko\u0308lnspd.jpg","url":"https:\/\/www.spdkoelnnord.de\/wp-content\/uploads\/2019\/10\/cropped-logo_ko\u0308lnspd.jpg","width":null,"height":null}},"image":{"@type":"ImageObject","@id":"https:\/\/www.spdkoelnnord.de\/wp-content\/uploads\/2025\/02\/spd-verschwommen.jpg","url":"https:\/\/www.spdkoelnnord.de\/wp-content\/uploads\/2025\/02\/spd-verschwommen.jpg","height":675,"width":1200},"wordCount":351,"keywords":["Josefine Paul","kitaschulden","Kommunaler Spitzenverband","kommunen","landesregierung","Landesregierung Nordrhein-Westfalen","rechtsstreit","verordnung","warum"]},{"@type":"BlogPosting","@id":"https:\/\/www.spdkoelnnord.de\/aus-dem-landtag-gegen-jeden-antisemitismus\/","headline":"Aus dem Landtag: Gegen jeden Antisemitismus!","url":"https:\/\/www.spdkoelnnord.de\/aus-dem-landtag-gegen-jeden-antisemitismus\/","datePublished":"2024-10-10","dateModified":"2024-10-10","mainEntityOfPage":"https:\/\/www.spdkoelnnord.de\/aus-dem-landtag-gegen-jeden-antisemitismus\/","author":{"@type":"Person","@id":"https:\/\/www.spdkoelnnord.de\/author\/bezirk_mitthelrhein\/#Person","name":"Bezirk Mittelrhein","url":"https:\/\/www.spdkoelnnord.de\/author\/bezirk_mitthelrhein\/","identifier":1226,"description":"Zur rheinischen Region geh\u00f6ren die St\u00e4dte K\u00f6ln, Bonn, Aachen und Leverkusen, die St\u00e4dteRegion Aachen sowie die Kreise D\u00fcren, Euskirchen, Rhein-Sieg, Rhein-Erft, Rhein-Berg, Heinsberg und Oberberg.\r\n\r\nAuf dieser Seite finden Sie Informationen aus der Arbeit des SPD-Bezirks und Informationen zu Ihren Abgeordneten in Bund, Land und Europa.","image":{"@type":"ImageObject","@id":"https:\/\/www.spdkoelnnord.de\/wp-content\/plugins\/wp-user-avatar\/deprecated\/wp-user-avatar\/images\/wpua-96x96.png","url":"https:\/\/www.spdkoelnnord.de\/wp-content\/plugins\/wp-user-avatar\/deprecated\/wp-user-avatar\/images\/wpua-96x96.png","height":96,"width":96}},"publisher":{"@type":"Organization","name":"SPD im K\u00f6lner Norden","logo":{"@type":"ImageObject","@id":"https:\/\/www.spdkoelnnord.de\/wp-content\/uploads\/2019\/10\/cropped-logo_ko\u0308lnspd.jpg","url":"https:\/\/www.spdkoelnnord.de\/wp-content\/uploads\/2019\/10\/cropped-logo_ko\u0308lnspd.jpg","width":null,"height":null}},"image":{"@type":"ImageObject","@id":"https:\/\/www.spdkoelnnord.de\/wp-content\/uploads\/2025\/02\/spd-verschwommen.jpg","url":"https:\/\/www.spdkoelnnord.de\/wp-content\/uploads\/2025\/02\/spd-verschwommen.jpg","height":675,"width":1200},"wordCount":416,"keywords":["Anschlag in Halle (Saale) 2019","antisemitismus","demokratie","Existenzrecht Israels","Fraktion (Politik)","Gazastreifen","gegen","Geiselnahme","Geschichte des Antisemitismus bis 1945","hamas","Holocaust","Hunger","israel","jeden","Juden","krieg","landtag","Menschenrechte","Pal\u00e4stinenser","Politisch motivierte Kriminalit\u00e4t","rechtsextremismus","Synonym","Terrorismus","Zweistaatenl\u00f6sung"]},{"@type":"BlogPosting","@id":"https:\/\/www.spdkoelnnord.de\/schwarz-gruene-schuldenpolitik-risiko-statt-verantwortung-kritik-am-nachtragshaushalt-2024\/","headline":"Schwarz-Gr\u00fcne Schuldenpolitik: Risiko statt Verantwortung? Kritik am Nachtragshaushalt 2024","url":"https:\/\/www.spdkoelnnord.de\/schwarz-gruene-schuldenpolitik-risiko-statt-verantwortung-kritik-am-nachtragshaushalt-2024\/","datePublished":"2024-10-10","dateModified":"2024-10-10","mainEntityOfPage":"https:\/\/www.spdkoelnnord.de\/schwarz-gruene-schuldenpolitik-risiko-statt-verantwortung-kritik-am-nachtragshaushalt-2024\/","author":{"@type":"Person","@id":"https:\/\/www.spdkoelnnord.de\/author\/koelnspd\/#Person","name":"K\u00f6lnSPD","url":"https:\/\/www.spdkoelnnord.de\/author\/koelnspd\/","identifier":11,"description":"SPD-Unterbezirk K\u00f6ln\r\nMagnusstra\u00dfe 18 b\r\n50672 K\u00f6ln\r\nTel: 0221 \/ 92 59 81-0","image":{"@type":"ImageObject","@id":"https:\/\/www.spdkoelnnord.de\/wp-content\/plugins\/wp-user-avatar\/deprecated\/wp-user-avatar\/images\/wpua-96x96.png","url":"https:\/\/www.spdkoelnnord.de\/wp-content\/plugins\/wp-user-avatar\/deprecated\/wp-user-avatar\/images\/wpua-96x96.png","height":96,"width":96}},"publisher":{"@type":"Organization","name":"SPD im K\u00f6lner Norden","logo":{"@type":"ImageObject","@id":"https:\/\/www.spdkoelnnord.de\/wp-content\/uploads\/2019\/10\/cropped-logo_ko\u0308lnspd.jpg","url":"https:\/\/www.spdkoelnnord.de\/wp-content\/uploads\/2019\/10\/cropped-logo_ko\u0308lnspd.jpg","width":null,"height":null}},"image":{"@type":"ImageObject","@id":"https:\/\/www.spdkoelnnord.de\/wp-content\/uploads\/2024\/10\/abb0b711-449c-4f65-9074-6017bf0462e4.jpg","url":"https:\/\/www.spdkoelnnord.de\/wp-content\/uploads\/2024\/10\/abb0b711-449c-4f65-9074-6017bf0462e4.jpg","height":683,"width":1024},"wordCount":234,"keywords":["grune","kritik","risiko","schuldenpolitik","schwarz","statt","verantwortung"]},{"@type":"BlogPosting","@id":"https:\/\/www.spdkoelnnord.de\/besuch-im-froebel-kindergarten-in-der-villa-charlier\/","headline":"Besuch im Fr\u00f6bel Kindergarten in der Villa Charlier","url":"https:\/\/www.spdkoelnnord.de\/besuch-im-froebel-kindergarten-in-der-villa-charlier\/","datePublished":"2024-10-10","dateModified":"2024-10-10","mainEntityOfPage":"https:\/\/www.spdkoelnnord.de\/besuch-im-froebel-kindergarten-in-der-villa-charlier\/","author":{"@type":"Person","@id":"https:\/\/www.spdkoelnnord.de\/author\/koelnspd\/#Person","name":"K\u00f6lnSPD","url":"https:\/\/www.spdkoelnnord.de\/author\/koelnspd\/","identifier":11,"description":"SPD-Unterbezirk K\u00f6ln\r\nMagnusstra\u00dfe 18 b\r\n50672 K\u00f6ln\r\nTel: 0221 \/ 92 59 81-0","image":{"@type":"ImageObject","@id":"https:\/\/www.spdkoelnnord.de\/wp-content\/plugins\/wp-user-avatar\/deprecated\/wp-user-avatar\/images\/wpua-96x96.png","url":"https:\/\/www.spdkoelnnord.de\/wp-content\/plugins\/wp-user-avatar\/deprecated\/wp-user-avatar\/images\/wpua-96x96.png","height":96,"width":96}},"publisher":{"@type":"Organization","name":"SPD im K\u00f6lner Norden","logo":{"@type":"ImageObject","@id":"https:\/\/www.spdkoelnnord.de\/wp-content\/uploads\/2019\/10\/cropped-logo_ko\u0308lnspd.jpg","url":"https:\/\/www.spdkoelnnord.de\/wp-content\/uploads\/2019\/10\/cropped-logo_ko\u0308lnspd.jpg","width":null,"height":null}},"image":{"@type":"ImageObject","@id":"https:\/\/www.spdkoelnnord.de\/wp-content\/uploads\/2024\/09\/76333ab1-5e6d-43f4-b5d1-d805acca68c0.jpg","url":"https:\/\/www.spdkoelnnord.de\/wp-content\/uploads\/2024\/09\/76333ab1-5e6d-43f4-b5d1-d805acca68c0.jpg","height":576,"width":1024},"wordCount":323,"keywords":["besuch","charlier","frobel","kindergarten","villa"]},{"@type":"BlogPosting","@id":"https:\/\/www.spdkoelnnord.de\/das-wohngeld-plus-gesetz-wirkt\/","headline":"Das Wohngeld-Plus-Gesetz wirkt","url":"https:\/\/www.spdkoelnnord.de\/das-wohngeld-plus-gesetz-wirkt\/","datePublished":"2024-10-01","dateModified":"2024-10-02","mainEntityOfPage":"https:\/\/www.spdkoelnnord.de\/das-wohngeld-plus-gesetz-wirkt\/","author":{"@type":"Person","@id":"https:\/\/www.spdkoelnnord.de\/author\/spdbundestagsfraktion\/#Person","name":"Bundestagsfraktion","url":"https:\/\/www.spdkoelnnord.de\/author\/spdbundestagsfraktion\/","identifier":325,"image":{"@type":"ImageObject","@id":"https:\/\/www.spdkoelnnord.de\/wp-content\/plugins\/wp-user-avatar\/deprecated\/wp-user-avatar\/images\/wpua-96x96.png","url":"https:\/\/www.spdkoelnnord.de\/wp-content\/plugins\/wp-user-avatar\/deprecated\/wp-user-avatar\/images\/wpua-96x96.png","height":96,"width":96}},"publisher":{"@type":"Organization","name":"SPD im K\u00f6lner Norden","logo":{"@type":"ImageObject","@id":"https:\/\/www.spdkoelnnord.de\/wp-content\/uploads\/2019\/10\/cropped-logo_ko\u0308lnspd.jpg","url":"https:\/\/www.spdkoelnnord.de\/wp-content\/uploads\/2019\/10\/cropped-logo_ko\u0308lnspd.jpg","width":null,"height":null}},"image":{"@type":"ImageObject","@id":"https:\/\/www.spdkoelnnord.de\/wp-content\/uploads\/2024\/09\/df373c0b-0e84-4d63-ad9b-0b2f445e830e-1.jpg","url":"https:\/\/www.spdkoelnnord.de\/wp-content\/uploads\/2024\/09\/df373c0b-0e84-4d63-ad9b-0b2f445e830e-1.jpg","height":460,"width":1023},"wordCount":333,"keywords":["gesetz","wirkt","wohngeld"]},{"@type":"BlogPosting","@id":"https:\/\/www.spdkoelnnord.de\/mehr-bezahlbarer-wohnraum-mehr-klimaschutz\/","headline":"Mehr bezahlbarer Wohnraum, mehr Klimaschutz","url":"https:\/\/www.spdkoelnnord.de\/mehr-bezahlbarer-wohnraum-mehr-klimaschutz\/","datePublished":"2024-09-27","dateModified":"2024-09-30","mainEntityOfPage":"https:\/\/www.spdkoelnnord.de\/mehr-bezahlbarer-wohnraum-mehr-klimaschutz\/","author":{"@type":"Person","@id":"https:\/\/www.spdkoelnnord.de\/author\/spdbundestagsfraktion\/#Person","name":"Bundestagsfraktion","url":"https:\/\/www.spdkoelnnord.de\/author\/spdbundestagsfraktion\/","identifier":325,"image":{"@type":"ImageObject","@id":"https:\/\/www.spdkoelnnord.de\/wp-content\/plugins\/wp-user-avatar\/deprecated\/wp-user-avatar\/images\/wpua-96x96.png","url":"https:\/\/www.spdkoelnnord.de\/wp-content\/plugins\/wp-user-avatar\/deprecated\/wp-user-avatar\/images\/wpua-96x96.png","height":96,"width":96}},"publisher":{"@type":"Organization","name":"SPD im K\u00f6lner Norden","logo":{"@type":"ImageObject","@id":"https:\/\/www.spdkoelnnord.de\/wp-content\/uploads\/2019\/10\/cropped-logo_ko\u0308lnspd.jpg","url":"https:\/\/www.spdkoelnnord.de\/wp-content\/uploads\/2019\/10\/cropped-logo_ko\u0308lnspd.jpg","width":null,"height":null}},"image":{"@type":"ImageObject","@id":"https:\/\/www.spdkoelnnord.de\/wp-content\/uploads\/2024\/09\/df373c0b-0e84-4d63-ad9b-0b2f445e830e-1.jpg","url":"https:\/\/www.spdkoelnnord.de\/wp-content\/uploads\/2024\/09\/df373c0b-0e84-4d63-ad9b-0b2f445e830e-1.jpg","height":460,"width":1023},"wordCount":198,"keywords":["bezahlbarer","klimaschutz","wohnraum"]}]},{"@context":"https:\/\/schema.org","@type":"WebSite","@id":"https:\/\/www.spdkoelnnord.de\/#website","name":"Die SPD im K\u00f6lner Norden","url":"https:\/\/www.spdkoelnnord.de","potentialAction":{"@type":"SearchAction","target":"https:\/\/www.spdkoelnnord.de\/?s={search_term_string}","query-input":"required name=search_term_string"}}]