[{"@context":"https:\/\/schema.org\/","@type":"Blog","@id":"https:\/\/www.spdkoelnnord.de#Blog","headline":"Die SPD im K\u00f6lner Norden","description":"Die SPD im Stadtbezirk K\u00f6ln - Chorweiler","url":"https:\/\/www.spdkoelnnord.de","blogPost":[{"@type":"BlogPosting","@id":"https:\/\/www.spdkoelnnord.de\/wir-fordern-die-fortfuehrung-sozialer-projekte\/","headline":"Wir fordern die Fortf\u00fchrung sozialer Projekte","url":"https:\/\/www.spdkoelnnord.de\/wir-fordern-die-fortfuehrung-sozialer-projekte\/","datePublished":"2024-09-19","dateModified":"2024-09-23","mainEntityOfPage":"https:\/\/www.spdkoelnnord.de\/wir-fordern-die-fortfuehrung-sozialer-projekte\/","author":{"@type":"Person","@id":"https:\/\/www.spdkoelnnord.de\/author\/koelnspd\/#Person","name":"K\u00f6lnSPD","url":"https:\/\/www.spdkoelnnord.de\/author\/koelnspd\/","identifier":11,"description":"SPD-Unterbezirk K\u00f6ln\r\nMagnusstra\u00dfe 18 b\r\n50672 K\u00f6ln\r\nTel: 0221 \/ 92 59 81-0","image":{"@type":"ImageObject","@id":"https:\/\/www.spdkoelnnord.de\/wp-content\/plugins\/wp-user-avatar\/deprecated\/wp-user-avatar\/images\/wpua-96x96.png","url":"https:\/\/www.spdkoelnnord.de\/wp-content\/plugins\/wp-user-avatar\/deprecated\/wp-user-avatar\/images\/wpua-96x96.png","height":96,"width":96}},"publisher":{"@type":"Organization","name":"SPD im K\u00f6lner Norden","logo":{"@type":"ImageObject","@id":"https:\/\/www.spdkoelnnord.de\/wp-content\/uploads\/2019\/10\/cropped-logo_ko\u0308lnspd.jpg","url":"https:\/\/www.spdkoelnnord.de\/wp-content\/uploads\/2019\/10\/cropped-logo_ko\u0308lnspd.jpg","width":null,"height":null}},"image":{"@type":"ImageObject","@id":"https:\/\/www.spdkoelnnord.de\/wp-content\/uploads\/2024\/09\/fortf-hrung-sozialer-projekte-bild-2.png","url":"https:\/\/www.spdkoelnnord.de\/wp-content\/uploads\/2024\/09\/fortf-hrung-sozialer-projekte-bild-2.png","height":1080,"width":1080},"wordCount":288,"keywords":["Anschlussfinanzierung","fordern","fortfuhrung","haushaltsplan","Lena Teschlade","projekte","sozialer","Stadtverwaltung K\u00f6ln","Vorl\u00e4ufige Haushaltsf\u00fchrung"]},{"@type":"BlogPosting","@id":"https:\/\/www.spdkoelnnord.de\/mahnmal-gegen-frauenmorde-in-koeln-gefordert\/","headline":"Mahnmal gegen Frauenmorde in K\u00f6ln gefordert","url":"https:\/\/www.spdkoelnnord.de\/mahnmal-gegen-frauenmorde-in-koeln-gefordert\/","datePublished":"2024-09-18","dateModified":"2024-09-19","mainEntityOfPage":"https:\/\/www.spdkoelnnord.de\/mahnmal-gegen-frauenmorde-in-koeln-gefordert\/","author":{"@type":"Person","@id":"https:\/\/www.spdkoelnnord.de\/author\/koelnspd\/#Person","name":"K\u00f6lnSPD","url":"https:\/\/www.spdkoelnnord.de\/author\/koelnspd\/","identifier":11,"description":"SPD-Unterbezirk K\u00f6ln\r\nMagnusstra\u00dfe 18 b\r\n50672 K\u00f6ln\r\nTel: 0221 \/ 92 59 81-0","image":{"@type":"ImageObject","@id":"https:\/\/www.spdkoelnnord.de\/wp-content\/plugins\/wp-user-avatar\/deprecated\/wp-user-avatar\/images\/wpua-96x96.png","url":"https:\/\/www.spdkoelnnord.de\/wp-content\/plugins\/wp-user-avatar\/deprecated\/wp-user-avatar\/images\/wpua-96x96.png","height":96,"width":96}},"publisher":{"@type":"Organization","name":"SPD im K\u00f6lner Norden","logo":{"@type":"ImageObject","@id":"https:\/\/www.spdkoelnnord.de\/wp-content\/uploads\/2019\/10\/cropped-logo_ko\u0308lnspd.jpg","url":"https:\/\/www.spdkoelnnord.de\/wp-content\/uploads\/2019\/10\/cropped-logo_ko\u0308lnspd.jpg","width":null,"height":null}},"image":{"@type":"ImageObject","@id":"https:\/\/www.koelnspd.de\/wp-content\/uploads\/sites\/749\/2024\/09\/605-0838436-lo.jpg","url":"https:\/\/www.koelnspd.de\/wp-content\/uploads\/sites\/749\/2024\/09\/605-0838436-lo.jpg","height":374,"width":374},"wordCount":257,"keywords":["aufklarung","Bundeskriminalamt (Deutschland)","frauenmorde","gefordert","gegen","K\u00f6ln","mahnmal","Osnabr\u00fcck","Patriarchat (Soziologie)"]},{"@type":"BlogPosting","@id":"https:\/\/www.spdkoelnnord.de\/wir-fordern-eine-exitstrategie-fuer-die-opernbaustelle-stures-weiter-so-darf-es-nicht-geben\/","headline":"Wir fordern eine Exitstrategie f\u00fcr die Opernbaustelle \u2013 \u201eStures Weiter-so darf es nicht geben\u201c","url":"https:\/\/www.spdkoelnnord.de\/wir-fordern-eine-exitstrategie-fuer-die-opernbaustelle-stures-weiter-so-darf-es-nicht-geben\/","datePublished":"2024-09-18","dateModified":"2024-09-18","mainEntityOfPage":"https:\/\/www.spdkoelnnord.de\/wir-fordern-eine-exitstrategie-fuer-die-opernbaustelle-stures-weiter-so-darf-es-nicht-geben\/","author":{"@type":"Person","@id":"https:\/\/www.spdkoelnnord.de\/author\/koelnspd\/#Person","name":"K\u00f6lnSPD","url":"https:\/\/www.spdkoelnnord.de\/author\/koelnspd\/","identifier":11,"description":"SPD-Unterbezirk K\u00f6ln\r\nMagnusstra\u00dfe 18 b\r\n50672 K\u00f6ln\r\nTel: 0221 \/ 92 59 81-0","image":{"@type":"ImageObject","@id":"https:\/\/www.spdkoelnnord.de\/wp-content\/plugins\/wp-user-avatar\/deprecated\/wp-user-avatar\/images\/wpua-96x96.png","url":"https:\/\/www.spdkoelnnord.de\/wp-content\/plugins\/wp-user-avatar\/deprecated\/wp-user-avatar\/images\/wpua-96x96.png","height":96,"width":96}},"publisher":{"@type":"Organization","name":"SPD im K\u00f6lner Norden","logo":{"@type":"ImageObject","@id":"https:\/\/www.spdkoelnnord.de\/wp-content\/uploads\/2019\/10\/cropped-logo_ko\u0308lnspd.jpg","url":"https:\/\/www.spdkoelnnord.de\/wp-content\/uploads\/2019\/10\/cropped-logo_ko\u0308lnspd.jpg","width":null,"height":null}},"image":{"@type":"ImageObject","@id":"https:\/\/www.koelnspd.de\/wp-content\/uploads\/sites\/749\/2024\/09\/oper-bild.png","url":"https:\/\/www.koelnspd.de\/wp-content\/uploads\/sites\/749\/2024\/09\/oper-bild.png","height":1080,"width":1080},"wordCount":551,"keywords":["exitstrategie","fordern","geben","nicht","opernbaustelle","stures","weiter"]},{"@type":"BlogPosting","@id":"https:\/\/www.spdkoelnnord.de\/kinder-und-jugendliche-auf-dem-schirm\/","headline":"Kinder und Jugendliche auf dem Schirm","url":"https:\/\/www.spdkoelnnord.de\/kinder-und-jugendliche-auf-dem-schirm\/","datePublished":"2024-09-18","dateModified":"2024-09-19","mainEntityOfPage":"https:\/\/www.spdkoelnnord.de\/kinder-und-jugendliche-auf-dem-schirm\/","author":{"@type":"Person","@id":"https:\/\/www.spdkoelnnord.de\/author\/spdbundestagsfraktion\/#Person","name":"Bundestagsfraktion","url":"https:\/\/www.spdkoelnnord.de\/author\/spdbundestagsfraktion\/","identifier":325,"image":{"@type":"ImageObject","@id":"https:\/\/www.spdkoelnnord.de\/wp-content\/plugins\/wp-user-avatar\/deprecated\/wp-user-avatar\/images\/wpua-96x96.png","url":"https:\/\/www.spdkoelnnord.de\/wp-content\/plugins\/wp-user-avatar\/deprecated\/wp-user-avatar\/images\/wpua-96x96.png","height":96,"width":96}},"publisher":{"@type":"Organization","name":"SPD im K\u00f6lner Norden","logo":{"@type":"ImageObject","@id":"https:\/\/www.spdkoelnnord.de\/wp-content\/uploads\/2019\/10\/cropped-logo_ko\u0308lnspd.jpg","url":"https:\/\/www.spdkoelnnord.de\/wp-content\/uploads\/2019\/10\/cropped-logo_ko\u0308lnspd.jpg","width":null,"height":null}},"image":{"@type":"ImageObject","@id":"https:\/\/www.spdkoelnnord.de\/wp-content\/uploads\/2024\/09\/76333ab1-5e6d-43f4-b5d1-d805acca68c0.jpg","url":"https:\/\/www.spdkoelnnord.de\/wp-content\/uploads\/2024\/09\/76333ab1-5e6d-43f4-b5d1-d805acca68c0.jpg","height":576,"width":1024},"wordCount":230,"keywords":["jugendliche","kinder","schirm"]},{"@type":"BlogPosting","@id":"https:\/\/www.spdkoelnnord.de\/aus-dem-landtag-verlaessliche-kita-und-ogs-ermoeglichen\/","headline":"Aus dem Landtag: Verl\u00e4ssliche Kita und OGS erm\u00f6glichen!","url":"https:\/\/www.spdkoelnnord.de\/aus-dem-landtag-verlaessliche-kita-und-ogs-ermoeglichen\/","datePublished":"2024-09-12","dateModified":"2024-09-18","mainEntityOfPage":"https:\/\/www.spdkoelnnord.de\/aus-dem-landtag-verlaessliche-kita-und-ogs-ermoeglichen\/","author":{"@type":"Person","@id":"https:\/\/www.spdkoelnnord.de\/author\/bezirk_mitthelrhein\/#Person","name":"Bezirk Mittelrhein","url":"https:\/\/www.spdkoelnnord.de\/author\/bezirk_mitthelrhein\/","identifier":1226,"description":"Zur rheinischen Region geh\u00f6ren die St\u00e4dte K\u00f6ln, Bonn, Aachen und Leverkusen, die St\u00e4dteRegion Aachen sowie die Kreise D\u00fcren, Euskirchen, Rhein-Sieg, Rhein-Erft, Rhein-Berg, Heinsberg und Oberberg.\r\n\r\nAuf dieser Seite finden Sie Informationen aus der Arbeit des SPD-Bezirks und Informationen zu Ihren Abgeordneten in Bund, Land und Europa.","image":{"@type":"ImageObject","@id":"https:\/\/www.spdkoelnnord.de\/wp-content\/plugins\/wp-user-avatar\/deprecated\/wp-user-avatar\/images\/wpua-96x96.png","url":"https:\/\/www.spdkoelnnord.de\/wp-content\/plugins\/wp-user-avatar\/deprecated\/wp-user-avatar\/images\/wpua-96x96.png","height":96,"width":96}},"publisher":{"@type":"Organization","name":"SPD im K\u00f6lner Norden","logo":{"@type":"ImageObject","@id":"https:\/\/www.spdkoelnnord.de\/wp-content\/uploads\/2019\/10\/cropped-logo_ko\u0308lnspd.jpg","url":"https:\/\/www.spdkoelnnord.de\/wp-content\/uploads\/2019\/10\/cropped-logo_ko\u0308lnspd.jpg","width":null,"height":null}},"image":{"@type":"ImageObject","@id":"https:\/\/www.spdkoelnnord.de\/wp-content\/uploads\/2024\/04\/erbpacht-soziokulturelle-traeger-bild-1-1980x1320-1.jpg","url":"https:\/\/www.spdkoelnnord.de\/wp-content\/uploads\/2024\/04\/erbpacht-soziokulturelle-traeger-bild-1-1980x1320-1.jpg","height":800,"width":1200},"wordCount":930,"keywords":["ermoglichen","landtag","verlassliche"]},{"@type":"BlogPosting","@id":"https:\/\/www.spdkoelnnord.de\/aus-dem-landtag-nach-dem-anschlag-in-solingen-was-jetzt\/","headline":"Aus dem Landtag: Nach dem Anschlag in Solingen. Was jetzt?","url":"https:\/\/www.spdkoelnnord.de\/aus-dem-landtag-nach-dem-anschlag-in-solingen-was-jetzt\/","datePublished":"2024-09-12","dateModified":"2024-09-18","mainEntityOfPage":"https:\/\/www.spdkoelnnord.de\/aus-dem-landtag-nach-dem-anschlag-in-solingen-was-jetzt\/","author":{"@type":"Person","@id":"https:\/\/www.spdkoelnnord.de\/author\/bezirk_mitthelrhein\/#Person","name":"Bezirk Mittelrhein","url":"https:\/\/www.spdkoelnnord.de\/author\/bezirk_mitthelrhein\/","identifier":1226,"description":"Zur rheinischen Region geh\u00f6ren die St\u00e4dte K\u00f6ln, Bonn, Aachen und Leverkusen, die St\u00e4dteRegion Aachen sowie die Kreise D\u00fcren, Euskirchen, Rhein-Sieg, Rhein-Erft, Rhein-Berg, Heinsberg und Oberberg.\r\n\r\nAuf dieser Seite finden Sie Informationen aus der Arbeit des SPD-Bezirks und Informationen zu Ihren Abgeordneten in Bund, Land und Europa.","image":{"@type":"ImageObject","@id":"https:\/\/www.spdkoelnnord.de\/wp-content\/plugins\/wp-user-avatar\/deprecated\/wp-user-avatar\/images\/wpua-96x96.png","url":"https:\/\/www.spdkoelnnord.de\/wp-content\/plugins\/wp-user-avatar\/deprecated\/wp-user-avatar\/images\/wpua-96x96.png","height":96,"width":96}},"publisher":{"@type":"Organization","name":"SPD im K\u00f6lner Norden","logo":{"@type":"ImageObject","@id":"https:\/\/www.spdkoelnnord.de\/wp-content\/uploads\/2019\/10\/cropped-logo_ko\u0308lnspd.jpg","url":"https:\/\/www.spdkoelnnord.de\/wp-content\/uploads\/2019\/10\/cropped-logo_ko\u0308lnspd.jpg","width":null,"height":null}},"image":{"@type":"ImageObject","@id":"https:\/\/www.spdkoelnnord.de\/wp-content\/uploads\/2024\/05\/f9c341d4-c6db-493a-acf8-27cf17c1c2e3.jpg","url":"https:\/\/www.spdkoelnnord.de\/wp-content\/uploads\/2024\/05\/f9c341d4-c6db-493a-acf8-27cf17c1c2e3.jpg","height":680,"width":1024},"wordCount":531,"keywords":["anschlag","Asylrecht (Deutschland)","Entschlie\u00dfungsantrag","Friedrich Merz","Islamismus","Islamistischer Terrorismus","jetzt","Jochen Ott","Josefine Paul","krieg","Landesparlament","landtag","ministerprasident","Nordrhein-Westfalen","Populismus","solingen","Untersuchungsausschuss"]},{"@type":"BlogPosting","@id":"https:\/\/www.spdkoelnnord.de\/gleichstellung-oder-augenwischerei-spd-fraktion-fordert-echte-gender-gerechtigkeit-im-landeshaushalt\/","headline":"Gleichstellung oder Augenwischerei? SPD-Fraktion fordert echte Gender-Gerechtigkeit im Landeshaushalt","url":"https:\/\/www.spdkoelnnord.de\/gleichstellung-oder-augenwischerei-spd-fraktion-fordert-echte-gender-gerechtigkeit-im-landeshaushalt\/","datePublished":"2024-09-12","dateModified":"2024-09-12","mainEntityOfPage":"https:\/\/www.spdkoelnnord.de\/gleichstellung-oder-augenwischerei-spd-fraktion-fordert-echte-gender-gerechtigkeit-im-landeshaushalt\/","author":{"@type":"Person","@id":"https:\/\/www.spdkoelnnord.de\/author\/koelnspd\/#Person","name":"K\u00f6lnSPD","url":"https:\/\/www.spdkoelnnord.de\/author\/koelnspd\/","identifier":11,"description":"SPD-Unterbezirk K\u00f6ln\r\nMagnusstra\u00dfe 18 b\r\n50672 K\u00f6ln\r\nTel: 0221 \/ 92 59 81-0","image":{"@type":"ImageObject","@id":"https:\/\/www.spdkoelnnord.de\/wp-content\/plugins\/wp-user-avatar\/deprecated\/wp-user-avatar\/images\/wpua-96x96.png","url":"https:\/\/www.spdkoelnnord.de\/wp-content\/plugins\/wp-user-avatar\/deprecated\/wp-user-avatar\/images\/wpua-96x96.png","height":96,"width":96}},"publisher":{"@type":"Organization","name":"SPD im K\u00f6lner Norden","logo":{"@type":"ImageObject","@id":"https:\/\/www.spdkoelnnord.de\/wp-content\/uploads\/2019\/10\/cropped-logo_ko\u0308lnspd.jpg","url":"https:\/\/www.spdkoelnnord.de\/wp-content\/uploads\/2019\/10\/cropped-logo_ko\u0308lnspd.jpg","width":null,"height":null}},"image":{"@type":"ImageObject","@id":"https:\/\/www.spdkoelnnord.de\/wp-content\/uploads\/2024\/05\/f9c341d4-c6db-493a-acf8-27cf17c1c2e3.jpg","url":"https:\/\/www.spdkoelnnord.de\/wp-content\/uploads\/2024\/05\/f9c341d4-c6db-493a-acf8-27cf17c1c2e3.jpg","height":680,"width":1024},"wordCount":439,"keywords":["augenwischerei","echte","fordert","fraktion","gender","gerechtigkeit","gleichstellung"]}]},{"@context":"https:\/\/schema.org","@type":"WebSite","@id":"https:\/\/www.spdkoelnnord.de\/#website","name":"Die SPD im K\u00f6lner Norden","url":"https:\/\/www.spdkoelnnord.de","potentialAction":{"@type":"SearchAction","target":"https:\/\/www.spdkoelnnord.de\/?s={search_term_string}","query-input":"required name=search_term_string"}}]