[{"@context":"https:\/\/schema.org\/","@type":"Blog","@id":"https:\/\/www.spdkoelnnord.de#Blog","headline":"Die SPD im K\u00f6lner Norden","description":"Die SPD im Stadtbezirk K\u00f6ln - Chorweiler","url":"https:\/\/www.spdkoelnnord.de","blogPost":[{"@type":"BlogPosting","@id":"https:\/\/www.spdkoelnnord.de\/ein-schoener-tag-in-unseren-veedeln\/","headline":"Ein sch\u00f6ner Tag in unseren Veedeln","url":"https:\/\/www.spdkoelnnord.de\/ein-schoener-tag-in-unseren-veedeln\/","datePublished":"2024-09-09","dateModified":"2024-09-11","mainEntityOfPage":"https:\/\/www.spdkoelnnord.de\/ein-schoener-tag-in-unseren-veedeln\/","author":{"@type":"Person","@id":"https:\/\/www.spdkoelnnord.de\/author\/helga_wagner\/#Person","name":"Helga Wagner","url":"https:\/\/www.spdkoelnnord.de\/author\/helga_wagner\/","identifier":363,"image":{"@type":"ImageObject","@id":"https:\/\/www.spdkoelnnord.de\/wp-content\/plugins\/wp-user-avatar\/deprecated\/wp-user-avatar\/images\/wpua-96x96.png","url":"https:\/\/www.spdkoelnnord.de\/wp-content\/plugins\/wp-user-avatar\/deprecated\/wp-user-avatar\/images\/wpua-96x96.png","height":96,"width":96}},"publisher":{"@type":"Organization","name":"SPD im K\u00f6lner Norden","logo":{"@type":"ImageObject","@id":"https:\/\/www.spdkoelnnord.de\/wp-content\/uploads\/2019\/10\/cropped-logo_ko\u0308lnspd.jpg","url":"https:\/\/www.spdkoelnnord.de\/wp-content\/uploads\/2019\/10\/cropped-logo_ko\u0308lnspd.jpg","width":null,"height":null}},"image":{"@type":"ImageObject","@id":"https:\/\/www.spdkoelnnord.de\/wp-content\/uploads\/2024\/09\/WhatsApp-Bild-2024-09-07-um-19.51.08_f86884ad.jpg","url":"https:\/\/www.spdkoelnnord.de\/wp-content\/uploads\/2024\/09\/WhatsApp-Bild-2024-09-07-um-19.51.08_f86884ad.jpg","height":1200,"width":675},"wordCount":243,"keywords":["Freiwillige Feuerwehr","Kaffee","K\u00f6ln","Langel (K\u00f6ln)","merkenich","Rheinkassel","schoner","Sch\u00fctzenbruderschaft","unseren","veedeln"]},{"@type":"BlogPosting","@id":"https:\/\/www.spdkoelnnord.de\/veranstaltungseinladung-hallo-zukunft-schoen-dich-zu-sehen-06-10-2024\/","headline":"Veranstaltungseinladung: Hallo Zukunft, sch\u00f6n dich zu sehen. 06.10.2024","url":"https:\/\/www.spdkoelnnord.de\/veranstaltungseinladung-hallo-zukunft-schoen-dich-zu-sehen-06-10-2024\/","datePublished":"2024-09-09","dateModified":"2024-09-10","mainEntityOfPage":"https:\/\/www.spdkoelnnord.de\/veranstaltungseinladung-hallo-zukunft-schoen-dich-zu-sehen-06-10-2024\/","author":{"@type":"Person","@id":"https:\/\/www.spdkoelnnord.de\/author\/ott\/#Person","name":"Jochen Ott","url":"https:\/\/www.spdkoelnnord.de\/author\/ott\/","identifier":344,"image":{"@type":"ImageObject","@id":"https:\/\/www.spdkoelnnord.de\/wp-content\/plugins\/wp-user-avatar\/deprecated\/wp-user-avatar\/images\/wpua-96x96.png","url":"https:\/\/www.spdkoelnnord.de\/wp-content\/plugins\/wp-user-avatar\/deprecated\/wp-user-avatar\/images\/wpua-96x96.png","height":96,"width":96}},"publisher":{"@type":"Organization","name":"SPD im K\u00f6lner Norden","logo":{"@type":"ImageObject","@id":"https:\/\/www.spdkoelnnord.de\/wp-content\/uploads\/2019\/10\/cropped-logo_ko\u0308lnspd.jpg","url":"https:\/\/www.spdkoelnnord.de\/wp-content\/uploads\/2019\/10\/cropped-logo_ko\u0308lnspd.jpg","width":null,"height":null}},"image":{"@type":"ImageObject","@id":"https:\/\/www.spdkoelnnord.de\/wp-content\/uploads\/2024\/09\/instagram-kachel-hallo-zukunft-1.jpg","url":"https:\/\/www.spdkoelnnord.de\/wp-content\/uploads\/2024\/09\/instagram-kachel-hallo-zukunft-1.jpg","height":1080,"width":1080},"wordCount":93,"keywords":["hallo","schon","sehen","veranstaltungseinladung","zukunft"]},{"@type":"BlogPosting","@id":"https:\/\/www.spdkoelnnord.de\/alle-muessen-in-sicherheit-leben-koennen\/","headline":"Alle m\u00fcssen in Sicherheit leben k\u00f6nnen","url":"https:\/\/www.spdkoelnnord.de\/alle-muessen-in-sicherheit-leben-koennen\/","datePublished":"2024-09-05","dateModified":"2024-09-09","mainEntityOfPage":"https:\/\/www.spdkoelnnord.de\/alle-muessen-in-sicherheit-leben-koennen\/","author":{"@type":"Person","@id":"https:\/\/www.spdkoelnnord.de\/author\/spdbundestagsfraktion\/#Person","name":"Bundestagsfraktion","url":"https:\/\/www.spdkoelnnord.de\/author\/spdbundestagsfraktion\/","identifier":325,"image":{"@type":"ImageObject","@id":"https:\/\/www.spdkoelnnord.de\/wp-content\/plugins\/wp-user-avatar\/deprecated\/wp-user-avatar\/images\/wpua-96x96.png","url":"https:\/\/www.spdkoelnnord.de\/wp-content\/plugins\/wp-user-avatar\/deprecated\/wp-user-avatar\/images\/wpua-96x96.png","height":96,"width":96}},"publisher":{"@type":"Organization","name":"SPD im K\u00f6lner Norden","logo":{"@type":"ImageObject","@id":"https:\/\/www.spdkoelnnord.de\/wp-content\/uploads\/2019\/10\/cropped-logo_ko\u0308lnspd.jpg","url":"https:\/\/www.spdkoelnnord.de\/wp-content\/uploads\/2019\/10\/cropped-logo_ko\u0308lnspd.jpg","width":null,"height":null}},"image":{"@type":"ImageObject","@id":"https:\/\/www.spdkoelnnord.de\/wp-content\/uploads\/2024\/09\/m7a4302.jpg","url":"https:\/\/www.spdkoelnnord.de\/wp-content\/uploads\/2024\/09\/m7a4302.jpg","height":599,"width":1200},"wordCount":716,"keywords":["B\u00e4cker","Beton- und Stahlbetonbauer","B\u00fcrokratie","China","demokratie","Die zw\u00f6lf Monate (1956)","Elektronischer Handel","entscheidung","Gro\u00df Behnitz","Grundgesetz f\u00fcr die Bundesrepublik Deutschland","Handwerk","industrie","infrastruktur","Innere Sicherheit","kindergrundsicherung","Klausur (Pr\u00fcfung)","Klausurtagung","konnen","L\u00e4ndlicher Raum","leben","Logistik","Maler und Lackierer","mussen","Produktion","Raumausstatter","Rolf M\u00fctzenich","Shein","sicherheit","solingen","Temu (Online-Marktplatz)","Terrorismus","Unternehmen","Wirtschaftlichkeit","Zivilgesellschaft"]},{"@type":"BlogPosting","@id":"https:\/\/www.spdkoelnnord.de\/thomas-breustedt-zum-neuen-geschaeftsfuehrer-der-spd-ratsfraktion-koeln-gewaehlt\/","headline":"Thomas Breustedt zum neuen Gesch\u00e4ftsf\u00fchrer der SPD-Ratsfraktion K\u00f6ln gew\u00e4hlt","url":"https:\/\/www.spdkoelnnord.de\/thomas-breustedt-zum-neuen-geschaeftsfuehrer-der-spd-ratsfraktion-koeln-gewaehlt\/","datePublished":"2024-09-05","dateModified":"2024-09-09","mainEntityOfPage":"https:\/\/www.spdkoelnnord.de\/thomas-breustedt-zum-neuen-geschaeftsfuehrer-der-spd-ratsfraktion-koeln-gewaehlt\/","author":{"@type":"Person","@id":"https:\/\/www.spdkoelnnord.de\/author\/koelnspd\/#Person","name":"K\u00f6lnSPD","url":"https:\/\/www.spdkoelnnord.de\/author\/koelnspd\/","identifier":11,"description":"SPD-Unterbezirk K\u00f6ln\r\nMagnusstra\u00dfe 18 b\r\n50672 K\u00f6ln\r\nTel: 0221 \/ 92 59 81-0","image":{"@type":"ImageObject","@id":"https:\/\/www.spdkoelnnord.de\/wp-content\/plugins\/wp-user-avatar\/deprecated\/wp-user-avatar\/images\/wpua-96x96.png","url":"https:\/\/www.spdkoelnnord.de\/wp-content\/plugins\/wp-user-avatar\/deprecated\/wp-user-avatar\/images\/wpua-96x96.png","height":96,"width":96}},"publisher":{"@type":"Organization","name":"SPD im K\u00f6lner Norden","logo":{"@type":"ImageObject","@id":"https:\/\/www.spdkoelnnord.de\/wp-content\/uploads\/2019\/10\/cropped-logo_ko\u0308lnspd.jpg","url":"https:\/\/www.spdkoelnnord.de\/wp-content\/uploads\/2019\/10\/cropped-logo_ko\u0308lnspd.jpg","width":null,"height":null}},"image":{"@type":"ImageObject","@id":"https:\/\/www.spdkoelnnord.de\/wp-content\/uploads\/2024\/09\/tb-cj-e1725608646790-1911x1320-1.jpg","url":"https:\/\/www.spdkoelnnord.de\/wp-content\/uploads\/2024\/09\/tb-cj-e1725608646790-1911x1320-1.jpg","height":829,"width":1200},"wordCount":365,"keywords":["breustedt","geschaftsfuhrer","gewahlt","neuen","ratsfraktion","thomas"]},{"@type":"BlogPosting","@id":"https:\/\/www.spdkoelnnord.de\/schneller-und-besser-bauen\/","headline":"Schneller und besser bauen","url":"https:\/\/www.spdkoelnnord.de\/schneller-und-besser-bauen\/","datePublished":"2024-09-04","dateModified":"2024-09-09","mainEntityOfPage":"https:\/\/www.spdkoelnnord.de\/schneller-und-besser-bauen\/","author":{"@type":"Person","@id":"https:\/\/www.spdkoelnnord.de\/author\/spdbundestagsfraktion\/#Person","name":"Bundestagsfraktion","url":"https:\/\/www.spdkoelnnord.de\/author\/spdbundestagsfraktion\/","identifier":325,"image":{"@type":"ImageObject","@id":"https:\/\/www.spdkoelnnord.de\/wp-content\/plugins\/wp-user-avatar\/deprecated\/wp-user-avatar\/images\/wpua-96x96.png","url":"https:\/\/www.spdkoelnnord.de\/wp-content\/plugins\/wp-user-avatar\/deprecated\/wp-user-avatar\/images\/wpua-96x96.png","height":96,"width":96}},"publisher":{"@type":"Organization","name":"SPD im K\u00f6lner Norden","logo":{"@type":"ImageObject","@id":"https:\/\/www.spdkoelnnord.de\/wp-content\/uploads\/2019\/10\/cropped-logo_ko\u0308lnspd.jpg","url":"https:\/\/www.spdkoelnnord.de\/wp-content\/uploads\/2019\/10\/cropped-logo_ko\u0308lnspd.jpg","width":null,"height":null}},"image":{"@type":"ImageObject","@id":"https:\/\/www.spdkoelnnord.de\/wp-content\/uploads\/2024\/09\/df373c0b-0e84-4d63-ad9b-0b2f445e830e.jpg","url":"https:\/\/www.spdkoelnnord.de\/wp-content\/uploads\/2024\/09\/df373c0b-0e84-4d63-ad9b-0b2f445e830e.jpg","height":460,"width":1023},"wordCount":332,"keywords":["bauen","besser","schneller"]},{"@type":"BlogPosting","@id":"https:\/\/www.spdkoelnnord.de\/schuetzenfest-in-fuehlingen-gelebte-tradition-und-gemeinschaft\/","headline":"Sch\u00fctzenfest in F\u00fchlingen &#8211; gelebte Tradition und Gemeinschaft","url":"https:\/\/www.spdkoelnnord.de\/schuetzenfest-in-fuehlingen-gelebte-tradition-und-gemeinschaft\/","datePublished":"2024-09-03","dateModified":"2024-09-11","mainEntityOfPage":"https:\/\/www.spdkoelnnord.de\/schuetzenfest-in-fuehlingen-gelebte-tradition-und-gemeinschaft\/","author":{"@type":"Person","@id":"https:\/\/www.spdkoelnnord.de\/author\/helga_wagner\/#Person","name":"Helga Wagner","url":"https:\/\/www.spdkoelnnord.de\/author\/helga_wagner\/","identifier":363,"image":{"@type":"ImageObject","@id":"https:\/\/www.spdkoelnnord.de\/wp-content\/plugins\/wp-user-avatar\/deprecated\/wp-user-avatar\/images\/wpua-96x96.png","url":"https:\/\/www.spdkoelnnord.de\/wp-content\/plugins\/wp-user-avatar\/deprecated\/wp-user-avatar\/images\/wpua-96x96.png","height":96,"width":96}},"publisher":{"@type":"Organization","name":"SPD im K\u00f6lner Norden","logo":{"@type":"ImageObject","@id":"https:\/\/www.spdkoelnnord.de\/wp-content\/uploads\/2019\/10\/cropped-logo_ko\u0308lnspd.jpg","url":"https:\/\/www.spdkoelnnord.de\/wp-content\/uploads\/2019\/10\/cropped-logo_ko\u0308lnspd.jpg","width":null,"height":null}},"image":{"@type":"ImageObject","@id":"https:\/\/www.spdkoelnnord.de\/wp-content\/uploads\/2024\/09\/Schuetzen_fuehlingen-8.jpg","url":"https:\/\/www.spdkoelnnord.de\/wp-content\/uploads\/2024\/09\/Schuetzen_fuehlingen-8.jpg","height":1147,"width":1200},"wordCount":157,"keywords":["fuhlingen","gelebte","gemeinschaft","schutzenfest","tradition"]},{"@type":"BlogPosting","@id":"https:\/\/www.spdkoelnnord.de\/landesregierung-plant-massive-kuerzungen-bei-der-sozialen-beratung-von-gefluechteten\/","headline":"Landesregierung plant massive K\u00fcrzungen bei der sozialen Beratung von Gefl\u00fcchteten","url":"https:\/\/www.spdkoelnnord.de\/landesregierung-plant-massive-kuerzungen-bei-der-sozialen-beratung-von-gefluechteten\/","datePublished":"2024-08-28","dateModified":"2024-08-28","mainEntityOfPage":"https:\/\/www.spdkoelnnord.de\/landesregierung-plant-massive-kuerzungen-bei-der-sozialen-beratung-von-gefluechteten\/","author":{"@type":"Person","@id":"https:\/\/www.spdkoelnnord.de\/author\/koelnspd\/#Person","name":"K\u00f6lnSPD","url":"https:\/\/www.spdkoelnnord.de\/author\/koelnspd\/","identifier":11,"description":"SPD-Unterbezirk K\u00f6ln\r\nMagnusstra\u00dfe 18 b\r\n50672 K\u00f6ln\r\nTel: 0221 \/ 92 59 81-0","image":{"@type":"ImageObject","@id":"https:\/\/www.spdkoelnnord.de\/wp-content\/plugins\/wp-user-avatar\/deprecated\/wp-user-avatar\/images\/wpua-96x96.png","url":"https:\/\/www.spdkoelnnord.de\/wp-content\/plugins\/wp-user-avatar\/deprecated\/wp-user-avatar\/images\/wpua-96x96.png","height":96,"width":96}},"publisher":{"@type":"Organization","name":"SPD im K\u00f6lner Norden","logo":{"@type":"ImageObject","@id":"https:\/\/www.spdkoelnnord.de\/wp-content\/uploads\/2019\/10\/cropped-logo_ko\u0308lnspd.jpg","url":"https:\/\/www.spdkoelnnord.de\/wp-content\/uploads\/2019\/10\/cropped-logo_ko\u0308lnspd.jpg","width":null,"height":null}},"image":{"@type":"ImageObject","@id":"https:\/\/www.koelnspd.de\/wp-content\/uploads\/sites\/749\/2024\/08\/fluchtlingsberatung-bild.png","url":"https:\/\/www.koelnspd.de\/wp-content\/uploads\/sites\/749\/2024\/08\/fluchtlingsberatung-bild.png","height":1080,"width":1080},"wordCount":383,"keywords":["beratung","B\u00fcndnis 90\/Die Gr\u00fcnen","Erzbistum K\u00f6ln","Folter","gefluchteten","Kahlschlag","K\u00f6ln","K\u00f6ln Hauptbahnhof","Kreisfreie Stadt","kurzungen","landesregierung","Landesregierung Nordrhein-Westfalen","massive","plant","solingen","sozialen","Terrorismus"]}]},{"@context":"https:\/\/schema.org","@type":"WebSite","@id":"https:\/\/www.spdkoelnnord.de\/#website","name":"Die SPD im K\u00f6lner Norden","url":"https:\/\/www.spdkoelnnord.de","potentialAction":{"@type":"SearchAction","target":"https:\/\/www.spdkoelnnord.de\/?s={search_term_string}","query-input":"required name=search_term_string"}}]