[{"@context":"https:\/\/schema.org\/","@type":"Blog","@id":"https:\/\/www.spdkoelnnord.de#Blog","headline":"Die SPD im K\u00f6lner Norden","description":"Die SPD im Stadtbezirk K\u00f6ln - Chorweiler","url":"https:\/\/www.spdkoelnnord.de","blogPost":[{"@type":"BlogPosting","@id":"https:\/\/www.spdkoelnnord.de\/neuer-vorstand-der-spd-frauen-mr\/","headline":"Neuer Vorstand der SPD FRAUEN MR","url":"https:\/\/www.spdkoelnnord.de\/neuer-vorstand-der-spd-frauen-mr\/","datePublished":"2024-08-27","dateModified":"2024-08-28","mainEntityOfPage":"https:\/\/www.spdkoelnnord.de\/neuer-vorstand-der-spd-frauen-mr\/","author":{"@type":"Person","@id":"https:\/\/www.spdkoelnnord.de\/author\/bezirk_mitthelrhein\/#Person","name":"Bezirk Mittelrhein","url":"https:\/\/www.spdkoelnnord.de\/author\/bezirk_mitthelrhein\/","identifier":1226,"description":"Zur rheinischen Region geh\u00f6ren die St\u00e4dte K\u00f6ln, Bonn, Aachen und Leverkusen, die St\u00e4dteRegion Aachen sowie die Kreise D\u00fcren, Euskirchen, Rhein-Sieg, Rhein-Erft, Rhein-Berg, Heinsberg und Oberberg.\r\n\r\nAuf dieser Seite finden Sie Informationen aus der Arbeit des SPD-Bezirks und Informationen zu Ihren Abgeordneten in Bund, Land und Europa.","image":{"@type":"ImageObject","@id":"https:\/\/www.spdkoelnnord.de\/wp-content\/plugins\/wp-user-avatar\/deprecated\/wp-user-avatar\/images\/wpua-96x96.png","url":"https:\/\/www.spdkoelnnord.de\/wp-content\/plugins\/wp-user-avatar\/deprecated\/wp-user-avatar\/images\/wpua-96x96.png","height":96,"width":96}},"publisher":{"@type":"Organization","name":"SPD im K\u00f6lner Norden","logo":{"@type":"ImageObject","@id":"https:\/\/www.spdkoelnnord.de\/wp-content\/uploads\/2019\/10\/cropped-logo_ko\u0308lnspd.jpg","url":"https:\/\/www.spdkoelnnord.de\/wp-content\/uploads\/2019\/10\/cropped-logo_ko\u0308lnspd.jpg","width":null,"height":null}},"image":{"@type":"ImageObject","@id":"https:\/\/www.spdkoelnnord.de\/wp-content\/uploads\/2024\/08\/asf-mr-2408-2024.jpg","url":"https:\/\/www.spdkoelnnord.de\/wp-content\/uploads\/2024\/08\/asf-mr-2408-2024.jpg","height":198,"width":314},"wordCount":189,"keywords":["Carolin Kirsch","Christiane Schmidt (Fu\u00dfballspielerin)","Christin-Marie Stamm","Claudia Moll","frauen","K\u00f6ln","Mitglied des Deutschen Bundestages","neuer","Sanae Abdi","\u015eilan Ayy\u0131ld\u0131z","vorstand"]},{"@type":"BlogPosting","@id":"https:\/\/www.spdkoelnnord.de\/altschulden-union-muss-ihre-blockade-ueberwinden\/","headline":"Altschulden: Union muss ihre Blockade \u00fcberwinden","url":"https:\/\/www.spdkoelnnord.de\/altschulden-union-muss-ihre-blockade-ueberwinden\/","datePublished":"2024-08-23","dateModified":"2024-08-28","mainEntityOfPage":"https:\/\/www.spdkoelnnord.de\/altschulden-union-muss-ihre-blockade-ueberwinden\/","author":{"@type":"Person","@id":"https:\/\/www.spdkoelnnord.de\/author\/spdbundestagsfraktion\/#Person","name":"Bundestagsfraktion","url":"https:\/\/www.spdkoelnnord.de\/author\/spdbundestagsfraktion\/","identifier":325,"image":{"@type":"ImageObject","@id":"https:\/\/www.spdkoelnnord.de\/wp-content\/plugins\/wp-user-avatar\/deprecated\/wp-user-avatar\/images\/wpua-96x96.png","url":"https:\/\/www.spdkoelnnord.de\/wp-content\/plugins\/wp-user-avatar\/deprecated\/wp-user-avatar\/images\/wpua-96x96.png","height":96,"width":96}},"publisher":{"@type":"Organization","name":"SPD im K\u00f6lner Norden","logo":{"@type":"ImageObject","@id":"https:\/\/www.spdkoelnnord.de\/wp-content\/uploads\/2019\/10\/cropped-logo_ko\u0308lnspd.jpg","url":"https:\/\/www.spdkoelnnord.de\/wp-content\/uploads\/2019\/10\/cropped-logo_ko\u0308lnspd.jpg","width":null,"height":null}},"image":{"@type":"ImageObject","@id":"https:\/\/www.spdkoelnnord.de\/wp-content\/uploads\/2024\/08\/daldrup-bernhard-a2.jpg","url":"https:\/\/www.spdkoelnnord.de\/wp-content\/uploads\/2024\/08\/daldrup-bernhard-a2.jpg","height":600,"width":1200},"wordCount":347,"keywords":["altschulden","blockade","uberwinden","union"]},{"@type":"BlogPosting","@id":"https:\/\/www.spdkoelnnord.de\/koelnspd-unterstuetzt-rolf-muetzenich-uneingeschraenkt\/","headline":"K\u00f6lnSPD unterst\u00fctzt Rolf M\u00fctzenich uneingeschr\u00e4nkt","url":"https:\/\/www.spdkoelnnord.de\/koelnspd-unterstuetzt-rolf-muetzenich-uneingeschraenkt\/","datePublished":"2024-08-17","dateModified":"2024-08-23","mainEntityOfPage":"https:\/\/www.spdkoelnnord.de\/koelnspd-unterstuetzt-rolf-muetzenich-uneingeschraenkt\/","author":{"@type":"Person","@id":"https:\/\/www.spdkoelnnord.de\/author\/koelnspd\/#Person","name":"K\u00f6lnSPD","url":"https:\/\/www.spdkoelnnord.de\/author\/koelnspd\/","identifier":11,"description":"SPD-Unterbezirk K\u00f6ln\r\nMagnusstra\u00dfe 18 b\r\n50672 K\u00f6ln\r\nTel: 0221 \/ 92 59 81-0","image":{"@type":"ImageObject","@id":"https:\/\/www.spdkoelnnord.de\/wp-content\/plugins\/wp-user-avatar\/deprecated\/wp-user-avatar\/images\/wpua-96x96.png","url":"https:\/\/www.spdkoelnnord.de\/wp-content\/plugins\/wp-user-avatar\/deprecated\/wp-user-avatar\/images\/wpua-96x96.png","height":96,"width":96}},"publisher":{"@type":"Organization","name":"SPD im K\u00f6lner Norden","logo":{"@type":"ImageObject","@id":"https:\/\/www.spdkoelnnord.de\/wp-content\/uploads\/2019\/10\/cropped-logo_ko\u0308lnspd.jpg","url":"https:\/\/www.spdkoelnnord.de\/wp-content\/uploads\/2019\/10\/cropped-logo_ko\u0308lnspd.jpg","width":null,"height":null}},"image":{"@type":"ImageObject","@id":"https:\/\/www.spdkoelnnord.de\/wp-content\/uploads\/2024\/06\/img-6276-2-claudiaflorian-1980x1320-1.jpg","url":"https:\/\/www.spdkoelnnord.de\/wp-content\/uploads\/2024\/06\/img-6276-2-claudiaflorian-1980x1320-1.jpg","height":800,"width":1200},"wordCount":241,"keywords":["Fraktion (Bundestag)","K\u00f6ln","kolnspd","Mitglied des Deutschen Bundestages","mutzenich","Rolf M\u00fctzenich","Russischer \u00dcberfall auf die Ukraine seit 2022","Russland","uneingeschrankt","unterstutzt"]},{"@type":"BlogPosting","@id":"https:\/\/www.spdkoelnnord.de\/sommertour-im-wahlkreis-und-den-braunkohlerevieren\/","headline":"Lena Teschlade: Sommertour im Wahlkreis und den Braunkohlerevieren","url":"https:\/\/www.spdkoelnnord.de\/sommertour-im-wahlkreis-und-den-braunkohlerevieren\/","datePublished":"2024-08-15","dateModified":"2024-08-15","mainEntityOfPage":"https:\/\/www.spdkoelnnord.de\/sommertour-im-wahlkreis-und-den-braunkohlerevieren\/","author":{"@type":"Person","@id":"https:\/\/www.spdkoelnnord.de\/author\/helga_wagner\/#Person","name":"Helga Wagner","url":"https:\/\/www.spdkoelnnord.de\/author\/helga_wagner\/","identifier":363,"image":{"@type":"ImageObject","@id":"https:\/\/www.spdkoelnnord.de\/wp-content\/plugins\/wp-user-avatar\/deprecated\/wp-user-avatar\/images\/wpua-96x96.png","url":"https:\/\/www.spdkoelnnord.de\/wp-content\/plugins\/wp-user-avatar\/deprecated\/wp-user-avatar\/images\/wpua-96x96.png","height":96,"width":96}},"publisher":{"@type":"Organization","name":"SPD im K\u00f6lner Norden","logo":{"@type":"ImageObject","@id":"https:\/\/www.spdkoelnnord.de\/wp-content\/uploads\/2019\/10\/cropped-logo_ko\u0308lnspd.jpg","url":"https:\/\/www.spdkoelnnord.de\/wp-content\/uploads\/2019\/10\/cropped-logo_ko\u0308lnspd.jpg","width":null,"height":null}},"image":{"@type":"ImageObject","@id":"https:\/\/www.spdkoelnnord.de\/wp-content\/uploads\/2024\/08\/c5e19c5e-ff9c-49ab-a2f0-58ba09c35f49.jpg","url":"https:\/\/www.spdkoelnnord.de\/wp-content\/uploads\/2024\/08\/c5e19c5e-ff9c-49ab-a2f0-58ba09c35f49.jpg","height":564,"width":1024},"wordCount":333,"keywords":["Bahnhof K\u00f6ln-Chorweiler","Bettina Altesleben","bezirksvertretung","Brandenburg","braunkohlerevieren","chorweiler","Kohle","Lausitz","Lena Teschlade","Niehl (K\u00f6ln)","Nippes (K\u00f6ln)","Rheinisches Braunkohlerevier","Saarland","Sachsen","Seeberg (K\u00f6ln)","sommertour","teschlade","wahlkreis","weidenpesch","Wochenmarkt"]},{"@type":"BlogPosting","@id":"https:\/\/www.spdkoelnnord.de\/buergerbeteiligung-gestaltet-den-neuen-bewegungsparcours-in-chorweiler-mit\/","headline":"B\u00fcrgerbeteiligung: Gestaltet den neuen Bewegungsparcours in Chorweiler mit!","url":"https:\/\/www.spdkoelnnord.de\/buergerbeteiligung-gestaltet-den-neuen-bewegungsparcours-in-chorweiler-mit\/","datePublished":"2024-08-15","dateModified":"2024-08-15","mainEntityOfPage":"https:\/\/www.spdkoelnnord.de\/buergerbeteiligung-gestaltet-den-neuen-bewegungsparcours-in-chorweiler-mit\/","author":{"@type":"Person","@id":"https:\/\/www.spdkoelnnord.de\/author\/helga_wagner\/#Person","name":"Helga Wagner","url":"https:\/\/www.spdkoelnnord.de\/author\/helga_wagner\/","identifier":363,"image":{"@type":"ImageObject","@id":"https:\/\/www.spdkoelnnord.de\/wp-content\/plugins\/wp-user-avatar\/deprecated\/wp-user-avatar\/images\/wpua-96x96.png","url":"https:\/\/www.spdkoelnnord.de\/wp-content\/plugins\/wp-user-avatar\/deprecated\/wp-user-avatar\/images\/wpua-96x96.png","height":96,"width":96}},"publisher":{"@type":"Organization","name":"SPD im K\u00f6lner Norden","logo":{"@type":"ImageObject","@id":"https:\/\/www.spdkoelnnord.de\/wp-content\/uploads\/2019\/10\/cropped-logo_ko\u0308lnspd.jpg","url":"https:\/\/www.spdkoelnnord.de\/wp-content\/uploads\/2019\/10\/cropped-logo_ko\u0308lnspd.jpg","width":null,"height":null}},"image":{"@type":"ImageObject","@id":"https:\/\/www.spdkoelnnord.de\/wp-content\/uploads\/2024\/02\/IMG_20230805_123138.jpg","url":"https:\/\/www.spdkoelnnord.de\/wp-content\/uploads\/2024\/02\/IMG_20230805_123138.jpg","height":1200,"width":900},"wordCount":240,"keywords":["bewegungsparcours","bezirksvertretung","Blumenberg (K\u00f6ln)","B\u00fcrgerbeteiligung","Burgergemeinde Bern","chorweiler","Entwurfsplanung","Esch\/Auweiler","F\u00fchlinger See","gestaltet","K\u00f6ln-Chorweiler (Stadtbezirk)","Langel (K\u00f6ln)","Lindweiler (K\u00f6ln)","merkenich","neuen"]},{"@type":"BlogPosting","@id":"https:\/\/www.spdkoelnnord.de\/feierliche-einweihung-der-neuen-faehre-hitdorf-langel\/","headline":"Feierliche Einweihung der neuen F\u00e4hre Hitdorf\/Langel!","url":"https:\/\/www.spdkoelnnord.de\/feierliche-einweihung-der-neuen-faehre-hitdorf-langel\/","datePublished":"2024-07-29","dateModified":"2024-07-29","mainEntityOfPage":"https:\/\/www.spdkoelnnord.de\/feierliche-einweihung-der-neuen-faehre-hitdorf-langel\/","author":{"@type":"Person","@id":"https:\/\/www.spdkoelnnord.de\/author\/helga_wagner\/#Person","name":"Helga Wagner","url":"https:\/\/www.spdkoelnnord.de\/author\/helga_wagner\/","identifier":363,"image":{"@type":"ImageObject","@id":"https:\/\/www.spdkoelnnord.de\/wp-content\/plugins\/wp-user-avatar\/deprecated\/wp-user-avatar\/images\/wpua-96x96.png","url":"https:\/\/www.spdkoelnnord.de\/wp-content\/plugins\/wp-user-avatar\/deprecated\/wp-user-avatar\/images\/wpua-96x96.png","height":96,"width":96}},"publisher":{"@type":"Organization","name":"SPD im K\u00f6lner Norden","logo":{"@type":"ImageObject","@id":"https:\/\/www.spdkoelnnord.de\/wp-content\/uploads\/2019\/10\/cropped-logo_ko\u0308lnspd.jpg","url":"https:\/\/www.spdkoelnnord.de\/wp-content\/uploads\/2019\/10\/cropped-logo_ko\u0308lnspd.jpg","width":null,"height":null}},"image":{"@type":"ImageObject","@id":"https:\/\/www.spdkoelnnord.de\/wp-content\/uploads\/2024\/07\/Faehre-12.jpg","url":"https:\/\/www.spdkoelnnord.de\/wp-content\/uploads\/2024\/07\/Faehre-12.jpg","height":900,"width":1200},"wordCount":159,"keywords":["B\u00fcrgerverein Hitdorf","B\u00fcrgerverein Langel","B\u00fcrgerverein Merkenich","Erzengel Michael","fahre","F\u00e4hreHitdorfLangel","Funktechnik","Hitdorf","Kiel","Langel (K\u00f6ln-Merkenich)","Lena Teschlade","leverkusen","Lohnunternehmen Markus Wipperf\u00fchrt","SPDBV6","SPDRatsfraktion","StMichael"]},{"@type":"BlogPosting","@id":"https:\/\/www.spdkoelnnord.de\/wiederaufnahme-des-faehrbetriebs\/","headline":"Wiederaufnahme des F\u00e4hrbetriebs","url":"https:\/\/www.spdkoelnnord.de\/wiederaufnahme-des-faehrbetriebs\/","datePublished":"2024-07-28","dateModified":"2024-07-28","mainEntityOfPage":"https:\/\/www.spdkoelnnord.de\/wiederaufnahme-des-faehrbetriebs\/","author":{"@type":"Person","@id":"https:\/\/www.spdkoelnnord.de\/author\/helga_wagner\/#Person","name":"Helga Wagner","url":"https:\/\/www.spdkoelnnord.de\/author\/helga_wagner\/","identifier":363,"image":{"@type":"ImageObject","@id":"https:\/\/www.spdkoelnnord.de\/wp-content\/plugins\/wp-user-avatar\/deprecated\/wp-user-avatar\/images\/wpua-96x96.png","url":"https:\/\/www.spdkoelnnord.de\/wp-content\/plugins\/wp-user-avatar\/deprecated\/wp-user-avatar\/images\/wpua-96x96.png","height":96,"width":96}},"publisher":{"@type":"Organization","name":"SPD im K\u00f6lner Norden","logo":{"@type":"ImageObject","@id":"https:\/\/www.spdkoelnnord.de\/wp-content\/uploads\/2019\/10\/cropped-logo_ko\u0308lnspd.jpg","url":"https:\/\/www.spdkoelnnord.de\/wp-content\/uploads\/2019\/10\/cropped-logo_ko\u0308lnspd.jpg","width":null,"height":null}},"image":{"@type":"ImageObject","@id":"https:\/\/www.spdkoelnnord.de\/wp-content\/uploads\/2024\/07\/WhatsApp-Bild-2024-07-28-um-18.28.47_3fe3daaa.jpg","url":"https:\/\/www.spdkoelnnord.de\/wp-content\/uploads\/2024\/07\/WhatsApp-Bild-2024-07-28-um-18.28.47_3fe3daaa.jpg","height":900,"width":1200},"wordCount":140,"keywords":["fahrbetriebs","wiederaufnahme"]}]},{"@context":"https:\/\/schema.org","@type":"WebSite","@id":"https:\/\/www.spdkoelnnord.de\/#website","name":"Die SPD im K\u00f6lner Norden","url":"https:\/\/www.spdkoelnnord.de","potentialAction":{"@type":"SearchAction","target":"https:\/\/www.spdkoelnnord.de\/?s={search_term_string}","query-input":"required name=search_term_string"}}]