[{"@context":"https:\/\/schema.org\/","@type":"Blog","@id":"https:\/\/www.spdkoelnnord.de#Blog","headline":"Die SPD im K\u00f6lner Norden","description":"Die SPD im Stadtbezirk K\u00f6ln - Chorweiler","url":"https:\/\/www.spdkoelnnord.de","blogPost":[{"@type":"BlogPosting","@id":"https:\/\/www.spdkoelnnord.de\/ein-richtiger-impuls-zur-richtigen-zeit\/","headline":"Ein richtiger Impuls zur richtigen Zeit","url":"https:\/\/www.spdkoelnnord.de\/ein-richtiger-impuls-zur-richtigen-zeit\/","datePublished":"2024-07-24","dateModified":"2024-07-24","mainEntityOfPage":"https:\/\/www.spdkoelnnord.de\/ein-richtiger-impuls-zur-richtigen-zeit\/","author":{"@type":"Person","@id":"https:\/\/www.spdkoelnnord.de\/author\/spdbundestagsfraktion\/#Person","name":"Bundestagsfraktion","url":"https:\/\/www.spdkoelnnord.de\/author\/spdbundestagsfraktion\/","identifier":325,"image":{"@type":"ImageObject","@id":"https:\/\/www.spdkoelnnord.de\/wp-content\/plugins\/wp-user-avatar\/deprecated\/wp-user-avatar\/images\/wpua-96x96.png","url":"https:\/\/www.spdkoelnnord.de\/wp-content\/plugins\/wp-user-avatar\/deprecated\/wp-user-avatar\/images\/wpua-96x96.png","height":96,"width":96}},"publisher":{"@type":"Organization","name":"SPD im K\u00f6lner Norden","logo":{"@type":"ImageObject","@id":"https:\/\/www.spdkoelnnord.de\/wp-content\/uploads\/2019\/10\/cropped-logo_ko\u0308lnspd.jpg","url":"https:\/\/www.spdkoelnnord.de\/wp-content\/uploads\/2019\/10\/cropped-logo_ko\u0308lnspd.jpg","width":null,"height":null}},"image":{"@type":"ImageObject","@id":"https:\/\/www.spdkoelnnord.de\/wp-content\/uploads\/2025\/02\/spd-verschwommen.jpg","url":"https:\/\/www.spdkoelnnord.de\/wp-content\/uploads\/2025\/02\/spd-verschwommen.jpg","height":675,"width":1200},"wordCount":259,"keywords":["impuls","richtigen","richtiger"]},{"@type":"BlogPosting","@id":"https:\/\/www.spdkoelnnord.de\/rheinisches-revier-optimale-bedingungen-fuer-die-hyperscaler-industrie\/","headline":"Rheinisches Revier: Optimale Bedingungen f\u00fcr die Hyperscaler-Industrie","url":"https:\/\/www.spdkoelnnord.de\/rheinisches-revier-optimale-bedingungen-fuer-die-hyperscaler-industrie\/","datePublished":"2024-07-17","dateModified":"2024-07-17","mainEntityOfPage":"https:\/\/www.spdkoelnnord.de\/rheinisches-revier-optimale-bedingungen-fuer-die-hyperscaler-industrie\/","author":{"@type":"Person","@id":"https:\/\/www.spdkoelnnord.de\/author\/nrwspd-fraktion\/#Person","name":"NRWSPD Fraktion","url":"https:\/\/www.spdkoelnnord.de\/author\/nrwspd-fraktion\/","identifier":324,"image":{"@type":"ImageObject","@id":"https:\/\/www.spdkoelnnord.de\/wp-content\/plugins\/wp-user-avatar\/deprecated\/wp-user-avatar\/images\/wpua-96x96.png","url":"https:\/\/www.spdkoelnnord.de\/wp-content\/plugins\/wp-user-avatar\/deprecated\/wp-user-avatar\/images\/wpua-96x96.png","height":96,"width":96}},"publisher":{"@type":"Organization","name":"SPD im K\u00f6lner Norden","logo":{"@type":"ImageObject","@id":"https:\/\/www.spdkoelnnord.de\/wp-content\/uploads\/2019\/10\/cropped-logo_ko\u0308lnspd.jpg","url":"https:\/\/www.spdkoelnnord.de\/wp-content\/uploads\/2019\/10\/cropped-logo_ko\u0308lnspd.jpg","width":null,"height":null}},"image":{"@type":"ImageObject","@id":"https:\/\/www.spdkoelnnord.de\/wp-content\/uploads\/2025\/02\/spd-verschwommen.jpg","url":"https:\/\/www.spdkoelnnord.de\/wp-content\/uploads\/2025\/02\/spd-verschwommen.jpg","height":675,"width":1200},"wordCount":485,"keywords":["Abw\u00e4rme","Arbeitsplatz","Bedburg","bedingungen","China","Digitale Infrastruktur","Digitale Transformation","digitalisierung","Electronic Banking","Energieeffizienz","Erneuerbare Energien","Fraktion (Politik)","hyperscaler","industrie","Jochen Ott","Landtag Nordrhein-Westfalen","Lena Teschlade","Mechatroniker","microsoft","optimale","Rechenzentrum","revier","rheinisches","Rheinisches Braunkohlerevier","Ruhrgebiet","Russland","Streaming Media","Umweltschutz"]},{"@type":"BlogPosting","@id":"https:\/\/www.spdkoelnnord.de\/verbot-von-huawei-teilen-im-5-g-netz\/","headline":"Verbot von Huawei-Teilen im 5-G-Netz","url":"https:\/\/www.spdkoelnnord.de\/verbot-von-huawei-teilen-im-5-g-netz\/","datePublished":"2024-07-11","dateModified":"2024-07-11","mainEntityOfPage":"https:\/\/www.spdkoelnnord.de\/verbot-von-huawei-teilen-im-5-g-netz\/","author":{"@type":"Person","@id":"https:\/\/www.spdkoelnnord.de\/author\/spdbundestagsfraktion\/#Person","name":"Bundestagsfraktion","url":"https:\/\/www.spdkoelnnord.de\/author\/spdbundestagsfraktion\/","identifier":325,"image":{"@type":"ImageObject","@id":"https:\/\/www.spdkoelnnord.de\/wp-content\/plugins\/wp-user-avatar\/deprecated\/wp-user-avatar\/images\/wpua-96x96.png","url":"https:\/\/www.spdkoelnnord.de\/wp-content\/plugins\/wp-user-avatar\/deprecated\/wp-user-avatar\/images\/wpua-96x96.png","height":96,"width":96}},"publisher":{"@type":"Organization","name":"SPD im K\u00f6lner Norden","logo":{"@type":"ImageObject","@id":"https:\/\/www.spdkoelnnord.de\/wp-content\/uploads\/2019\/10\/cropped-logo_ko\u0308lnspd.jpg","url":"https:\/\/www.spdkoelnnord.de\/wp-content\/uploads\/2019\/10\/cropped-logo_ko\u0308lnspd.jpg","width":null,"height":null}},"image":{"@type":"ImageObject","@id":"https:\/\/www.spdkoelnnord.de\/wp-content\/uploads\/2025\/02\/spd-verschwommen.jpg","url":"https:\/\/www.spdkoelnnord.de\/wp-content\/uploads\/2025\/02\/spd-verschwommen.jpg","height":675,"width":1200},"wordCount":282,"keywords":["huawei","teilen","verbot"]},{"@type":"BlogPosting","@id":"https:\/\/www.spdkoelnnord.de\/unterstuetzung-der-schuetzenbruderschaften-im-koelner-norden\/","headline":"Unterst\u00fctzung der Sch\u00fctzenbruderschaften im K\u00f6lner Norden","url":"https:\/\/www.spdkoelnnord.de\/unterstuetzung-der-schuetzenbruderschaften-im-koelner-norden\/","datePublished":"2024-07-10","dateModified":"2024-07-10","mainEntityOfPage":"https:\/\/www.spdkoelnnord.de\/unterstuetzung-der-schuetzenbruderschaften-im-koelner-norden\/","author":{"@type":"Person","@id":"https:\/\/www.spdkoelnnord.de\/author\/helga_wagner\/#Person","name":"Helga Wagner","url":"https:\/\/www.spdkoelnnord.de\/author\/helga_wagner\/","identifier":363,"image":{"@type":"ImageObject","@id":"https:\/\/www.spdkoelnnord.de\/wp-content\/plugins\/wp-user-avatar\/deprecated\/wp-user-avatar\/images\/wpua-96x96.png","url":"https:\/\/www.spdkoelnnord.de\/wp-content\/plugins\/wp-user-avatar\/deprecated\/wp-user-avatar\/images\/wpua-96x96.png","height":96,"width":96}},"publisher":{"@type":"Organization","name":"SPD im K\u00f6lner Norden","logo":{"@type":"ImageObject","@id":"https:\/\/www.spdkoelnnord.de\/wp-content\/uploads\/2019\/10\/cropped-logo_ko\u0308lnspd.jpg","url":"https:\/\/www.spdkoelnnord.de\/wp-content\/uploads\/2019\/10\/cropped-logo_ko\u0308lnspd.jpg","width":null,"height":null}},"image":{"@type":"ImageObject","@id":"https:\/\/www.spdkoelnnord.de\/wp-content\/uploads\/2024\/07\/schuetzenhut.jpg","url":"https:\/\/www.spdkoelnnord.de\/wp-content\/uploads\/2024\/07\/schuetzenhut.jpg","height":675,"width":1200},"wordCount":183,"keywords":["Gesellschaft (Soziologie)","kolner","norden","schutzenbruderschaften","unterstutzung","veedel","Wertvorstellung"]},{"@type":"BlogPosting","@id":"https:\/\/www.spdkoelnnord.de\/spd-fordert-schnelle-einstellung-neuen-personals-fuer-hitdorfer-faehre-sankt-michael\/","headline":"SPD fordert schnelle Einstellung neuen Personals f\u00fcr Hitdorfer F\u00e4hre Sankt Michael","url":"https:\/\/www.spdkoelnnord.de\/spd-fordert-schnelle-einstellung-neuen-personals-fuer-hitdorfer-faehre-sankt-michael\/","datePublished":"2024-07-09","dateModified":"2024-07-09","mainEntityOfPage":"https:\/\/www.spdkoelnnord.de\/spd-fordert-schnelle-einstellung-neuen-personals-fuer-hitdorfer-faehre-sankt-michael\/","author":{"@type":"Person","@id":"https:\/\/www.spdkoelnnord.de\/author\/helga_wagner\/#Person","name":"Helga Wagner","url":"https:\/\/www.spdkoelnnord.de\/author\/helga_wagner\/","identifier":363,"image":{"@type":"ImageObject","@id":"https:\/\/www.spdkoelnnord.de\/wp-content\/plugins\/wp-user-avatar\/deprecated\/wp-user-avatar\/images\/wpua-96x96.png","url":"https:\/\/www.spdkoelnnord.de\/wp-content\/plugins\/wp-user-avatar\/deprecated\/wp-user-avatar\/images\/wpua-96x96.png","height":96,"width":96}},"publisher":{"@type":"Organization","name":"SPD im K\u00f6lner Norden","logo":{"@type":"ImageObject","@id":"https:\/\/www.spdkoelnnord.de\/wp-content\/uploads\/2019\/10\/cropped-logo_ko\u0308lnspd.jpg","url":"https:\/\/www.spdkoelnnord.de\/wp-content\/uploads\/2019\/10\/cropped-logo_ko\u0308lnspd.jpg","width":null,"height":null}},"image":{"@type":"ImageObject","@id":"https:\/\/www.spdkoelnnord.de\/wp-content\/uploads\/2024\/06\/2d176125-d4fd-4032-bb2f-8076533b44e3.jpg","url":"https:\/\/www.spdkoelnnord.de\/wp-content\/uploads\/2024\/06\/2d176125-d4fd-4032-bb2f-8076533b44e3.jpg","height":900,"width":1200},"wordCount":248,"keywords":["Burgergemeinde Bern","Christian Lorenz","einstellung","fahre","fordert","hitdorfer","Kassierer","K\u00f6ln","K\u00f6ln-Chorweiler (Stadtbezirk)","Kurzarbeit","leverkusen","neuen","Personalbeschaffung","personals","schnelle","Sozialdemokratische Partei Deutschlands"]},{"@type":"BlogPosting","@id":"https:\/\/www.spdkoelnnord.de\/schoene-sommerferien\/","headline":"Sch\u00f6ne Sommerferien!","url":"https:\/\/www.spdkoelnnord.de\/schoene-sommerferien\/","datePublished":"2024-07-09","dateModified":"2024-07-09","mainEntityOfPage":"https:\/\/www.spdkoelnnord.de\/schoene-sommerferien\/","author":{"@type":"Person","@id":"https:\/\/www.spdkoelnnord.de\/author\/koelnspd\/#Person","name":"K\u00f6lnSPD","url":"https:\/\/www.spdkoelnnord.de\/author\/koelnspd\/","identifier":11,"description":"SPD-Unterbezirk K\u00f6ln\r\nMagnusstra\u00dfe 18 b\r\n50672 K\u00f6ln\r\nTel: 0221 \/ 92 59 81-0","image":{"@type":"ImageObject","@id":"https:\/\/www.spdkoelnnord.de\/wp-content\/plugins\/wp-user-avatar\/deprecated\/wp-user-avatar\/images\/wpua-96x96.png","url":"https:\/\/www.spdkoelnnord.de\/wp-content\/plugins\/wp-user-avatar\/deprecated\/wp-user-avatar\/images\/wpua-96x96.png","height":96,"width":96}},"publisher":{"@type":"Organization","name":"SPD im K\u00f6lner Norden","logo":{"@type":"ImageObject","@id":"https:\/\/www.spdkoelnnord.de\/wp-content\/uploads\/2019\/10\/cropped-logo_ko\u0308lnspd.jpg","url":"https:\/\/www.spdkoelnnord.de\/wp-content\/uploads\/2019\/10\/cropped-logo_ko\u0308lnspd.jpg","width":null,"height":null}},"image":{"@type":"ImageObject","@id":"https:\/\/www.spdkoelnnord.de\/wp-content\/uploads\/2024\/05\/f9c341d4-c6db-493a-acf8-27cf17c1c2e3.jpg","url":"https:\/\/www.spdkoelnnord.de\/wp-content\/uploads\/2024\/05\/f9c341d4-c6db-493a-acf8-27cf17c1c2e3.jpg","height":680,"width":1024},"wordCount":23,"keywords":["schone","sommerferien"]},{"@type":"BlogPosting","@id":"https:\/\/www.spdkoelnnord.de\/unsere-buergermeistertour-am-26-06-2024\/","headline":"Unsere B\u00fcrgermeistertour am 26.06.2024","url":"https:\/\/www.spdkoelnnord.de\/unsere-buergermeistertour-am-26-06-2024\/","datePublished":"2024-07-08","dateModified":"2024-07-08","mainEntityOfPage":"https:\/\/www.spdkoelnnord.de\/unsere-buergermeistertour-am-26-06-2024\/","author":{"@type":"Person","@id":"https:\/\/www.spdkoelnnord.de\/author\/bezirk_mitthelrhein\/#Person","name":"Bezirk Mittelrhein","url":"https:\/\/www.spdkoelnnord.de\/author\/bezirk_mitthelrhein\/","identifier":1226,"description":"Zur rheinischen Region geh\u00f6ren die St\u00e4dte K\u00f6ln, Bonn, Aachen und Leverkusen, die St\u00e4dteRegion Aachen sowie die Kreise D\u00fcren, Euskirchen, Rhein-Sieg, Rhein-Erft, Rhein-Berg, Heinsberg und Oberberg.\r\n\r\nAuf dieser Seite finden Sie Informationen aus der Arbeit des SPD-Bezirks und Informationen zu Ihren Abgeordneten in Bund, Land und Europa.","image":{"@type":"ImageObject","@id":"https:\/\/www.spdkoelnnord.de\/wp-content\/plugins\/wp-user-avatar\/deprecated\/wp-user-avatar\/images\/wpua-96x96.png","url":"https:\/\/www.spdkoelnnord.de\/wp-content\/plugins\/wp-user-avatar\/deprecated\/wp-user-avatar\/images\/wpua-96x96.png","height":96,"width":96}},"publisher":{"@type":"Organization","name":"SPD im K\u00f6lner Norden","logo":{"@type":"ImageObject","@id":"https:\/\/www.spdkoelnnord.de\/wp-content\/uploads\/2019\/10\/cropped-logo_ko\u0308lnspd.jpg","url":"https:\/\/www.spdkoelnnord.de\/wp-content\/uploads\/2019\/10\/cropped-logo_ko\u0308lnspd.jpg","width":null,"height":null}},"image":{"@type":"ImageObject","@id":"https:\/\/www.spdkoelnnord.de\/wp-content\/uploads\/2025\/02\/spd-verschwommen.jpg","url":"https:\/\/www.spdkoelnnord.de\/wp-content\/uploads\/2025\/02\/spd-verschwommen.jpg","height":675,"width":1200},"wordCount":490,"keywords":["Bedburg","Beigeordneter","Br\u00fchl (Rheinland)","burgermeistertour","Cem Y\u0131lmaz","Dezernent","Dieter Freytag","Euskirchen","fachkraftemangel","Frank Peter Ullrich","Frechen","Freier Tr\u00e4ger","Geteilte Zust\u00e4ndigkeit (Europ\u00e4ische Union)","Handwerk","Kerpen","Kindertagesst\u00e4tte","krankenhausplanung","Kreis D\u00fcren","Kreis Euskirchen","Landrat (Deutschland)","Markus Ramers","mittelrhein","Personal","Politiker","Regionaler Strukturwandel","Rheinisches Braunkohlerevier","Sascha Solbach","unsere","Wesseling"]}]},{"@context":"https:\/\/schema.org","@type":"WebSite","@id":"https:\/\/www.spdkoelnnord.de\/#website","name":"Die SPD im K\u00f6lner Norden","url":"https:\/\/www.spdkoelnnord.de","potentialAction":{"@type":"SearchAction","target":"https:\/\/www.spdkoelnnord.de\/?s={search_term_string}","query-input":"required name=search_term_string"}}]