[{"@context":"https:\/\/schema.org\/","@type":"Blog","@id":"https:\/\/www.spdkoelnnord.de#Blog","headline":"Die SPD im K\u00f6lner Norden","description":"Die SPD im Stadtbezirk K\u00f6ln - Chorweiler","url":"https:\/\/www.spdkoelnnord.de","blogPost":[{"@type":"BlogPosting","@id":"https:\/\/www.spdkoelnnord.de\/sommer-open-air-in-esch\/","headline":"Sommer Open Air in Esch","url":"https:\/\/www.spdkoelnnord.de\/sommer-open-air-in-esch\/","datePublished":"2024-07-07","dateModified":"2024-07-07","mainEntityOfPage":"https:\/\/www.spdkoelnnord.de\/sommer-open-air-in-esch\/","author":{"@type":"Person","@id":"https:\/\/www.spdkoelnnord.de\/author\/helga_wagner\/#Person","name":"Helga Wagner","url":"https:\/\/www.spdkoelnnord.de\/author\/helga_wagner\/","identifier":363,"image":{"@type":"ImageObject","@id":"https:\/\/www.spdkoelnnord.de\/wp-content\/plugins\/wp-user-avatar\/deprecated\/wp-user-avatar\/images\/wpua-96x96.png","url":"https:\/\/www.spdkoelnnord.de\/wp-content\/plugins\/wp-user-avatar\/deprecated\/wp-user-avatar\/images\/wpua-96x96.png","height":96,"width":96}},"publisher":{"@type":"Organization","name":"SPD im K\u00f6lner Norden","logo":{"@type":"ImageObject","@id":"https:\/\/www.spdkoelnnord.de\/wp-content\/uploads\/2019\/10\/cropped-logo_ko\u0308lnspd.jpg","url":"https:\/\/www.spdkoelnnord.de\/wp-content\/uploads\/2019\/10\/cropped-logo_ko\u0308lnspd.jpg","width":null,"height":null}},"image":{"@type":"ImageObject","@id":"https:\/\/www.spdkoelnnord.de\/wp-content\/uploads\/2024\/07\/WhatsApp-Bild-2024-07-07-um-22.46.14_ff76b088.jpg","url":"https:\/\/www.spdkoelnnord.de\/wp-content\/uploads\/2024\/07\/WhatsApp-Bild-2024-07-07-um-22.46.14_ff76b088.jpg","height":900,"width":1200},"wordCount":221,"keywords":["Burgergemeinde Bern","Gerhard Wolff","K\u00f6ln","sommer"]},{"@type":"BlogPosting","@id":"https:\/\/www.spdkoelnnord.de\/ueberarbeitung-der-games-foerderung-und-foerderzulage-kommen\/","headline":"\u00dcberarbeitung der Games-F\u00f6rderung und F\u00f6rderzulage kommen","url":"https:\/\/www.spdkoelnnord.de\/ueberarbeitung-der-games-foerderung-und-foerderzulage-kommen\/","datePublished":"2024-07-06","dateModified":"2024-07-06","mainEntityOfPage":"https:\/\/www.spdkoelnnord.de\/ueberarbeitung-der-games-foerderung-und-foerderzulage-kommen\/","author":{"@type":"Person","@id":"https:\/\/www.spdkoelnnord.de\/author\/spdbundestagsfraktion\/#Person","name":"Bundestagsfraktion","url":"https:\/\/www.spdkoelnnord.de\/author\/spdbundestagsfraktion\/","identifier":325,"image":{"@type":"ImageObject","@id":"https:\/\/www.spdkoelnnord.de\/wp-content\/plugins\/wp-user-avatar\/deprecated\/wp-user-avatar\/images\/wpua-96x96.png","url":"https:\/\/www.spdkoelnnord.de\/wp-content\/plugins\/wp-user-avatar\/deprecated\/wp-user-avatar\/images\/wpua-96x96.png","height":96,"width":96}},"publisher":{"@type":"Organization","name":"SPD im K\u00f6lner Norden","logo":{"@type":"ImageObject","@id":"https:\/\/www.spdkoelnnord.de\/wp-content\/uploads\/2019\/10\/cropped-logo_ko\u0308lnspd.jpg","url":"https:\/\/www.spdkoelnnord.de\/wp-content\/uploads\/2019\/10\/cropped-logo_ko\u0308lnspd.jpg","width":null,"height":null}},"image":{"@type":"ImageObject","@id":"https:\/\/www.spdkoelnnord.de\/wp-content\/uploads\/2025\/02\/spd-verschwommen.jpg","url":"https:\/\/www.spdkoelnnord.de\/wp-content\/uploads\/2025\/02\/spd-verschwommen.jpg","height":675,"width":1200},"wordCount":344,"keywords":["Anna Kassautzki","Beauftragter der Bundesregierung f\u00fcr Kultur und Medien","Bundesregierung (Deutschland)","forderung","forderzulage","games","kommen","Lena Werner","Martin Rabanus","uberarbeitung"]},{"@type":"BlogPosting","@id":"https:\/\/www.spdkoelnnord.de\/gehsteigbelaestigungen-werden-verboten\/","headline":"Gehsteigbel\u00e4stigungen werden verboten","url":"https:\/\/www.spdkoelnnord.de\/gehsteigbelaestigungen-werden-verboten\/","datePublished":"2024-07-05","dateModified":"2024-07-05","mainEntityOfPage":"https:\/\/www.spdkoelnnord.de\/gehsteigbelaestigungen-werden-verboten\/","author":{"@type":"Person","@id":"https:\/\/www.spdkoelnnord.de\/author\/spdbundestagsfraktion\/#Person","name":"Bundestagsfraktion","url":"https:\/\/www.spdkoelnnord.de\/author\/spdbundestagsfraktion\/","identifier":325,"image":{"@type":"ImageObject","@id":"https:\/\/www.spdkoelnnord.de\/wp-content\/plugins\/wp-user-avatar\/deprecated\/wp-user-avatar\/images\/wpua-96x96.png","url":"https:\/\/www.spdkoelnnord.de\/wp-content\/plugins\/wp-user-avatar\/deprecated\/wp-user-avatar\/images\/wpua-96x96.png","height":96,"width":96}},"publisher":{"@type":"Organization","name":"SPD im K\u00f6lner Norden","logo":{"@type":"ImageObject","@id":"https:\/\/www.spdkoelnnord.de\/wp-content\/uploads\/2019\/10\/cropped-logo_ko\u0308lnspd.jpg","url":"https:\/\/www.spdkoelnnord.de\/wp-content\/uploads\/2019\/10\/cropped-logo_ko\u0308lnspd.jpg","width":null,"height":null}},"image":{"@type":"ImageObject","@id":"https:\/\/www.spdkoelnnord.de\/wp-content\/uploads\/2025\/02\/spd-verschwommen.jpg","url":"https:\/\/www.spdkoelnnord.de\/wp-content\/uploads\/2025\/02\/spd-verschwommen.jpg","height":675,"width":1200},"wordCount":353,"keywords":["Carmen Wegge","CDU\/CSU-Fraktion im Deutschen Bundestag","Fraktion (Bundestag)","gehsteigbelastigungen","Geldbu\u00dfe","Josephine Ortleb","Lebensrechtsbewegung","Ordnungswidrigkeit","schwangerschaft","Schwangerschaftsabbruch","verboten","werden"]},{"@type":"BlogPosting","@id":"https:\/\/www.spdkoelnnord.de\/kooperativen-sind-demokratischer-stabilitaetsanker\/","headline":"Kooperativen sind demokratischer Stabilit\u00e4tsanker","url":"https:\/\/www.spdkoelnnord.de\/kooperativen-sind-demokratischer-stabilitaetsanker\/","datePublished":"2024-07-05","dateModified":"2024-07-05","mainEntityOfPage":"https:\/\/www.spdkoelnnord.de\/kooperativen-sind-demokratischer-stabilitaetsanker\/","author":{"@type":"Person","@id":"https:\/\/www.spdkoelnnord.de\/author\/spdbundestagsfraktion\/#Person","name":"Bundestagsfraktion","url":"https:\/\/www.spdkoelnnord.de\/author\/spdbundestagsfraktion\/","identifier":325,"image":{"@type":"ImageObject","@id":"https:\/\/www.spdkoelnnord.de\/wp-content\/plugins\/wp-user-avatar\/deprecated\/wp-user-avatar\/images\/wpua-96x96.png","url":"https:\/\/www.spdkoelnnord.de\/wp-content\/plugins\/wp-user-avatar\/deprecated\/wp-user-avatar\/images\/wpua-96x96.png","height":96,"width":96}},"publisher":{"@type":"Organization","name":"SPD im K\u00f6lner Norden","logo":{"@type":"ImageObject","@id":"https:\/\/www.spdkoelnnord.de\/wp-content\/uploads\/2019\/10\/cropped-logo_ko\u0308lnspd.jpg","url":"https:\/\/www.spdkoelnnord.de\/wp-content\/uploads\/2019\/10\/cropped-logo_ko\u0308lnspd.jpg","width":null,"height":null}},"image":{"@type":"ImageObject","@id":"https:\/\/www.spdkoelnnord.de\/wp-content\/uploads\/2025\/02\/spd-verschwommen.jpg","url":"https:\/\/www.spdkoelnnord.de\/wp-content\/uploads\/2025\/02\/spd-verschwommen.jpg","height":675,"width":1200},"wordCount":286,"keywords":["Bernhard Daldrup (Politiker, 1956)","demokratie","demokratischer","Fraktion (Bundestag)","KfW","kooperativen","Lebensqualit\u00e4t","Melanie Wegling","solidaritat","stabilitatsanker"]},{"@type":"BlogPosting","@id":"https:\/\/www.spdkoelnnord.de\/hallo-zukunft\/","headline":"Hallo Zukunft!","url":"https:\/\/www.spdkoelnnord.de\/hallo-zukunft\/","datePublished":"2024-07-04","dateModified":"2024-07-05","mainEntityOfPage":"https:\/\/www.spdkoelnnord.de\/hallo-zukunft\/","author":{"@type":"Person","@id":"https:\/\/www.spdkoelnnord.de\/author\/lena_teschlade\/#Person","name":"Lena Teschlade","url":"https:\/\/www.spdkoelnnord.de\/author\/lena_teschlade\/","identifier":431,"image":{"@type":"ImageObject","@id":"https:\/\/www.spdkoelnnord.de\/wp-content\/uploads\/2024\/02\/Screenshot-2024-02-26-at-20-07-59-Lena_Teschlade.avif-AVIF-Grafik-500-\u00d7-500-Pixel-150x150.png","url":"https:\/\/www.spdkoelnnord.de\/wp-content\/uploads\/2024\/02\/Screenshot-2024-02-26-at-20-07-59-Lena_Teschlade.avif-AVIF-Grafik-500-\u00d7-500-Pixel-150x150.png","height":96,"width":96}},"publisher":{"@type":"Organization","name":"SPD im K\u00f6lner Norden","logo":{"@type":"ImageObject","@id":"https:\/\/www.spdkoelnnord.de\/wp-content\/uploads\/2019\/10\/cropped-logo_ko\u0308lnspd.jpg","url":"https:\/\/www.spdkoelnnord.de\/wp-content\/uploads\/2019\/10\/cropped-logo_ko\u0308lnspd.jpg","width":null,"height":null}},"image":{"@type":"ImageObject","@id":"https:\/\/www.spdkoelnnord.de\/wp-content\/uploads\/2024\/07\/webseite-hallo-zukunft-1-e1723743209365.png","url":"https:\/\/www.spdkoelnnord.de\/wp-content\/uploads\/2024\/07\/webseite-hallo-zukunft-1-e1723743209365.png","height":347,"width":520},"wordCount":46,"keywords":["hallo","Lena Teschlade","zukunft"]},{"@type":"BlogPosting","@id":"https:\/\/www.spdkoelnnord.de\/kinder-mit-psychisch-kranken-oder-suchtkranken-eltern-unterstuetzen\/","headline":"Kinder mit psychisch kranken oder suchtkranken Eltern unterst\u00fctzen","url":"https:\/\/www.spdkoelnnord.de\/kinder-mit-psychisch-kranken-oder-suchtkranken-eltern-unterstuetzen\/","datePublished":"2024-07-03","dateModified":"2024-07-03","mainEntityOfPage":"https:\/\/www.spdkoelnnord.de\/kinder-mit-psychisch-kranken-oder-suchtkranken-eltern-unterstuetzen\/","author":{"@type":"Person","@id":"https:\/\/www.spdkoelnnord.de\/author\/spdbundestagsfraktion\/#Person","name":"Bundestagsfraktion","url":"https:\/\/www.spdkoelnnord.de\/author\/spdbundestagsfraktion\/","identifier":325,"image":{"@type":"ImageObject","@id":"https:\/\/www.spdkoelnnord.de\/wp-content\/plugins\/wp-user-avatar\/deprecated\/wp-user-avatar\/images\/wpua-96x96.png","url":"https:\/\/www.spdkoelnnord.de\/wp-content\/plugins\/wp-user-avatar\/deprecated\/wp-user-avatar\/images\/wpua-96x96.png","height":96,"width":96}},"publisher":{"@type":"Organization","name":"SPD im K\u00f6lner Norden","logo":{"@type":"ImageObject","@id":"https:\/\/www.spdkoelnnord.de\/wp-content\/uploads\/2019\/10\/cropped-logo_ko\u0308lnspd.jpg","url":"https:\/\/www.spdkoelnnord.de\/wp-content\/uploads\/2019\/10\/cropped-logo_ko\u0308lnspd.jpg","width":null,"height":null}},"image":{"@type":"ImageObject","@id":"https:\/\/www.spdkoelnnord.de\/wp-content\/uploads\/2025\/02\/spd-verschwommen.jpg","url":"https:\/\/www.spdkoelnnord.de\/wp-content\/uploads\/2025\/02\/spd-verschwommen.jpg","height":675,"width":1200},"wordCount":293,"keywords":["Abh\u00e4ngigkeit (Medizin)","eltern","Eltern-Kind-Beziehung","Fr\u00fche Hilfen","gesundheit","kinder","Kindheit","kranken","Leni Breymaier","pravention","psychisch","Psychische St\u00f6rung","suchtkranken","Ulrike Bahr","unterstutzen"]},{"@type":"BlogPosting","@id":"https:\/\/www.spdkoelnnord.de\/mitglieder-des-beirates-bei-der-koordinierungsstelle-fuer-digitale-dienste-nach-dem-digitalen-dienste-gesetz\/","headline":"Mitglieder des Beirates bei der Koordinierungsstelle f\u00fcr digitale Dienste nach dem Digitalen-Dienste-Gesetz","url":"https:\/\/www.spdkoelnnord.de\/mitglieder-des-beirates-bei-der-koordinierungsstelle-fuer-digitale-dienste-nach-dem-digitalen-dienste-gesetz\/","datePublished":"2024-07-02","dateModified":"2024-07-02","mainEntityOfPage":"https:\/\/www.spdkoelnnord.de\/mitglieder-des-beirates-bei-der-koordinierungsstelle-fuer-digitale-dienste-nach-dem-digitalen-dienste-gesetz\/","author":{"@type":"Person","@id":"https:\/\/www.spdkoelnnord.de\/author\/spdbundestagsfraktion\/#Person","name":"Bundestagsfraktion","url":"https:\/\/www.spdkoelnnord.de\/author\/spdbundestagsfraktion\/","identifier":325,"image":{"@type":"ImageObject","@id":"https:\/\/www.spdkoelnnord.de\/wp-content\/plugins\/wp-user-avatar\/deprecated\/wp-user-avatar\/images\/wpua-96x96.png","url":"https:\/\/www.spdkoelnnord.de\/wp-content\/plugins\/wp-user-avatar\/deprecated\/wp-user-avatar\/images\/wpua-96x96.png","height":96,"width":96}},"publisher":{"@type":"Organization","name":"SPD im K\u00f6lner Norden","logo":{"@type":"ImageObject","@id":"https:\/\/www.spdkoelnnord.de\/wp-content\/uploads\/2019\/10\/cropped-logo_ko\u0308lnspd.jpg","url":"https:\/\/www.spdkoelnnord.de\/wp-content\/uploads\/2019\/10\/cropped-logo_ko\u0308lnspd.jpg","width":null,"height":null}},"image":{"@type":"ImageObject","@id":"https:\/\/www.spdkoelnnord.de\/wp-content\/uploads\/2024\/07\/793c3196-d818-4171-a010-d3e936a3ff5d.jpg","url":"https:\/\/www.spdkoelnnord.de\/wp-content\/uploads\/2024\/07\/793c3196-d818-4171-a010-d3e936a3ff5d.jpg","height":680,"width":1024},"wordCount":499,"keywords":["beirates","dienste","digitale","digitalen","koordinierungsstelle","mitglieder"]}]},{"@context":"https:\/\/schema.org","@type":"WebSite","@id":"https:\/\/www.spdkoelnnord.de\/#website","name":"Die SPD im K\u00f6lner Norden","url":"https:\/\/www.spdkoelnnord.de","potentialAction":{"@type":"SearchAction","target":"https:\/\/www.spdkoelnnord.de\/?s={search_term_string}","query-input":"required name=search_term_string"}}]