[{"@context":"https:\/\/schema.org\/","@type":"Blog","@id":"https:\/\/www.spdkoelnnord.de#Blog","headline":"Die SPD im K\u00f6lner Norden","description":"Die SPD im Stadtbezirk K\u00f6ln - Chorweiler","url":"https:\/\/www.spdkoelnnord.de","blogPost":[{"@type":"BlogPosting","@id":"https:\/\/www.spdkoelnnord.de\/sommerempfang-der-spd-fraktion\/","headline":"Sommerempfang der SPD-Fraktion","url":"https:\/\/www.spdkoelnnord.de\/sommerempfang-der-spd-fraktion\/","datePublished":"2024-07-01","dateModified":"2024-07-06","mainEntityOfPage":"https:\/\/www.spdkoelnnord.de\/sommerempfang-der-spd-fraktion\/","author":{"@type":"Person","@id":"https:\/\/www.spdkoelnnord.de\/author\/helga_wagner\/#Person","name":"Helga Wagner","url":"https:\/\/www.spdkoelnnord.de\/author\/helga_wagner\/","identifier":363,"image":{"@type":"ImageObject","@id":"https:\/\/www.spdkoelnnord.de\/wp-content\/plugins\/wp-user-avatar\/deprecated\/wp-user-avatar\/images\/wpua-96x96.png","url":"https:\/\/www.spdkoelnnord.de\/wp-content\/plugins\/wp-user-avatar\/deprecated\/wp-user-avatar\/images\/wpua-96x96.png","height":96,"width":96}},"publisher":{"@type":"Organization","name":"SPD im K\u00f6lner Norden","logo":{"@type":"ImageObject","@id":"https:\/\/www.spdkoelnnord.de\/wp-content\/uploads\/2019\/10\/cropped-logo_ko\u0308lnspd.jpg","url":"https:\/\/www.spdkoelnnord.de\/wp-content\/uploads\/2019\/10\/cropped-logo_ko\u0308lnspd.jpg","width":null,"height":null}},"image":{"@type":"ImageObject","@id":"https:\/\/www.spdkoelnnord.de\/wp-content\/uploads\/2024\/07\/WhatsApp-Bild-2024-07-06-um-08.03.25_8ef3788b.jpg","url":"https:\/\/www.spdkoelnnord.de\/wp-content\/uploads\/2024\/07\/WhatsApp-Bild-2024-07-06-um-08.03.25_8ef3788b.jpg","height":1200,"width":900},"wordCount":140,"keywords":["bezirksvertretung","Burgergemeinde Bern","fraktion","Lena Teschlade","Oedingen (Lennestadt)","sommerempfang","Sozialdemokratische Partei Deutschlands"]},{"@type":"BlogPosting","@id":"https:\/\/www.spdkoelnnord.de\/besuch-bei-iplas-in-troisdorf\/","headline":"Besuch bei IPLAS in Troisdorf","url":"https:\/\/www.spdkoelnnord.de\/besuch-bei-iplas-in-troisdorf\/","datePublished":"2024-07-01","dateModified":"2024-07-01","mainEntityOfPage":"https:\/\/www.spdkoelnnord.de\/besuch-bei-iplas-in-troisdorf\/","author":{"@type":"Person","@id":"https:\/\/www.spdkoelnnord.de\/author\/lena_teschlade\/#Person","name":"Lena Teschlade","url":"https:\/\/www.spdkoelnnord.de\/author\/lena_teschlade\/","identifier":431,"image":{"@type":"ImageObject","@id":"https:\/\/www.spdkoelnnord.de\/wp-content\/uploads\/2024\/02\/Screenshot-2024-02-26-at-20-07-59-Lena_Teschlade.avif-AVIF-Grafik-500-\u00d7-500-Pixel-150x150.png","url":"https:\/\/www.spdkoelnnord.de\/wp-content\/uploads\/2024\/02\/Screenshot-2024-02-26-at-20-07-59-Lena_Teschlade.avif-AVIF-Grafik-500-\u00d7-500-Pixel-150x150.png","height":96,"width":96}},"publisher":{"@type":"Organization","name":"SPD im K\u00f6lner Norden","logo":{"@type":"ImageObject","@id":"https:\/\/www.spdkoelnnord.de\/wp-content\/uploads\/2019\/10\/cropped-logo_ko\u0308lnspd.jpg","url":"https:\/\/www.spdkoelnnord.de\/wp-content\/uploads\/2019\/10\/cropped-logo_ko\u0308lnspd.jpg","width":null,"height":null}},"image":{"@type":"ImageObject","@id":"https:\/\/www.spdkoelnnord.de\/wp-content\/uploads\/2025\/02\/spd-verschwommen.jpg","url":"https:\/\/www.spdkoelnnord.de\/wp-content\/uploads\/2025\/02\/spd-verschwommen.jpg","height":675,"width":1200},"wordCount":386,"keywords":["Andreas Rimkus (Politiker)","besuch","Biogas","Dekarbonisierung","Energieversorgung","Erdgas","Grubengas","Hochfrequenztechnik","iplas","Kohlenstoff","Kohlenwasserstoffe","Lena Teschlade","Mitglied des Deutschen Bundestages","Plasma (Physik)","Produktion","Ru\u00df","troisdorf","Wasserstoff"]},{"@type":"BlogPosting","@id":"https:\/\/www.spdkoelnnord.de\/kita-plaetze-in-nrw-kritik-an-der-landesregierung\/","headline":"Kita-Pl\u00e4tze in NRW: Kritik an der Landesregierung","url":"https:\/\/www.spdkoelnnord.de\/kita-plaetze-in-nrw-kritik-an-der-landesregierung\/","datePublished":"2024-06-27","dateModified":"2024-06-27","mainEntityOfPage":"https:\/\/www.spdkoelnnord.de\/kita-plaetze-in-nrw-kritik-an-der-landesregierung\/","author":{"@type":"Person","@id":"https:\/\/www.spdkoelnnord.de\/author\/helga_wagner\/#Person","name":"Helga Wagner","url":"https:\/\/www.spdkoelnnord.de\/author\/helga_wagner\/","identifier":363,"image":{"@type":"ImageObject","@id":"https:\/\/www.spdkoelnnord.de\/wp-content\/plugins\/wp-user-avatar\/deprecated\/wp-user-avatar\/images\/wpua-96x96.png","url":"https:\/\/www.spdkoelnnord.de\/wp-content\/plugins\/wp-user-avatar\/deprecated\/wp-user-avatar\/images\/wpua-96x96.png","height":96,"width":96}},"publisher":{"@type":"Organization","name":"SPD im K\u00f6lner Norden","logo":{"@type":"ImageObject","@id":"https:\/\/www.spdkoelnnord.de\/wp-content\/uploads\/2019\/10\/cropped-logo_ko\u0308lnspd.jpg","url":"https:\/\/www.spdkoelnnord.de\/wp-content\/uploads\/2019\/10\/cropped-logo_ko\u0308lnspd.jpg","width":null,"height":null}},"image":{"@type":"ImageObject","@id":"https:\/\/www.spdkoelnnord.de\/wp-content\/uploads\/2024\/06\/0f2b4f21-890d-49c7-aac3-d865f451def6.jpg","url":"https:\/\/www.spdkoelnnord.de\/wp-content\/uploads\/2024\/06\/0f2b4f21-890d-49c7-aac3-d865f451def6.jpg","height":664,"width":1000},"wordCount":551,"keywords":["Carolin Kirsch","dusseldorf","fachkraftemangel","Jochen Ott","Kindertagesst\u00e4tte","K\u00f6ln","kritik","landesregierung","Lena Teschlade","Nordrhein-Westfalen","platze","Schwarz-gr\u00fcne Koalition"]},{"@type":"BlogPosting","@id":"https:\/\/www.spdkoelnnord.de\/die-neue-faehre-heisst-ms-st-michael\/","headline":"Die neue F\u00e4hre hei\u00dft MS St. Michael","url":"https:\/\/www.spdkoelnnord.de\/die-neue-faehre-heisst-ms-st-michael\/","datePublished":"2024-06-27","dateModified":"2024-06-27","mainEntityOfPage":"https:\/\/www.spdkoelnnord.de\/die-neue-faehre-heisst-ms-st-michael\/","author":{"@type":"Person","@id":"https:\/\/www.spdkoelnnord.de\/author\/koeln_nord\/#Person","name":"SPD im K\u00f6lner Norden","url":"https:\/\/www.spdkoelnnord.de\/author\/koeln_nord\/","identifier":1221,"image":{"@type":"ImageObject","@id":"https:\/\/www.spdkoelnnord.de\/wp-content\/uploads\/2024\/02\/logo_koelnspd-150x150.png","url":"https:\/\/www.spdkoelnnord.de\/wp-content\/uploads\/2024\/02\/logo_koelnspd-150x150.png","height":96,"width":96}},"publisher":{"@type":"Organization","name":"SPD im K\u00f6lner Norden","logo":{"@type":"ImageObject","@id":"https:\/\/www.spdkoelnnord.de\/wp-content\/uploads\/2019\/10\/cropped-logo_ko\u0308lnspd.jpg","url":"https:\/\/www.spdkoelnnord.de\/wp-content\/uploads\/2019\/10\/cropped-logo_ko\u0308lnspd.jpg","width":null,"height":null}},"image":{"@type":"ImageObject","@id":"https:\/\/www.spdkoelnnord.de\/wp-content\/uploads\/2024\/02\/IMG_20240128_160429-scaled.jpg","url":"https:\/\/www.spdkoelnnord.de\/wp-content\/uploads\/2024\/02\/IMG_20240128_160429-scaled.jpg","height":1200,"width":900},"wordCount":617,"keywords":["Aufsichtsrat","Daseinsvorsorge","Emission (Umwelt)","Erzengel Michael","fahre","H\u00e4fen und G\u00fcterverkehr K\u00f6ln","Hitdorf","Langel (K\u00f6ln-Merkenich)","Langel (K\u00f6ln)","leverkusen","michael","Monheim am Rhein","Pendler"]},{"@type":"BlogPosting","@id":"https:\/\/www.spdkoelnnord.de\/existenz-des-grossmarkts-sichern-2\/","headline":"Existenz des Gro\u00dfmarkts sichern","url":"https:\/\/www.spdkoelnnord.de\/existenz-des-grossmarkts-sichern-2\/","datePublished":"2024-06-26","dateModified":"2024-06-27","mainEntityOfPage":"https:\/\/www.spdkoelnnord.de\/existenz-des-grossmarkts-sichern-2\/","author":{"@type":"Person","@id":"https:\/\/www.spdkoelnnord.de\/author\/helga_wagner\/#Person","name":"Helga Wagner","url":"https:\/\/www.spdkoelnnord.de\/author\/helga_wagner\/","identifier":363,"image":{"@type":"ImageObject","@id":"https:\/\/www.spdkoelnnord.de\/wp-content\/plugins\/wp-user-avatar\/deprecated\/wp-user-avatar\/images\/wpua-96x96.png","url":"https:\/\/www.spdkoelnnord.de\/wp-content\/plugins\/wp-user-avatar\/deprecated\/wp-user-avatar\/images\/wpua-96x96.png","height":96,"width":96}},"publisher":{"@type":"Organization","name":"SPD im K\u00f6lner Norden","logo":{"@type":"ImageObject","@id":"https:\/\/www.spdkoelnnord.de\/wp-content\/uploads\/2019\/10\/cropped-logo_ko\u0308lnspd.jpg","url":"https:\/\/www.spdkoelnnord.de\/wp-content\/uploads\/2019\/10\/cropped-logo_ko\u0308lnspd.jpg","width":null,"height":null}},"image":{"@type":"ImageObject","@id":"https:\/\/www.spdkoelnnord.de\/wp-content\/uploads\/2024\/06\/ccf91e4a-d88a-43d0-b1ae-7179e3547928.jpg","url":"https:\/\/www.spdkoelnnord.de\/wp-content\/uploads\/2024\/06\/ccf91e4a-d88a-43d0-b1ae-7179e3547928.jpg","height":670,"width":1004},"wordCount":1009,"keywords":["existenz","markts","sichern"]},{"@type":"BlogPosting","@id":"https:\/\/www.spdkoelnnord.de\/alleinerziehende-brauchen-bessere-rahmenbedingungen\/","headline":"Alleinerziehende brauchen bessere Rahmenbedingungen","url":"https:\/\/www.spdkoelnnord.de\/alleinerziehende-brauchen-bessere-rahmenbedingungen\/","datePublished":"2024-06-25","dateModified":"2024-06-25","mainEntityOfPage":"https:\/\/www.spdkoelnnord.de\/alleinerziehende-brauchen-bessere-rahmenbedingungen\/","author":{"@type":"Person","@id":"https:\/\/www.spdkoelnnord.de\/author\/spdbundestagsfraktion\/#Person","name":"Bundestagsfraktion","url":"https:\/\/www.spdkoelnnord.de\/author\/spdbundestagsfraktion\/","identifier":325,"image":{"@type":"ImageObject","@id":"https:\/\/www.spdkoelnnord.de\/wp-content\/plugins\/wp-user-avatar\/deprecated\/wp-user-avatar\/images\/wpua-96x96.png","url":"https:\/\/www.spdkoelnnord.de\/wp-content\/plugins\/wp-user-avatar\/deprecated\/wp-user-avatar\/images\/wpua-96x96.png","height":96,"width":96}},"publisher":{"@type":"Organization","name":"SPD im K\u00f6lner Norden","logo":{"@type":"ImageObject","@id":"https:\/\/www.spdkoelnnord.de\/wp-content\/uploads\/2019\/10\/cropped-logo_ko\u0308lnspd.jpg","url":"https:\/\/www.spdkoelnnord.de\/wp-content\/uploads\/2019\/10\/cropped-logo_ko\u0308lnspd.jpg","width":null,"height":null}},"image":{"@type":"ImageObject","@id":"https:\/\/www.spdkoelnnord.de\/wp-content\/uploads\/2025\/02\/spd-verschwommen.jpg","url":"https:\/\/www.spdkoelnnord.de\/wp-content\/uploads\/2025\/02\/spd-verschwommen.jpg","height":675,"width":1200},"wordCount":277,"keywords":["alleinerziehende","bessere","brauchen","rahmenbedingungen"]},{"@type":"BlogPosting","@id":"https:\/\/www.spdkoelnnord.de\/gruenguertel-chorweiler-nord-ein-gruenes-juwel-in-neuem-glanz\/","headline":"Gr\u00fcng\u00fcrtel Chorweiler-Nord: Ein gr\u00fcnes Juwel in neuem Glanz","url":"https:\/\/www.spdkoelnnord.de\/gruenguertel-chorweiler-nord-ein-gruenes-juwel-in-neuem-glanz\/","datePublished":"2024-06-24","dateModified":"2024-06-27","mainEntityOfPage":"https:\/\/www.spdkoelnnord.de\/gruenguertel-chorweiler-nord-ein-gruenes-juwel-in-neuem-glanz\/","author":{"@type":"Person","@id":"https:\/\/www.spdkoelnnord.de\/author\/helga_wagner\/#Person","name":"Helga Wagner","url":"https:\/\/www.spdkoelnnord.de\/author\/helga_wagner\/","identifier":363,"image":{"@type":"ImageObject","@id":"https:\/\/www.spdkoelnnord.de\/wp-content\/plugins\/wp-user-avatar\/deprecated\/wp-user-avatar\/images\/wpua-96x96.png","url":"https:\/\/www.spdkoelnnord.de\/wp-content\/plugins\/wp-user-avatar\/deprecated\/wp-user-avatar\/images\/wpua-96x96.png","height":96,"width":96}},"publisher":{"@type":"Organization","name":"SPD im K\u00f6lner Norden","logo":{"@type":"ImageObject","@id":"https:\/\/www.spdkoelnnord.de\/wp-content\/uploads\/2019\/10\/cropped-logo_ko\u0308lnspd.jpg","url":"https:\/\/www.spdkoelnnord.de\/wp-content\/uploads\/2019\/10\/cropped-logo_ko\u0308lnspd.jpg","width":null,"height":null}},"image":{"@type":"ImageObject","@id":"https:\/\/www.spdkoelnnord.de\/wp-content\/uploads\/2024\/06\/09b536e0-a7fd-4a84-b984-919de821cd37.jpg","url":"https:\/\/www.spdkoelnnord.de\/wp-content\/uploads\/2024\/06\/09b536e0-a7fd-4a84-b984-919de821cd37.jpg","height":623,"width":940},"wordCount":345,"keywords":["chorweiler","glanz","grunes","grungurtel","juwel","neuem"]}]},{"@context":"https:\/\/schema.org","@type":"WebSite","@id":"https:\/\/www.spdkoelnnord.de\/#website","name":"Die SPD im K\u00f6lner Norden","url":"https:\/\/www.spdkoelnnord.de","potentialAction":{"@type":"SearchAction","target":"https:\/\/www.spdkoelnnord.de\/?s={search_term_string}","query-input":"required name=search_term_string"}}]