[{"@context":"https:\/\/schema.org\/","@type":"Blog","@id":"https:\/\/www.spdkoelnnord.de#Blog","headline":"Die SPD im K\u00f6lner Norden","description":"Die SPD im Stadtbezirk K\u00f6ln - Chorweiler","url":"https:\/\/www.spdkoelnnord.de","blogPost":[{"@type":"BlogPosting","@id":"https:\/\/www.spdkoelnnord.de\/verleihung-des-kommunalzertifikats-der-koelner-spd\/","headline":"Verleihung des Kommunalzertifikats der K\u00f6lner SPD","url":"https:\/\/www.spdkoelnnord.de\/verleihung-des-kommunalzertifikats-der-koelner-spd\/","datePublished":"2024-06-22","dateModified":"2024-06-27","mainEntityOfPage":"https:\/\/www.spdkoelnnord.de\/verleihung-des-kommunalzertifikats-der-koelner-spd\/","author":{"@type":"Person","@id":"https:\/\/www.spdkoelnnord.de\/author\/helga_wagner\/#Person","name":"Helga Wagner","url":"https:\/\/www.spdkoelnnord.de\/author\/helga_wagner\/","identifier":363,"image":{"@type":"ImageObject","@id":"https:\/\/www.spdkoelnnord.de\/wp-content\/plugins\/wp-user-avatar\/deprecated\/wp-user-avatar\/images\/wpua-96x96.png","url":"https:\/\/www.spdkoelnnord.de\/wp-content\/plugins\/wp-user-avatar\/deprecated\/wp-user-avatar\/images\/wpua-96x96.png","height":96,"width":96}},"publisher":{"@type":"Organization","name":"SPD im K\u00f6lner Norden","logo":{"@type":"ImageObject","@id":"https:\/\/www.spdkoelnnord.de\/wp-content\/uploads\/2019\/10\/cropped-logo_ko\u0308lnspd.jpg","url":"https:\/\/www.spdkoelnnord.de\/wp-content\/uploads\/2019\/10\/cropped-logo_ko\u0308lnspd.jpg","width":null,"height":null}},"image":{"@type":"ImageObject","@id":"https:\/\/www.spdkoelnnord.de\/wp-content\/uploads\/2024\/06\/WhatsApp-Bild-2024-06-20-um-23.36.40_c06f0980.jpg","url":"https:\/\/www.spdkoelnnord.de\/wp-content\/uploads\/2024\/06\/WhatsApp-Bild-2024-06-20-um-23.36.40_c06f0980.jpg","height":1200,"width":900},"wordCount":618,"keywords":["Bachhausen (Berg)","Burgergemeinde Bern","demokratie","Ehrenamt","Gemeinwohl","Gesellschaft (Soziologie)","kolner","kommunalzertifikats","Konfliktmanagement","\u00d6ffentlichkeitsarbeit","Organisation","politik","Politiker","Qualifikation (Personalwesen)","Sozialdemokratische Partei Deutschlands","verantwortung","verleihung","wissen"]},{"@type":"BlogPosting","@id":"https:\/\/www.spdkoelnnord.de\/jugendlandtag-2024-drei-tage-politik-hautnah-erleben\/","headline":"Jugendlandtag 2024: Drei Tage Politik hautnah erleben","url":"https:\/\/www.spdkoelnnord.de\/jugendlandtag-2024-drei-tage-politik-hautnah-erleben\/","datePublished":"2024-06-21","dateModified":"2024-06-22","mainEntityOfPage":"https:\/\/www.spdkoelnnord.de\/jugendlandtag-2024-drei-tage-politik-hautnah-erleben\/","author":{"@type":"Person","@id":"https:\/\/www.spdkoelnnord.de\/author\/koelnspd\/#Person","name":"K\u00f6lnSPD","url":"https:\/\/www.spdkoelnnord.de\/author\/koelnspd\/","identifier":11,"description":"SPD-Unterbezirk K\u00f6ln\r\nMagnusstra\u00dfe 18 b\r\n50672 K\u00f6ln\r\nTel: 0221 \/ 92 59 81-0","image":{"@type":"ImageObject","@id":"https:\/\/www.spdkoelnnord.de\/wp-content\/plugins\/wp-user-avatar\/deprecated\/wp-user-avatar\/images\/wpua-96x96.png","url":"https:\/\/www.spdkoelnnord.de\/wp-content\/plugins\/wp-user-avatar\/deprecated\/wp-user-avatar\/images\/wpua-96x96.png","height":96,"width":96}},"publisher":{"@type":"Organization","name":"SPD im K\u00f6lner Norden","logo":{"@type":"ImageObject","@id":"https:\/\/www.spdkoelnnord.de\/wp-content\/uploads\/2019\/10\/cropped-logo_ko\u0308lnspd.jpg","url":"https:\/\/www.spdkoelnnord.de\/wp-content\/uploads\/2019\/10\/cropped-logo_ko\u0308lnspd.jpg","width":null,"height":null}},"image":{"@type":"ImageObject","@id":"https:\/\/www.spdkoelnnord.de\/wp-content\/uploads\/2024\/05\/f9c341d4-c6db-493a-acf8-27cf17c1c2e3.jpg","url":"https:\/\/www.spdkoelnnord.de\/wp-content\/uploads\/2024\/05\/f9c341d4-c6db-493a-acf8-27cf17c1c2e3.jpg","height":680,"width":1024},"wordCount":337,"keywords":["erleben","hautnah","jugendlandtag","politik"]},{"@type":"BlogPosting","@id":"https:\/\/www.spdkoelnnord.de\/kauf-einer-neuen-faehre-steht-bevor\/","headline":"Kauf einer neuen F\u00e4hre steht bevor","url":"https:\/\/www.spdkoelnnord.de\/kauf-einer-neuen-faehre-steht-bevor\/","datePublished":"2024-06-21","dateModified":"2024-06-21","mainEntityOfPage":"https:\/\/www.spdkoelnnord.de\/kauf-einer-neuen-faehre-steht-bevor\/","author":{"@type":"Person","@id":"https:\/\/www.spdkoelnnord.de\/author\/koeln_nord\/#Person","name":"SPD im K\u00f6lner Norden","url":"https:\/\/www.spdkoelnnord.de\/author\/koeln_nord\/","identifier":1221,"image":{"@type":"ImageObject","@id":"https:\/\/www.spdkoelnnord.de\/wp-content\/uploads\/2024\/02\/logo_koelnspd-150x150.png","url":"https:\/\/www.spdkoelnnord.de\/wp-content\/uploads\/2024\/02\/logo_koelnspd-150x150.png","height":96,"width":96}},"publisher":{"@type":"Organization","name":"SPD im K\u00f6lner Norden","logo":{"@type":"ImageObject","@id":"https:\/\/www.spdkoelnnord.de\/wp-content\/uploads\/2019\/10\/cropped-logo_ko\u0308lnspd.jpg","url":"https:\/\/www.spdkoelnnord.de\/wp-content\/uploads\/2019\/10\/cropped-logo_ko\u0308lnspd.jpg","width":null,"height":null}},"image":{"@type":"ImageObject","@id":"https:\/\/www.spdkoelnnord.de\/wp-content\/uploads\/2024\/02\/IMG_20240128_160429-scaled.jpg","url":"https:\/\/www.spdkoelnnord.de\/wp-content\/uploads\/2024\/02\/IMG_20240128_160429-scaled.jpg","height":1200,"width":900},"wordCount":450,"keywords":["Aufsichtsrat","bevor","Daseinsvorsorge","einer","Emission (Umwelt)","fahre","H\u00e4fen und G\u00fcterverkehr K\u00f6ln","Hitdorf","Langel (K\u00f6ln-Merkenich)","Langel (K\u00f6ln)","leverkusen","Monheim am Rhein","neuen","Pendler","steht"]},{"@type":"BlogPosting","@id":"https:\/\/www.spdkoelnnord.de\/eu-gesetz-zur-chatkontrolle-vorerst-gescheitert\/","headline":"EU-Gesetz zur Chatkontrolle vorerst gescheitert","url":"https:\/\/www.spdkoelnnord.de\/eu-gesetz-zur-chatkontrolle-vorerst-gescheitert\/","datePublished":"2024-06-21","dateModified":"2024-06-21","mainEntityOfPage":"https:\/\/www.spdkoelnnord.de\/eu-gesetz-zur-chatkontrolle-vorerst-gescheitert\/","author":{"@type":"Person","@id":"https:\/\/www.spdkoelnnord.de\/author\/spdbundestagsfraktion\/#Person","name":"Bundestagsfraktion","url":"https:\/\/www.spdkoelnnord.de\/author\/spdbundestagsfraktion\/","identifier":325,"image":{"@type":"ImageObject","@id":"https:\/\/www.spdkoelnnord.de\/wp-content\/plugins\/wp-user-avatar\/deprecated\/wp-user-avatar\/images\/wpua-96x96.png","url":"https:\/\/www.spdkoelnnord.de\/wp-content\/plugins\/wp-user-avatar\/deprecated\/wp-user-avatar\/images\/wpua-96x96.png","height":96,"width":96}},"publisher":{"@type":"Organization","name":"SPD im K\u00f6lner Norden","logo":{"@type":"ImageObject","@id":"https:\/\/www.spdkoelnnord.de\/wp-content\/uploads\/2019\/10\/cropped-logo_ko\u0308lnspd.jpg","url":"https:\/\/www.spdkoelnnord.de\/wp-content\/uploads\/2019\/10\/cropped-logo_ko\u0308lnspd.jpg","width":null,"height":null}},"image":{"@type":"ImageObject","@id":"https:\/\/www.spdkoelnnord.de\/wp-content\/uploads\/2024\/06\/37800e43-79be-4803-b81e-83dbea5b21fb.jpg","url":"https:\/\/www.spdkoelnnord.de\/wp-content\/uploads\/2024\/06\/37800e43-79be-4803-b81e-83dbea5b21fb.jpg","height":252,"width":500},"wordCount":245,"keywords":["Bundesministerium des Innern und f\u00fcr Heimat","Bundesregierung (Deutschland)","chatkontrolle","Client-Side-Scanning","Europ\u00e4ische Union","Fraktion (Bundestag)","gescheitert","gesetz","Gesetzgebung","Jens Zimmermann (Politiker)","Nancy Faeser","Netzpolitik.org","Rechtsstaat","vorerst"]},{"@type":"BlogPosting","@id":"https:\/\/www.spdkoelnnord.de\/erneuter-stellenabbau-bei-ford-ist-ein-schock\/","headline":"Erneuter Stellenabbau bei Ford ist ein Schock","url":"https:\/\/www.spdkoelnnord.de\/erneuter-stellenabbau-bei-ford-ist-ein-schock\/","datePublished":"2024-06-19","dateModified":"2024-06-19","mainEntityOfPage":"https:\/\/www.spdkoelnnord.de\/erneuter-stellenabbau-bei-ford-ist-ein-schock\/","author":{"@type":"Person","@id":"https:\/\/www.spdkoelnnord.de\/author\/helga_wagner\/#Person","name":"Helga Wagner","url":"https:\/\/www.spdkoelnnord.de\/author\/helga_wagner\/","identifier":363,"image":{"@type":"ImageObject","@id":"https:\/\/www.spdkoelnnord.de\/wp-content\/plugins\/wp-user-avatar\/deprecated\/wp-user-avatar\/images\/wpua-96x96.png","url":"https:\/\/www.spdkoelnnord.de\/wp-content\/plugins\/wp-user-avatar\/deprecated\/wp-user-avatar\/images\/wpua-96x96.png","height":96,"width":96}},"publisher":{"@type":"Organization","name":"SPD im K\u00f6lner Norden","logo":{"@type":"ImageObject","@id":"https:\/\/www.spdkoelnnord.de\/wp-content\/uploads\/2019\/10\/cropped-logo_ko\u0308lnspd.jpg","url":"https:\/\/www.spdkoelnnord.de\/wp-content\/uploads\/2019\/10\/cropped-logo_ko\u0308lnspd.jpg","width":null,"height":null}},"image":{"@type":"ImageObject","@id":"https:\/\/www.spdkoelnnord.de\/wp-content\/uploads\/2024\/06\/7cfa720f-a65c-4fcd-bc1c-1423dce1d950-e1718817339947.jpg","url":"https:\/\/www.spdkoelnnord.de\/wp-content\/uploads\/2024\/06\/7cfa720f-a65c-4fcd-bc1c-1423dce1d950-e1718817339947.jpg","height":544,"width":657},"wordCount":158,"keywords":["erneuter","schock","stellenabbau"]},{"@type":"BlogPosting","@id":"https:\/\/www.spdkoelnnord.de\/hochwasserschutz-in-nrw-sorgen-der-menschen-zum-retentionsraum-im-worringer-bruch-muessen-ernstgenommen-werden\/","headline":"Hochwasserschutz in NRW: Sorgen der Menschen zum Retentionsraum im Worringer Bruch m\u00fcssen ernstgenommen werden","url":"https:\/\/www.spdkoelnnord.de\/hochwasserschutz-in-nrw-sorgen-der-menschen-zum-retentionsraum-im-worringer-bruch-muessen-ernstgenommen-werden\/","datePublished":"2024-06-19","dateModified":"2024-06-19","mainEntityOfPage":"https:\/\/www.spdkoelnnord.de\/hochwasserschutz-in-nrw-sorgen-der-menschen-zum-retentionsraum-im-worringer-bruch-muessen-ernstgenommen-werden\/","author":{"@type":"Person","@id":"https:\/\/www.spdkoelnnord.de\/author\/helga_wagner\/#Person","name":"Helga Wagner","url":"https:\/\/www.spdkoelnnord.de\/author\/helga_wagner\/","identifier":363,"image":{"@type":"ImageObject","@id":"https:\/\/www.spdkoelnnord.de\/wp-content\/plugins\/wp-user-avatar\/deprecated\/wp-user-avatar\/images\/wpua-96x96.png","url":"https:\/\/www.spdkoelnnord.de\/wp-content\/plugins\/wp-user-avatar\/deprecated\/wp-user-avatar\/images\/wpua-96x96.png","height":96,"width":96}},"publisher":{"@type":"Organization","name":"SPD im K\u00f6lner Norden","logo":{"@type":"ImageObject","@id":"https:\/\/www.spdkoelnnord.de\/wp-content\/uploads\/2019\/10\/cropped-logo_ko\u0308lnspd.jpg","url":"https:\/\/www.spdkoelnnord.de\/wp-content\/uploads\/2019\/10\/cropped-logo_ko\u0308lnspd.jpg","width":null,"height":null}},"image":{"@type":"ImageObject","@id":"https:\/\/www.spdkoelnnord.de\/wp-content\/uploads\/2024\/06\/20f499fc-9060-4fff-bccf-0d8e142aea6d.jpg","url":"https:\/\/www.spdkoelnnord.de\/wp-content\/uploads\/2024\/06\/20f499fc-9060-4fff-bccf-0d8e142aea6d.jpg","height":683,"width":1024},"wordCount":400,"keywords":["bruch","Bundesministerium f\u00fcr Umwelt, Naturschutz, nukleare Sicherheit und Verbraucherschutz","hochwasserschutz","K\u00f6ln","menschen","mussen","Nordrhein-Westfalen","Oliver Krischer","Retention (Wasserwirtschaft)","retentionsraum","Roggendorf\/Thenhoven","Schutzgebiete im Natur- und Landschaftsschutz","sorgen","Stra\u00dfenquerschnitt","\u00dcberschwemmungsgebiet","worringen","worringer","Worringer Bruch"]},{"@type":"BlogPosting","@id":"https:\/\/www.spdkoelnnord.de\/sexueller-missbrauch-von-kindern-geht-uns-alle-an\/","headline":"Sexueller Missbrauch von Kindern geht uns alle an","url":"https:\/\/www.spdkoelnnord.de\/sexueller-missbrauch-von-kindern-geht-uns-alle-an\/","datePublished":"2024-06-19","dateModified":"2024-06-19","mainEntityOfPage":"https:\/\/www.spdkoelnnord.de\/sexueller-missbrauch-von-kindern-geht-uns-alle-an\/","author":{"@type":"Person","@id":"https:\/\/www.spdkoelnnord.de\/author\/spdbundestagsfraktion\/#Person","name":"Bundestagsfraktion","url":"https:\/\/www.spdkoelnnord.de\/author\/spdbundestagsfraktion\/","identifier":325,"image":{"@type":"ImageObject","@id":"https:\/\/www.spdkoelnnord.de\/wp-content\/plugins\/wp-user-avatar\/deprecated\/wp-user-avatar\/images\/wpua-96x96.png","url":"https:\/\/www.spdkoelnnord.de\/wp-content\/plugins\/wp-user-avatar\/deprecated\/wp-user-avatar\/images\/wpua-96x96.png","height":96,"width":96}},"publisher":{"@type":"Organization","name":"SPD im K\u00f6lner Norden","logo":{"@type":"ImageObject","@id":"https:\/\/www.spdkoelnnord.de\/wp-content\/uploads\/2019\/10\/cropped-logo_ko\u0308lnspd.jpg","url":"https:\/\/www.spdkoelnnord.de\/wp-content\/uploads\/2019\/10\/cropped-logo_ko\u0308lnspd.jpg","width":null,"height":null}},"image":{"@type":"ImageObject","@id":"https:\/\/www.spdkoelnnord.de\/wp-content\/uploads\/2025\/02\/spd-verschwommen.jpg","url":"https:\/\/www.spdkoelnnord.de\/wp-content\/uploads\/2025\/02\/spd-verschwommen.jpg","height":675,"width":1200},"wordCount":252,"keywords":["aufklarung","Bundesregierung (Deutschland)","Daniel Baldy","Fr\u00fche Hilfen","Grundgesetz f\u00fcr die Bundesrepublik Deutschland","kindern","kinderrechte","kinderschutz","Leni Breymaier","missbrauch","pravention","sexueller","Sexueller Missbrauch","Sexueller Missbrauch von Kindern","Vergewaltigung"]}]},{"@context":"https:\/\/schema.org","@type":"WebSite","@id":"https:\/\/www.spdkoelnnord.de\/#website","name":"Die SPD im K\u00f6lner Norden","url":"https:\/\/www.spdkoelnnord.de","potentialAction":{"@type":"SearchAction","target":"https:\/\/www.spdkoelnnord.de\/?s={search_term_string}","query-input":"required name=search_term_string"}}]