[{"@context":"https:\/\/schema.org\/","@type":"Blog","@id":"https:\/\/www.spdkoelnnord.de#Blog","headline":"Die SPD im K\u00f6lner Norden","description":"Die SPD im Stadtbezirk K\u00f6ln - Chorweiler","url":"https:\/\/www.spdkoelnnord.de","blogPost":[{"@type":"BlogPosting","@id":"https:\/\/www.spdkoelnnord.de\/massnahmen-zur-erhoehung-der-sicherheit-und-sauberkeit-auf-spielplaetzen-und-in-den-gruenanlagen\/","headline":"Ma\u00dfnahmen zur Erh\u00f6hung der Sicherheit und Sauberkeit auf Spielpl\u00e4tzen und in den Gr\u00fcnanlagen","url":"https:\/\/www.spdkoelnnord.de\/massnahmen-zur-erhoehung-der-sicherheit-und-sauberkeit-auf-spielplaetzen-und-in-den-gruenanlagen\/","datePublished":"2024-06-18","dateModified":"2024-06-18","mainEntityOfPage":"https:\/\/www.spdkoelnnord.de\/massnahmen-zur-erhoehung-der-sicherheit-und-sauberkeit-auf-spielplaetzen-und-in-den-gruenanlagen\/","author":{"@type":"Person","@id":"https:\/\/www.spdkoelnnord.de\/author\/helga_wagner\/#Person","name":"Helga Wagner","url":"https:\/\/www.spdkoelnnord.de\/author\/helga_wagner\/","identifier":363,"image":{"@type":"ImageObject","@id":"https:\/\/www.spdkoelnnord.de\/wp-content\/plugins\/wp-user-avatar\/deprecated\/wp-user-avatar\/images\/wpua-96x96.png","url":"https:\/\/www.spdkoelnnord.de\/wp-content\/plugins\/wp-user-avatar\/deprecated\/wp-user-avatar\/images\/wpua-96x96.png","height":96,"width":96}},"publisher":{"@type":"Organization","name":"SPD im K\u00f6lner Norden","logo":{"@type":"ImageObject","@id":"https:\/\/www.spdkoelnnord.de\/wp-content\/uploads\/2019\/10\/cropped-logo_ko\u0308lnspd.jpg","url":"https:\/\/www.spdkoelnnord.de\/wp-content\/uploads\/2019\/10\/cropped-logo_ko\u0308lnspd.jpg","width":null,"height":null}},"image":{"@type":"ImageObject","@id":"https:\/\/www.spdkoelnnord.de\/wp-content\/uploads\/2024\/06\/WhatsApp-Bild-2024-06-18-um-18.25.02_9aadb68a.jpg","url":"https:\/\/www.spdkoelnnord.de\/wp-content\/uploads\/2024\/06\/WhatsApp-Bild-2024-06-18-um-18.25.02_9aadb68a.jpg","height":545,"width":1189},"wordCount":154,"keywords":["erhohung","grunanlagen","nahmen","sauberkeit","sicherheit","spielplatzen"]},{"@type":"BlogPosting","@id":"https:\/\/www.spdkoelnnord.de\/rueckschnitt-der-ueberwuchernden-pflanzen-auf-dem-grasnelkenweg\/","headline":"R\u00fcckschnitt der \u00fcberwuchernden Pflanzen auf dem Grasnelkenweg","url":"https:\/\/www.spdkoelnnord.de\/rueckschnitt-der-ueberwuchernden-pflanzen-auf-dem-grasnelkenweg\/","datePublished":"2024-06-18","dateModified":"2024-06-18","mainEntityOfPage":"https:\/\/www.spdkoelnnord.de\/rueckschnitt-der-ueberwuchernden-pflanzen-auf-dem-grasnelkenweg\/","author":{"@type":"Person","@id":"https:\/\/www.spdkoelnnord.de\/author\/helga_wagner\/#Person","name":"Helga Wagner","url":"https:\/\/www.spdkoelnnord.de\/author\/helga_wagner\/","identifier":363,"image":{"@type":"ImageObject","@id":"https:\/\/www.spdkoelnnord.de\/wp-content\/plugins\/wp-user-avatar\/deprecated\/wp-user-avatar\/images\/wpua-96x96.png","url":"https:\/\/www.spdkoelnnord.de\/wp-content\/plugins\/wp-user-avatar\/deprecated\/wp-user-avatar\/images\/wpua-96x96.png","height":96,"width":96}},"publisher":{"@type":"Organization","name":"SPD im K\u00f6lner Norden","logo":{"@type":"ImageObject","@id":"https:\/\/www.spdkoelnnord.de\/wp-content\/uploads\/2019\/10\/cropped-logo_ko\u0308lnspd.jpg","url":"https:\/\/www.spdkoelnnord.de\/wp-content\/uploads\/2019\/10\/cropped-logo_ko\u0308lnspd.jpg","width":null,"height":null}},"image":{"@type":"ImageObject","@id":"https:\/\/www.spdkoelnnord.de\/wp-content\/uploads\/2024\/06\/WhatsApp-Bild-2024-06-18-um-16.42.27_e2e91f6e.jpg","url":"https:\/\/www.spdkoelnnord.de\/wp-content\/uploads\/2024\/06\/WhatsApp-Bild-2024-06-18-um-16.42.27_e2e91f6e.jpg","height":1200,"width":900},"wordCount":139,"keywords":["grasnelkenweg","pflanzen","ruckschnitt","uberwuchernden"]},{"@type":"BlogPosting","@id":"https:\/\/www.spdkoelnnord.de\/antrag-auf-einrichtung-von-behindertenparkplaetzen-auf-dem-turkuplatz\/","headline":"Antrag auf Einrichtung von Behindertenparkpl\u00e4tzen auf dem Turkuplatz","url":"https:\/\/www.spdkoelnnord.de\/antrag-auf-einrichtung-von-behindertenparkplaetzen-auf-dem-turkuplatz\/","datePublished":"2024-06-17","dateModified":"2024-06-17","mainEntityOfPage":"https:\/\/www.spdkoelnnord.de\/antrag-auf-einrichtung-von-behindertenparkplaetzen-auf-dem-turkuplatz\/","author":{"@type":"Person","@id":"https:\/\/www.spdkoelnnord.de\/author\/helga_wagner\/#Person","name":"Helga Wagner","url":"https:\/\/www.spdkoelnnord.de\/author\/helga_wagner\/","identifier":363,"image":{"@type":"ImageObject","@id":"https:\/\/www.spdkoelnnord.de\/wp-content\/plugins\/wp-user-avatar\/deprecated\/wp-user-avatar\/images\/wpua-96x96.png","url":"https:\/\/www.spdkoelnnord.de\/wp-content\/plugins\/wp-user-avatar\/deprecated\/wp-user-avatar\/images\/wpua-96x96.png","height":96,"width":96}},"publisher":{"@type":"Organization","name":"SPD im K\u00f6lner Norden","logo":{"@type":"ImageObject","@id":"https:\/\/www.spdkoelnnord.de\/wp-content\/uploads\/2019\/10\/cropped-logo_ko\u0308lnspd.jpg","url":"https:\/\/www.spdkoelnnord.de\/wp-content\/uploads\/2019\/10\/cropped-logo_ko\u0308lnspd.jpg","width":null,"height":null}},"image":{"@type":"ImageObject","@id":"https:\/\/www.spdkoelnnord.de\/wp-content\/uploads\/2024\/06\/448520847_797379182500847_8474615471984238805_n-e1718616064808.jpg","url":"https:\/\/www.spdkoelnnord.de\/wp-content\/uploads\/2024\/06\/448520847_797379182500847_8474615471984238805_n-e1718616064808.jpg","height":293,"width":370},"wordCount":133,"keywords":["antrag","behindertenparkplatzen","einrichtung","turkuplatz"]},{"@type":"BlogPosting","@id":"https:\/\/www.spdkoelnnord.de\/beweidungsmassnahme-in-der-rheinaue-worringen\/","headline":"Beweidungsma\u00dfnahme in der Rheinaue Worringen","url":"https:\/\/www.spdkoelnnord.de\/beweidungsmassnahme-in-der-rheinaue-worringen\/","datePublished":"2024-06-15","dateModified":"2024-06-15","mainEntityOfPage":"https:\/\/www.spdkoelnnord.de\/beweidungsmassnahme-in-der-rheinaue-worringen\/","author":{"@type":"Person","@id":"https:\/\/www.spdkoelnnord.de\/author\/helga_wagner\/#Person","name":"Helga Wagner","url":"https:\/\/www.spdkoelnnord.de\/author\/helga_wagner\/","identifier":363,"image":{"@type":"ImageObject","@id":"https:\/\/www.spdkoelnnord.de\/wp-content\/plugins\/wp-user-avatar\/deprecated\/wp-user-avatar\/images\/wpua-96x96.png","url":"https:\/\/www.spdkoelnnord.de\/wp-content\/plugins\/wp-user-avatar\/deprecated\/wp-user-avatar\/images\/wpua-96x96.png","height":96,"width":96}},"publisher":{"@type":"Organization","name":"SPD im K\u00f6lner Norden","logo":{"@type":"ImageObject","@id":"https:\/\/www.spdkoelnnord.de\/wp-content\/uploads\/2019\/10\/cropped-logo_ko\u0308lnspd.jpg","url":"https:\/\/www.spdkoelnnord.de\/wp-content\/uploads\/2019\/10\/cropped-logo_ko\u0308lnspd.jpg","width":null,"height":null}},"image":{"@type":"ImageObject","@id":"https:\/\/www.spdkoelnnord.de\/wp-content\/uploads\/2024\/06\/WhatsApp-Bild-2024-06-15-um-14.28.04_42f49e16.jpg","url":"https:\/\/www.spdkoelnnord.de\/wp-content\/uploads\/2024\/06\/WhatsApp-Bild-2024-06-15-um-14.28.04_42f49e16.jpg","height":900,"width":1200},"wordCount":79,"keywords":["beweidungsma","Biodiversit\u00e4t","Flussaue","nahme","rheinaue","worringen"]},{"@type":"BlogPosting","@id":"https:\/\/www.spdkoelnnord.de\/wahlnachlese-fuer-die-europawahl\/","headline":"Wahlnachlese f\u00fcr die Europawahl","url":"https:\/\/www.spdkoelnnord.de\/wahlnachlese-fuer-die-europawahl\/","datePublished":"2024-06-14","dateModified":"2024-06-15","mainEntityOfPage":"https:\/\/www.spdkoelnnord.de\/wahlnachlese-fuer-die-europawahl\/","author":{"@type":"Person","@id":"https:\/\/www.spdkoelnnord.de\/author\/bezirk_mitthelrhein\/#Person","name":"Bezirk Mittelrhein","url":"https:\/\/www.spdkoelnnord.de\/author\/bezirk_mitthelrhein\/","identifier":1226,"description":"Zur rheinischen Region geh\u00f6ren die St\u00e4dte K\u00f6ln, Bonn, Aachen und Leverkusen, die St\u00e4dteRegion Aachen sowie die Kreise D\u00fcren, Euskirchen, Rhein-Sieg, Rhein-Erft, Rhein-Berg, Heinsberg und Oberberg.\r\n\r\nAuf dieser Seite finden Sie Informationen aus der Arbeit des SPD-Bezirks und Informationen zu Ihren Abgeordneten in Bund, Land und Europa.","image":{"@type":"ImageObject","@id":"https:\/\/www.spdkoelnnord.de\/wp-content\/plugins\/wp-user-avatar\/deprecated\/wp-user-avatar\/images\/wpua-96x96.png","url":"https:\/\/www.spdkoelnnord.de\/wp-content\/plugins\/wp-user-avatar\/deprecated\/wp-user-avatar\/images\/wpua-96x96.png","height":96,"width":96}},"publisher":{"@type":"Organization","name":"SPD im K\u00f6lner Norden","logo":{"@type":"ImageObject","@id":"https:\/\/www.spdkoelnnord.de\/wp-content\/uploads\/2019\/10\/cropped-logo_ko\u0308lnspd.jpg","url":"https:\/\/www.spdkoelnnord.de\/wp-content\/uploads\/2019\/10\/cropped-logo_ko\u0308lnspd.jpg","width":null,"height":null}},"image":{"@type":"ImageObject","@id":"https:\/\/www.spdkoelnnord.de\/wp-content\/uploads\/2024\/06\/2ab92428-9fd3-4f89-b9e2-69580ed61e4c.jpg","url":"https:\/\/www.spdkoelnnord.de\/wp-content\/uploads\/2024\/06\/2ab92428-9fd3-4f89-b9e2-69580ed61e4c.jpg","height":683,"width":1024},"wordCount":399,"keywords":["europawahl","wahlnachlese"]},{"@type":"BlogPosting","@id":"https:\/\/www.spdkoelnnord.de\/mit-lena-teschlade-in-den-landtag\/","headline":"Mit Lena Teschlade in den Landtag","url":"https:\/\/www.spdkoelnnord.de\/mit-lena-teschlade-in-den-landtag\/","datePublished":"2024-06-13","dateModified":"2024-06-13","mainEntityOfPage":"https:\/\/www.spdkoelnnord.de\/mit-lena-teschlade-in-den-landtag\/","author":{"@type":"Person","@id":"https:\/\/www.spdkoelnnord.de\/author\/helga_wagner\/#Person","name":"Helga Wagner","url":"https:\/\/www.spdkoelnnord.de\/author\/helga_wagner\/","identifier":363,"image":{"@type":"ImageObject","@id":"https:\/\/www.spdkoelnnord.de\/wp-content\/plugins\/wp-user-avatar\/deprecated\/wp-user-avatar\/images\/wpua-96x96.png","url":"https:\/\/www.spdkoelnnord.de\/wp-content\/plugins\/wp-user-avatar\/deprecated\/wp-user-avatar\/images\/wpua-96x96.png","height":96,"width":96}},"publisher":{"@type":"Organization","name":"SPD im K\u00f6lner Norden","logo":{"@type":"ImageObject","@id":"https:\/\/www.spdkoelnnord.de\/wp-content\/uploads\/2019\/10\/cropped-logo_ko\u0308lnspd.jpg","url":"https:\/\/www.spdkoelnnord.de\/wp-content\/uploads\/2019\/10\/cropped-logo_ko\u0308lnspd.jpg","width":null,"height":null}},"image":{"@type":"ImageObject","@id":"https:\/\/www.spdkoelnnord.de\/wp-content\/uploads\/2024\/05\/f9c341d4-c6db-493a-acf8-27cf17c1c2e3.jpg","url":"https:\/\/www.spdkoelnnord.de\/wp-content\/uploads\/2024\/05\/f9c341d4-c6db-493a-acf8-27cf17c1c2e3.jpg","height":680,"width":1024},"wordCount":399,"keywords":["dusseldorf","E-Mail","First Come, First Serve","Kaffee","landtag","Landtag Nordrhein-Westfalen","Lena Teschlade","Mit freundlichen Gr\u00fc\u00dfen (Album)","S-Bahn","teschlade"]},{"@type":"BlogPosting","@id":"https:\/\/www.spdkoelnnord.de\/skandaloese-intransparenz-und-finanzielles-chaos-landesregierung-nrw-hat-ihre-finanzen-weiter-nicht-im-griff\/","headline":"Skandal\u00f6se Intransparenz und finanzielles Chaos: Landesregierung NRW hat ihre Finanzen weiter nicht im Griff","url":"https:\/\/www.spdkoelnnord.de\/skandaloese-intransparenz-und-finanzielles-chaos-landesregierung-nrw-hat-ihre-finanzen-weiter-nicht-im-griff\/","datePublished":"2024-06-13","dateModified":"2024-06-13","mainEntityOfPage":"https:\/\/www.spdkoelnnord.de\/skandaloese-intransparenz-und-finanzielles-chaos-landesregierung-nrw-hat-ihre-finanzen-weiter-nicht-im-griff\/","author":{"@type":"Person","@id":"https:\/\/www.spdkoelnnord.de\/author\/koelnspd\/#Person","name":"K\u00f6lnSPD","url":"https:\/\/www.spdkoelnnord.de\/author\/koelnspd\/","identifier":11,"description":"SPD-Unterbezirk K\u00f6ln\r\nMagnusstra\u00dfe 18 b\r\n50672 K\u00f6ln\r\nTel: 0221 \/ 92 59 81-0","image":{"@type":"ImageObject","@id":"https:\/\/www.spdkoelnnord.de\/wp-content\/plugins\/wp-user-avatar\/deprecated\/wp-user-avatar\/images\/wpua-96x96.png","url":"https:\/\/www.spdkoelnnord.de\/wp-content\/plugins\/wp-user-avatar\/deprecated\/wp-user-avatar\/images\/wpua-96x96.png","height":96,"width":96}},"publisher":{"@type":"Organization","name":"SPD im K\u00f6lner Norden","logo":{"@type":"ImageObject","@id":"https:\/\/www.spdkoelnnord.de\/wp-content\/uploads\/2019\/10\/cropped-logo_ko\u0308lnspd.jpg","url":"https:\/\/www.spdkoelnnord.de\/wp-content\/uploads\/2019\/10\/cropped-logo_ko\u0308lnspd.jpg","width":null,"height":null}},"image":{"@type":"ImageObject","@id":"https:\/\/www.spdkoelnnord.de\/wp-content\/uploads\/2024\/05\/f9c341d4-c6db-493a-acf8-27cf17c1c2e3.jpg","url":"https:\/\/www.spdkoelnnord.de\/wp-content\/uploads\/2024\/05\/f9c341d4-c6db-493a-acf8-27cf17c1c2e3.jpg","height":680,"width":1024},"wordCount":483,"keywords":["aufklarung","Bundesministerium der Finanzen","chaos","E-Mail","entscheidung","Europ\u00e4ische Union","finanzen","finanzielles","intransparenz","Landesparlament","landesregierung","Landesregierung Nordrhein-Westfalen","Marcus Optendrenk","Nachtragshaushalt","Nordrhein-Westfalen","Plenum","Rechnungshof","Schuldenbremse (Deutschland)","skandalose","Sonderverm\u00f6gen (Haushaltsrecht)","Steuersch\u00e4tzung","ukraine","weiter","Weltfinanzkrise 2007\u20132008"]}]},{"@context":"https:\/\/schema.org","@type":"WebSite","@id":"https:\/\/www.spdkoelnnord.de\/#website","name":"Die SPD im K\u00f6lner Norden","url":"https:\/\/www.spdkoelnnord.de","potentialAction":{"@type":"SearchAction","target":"https:\/\/www.spdkoelnnord.de\/?s={search_term_string}","query-input":"required name=search_term_string"}}]