[{"@context":"https:\/\/schema.org\/","@type":"Blog","@id":"https:\/\/www.spdkoelnnord.de#Blog","headline":"Die SPD im K\u00f6lner Norden","description":"Die SPD im Stadtbezirk K\u00f6ln - Chorweiler","url":"https:\/\/www.spdkoelnnord.de","blogPost":[{"@type":"BlogPosting","@id":"https:\/\/www.spdkoelnnord.de\/gedenken-zum-60-jahrestag-des-flammenwerferattentats-auf-die-schule-in-volkhoven\/","headline":"Gedenken zum 60. Jahrestag des Flammenwerferattentats auf die Schule in Volkhoven","url":"https:\/\/www.spdkoelnnord.de\/gedenken-zum-60-jahrestag-des-flammenwerferattentats-auf-die-schule-in-volkhoven\/","datePublished":"2024-06-11","dateModified":"2024-06-11","mainEntityOfPage":"https:\/\/www.spdkoelnnord.de\/gedenken-zum-60-jahrestag-des-flammenwerferattentats-auf-die-schule-in-volkhoven\/","author":{"@type":"Person","@id":"https:\/\/www.spdkoelnnord.de\/author\/helga_wagner\/#Person","name":"Helga Wagner","url":"https:\/\/www.spdkoelnnord.de\/author\/helga_wagner\/","identifier":363,"image":{"@type":"ImageObject","@id":"https:\/\/www.spdkoelnnord.de\/wp-content\/plugins\/wp-user-avatar\/deprecated\/wp-user-avatar\/images\/wpua-96x96.png","url":"https:\/\/www.spdkoelnnord.de\/wp-content\/plugins\/wp-user-avatar\/deprecated\/wp-user-avatar\/images\/wpua-96x96.png","height":96,"width":96}},"publisher":{"@type":"Organization","name":"SPD im K\u00f6lner Norden","logo":{"@type":"ImageObject","@id":"https:\/\/www.spdkoelnnord.de\/wp-content\/uploads\/2019\/10\/cropped-logo_ko\u0308lnspd.jpg","url":"https:\/\/www.spdkoelnnord.de\/wp-content\/uploads\/2019\/10\/cropped-logo_ko\u0308lnspd.jpg","width":null,"height":null}},"image":{"@type":"ImageObject","@id":"https:\/\/www.spdkoelnnord.de\/wp-content\/uploads\/2024\/06\/IMG_5176.jpg","url":"https:\/\/www.spdkoelnnord.de\/wp-content\/uploads\/2024\/06\/IMG_5176.jpg","height":1200,"width":900},"wordCount":339,"keywords":["flammenwerferattentats","gedenken","jahrestag","K\u00f6ln","Kultur","Parkverbotszone","schule","veedel","volkhoven"]},{"@type":"BlogPosting","@id":"https:\/\/www.spdkoelnnord.de\/oecd-bericht-zu-ki-deutschland-international-fuehrend\/","headline":"OECD-Bericht zu KI: Deutschland international f\u00fchrend","url":"https:\/\/www.spdkoelnnord.de\/oecd-bericht-zu-ki-deutschland-international-fuehrend\/","datePublished":"2024-06-11","dateModified":"2024-06-11","mainEntityOfPage":"https:\/\/www.spdkoelnnord.de\/oecd-bericht-zu-ki-deutschland-international-fuehrend\/","author":{"@type":"Person","@id":"https:\/\/www.spdkoelnnord.de\/author\/spdbundestagsfraktion\/#Person","name":"Bundestagsfraktion","url":"https:\/\/www.spdkoelnnord.de\/author\/spdbundestagsfraktion\/","identifier":325,"image":{"@type":"ImageObject","@id":"https:\/\/www.spdkoelnnord.de\/wp-content\/plugins\/wp-user-avatar\/deprecated\/wp-user-avatar\/images\/wpua-96x96.png","url":"https:\/\/www.spdkoelnnord.de\/wp-content\/plugins\/wp-user-avatar\/deprecated\/wp-user-avatar\/images\/wpua-96x96.png","height":96,"width":96}},"publisher":{"@type":"Organization","name":"SPD im K\u00f6lner Norden","logo":{"@type":"ImageObject","@id":"https:\/\/www.spdkoelnnord.de\/wp-content\/uploads\/2019\/10\/cropped-logo_ko\u0308lnspd.jpg","url":"https:\/\/www.spdkoelnnord.de\/wp-content\/uploads\/2019\/10\/cropped-logo_ko\u0308lnspd.jpg","width":null,"height":null}},"image":{"@type":"ImageObject","@id":"https:\/\/www.spdkoelnnord.de\/wp-content\/uploads\/2024\/06\/6dced6c1-e50e-46f3-bd94-bdd8ee20b9fa.jpg","url":"https:\/\/www.spdkoelnnord.de\/wp-content\/uploads\/2024\/06\/6dced6c1-e50e-46f3-bd94-bdd8ee20b9fa.jpg","height":683,"width":1024},"wordCount":67,"keywords":["bericht","deutschland","fuhrend","international"]},{"@type":"BlogPosting","@id":"https:\/\/www.spdkoelnnord.de\/koelnspd-sehr-enttaeuscht-ueber-die-hochrechnung-zur-europawahl\/","headline":"K\u00f6lnSPD sehr entt\u00e4uscht \u00fcber die Hochrechnung zur Europawahl","url":"https:\/\/www.spdkoelnnord.de\/koelnspd-sehr-enttaeuscht-ueber-die-hochrechnung-zur-europawahl\/","datePublished":"2024-06-10","dateModified":"2024-06-11","mainEntityOfPage":"https:\/\/www.spdkoelnnord.de\/koelnspd-sehr-enttaeuscht-ueber-die-hochrechnung-zur-europawahl\/","author":{"@type":"Person","@id":"https:\/\/www.spdkoelnnord.de\/author\/koelnspd\/#Person","name":"K\u00f6lnSPD","url":"https:\/\/www.spdkoelnnord.de\/author\/koelnspd\/","identifier":11,"description":"SPD-Unterbezirk K\u00f6ln\r\nMagnusstra\u00dfe 18 b\r\n50672 K\u00f6ln\r\nTel: 0221 \/ 92 59 81-0","image":{"@type":"ImageObject","@id":"https:\/\/www.spdkoelnnord.de\/wp-content\/plugins\/wp-user-avatar\/deprecated\/wp-user-avatar\/images\/wpua-96x96.png","url":"https:\/\/www.spdkoelnnord.de\/wp-content\/plugins\/wp-user-avatar\/deprecated\/wp-user-avatar\/images\/wpua-96x96.png","height":96,"width":96}},"publisher":{"@type":"Organization","name":"SPD im K\u00f6lner Norden","logo":{"@type":"ImageObject","@id":"https:\/\/www.spdkoelnnord.de\/wp-content\/uploads\/2019\/10\/cropped-logo_ko\u0308lnspd.jpg","url":"https:\/\/www.spdkoelnnord.de\/wp-content\/uploads\/2019\/10\/cropped-logo_ko\u0308lnspd.jpg","width":null,"height":null}},"image":{"@type":"ImageObject","@id":"https:\/\/www.spdkoelnnord.de\/wp-content\/uploads\/2024\/06\/img-6276-2-claudiaflorian-1980x1320-1.jpg","url":"https:\/\/www.spdkoelnnord.de\/wp-content\/uploads\/2024\/06\/img-6276-2-claudiaflorian-1980x1320-1.jpg","height":800,"width":1200},"wordCount":271,"keywords":["enttauscht","europawahl","hochrechnung","kolnspd"]},{"@type":"BlogPosting","@id":"https:\/\/www.spdkoelnnord.de\/kurzzeitparkzone-fuer-den-friedhof-koeln-weiler-2\/","headline":"Kurzzeitparkzone f\u00fcr den Friedhof K\u00f6ln-Weiler","url":"https:\/\/www.spdkoelnnord.de\/kurzzeitparkzone-fuer-den-friedhof-koeln-weiler-2\/","datePublished":"2024-06-07","dateModified":"2024-06-07","mainEntityOfPage":"https:\/\/www.spdkoelnnord.de\/kurzzeitparkzone-fuer-den-friedhof-koeln-weiler-2\/","author":{"@type":"Person","@id":"https:\/\/www.spdkoelnnord.de\/author\/helga_wagner\/#Person","name":"Helga Wagner","url":"https:\/\/www.spdkoelnnord.de\/author\/helga_wagner\/","identifier":363,"image":{"@type":"ImageObject","@id":"https:\/\/www.spdkoelnnord.de\/wp-content\/plugins\/wp-user-avatar\/deprecated\/wp-user-avatar\/images\/wpua-96x96.png","url":"https:\/\/www.spdkoelnnord.de\/wp-content\/plugins\/wp-user-avatar\/deprecated\/wp-user-avatar\/images\/wpua-96x96.png","height":96,"width":96}},"publisher":{"@type":"Organization","name":"SPD im K\u00f6lner Norden","logo":{"@type":"ImageObject","@id":"https:\/\/www.spdkoelnnord.de\/wp-content\/uploads\/2019\/10\/cropped-logo_ko\u0308lnspd.jpg","url":"https:\/\/www.spdkoelnnord.de\/wp-content\/uploads\/2019\/10\/cropped-logo_ko\u0308lnspd.jpg","width":null,"height":null}},"image":{"@type":"ImageObject","@id":"https:\/\/www.spdkoelnnord.de\/wp-content\/uploads\/2024\/06\/WhatsApp-Bild-2024-06-07-um-22.46.43_27f7ea0f.jpg","url":"https:\/\/www.spdkoelnnord.de\/wp-content\/uploads\/2024\/06\/WhatsApp-Bild-2024-06-07-um-22.46.43_27f7ea0f.jpg","height":1109,"width":1200},"wordCount":108,"keywords":["friedhof","kurzzeitparkzone","Volkhoven\/Weiler","weiler"]},{"@type":"BlogPosting","@id":"https:\/\/www.spdkoelnnord.de\/planspiel-zukunftsdialog-2024\/","headline":"Planspiel Zukunftsdialog 2024","url":"https:\/\/www.spdkoelnnord.de\/planspiel-zukunftsdialog-2024\/","datePublished":"2024-06-06","dateModified":"2024-06-11","mainEntityOfPage":"https:\/\/www.spdkoelnnord.de\/planspiel-zukunftsdialog-2024\/","author":{"@type":"Person","@id":"https:\/\/www.spdkoelnnord.de\/author\/spdbundestagsfraktion\/#Person","name":"Bundestagsfraktion","url":"https:\/\/www.spdkoelnnord.de\/author\/spdbundestagsfraktion\/","identifier":325,"image":{"@type":"ImageObject","@id":"https:\/\/www.spdkoelnnord.de\/wp-content\/plugins\/wp-user-avatar\/deprecated\/wp-user-avatar\/images\/wpua-96x96.png","url":"https:\/\/www.spdkoelnnord.de\/wp-content\/plugins\/wp-user-avatar\/deprecated\/wp-user-avatar\/images\/wpua-96x96.png","height":96,"width":96}},"publisher":{"@type":"Organization","name":"SPD im K\u00f6lner Norden","logo":{"@type":"ImageObject","@id":"https:\/\/www.spdkoelnnord.de\/wp-content\/uploads\/2019\/10\/cropped-logo_ko\u0308lnspd.jpg","url":"https:\/\/www.spdkoelnnord.de\/wp-content\/uploads\/2019\/10\/cropped-logo_ko\u0308lnspd.jpg","width":null,"height":null}},"image":{"@type":"ImageObject","@id":"https:\/\/www.spdkoelnnord.de\/wp-content\/uploads\/2024\/06\/04a5638d-b07c-4920-9020-80db64824f0c.jpg","url":"https:\/\/www.spdkoelnnord.de\/wp-content\/uploads\/2024\/06\/04a5638d-b07c-4920-9020-80db64824f0c.jpg","height":592,"width":1000},"wordCount":270,"keywords":["berlin","Deutscher Bundestag","Fraktion (Bundestag)","planspiel","zukunftsdialog"]},{"@type":"BlogPosting","@id":"https:\/\/www.spdkoelnnord.de\/spd-unterstuetzt-demo-zum-erhalt-der-langeler-faehre\/","headline":"SPD unterst\u00fctzt Demo zum Erhalt der Langeler F\u00e4hre","url":"https:\/\/www.spdkoelnnord.de\/spd-unterstuetzt-demo-zum-erhalt-der-langeler-faehre\/","datePublished":"2024-06-06","dateModified":"2024-06-06","mainEntityOfPage":"https:\/\/www.spdkoelnnord.de\/spd-unterstuetzt-demo-zum-erhalt-der-langeler-faehre\/","author":{"@type":"Person","@id":"https:\/\/www.spdkoelnnord.de\/author\/helga_wagner\/#Person","name":"Helga Wagner","url":"https:\/\/www.spdkoelnnord.de\/author\/helga_wagner\/","identifier":363,"image":{"@type":"ImageObject","@id":"https:\/\/www.spdkoelnnord.de\/wp-content\/plugins\/wp-user-avatar\/deprecated\/wp-user-avatar\/images\/wpua-96x96.png","url":"https:\/\/www.spdkoelnnord.de\/wp-content\/plugins\/wp-user-avatar\/deprecated\/wp-user-avatar\/images\/wpua-96x96.png","height":96,"width":96}},"publisher":{"@type":"Organization","name":"SPD im K\u00f6lner Norden","logo":{"@type":"ImageObject","@id":"https:\/\/www.spdkoelnnord.de\/wp-content\/uploads\/2019\/10\/cropped-logo_ko\u0308lnspd.jpg","url":"https:\/\/www.spdkoelnnord.de\/wp-content\/uploads\/2019\/10\/cropped-logo_ko\u0308lnspd.jpg","width":null,"height":null}},"image":{"@type":"ImageObject","@id":"https:\/\/www.spdkoelnnord.de\/wp-content\/uploads\/2024\/06\/langeler-faehre-3-rotated.jpeg","url":"https:\/\/www.spdkoelnnord.de\/wp-content\/uploads\/2024\/06\/langeler-faehre-3-rotated.jpeg","height":1200,"width":900},"wordCount":470,"keywords":["erhalt","fahre","langeler","unterstutzt"]},{"@type":"BlogPosting","@id":"https:\/\/www.spdkoelnnord.de\/bessere-strafverfolgung-von-voelkerstraftaten\/","headline":"Bessere Strafverfolgung von V\u00f6lkerstraftaten","url":"https:\/\/www.spdkoelnnord.de\/bessere-strafverfolgung-von-voelkerstraftaten\/","datePublished":"2024-06-06","dateModified":"2024-06-06","mainEntityOfPage":"https:\/\/www.spdkoelnnord.de\/bessere-strafverfolgung-von-voelkerstraftaten\/","author":{"@type":"Person","@id":"https:\/\/www.spdkoelnnord.de\/author\/spdbundestagsfraktion\/#Person","name":"Bundestagsfraktion","url":"https:\/\/www.spdkoelnnord.de\/author\/spdbundestagsfraktion\/","identifier":325,"image":{"@type":"ImageObject","@id":"https:\/\/www.spdkoelnnord.de\/wp-content\/plugins\/wp-user-avatar\/deprecated\/wp-user-avatar\/images\/wpua-96x96.png","url":"https:\/\/www.spdkoelnnord.de\/wp-content\/plugins\/wp-user-avatar\/deprecated\/wp-user-avatar\/images\/wpua-96x96.png","height":96,"width":96}},"publisher":{"@type":"Organization","name":"SPD im K\u00f6lner Norden","logo":{"@type":"ImageObject","@id":"https:\/\/www.spdkoelnnord.de\/wp-content\/uploads\/2019\/10\/cropped-logo_ko\u0308lnspd.jpg","url":"https:\/\/www.spdkoelnnord.de\/wp-content\/uploads\/2019\/10\/cropped-logo_ko\u0308lnspd.jpg","width":null,"height":null}},"image":{"@type":"ImageObject","@id":"https:\/\/www.spdkoelnnord.de\/wp-content\/uploads\/2025\/02\/spd-verschwommen.jpg","url":"https:\/\/www.spdkoelnnord.de\/wp-content\/uploads\/2025\/02\/spd-verschwommen.jpg","height":675,"width":1200},"wordCount":370,"keywords":["bessere","CDU\/CSU-Fraktion im Deutschen Bundestag","Deutscher Bundestag","Falko Dro\u00dfmann","Fraktion (Bundestag)","gesetz","Gesetzentwurf","Gesetzgebung","Menschenrechte","Nationalsozialismus","Politische Immunit\u00e4t","Queer-Theorie","Rechtspflege","Rechtsprechung","Sonja Eichwede","Strafprozessrecht","strafverfolgung","Verbrechen gegen die Menschlichkeit","V\u00f6lkerrecht","V\u00f6lkerstrafrecht","volkerstraftaten"]}]},{"@context":"https:\/\/schema.org","@type":"WebSite","@id":"https:\/\/www.spdkoelnnord.de\/#website","name":"Die SPD im K\u00f6lner Norden","url":"https:\/\/www.spdkoelnnord.de","potentialAction":{"@type":"SearchAction","target":"https:\/\/www.spdkoelnnord.de\/?s={search_term_string}","query-input":"required name=search_term_string"}}]