[{"@context":"https:\/\/schema.org\/","@type":"Blog","@id":"https:\/\/www.spdkoelnnord.de#Blog","headline":"Die SPD im K\u00f6lner Norden","description":"Die SPD im Stadtbezirk K\u00f6ln - Chorweiler","url":"https:\/\/www.spdkoelnnord.de","blogPost":[{"@type":"BlogPosting","@id":"https:\/\/www.spdkoelnnord.de\/sommerfest-der-fraktion\/","headline":"Sommerfest der Fraktion","url":"https:\/\/www.spdkoelnnord.de\/sommerfest-der-fraktion\/","datePublished":"2024-06-06","dateModified":"2024-06-06","mainEntityOfPage":"https:\/\/www.spdkoelnnord.de\/sommerfest-der-fraktion\/","author":{"@type":"Person","@id":"https:\/\/www.spdkoelnnord.de\/author\/helga_wagner\/#Person","name":"Helga Wagner","url":"https:\/\/www.spdkoelnnord.de\/author\/helga_wagner\/","identifier":363,"image":{"@type":"ImageObject","@id":"https:\/\/www.spdkoelnnord.de\/wp-content\/plugins\/wp-user-avatar\/deprecated\/wp-user-avatar\/images\/wpua-96x96.png","url":"https:\/\/www.spdkoelnnord.de\/wp-content\/plugins\/wp-user-avatar\/deprecated\/wp-user-avatar\/images\/wpua-96x96.png","height":96,"width":96}},"publisher":{"@type":"Organization","name":"SPD im K\u00f6lner Norden","logo":{"@type":"ImageObject","@id":"https:\/\/www.spdkoelnnord.de\/wp-content\/uploads\/2019\/10\/cropped-logo_ko\u0308lnspd.jpg","url":"https:\/\/www.spdkoelnnord.de\/wp-content\/uploads\/2019\/10\/cropped-logo_ko\u0308lnspd.jpg","width":null,"height":null}},"image":{"@type":"ImageObject","@id":"https:\/\/www.spdkoelnnord.de\/wp-content\/uploads\/2024\/06\/ab3d1516-593d-4b8b-843d-40dffa274900.jpg","url":"https:\/\/www.spdkoelnnord.de\/wp-content\/uploads\/2024\/06\/ab3d1516-593d-4b8b-843d-40dffa274900.jpg","height":683,"width":1024},"wordCount":94,"keywords":["fraktion","K\u00f6ln","sommerfest"]},{"@type":"BlogPosting","@id":"https:\/\/www.spdkoelnnord.de\/bewirb-dich-jetzt-fuer-den-jugendlandtag\/","headline":"Bewirb dich jetzt f\u00fcr den Jugendlandtag","url":"https:\/\/www.spdkoelnnord.de\/bewirb-dich-jetzt-fuer-den-jugendlandtag\/","datePublished":"2024-06-05","dateModified":"2024-06-06","mainEntityOfPage":"https:\/\/www.spdkoelnnord.de\/bewirb-dich-jetzt-fuer-den-jugendlandtag\/","author":{"@type":"Person","@id":"https:\/\/www.spdkoelnnord.de\/author\/lena_teschlade\/#Person","name":"Lena Teschlade","url":"https:\/\/www.spdkoelnnord.de\/author\/lena_teschlade\/","identifier":431,"image":{"@type":"ImageObject","@id":"https:\/\/www.spdkoelnnord.de\/wp-content\/uploads\/2024\/02\/Screenshot-2024-02-26-at-20-07-59-Lena_Teschlade.avif-AVIF-Grafik-500-\u00d7-500-Pixel-150x150.png","url":"https:\/\/www.spdkoelnnord.de\/wp-content\/uploads\/2024\/02\/Screenshot-2024-02-26-at-20-07-59-Lena_Teschlade.avif-AVIF-Grafik-500-\u00d7-500-Pixel-150x150.png","height":96,"width":96}},"publisher":{"@type":"Organization","name":"SPD im K\u00f6lner Norden","logo":{"@type":"ImageObject","@id":"https:\/\/www.spdkoelnnord.de\/wp-content\/uploads\/2019\/10\/cropped-logo_ko\u0308lnspd.jpg","url":"https:\/\/www.spdkoelnnord.de\/wp-content\/uploads\/2019\/10\/cropped-logo_ko\u0308lnspd.jpg","width":null,"height":null}},"image":{"@type":"ImageObject","@id":"https:\/\/www.spdkoelnnord.de\/wp-content\/uploads\/2024\/06\/vorlagen-instagram-lena-teschlade-1485x1320-1.jpg","url":"https:\/\/www.spdkoelnnord.de\/wp-content\/uploads\/2024\/06\/vorlagen-instagram-lena-teschlade-1485x1320-1.jpg","height":1067,"width":1200},"wordCount":119,"keywords":["bewirb","jetzt","jugendlandtag","Lena Teschlade"]},{"@type":"BlogPosting","@id":"https:\/\/www.spdkoelnnord.de\/hervorragende-nachricht\/","headline":"Hervorragende Nachricht","url":"https:\/\/www.spdkoelnnord.de\/hervorragende-nachricht\/","datePublished":"2024-06-04","dateModified":"2024-06-04","mainEntityOfPage":"https:\/\/www.spdkoelnnord.de\/hervorragende-nachricht\/","author":{"@type":"Person","@id":"https:\/\/www.spdkoelnnord.de\/author\/spdbundestagsfraktion\/#Person","name":"Bundestagsfraktion","url":"https:\/\/www.spdkoelnnord.de\/author\/spdbundestagsfraktion\/","identifier":325,"image":{"@type":"ImageObject","@id":"https:\/\/www.spdkoelnnord.de\/wp-content\/plugins\/wp-user-avatar\/deprecated\/wp-user-avatar\/images\/wpua-96x96.png","url":"https:\/\/www.spdkoelnnord.de\/wp-content\/plugins\/wp-user-avatar\/deprecated\/wp-user-avatar\/images\/wpua-96x96.png","height":96,"width":96}},"publisher":{"@type":"Organization","name":"SPD im K\u00f6lner Norden","logo":{"@type":"ImageObject","@id":"https:\/\/www.spdkoelnnord.de\/wp-content\/uploads\/2019\/10\/cropped-logo_ko\u0308lnspd.jpg","url":"https:\/\/www.spdkoelnnord.de\/wp-content\/uploads\/2019\/10\/cropped-logo_ko\u0308lnspd.jpg","width":null,"height":null}},"image":{"@type":"ImageObject","@id":"https:\/\/www.spdkoelnnord.de\/wp-content\/uploads\/2024\/06\/1f5504ff-7133-40b9-8716-2b318a823dc6.jpg","url":"https:\/\/www.spdkoelnnord.de\/wp-content\/uploads\/2024\/06\/1f5504ff-7133-40b9-8716-2b318a823dc6.jpg","height":683,"width":1024},"wordCount":172,"keywords":["hervorragende","nachricht"]},{"@type":"BlogPosting","@id":"https:\/\/www.spdkoelnnord.de\/heute-ist-ein-besonderer-tag-fuer-den-koelner-industriestandort\/","headline":"Heute ist ein besonderer Tag f\u00fcr den K\u00f6lner Industriestandort","url":"https:\/\/www.spdkoelnnord.de\/heute-ist-ein-besonderer-tag-fuer-den-koelner-industriestandort\/","datePublished":"2024-06-04","dateModified":"2024-06-04","mainEntityOfPage":"https:\/\/www.spdkoelnnord.de\/heute-ist-ein-besonderer-tag-fuer-den-koelner-industriestandort\/","author":{"@type":"Person","@id":"https:\/\/www.spdkoelnnord.de\/author\/helga_wagner\/#Person","name":"Helga Wagner","url":"https:\/\/www.spdkoelnnord.de\/author\/helga_wagner\/","identifier":363,"image":{"@type":"ImageObject","@id":"https:\/\/www.spdkoelnnord.de\/wp-content\/plugins\/wp-user-avatar\/deprecated\/wp-user-avatar\/images\/wpua-96x96.png","url":"https:\/\/www.spdkoelnnord.de\/wp-content\/plugins\/wp-user-avatar\/deprecated\/wp-user-avatar\/images\/wpua-96x96.png","height":96,"width":96}},"publisher":{"@type":"Organization","name":"SPD im K\u00f6lner Norden","logo":{"@type":"ImageObject","@id":"https:\/\/www.spdkoelnnord.de\/wp-content\/uploads\/2019\/10\/cropped-logo_ko\u0308lnspd.jpg","url":"https:\/\/www.spdkoelnnord.de\/wp-content\/uploads\/2019\/10\/cropped-logo_ko\u0308lnspd.jpg","width":null,"height":null}},"image":{"@type":"ImageObject","@id":"https:\/\/www.spdkoelnnord.de\/wp-content\/uploads\/2024\/06\/447776813_18264786286213276_7261348881984259603_n.jpg","url":"https:\/\/www.spdkoelnnord.de\/wp-content\/uploads\/2024\/06\/447776813_18264786286213276_7261348881984259603_n.jpg","height":1080,"width":1080},"wordCount":469,"keywords":["besonderer","Ein besonderer Tag","Elektroauto","Elektromobilit\u00e4t","Elektromotor","Ford Explorer","Ford Fiesta","Ford-Werke","heute","industriestandort","K\u00f6ln","kolner"]},{"@type":"BlogPosting","@id":"https:\/\/www.spdkoelnnord.de\/innovation-made-in-cologne-fuer-klimaschutz-und-nachhaltige-arbeitsplaetze\/","headline":"\u201eInnovation made in Cologne f\u00fcr Klimaschutz und nachhaltige Arbeitspl\u00e4tze\u201c","url":"https:\/\/www.spdkoelnnord.de\/innovation-made-in-cologne-fuer-klimaschutz-und-nachhaltige-arbeitsplaetze\/","datePublished":"2024-05-29","dateModified":"2024-05-29","mainEntityOfPage":"https:\/\/www.spdkoelnnord.de\/innovation-made-in-cologne-fuer-klimaschutz-und-nachhaltige-arbeitsplaetze\/","author":{"@type":"Person","@id":"https:\/\/www.spdkoelnnord.de\/author\/claudia_walther\/#Person","name":"Claudia_Walther","url":"https:\/\/www.spdkoelnnord.de\/author\/claudia_walther\/","identifier":1224,"image":{"@type":"ImageObject","@id":"https:\/\/www.spdkoelnnord.de\/wp-content\/plugins\/wp-user-avatar\/deprecated\/wp-user-avatar\/images\/wpua-96x96.png","url":"https:\/\/www.spdkoelnnord.de\/wp-content\/plugins\/wp-user-avatar\/deprecated\/wp-user-avatar\/images\/wpua-96x96.png","height":96,"width":96}},"publisher":{"@type":"Organization","name":"SPD im K\u00f6lner Norden","logo":{"@type":"ImageObject","@id":"https:\/\/www.spdkoelnnord.de\/wp-content\/uploads\/2019\/10\/cropped-logo_ko\u0308lnspd.jpg","url":"https:\/\/www.spdkoelnnord.de\/wp-content\/uploads\/2019\/10\/cropped-logo_ko\u0308lnspd.jpg","width":null,"height":null}},"image":{"@type":"ImageObject","@id":"https:\/\/www.claudia-walther.eu\/wp-content\/uploads\/sites\/906\/2024\/05\/clausia-motoren-web-600x398.jpg","url":"https:\/\/www.claudia-walther.eu\/wp-content\/uploads\/sites\/906\/2024\/05\/clausia-motoren-web-600x398.jpg","height":398,"width":600},"wordCount":626,"keywords":["Arbeitgeber","Arbeitsentgelt","arbeitsplatze","cologne","Deutz AG","Europ\u00e4isches Parlament","Forschung und Entwicklung","Fossile Energie","infrastruktur","innovation","Investition","Klimaneutralit\u00e4t","klimaschutz","Kohlenstoffdioxid","K\u00f6ln","Lars Klingbeil","Made in Cologne","Mitglied des Deutschen Bundestages","nachhaltige","Pflanzen\u00f6le","Sanae Abdi","Synthetischer Kraftstoff","Wasserstoff"]},{"@type":"BlogPosting","@id":"https:\/\/www.spdkoelnnord.de\/der-ausbau-der-schulplaetze-in-worringen-und-roggendorf-thenhoven-geht-weiter\/","headline":"Der Ausbau der Schulpl\u00e4tze in Worringen und Roggendorf \/ Thenhoven geht weiter!","url":"https:\/\/www.spdkoelnnord.de\/der-ausbau-der-schulplaetze-in-worringen-und-roggendorf-thenhoven-geht-weiter\/","datePublished":"2024-05-29","dateModified":"2024-05-29","mainEntityOfPage":"https:\/\/www.spdkoelnnord.de\/der-ausbau-der-schulplaetze-in-worringen-und-roggendorf-thenhoven-geht-weiter\/","author":{"@type":"Person","@id":"https:\/\/www.spdkoelnnord.de\/author\/helga_wagner\/#Person","name":"Helga Wagner","url":"https:\/\/www.spdkoelnnord.de\/author\/helga_wagner\/","identifier":363,"image":{"@type":"ImageObject","@id":"https:\/\/www.spdkoelnnord.de\/wp-content\/plugins\/wp-user-avatar\/deprecated\/wp-user-avatar\/images\/wpua-96x96.png","url":"https:\/\/www.spdkoelnnord.de\/wp-content\/plugins\/wp-user-avatar\/deprecated\/wp-user-avatar\/images\/wpua-96x96.png","height":96,"width":96}},"publisher":{"@type":"Organization","name":"SPD im K\u00f6lner Norden","logo":{"@type":"ImageObject","@id":"https:\/\/www.spdkoelnnord.de\/wp-content\/uploads\/2019\/10\/cropped-logo_ko\u0308lnspd.jpg","url":"https:\/\/www.spdkoelnnord.de\/wp-content\/uploads\/2019\/10\/cropped-logo_ko\u0308lnspd.jpg","width":null,"height":null}},"image":{"@type":"ImageObject","@id":"https:\/\/www.spdkoelnnord.de\/wp-content\/uploads\/2024\/05\/446976180_18264101890213276_8339370292660904294_n.jpg","url":"https:\/\/www.spdkoelnnord.de\/wp-content\/uploads\/2024\/05\/446976180_18264101890213276_8339370292660904294_n.jpg","height":526,"width":526},"wordCount":471,"keywords":["ausbau","Grundschule","roggendorf","Roggendorf\/Thenhoven","schulplatze","thenhoven","veedel","weiter","worringen"]},{"@type":"BlogPosting","@id":"https:\/\/www.spdkoelnnord.de\/demokratische-werte-verteidigen\/","headline":"\u201eDemokratische Werte verteidigen\u201c","url":"https:\/\/www.spdkoelnnord.de\/demokratische-werte-verteidigen\/","datePublished":"2024-05-27","dateModified":"2024-05-28","mainEntityOfPage":"https:\/\/www.spdkoelnnord.de\/demokratische-werte-verteidigen\/","author":{"@type":"Person","@id":"https:\/\/www.spdkoelnnord.de\/author\/claudia_walther\/#Person","name":"Claudia_Walther","url":"https:\/\/www.spdkoelnnord.de\/author\/claudia_walther\/","identifier":1224,"image":{"@type":"ImageObject","@id":"https:\/\/www.spdkoelnnord.de\/wp-content\/plugins\/wp-user-avatar\/deprecated\/wp-user-avatar\/images\/wpua-96x96.png","url":"https:\/\/www.spdkoelnnord.de\/wp-content\/plugins\/wp-user-avatar\/deprecated\/wp-user-avatar\/images\/wpua-96x96.png","height":96,"width":96}},"publisher":{"@type":"Organization","name":"SPD im K\u00f6lner Norden","logo":{"@type":"ImageObject","@id":"https:\/\/www.spdkoelnnord.de\/wp-content\/uploads\/2019\/10\/cropped-logo_ko\u0308lnspd.jpg","url":"https:\/\/www.spdkoelnnord.de\/wp-content\/uploads\/2019\/10\/cropped-logo_ko\u0308lnspd.jpg","width":null,"height":null}},"image":{"@type":"ImageObject","@id":"https:\/\/www.spdkoelnnord.de\/wp-content\/uploads\/2024\/05\/foto-plakat-web.jpg","url":"https:\/\/www.spdkoelnnord.de\/wp-content\/uploads\/2024\/05\/foto-plakat-web.jpg","height":795,"width":1200},"wordCount":283,"keywords":["Beleidigung (Deutschland)","chorweiler","demokratie","demokratische","Diskurs","Hass","Hitlergru\u00df","K\u00f6ln","K\u00f6ln-Chorweiler (Stadtbezirk)","Polizei","rechtsextremismus","toleranz","verteidigen","werte","Wertvorstellung"]}]},{"@context":"https:\/\/schema.org","@type":"WebSite","@id":"https:\/\/www.spdkoelnnord.de\/#website","name":"Die SPD im K\u00f6lner Norden","url":"https:\/\/www.spdkoelnnord.de","potentialAction":{"@type":"SearchAction","target":"https:\/\/www.spdkoelnnord.de\/?s={search_term_string}","query-input":"required name=search_term_string"}}]