[{"@context":"https:\/\/schema.org\/","@type":"Blog","@id":"https:\/\/www.spdkoelnnord.de#Blog","headline":"Die SPD im K\u00f6lner Norden","description":"Die SPD im Stadtbezirk K\u00f6ln - Chorweiler","url":"https:\/\/www.spdkoelnnord.de","blogPost":[{"@type":"BlogPosting","@id":"https:\/\/www.spdkoelnnord.de\/hitlergruss-im-chorweiler-wahlkampf\/","headline":"Hitlergru\u00df im Chorweiler Wahlkampf","url":"https:\/\/www.spdkoelnnord.de\/hitlergruss-im-chorweiler-wahlkampf\/","datePublished":"2024-05-26","dateModified":"2024-05-28","mainEntityOfPage":"https:\/\/www.spdkoelnnord.de\/hitlergruss-im-chorweiler-wahlkampf\/","author":{"@type":"Person","@id":"https:\/\/www.spdkoelnnord.de\/author\/koeln_nord\/#Person","name":"SPD im K\u00f6lner Norden","url":"https:\/\/www.spdkoelnnord.de\/author\/koeln_nord\/","identifier":1221,"image":{"@type":"ImageObject","@id":"https:\/\/www.spdkoelnnord.de\/wp-content\/uploads\/2024\/02\/logo_koelnspd-150x150.png","url":"https:\/\/www.spdkoelnnord.de\/wp-content\/uploads\/2024\/02\/logo_koelnspd-150x150.png","height":96,"width":96}},"publisher":{"@type":"Organization","name":"SPD im K\u00f6lner Norden","logo":{"@type":"ImageObject","@id":"https:\/\/www.spdkoelnnord.de\/wp-content\/uploads\/2019\/10\/cropped-logo_ko\u0308lnspd.jpg","url":"https:\/\/www.spdkoelnnord.de\/wp-content\/uploads\/2019\/10\/cropped-logo_ko\u0308lnspd.jpg","width":null,"height":null}},"image":{"@type":"ImageObject","@id":"https:\/\/www.spdkoelnnord.de\/wp-content\/uploads\/2024\/05\/0fdb43d0-3811-45ef-bd37-cc29f6965b90.jpg","url":"https:\/\/www.spdkoelnnord.de\/wp-content\/uploads\/2024\/05\/0fdb43d0-3811-45ef-bd37-cc29f6965b90.jpg","height":1024,"width":1024},"wordCount":274,"keywords":["chorweiler","hitlergru","wahlkampf"]},{"@type":"BlogPosting","@id":"https:\/\/www.spdkoelnnord.de\/demokratische-parteien-schliessen-kodex-fuer-faire-wahlkaempfe\/","headline":"Demokratische Parteien schlie\u00dfen Kodex f\u00fcr faire Wahlk\u00e4mpfe","url":"https:\/\/www.spdkoelnnord.de\/demokratische-parteien-schliessen-kodex-fuer-faire-wahlkaempfe\/","datePublished":"2024-05-24","dateModified":"2024-05-24","mainEntityOfPage":"https:\/\/www.spdkoelnnord.de\/demokratische-parteien-schliessen-kodex-fuer-faire-wahlkaempfe\/","author":{"@type":"Person","@id":"https:\/\/www.spdkoelnnord.de\/author\/spdbundestagsfraktion\/#Person","name":"Bundestagsfraktion","url":"https:\/\/www.spdkoelnnord.de\/author\/spdbundestagsfraktion\/","identifier":325,"image":{"@type":"ImageObject","@id":"https:\/\/www.spdkoelnnord.de\/wp-content\/plugins\/wp-user-avatar\/deprecated\/wp-user-avatar\/images\/wpua-96x96.png","url":"https:\/\/www.spdkoelnnord.de\/wp-content\/plugins\/wp-user-avatar\/deprecated\/wp-user-avatar\/images\/wpua-96x96.png","height":96,"width":96}},"publisher":{"@type":"Organization","name":"SPD im K\u00f6lner Norden","logo":{"@type":"ImageObject","@id":"https:\/\/www.spdkoelnnord.de\/wp-content\/uploads\/2019\/10\/cropped-logo_ko\u0308lnspd.jpg","url":"https:\/\/www.spdkoelnnord.de\/wp-content\/uploads\/2019\/10\/cropped-logo_ko\u0308lnspd.jpg","width":null,"height":null}},"image":{"@type":"ImageObject","@id":"https:\/\/www.spdkoelnnord.de\/wp-content\/uploads\/2025\/02\/spd-verschwommen.jpg","url":"https:\/\/www.spdkoelnnord.de\/wp-content\/uploads\/2025\/02\/spd-verschwommen.jpg","height":675,"width":1200},"wordCount":288,"keywords":["Alternative f\u00fcr Deutschland","antisemitismus","Burgergemeinde Bern","demokratie","demokratische","Demonstration","Die Linke","extremismus","faire","Fake News","kodex","parteien","Politisches Spektrum","Rassismus","rechtsextremismus","schlie","Soziale Medien","Verhaltenskodex","wahlkampf","wahlkampfe"]},{"@type":"BlogPosting","@id":"https:\/\/www.spdkoelnnord.de\/neuer-vorstand-der-ag-60-plus-mittelrhein\/","headline":"Neuer Vorstand der AG 60 plus Mittelrhein","url":"https:\/\/www.spdkoelnnord.de\/neuer-vorstand-der-ag-60-plus-mittelrhein\/","datePublished":"2024-05-23","dateModified":"2024-05-24","mainEntityOfPage":"https:\/\/www.spdkoelnnord.de\/neuer-vorstand-der-ag-60-plus-mittelrhein\/","author":{"@type":"Person","@id":"https:\/\/www.spdkoelnnord.de\/author\/bezirk_mitthelrhein\/#Person","name":"Bezirk Mittelrhein","url":"https:\/\/www.spdkoelnnord.de\/author\/bezirk_mitthelrhein\/","identifier":1226,"description":"Zur rheinischen Region geh\u00f6ren die St\u00e4dte K\u00f6ln, Bonn, Aachen und Leverkusen, die St\u00e4dteRegion Aachen sowie die Kreise D\u00fcren, Euskirchen, Rhein-Sieg, Rhein-Erft, Rhein-Berg, Heinsberg und Oberberg.\r\n\r\nAuf dieser Seite finden Sie Informationen aus der Arbeit des SPD-Bezirks und Informationen zu Ihren Abgeordneten in Bund, Land und Europa.","image":{"@type":"ImageObject","@id":"https:\/\/www.spdkoelnnord.de\/wp-content\/plugins\/wp-user-avatar\/deprecated\/wp-user-avatar\/images\/wpua-96x96.png","url":"https:\/\/www.spdkoelnnord.de\/wp-content\/plugins\/wp-user-avatar\/deprecated\/wp-user-avatar\/images\/wpua-96x96.png","height":96,"width":96}},"publisher":{"@type":"Organization","name":"SPD im K\u00f6lner Norden","logo":{"@type":"ImageObject","@id":"https:\/\/www.spdkoelnnord.de\/wp-content\/uploads\/2019\/10\/cropped-logo_ko\u0308lnspd.jpg","url":"https:\/\/www.spdkoelnnord.de\/wp-content\/uploads\/2019\/10\/cropped-logo_ko\u0308lnspd.jpg","width":null,"height":null}},"image":{"@type":"ImageObject","@id":"https:\/\/www.ag60plus-bonn.de\/images\/user_pages\/AG_60_plus_2018_-_3.jpg","url":"https:\/\/www.ag60plus-bonn.de\/images\/user_pages\/AG_60_plus_2018_-_3.jpg","height":450,"width":1600},"wordCount":253,"keywords":["Aachen","Arbeitsgemeinschaft SPD 60 plus","Bonn","D\u00fcren","Euskirchen","Gerd Simon","Hans Klose (Natursch\u00fctzer)","Heinsberg","K\u00f6ln","leverkusen","mittelrhein","neuer","Oberbergischer Kreis","Rhein","vorstand"]},{"@type":"BlogPosting","@id":"https:\/\/www.spdkoelnnord.de\/lage-am-bau-stabilisiert-sich\/","headline":"Lage am Bau stabilisiert sich","url":"https:\/\/www.spdkoelnnord.de\/lage-am-bau-stabilisiert-sich\/","datePublished":"2024-05-23","dateModified":"2024-05-24","mainEntityOfPage":"https:\/\/www.spdkoelnnord.de\/lage-am-bau-stabilisiert-sich\/","author":{"@type":"Person","@id":"https:\/\/www.spdkoelnnord.de\/author\/spdbundestagsfraktion\/#Person","name":"Bundestagsfraktion","url":"https:\/\/www.spdkoelnnord.de\/author\/spdbundestagsfraktion\/","identifier":325,"image":{"@type":"ImageObject","@id":"https:\/\/www.spdkoelnnord.de\/wp-content\/plugins\/wp-user-avatar\/deprecated\/wp-user-avatar\/images\/wpua-96x96.png","url":"https:\/\/www.spdkoelnnord.de\/wp-content\/plugins\/wp-user-avatar\/deprecated\/wp-user-avatar\/images\/wpua-96x96.png","height":96,"width":96}},"publisher":{"@type":"Organization","name":"SPD im K\u00f6lner Norden","logo":{"@type":"ImageObject","@id":"https:\/\/www.spdkoelnnord.de\/wp-content\/uploads\/2019\/10\/cropped-logo_ko\u0308lnspd.jpg","url":"https:\/\/www.spdkoelnnord.de\/wp-content\/uploads\/2019\/10\/cropped-logo_ko\u0308lnspd.jpg","width":null,"height":null}},"image":{"@type":"ImageObject","@id":"https:\/\/www.spdkoelnnord.de\/wp-content\/uploads\/2024\/05\/3843e43f-b31b-40ee-9f59-bfca836bf7ac.jpg","url":"https:\/\/www.spdkoelnnord.de\/wp-content\/uploads\/2024\/05\/3843e43f-b31b-40ee-9f59-bfca836bf7ac.jpg","height":572,"width":1024},"wordCount":141,"keywords":["Einkommen","Inflation","Sozialer Wohnungsbau","stabilisiert","Statistisches Bundesamt","Wohnungspolitik"]},{"@type":"BlogPosting","@id":"https:\/\/www.spdkoelnnord.de\/grundgesetz-ist-schwarz-rotes-gold\/","headline":"\u201eGrundgesetz ist schwarz-rotes Gold\u201d","url":"https:\/\/www.spdkoelnnord.de\/grundgesetz-ist-schwarz-rotes-gold\/","datePublished":"2024-05-23","dateModified":"2024-05-24","mainEntityOfPage":"https:\/\/www.spdkoelnnord.de\/grundgesetz-ist-schwarz-rotes-gold\/","author":{"@type":"Person","@id":"https:\/\/www.spdkoelnnord.de\/author\/ott\/#Person","name":"Jochen Ott","url":"https:\/\/www.spdkoelnnord.de\/author\/ott\/","identifier":344,"image":{"@type":"ImageObject","@id":"https:\/\/www.spdkoelnnord.de\/wp-content\/plugins\/wp-user-avatar\/deprecated\/wp-user-avatar\/images\/wpua-96x96.png","url":"https:\/\/www.spdkoelnnord.de\/wp-content\/plugins\/wp-user-avatar\/deprecated\/wp-user-avatar\/images\/wpua-96x96.png","height":96,"width":96}},"publisher":{"@type":"Organization","name":"SPD im K\u00f6lner Norden","logo":{"@type":"ImageObject","@id":"https:\/\/www.spdkoelnnord.de\/wp-content\/uploads\/2019\/10\/cropped-logo_ko\u0308lnspd.jpg","url":"https:\/\/www.spdkoelnnord.de\/wp-content\/uploads\/2019\/10\/cropped-logo_ko\u0308lnspd.jpg","width":null,"height":null}},"image":{"@type":"ImageObject","@id":"https:\/\/www.spdkoelnnord.de\/wp-content\/uploads\/2024\/05\/0fdb43d0-3811-45ef-bd37-cc29f6965b90.jpg","url":"https:\/\/www.spdkoelnnord.de\/wp-content\/uploads\/2024\/05\/0fdb43d0-3811-45ef-bd37-cc29f6965b90.jpg","height":1024,"width":1024},"wordCount":315,"keywords":["grundgesetz","rotes","schwarz"]},{"@type":"BlogPosting","@id":"https:\/\/www.spdkoelnnord.de\/neues-bewegungsangebot-in-merkenich-geplant\/","headline":"Neues Bewegungsangebot in Merkenich geplant","url":"https:\/\/www.spdkoelnnord.de\/neues-bewegungsangebot-in-merkenich-geplant\/","datePublished":"2024-05-21","dateModified":"2024-05-28","mainEntityOfPage":"https:\/\/www.spdkoelnnord.de\/neues-bewegungsangebot-in-merkenich-geplant\/","author":{"@type":"Person","@id":"https:\/\/www.spdkoelnnord.de\/author\/koeln_nord\/#Person","name":"SPD im K\u00f6lner Norden","url":"https:\/\/www.spdkoelnnord.de\/author\/koeln_nord\/","identifier":1221,"image":{"@type":"ImageObject","@id":"https:\/\/www.spdkoelnnord.de\/wp-content\/uploads\/2024\/02\/logo_koelnspd-150x150.png","url":"https:\/\/www.spdkoelnnord.de\/wp-content\/uploads\/2024\/02\/logo_koelnspd-150x150.png","height":96,"width":96}},"publisher":{"@type":"Organization","name":"SPD im K\u00f6lner Norden","logo":{"@type":"ImageObject","@id":"https:\/\/www.spdkoelnnord.de\/wp-content\/uploads\/2019\/10\/cropped-logo_ko\u0308lnspd.jpg","url":"https:\/\/www.spdkoelnnord.de\/wp-content\/uploads\/2019\/10\/cropped-logo_ko\u0308lnspd.jpg","width":null,"height":null}},"image":{"@type":"ImageObject","@id":"https:\/\/www.spdkoelnnord.de\/wp-content\/uploads\/2024\/05\/240502_planungsgebiet.jpg.webp","url":"https:\/\/www.spdkoelnnord.de\/wp-content\/uploads\/2024\/05\/240502_planungsgebiet.jpg.webp","height":571,"width":980},"wordCount":182,"keywords":["bewegungsangebot","geplant","merkenich","neues"]},{"@type":"BlogPosting","@id":"https:\/\/www.spdkoelnnord.de\/wuest-in-der-zwickmuehle-drohende-haushaltssperre-bringt-nrw-finanzen-an-den-rand-des-abgrunds\/","headline":"W\u00fcst in der Zwickm\u00fchle: Drohende Haushaltssperre bringt NRW-Finanzen an den Rand des Abgrunds","url":"https:\/\/www.spdkoelnnord.de\/wuest-in-der-zwickmuehle-drohende-haushaltssperre-bringt-nrw-finanzen-an-den-rand-des-abgrunds\/","datePublished":"2024-05-20","dateModified":"2024-05-20","mainEntityOfPage":"https:\/\/www.spdkoelnnord.de\/wuest-in-der-zwickmuehle-drohende-haushaltssperre-bringt-nrw-finanzen-an-den-rand-des-abgrunds\/","author":{"@type":"Person","@id":"https:\/\/www.spdkoelnnord.de\/author\/koelnspd\/#Person","name":"K\u00f6lnSPD","url":"https:\/\/www.spdkoelnnord.de\/author\/koelnspd\/","identifier":11,"description":"SPD-Unterbezirk K\u00f6ln\r\nMagnusstra\u00dfe 18 b\r\n50672 K\u00f6ln\r\nTel: 0221 \/ 92 59 81-0","image":{"@type":"ImageObject","@id":"https:\/\/www.spdkoelnnord.de\/wp-content\/plugins\/wp-user-avatar\/deprecated\/wp-user-avatar\/images\/wpua-96x96.png","url":"https:\/\/www.spdkoelnnord.de\/wp-content\/plugins\/wp-user-avatar\/deprecated\/wp-user-avatar\/images\/wpua-96x96.png","height":96,"width":96}},"publisher":{"@type":"Organization","name":"SPD im K\u00f6lner Norden","logo":{"@type":"ImageObject","@id":"https:\/\/www.spdkoelnnord.de\/wp-content\/uploads\/2019\/10\/cropped-logo_ko\u0308lnspd.jpg","url":"https:\/\/www.spdkoelnnord.de\/wp-content\/uploads\/2019\/10\/cropped-logo_ko\u0308lnspd.jpg","width":null,"height":null}},"image":{"@type":"ImageObject","@id":"https:\/\/www.spdkoelnnord.de\/wp-content\/uploads\/2024\/05\/f9c341d4-c6db-493a-acf8-27cf17c1c2e3.jpg","url":"https:\/\/www.spdkoelnnord.de\/wp-content\/uploads\/2024\/05\/f9c341d4-c6db-493a-acf8-27cf17c1c2e3.jpg","height":680,"width":1024},"wordCount":310,"keywords":["abgrunds","bringt","drohende","finanzen","haushaltssperre","zwickmuhle"]}]},{"@context":"https:\/\/schema.org","@type":"WebSite","@id":"https:\/\/www.spdkoelnnord.de\/#website","name":"Die SPD im K\u00f6lner Norden","url":"https:\/\/www.spdkoelnnord.de","potentialAction":{"@type":"SearchAction","target":"https:\/\/www.spdkoelnnord.de\/?s={search_term_string}","query-input":"required name=search_term_string"}}]