[{"@context":"https:\/\/schema.org\/","@type":"Blog","@id":"https:\/\/www.spdkoelnnord.de#Blog","headline":"Die SPD im K\u00f6lner Norden","description":"Die SPD im Stadtbezirk K\u00f6ln - Chorweiler","url":"https:\/\/www.spdkoelnnord.de","blogPost":[{"@type":"BlogPosting","@id":"https:\/\/www.spdkoelnnord.de\/grundsteuer-schwarz-gruen-kippt-das-problem-den-kommunen-vor-die-stadttore\/","headline":"Grundsteuer: Schwarz-Gr\u00fcn kippt das Problem den Kommunen vor die Stadttore","url":"https:\/\/www.spdkoelnnord.de\/grundsteuer-schwarz-gruen-kippt-das-problem-den-kommunen-vor-die-stadttore\/","datePublished":"2024-05-20","dateModified":"2024-05-20","mainEntityOfPage":"https:\/\/www.spdkoelnnord.de\/grundsteuer-schwarz-gruen-kippt-das-problem-den-kommunen-vor-die-stadttore\/","author":{"@type":"Person","@id":"https:\/\/www.spdkoelnnord.de\/author\/koelnspd\/#Person","name":"K\u00f6lnSPD","url":"https:\/\/www.spdkoelnnord.de\/author\/koelnspd\/","identifier":11,"description":"SPD-Unterbezirk K\u00f6ln\r\nMagnusstra\u00dfe 18 b\r\n50672 K\u00f6ln\r\nTel: 0221 \/ 92 59 81-0","image":{"@type":"ImageObject","@id":"https:\/\/www.spdkoelnnord.de\/wp-content\/plugins\/wp-user-avatar\/deprecated\/wp-user-avatar\/images\/wpua-96x96.png","url":"https:\/\/www.spdkoelnnord.de\/wp-content\/plugins\/wp-user-avatar\/deprecated\/wp-user-avatar\/images\/wpua-96x96.png","height":96,"width":96}},"publisher":{"@type":"Organization","name":"SPD im K\u00f6lner Norden","logo":{"@type":"ImageObject","@id":"https:\/\/www.spdkoelnnord.de\/wp-content\/uploads\/2019\/10\/cropped-logo_ko\u0308lnspd.jpg","url":"https:\/\/www.spdkoelnnord.de\/wp-content\/uploads\/2019\/10\/cropped-logo_ko\u0308lnspd.jpg","width":null,"height":null}},"image":{"@type":"ImageObject","@id":"https:\/\/www.spdkoelnnord.de\/wp-content\/uploads\/2024\/05\/f9c341d4-c6db-493a-acf8-27cf17c1c2e3.jpg","url":"https:\/\/www.spdkoelnnord.de\/wp-content\/uploads\/2024\/05\/f9c341d4-c6db-493a-acf8-27cf17c1c2e3.jpg","height":680,"width":1024},"wordCount":313,"keywords":["grundsteuer","kippt","kommunen","problem","schwarz","stadttore"]},{"@type":"BlogPosting","@id":"https:\/\/www.spdkoelnnord.de\/nrw-altschulden-wuest-muss-die-ausgestreckte-hand-der-bundesregierung-endlich-annehmen\/","headline":"NRW-Altschulden: W\u00fcst muss die ausgestreckte Hand der Bundesregierung endlich annehmen!","url":"https:\/\/www.spdkoelnnord.de\/nrw-altschulden-wuest-muss-die-ausgestreckte-hand-der-bundesregierung-endlich-annehmen\/","datePublished":"2024-05-19","dateModified":"2024-06-19","mainEntityOfPage":"https:\/\/www.spdkoelnnord.de\/nrw-altschulden-wuest-muss-die-ausgestreckte-hand-der-bundesregierung-endlich-annehmen\/","author":{"@type":"Person","@id":"https:\/\/www.spdkoelnnord.de\/author\/koelnspd\/#Person","name":"K\u00f6lnSPD","url":"https:\/\/www.spdkoelnnord.de\/author\/koelnspd\/","identifier":11,"description":"SPD-Unterbezirk K\u00f6ln\r\nMagnusstra\u00dfe 18 b\r\n50672 K\u00f6ln\r\nTel: 0221 \/ 92 59 81-0","image":{"@type":"ImageObject","@id":"https:\/\/www.spdkoelnnord.de\/wp-content\/plugins\/wp-user-avatar\/deprecated\/wp-user-avatar\/images\/wpua-96x96.png","url":"https:\/\/www.spdkoelnnord.de\/wp-content\/plugins\/wp-user-avatar\/deprecated\/wp-user-avatar\/images\/wpua-96x96.png","height":96,"width":96}},"publisher":{"@type":"Organization","name":"SPD im K\u00f6lner Norden","logo":{"@type":"ImageObject","@id":"https:\/\/www.spdkoelnnord.de\/wp-content\/uploads\/2019\/10\/cropped-logo_ko\u0308lnspd.jpg","url":"https:\/\/www.spdkoelnnord.de\/wp-content\/uploads\/2019\/10\/cropped-logo_ko\u0308lnspd.jpg","width":null,"height":null}},"image":{"@type":"ImageObject","@id":"https:\/\/www.carolin-kirsch.de\/wp-content\/uploads\/sites\/1473\/2024\/05\/money-515820-1280-300x300.jpg","url":"https:\/\/www.carolin-kirsch.de\/wp-content\/uploads\/sites\/1473\/2024\/05\/money-515820-1280-300x300.jpg","height":300,"width":300},"wordCount":452,"keywords":["altschulden","annehmen","ausgestreckte","bundesregierung","endlich"]},{"@type":"BlogPosting","@id":"https:\/\/www.spdkoelnnord.de\/europa-ohne-queerfeindlichkeit\/","headline":"Europa ohne Queerfeindlichkeit","url":"https:\/\/www.spdkoelnnord.de\/europa-ohne-queerfeindlichkeit\/","datePublished":"2024-05-17","dateModified":"2024-05-28","mainEntityOfPage":"https:\/\/www.spdkoelnnord.de\/europa-ohne-queerfeindlichkeit\/","author":{"@type":"Person","@id":"https:\/\/www.spdkoelnnord.de\/author\/koeln_nord\/#Person","name":"SPD im K\u00f6lner Norden","url":"https:\/\/www.spdkoelnnord.de\/author\/koeln_nord\/","identifier":1221,"image":{"@type":"ImageObject","@id":"https:\/\/www.spdkoelnnord.de\/wp-content\/uploads\/2024\/02\/logo_koelnspd-150x150.png","url":"https:\/\/www.spdkoelnnord.de\/wp-content\/uploads\/2024\/02\/logo_koelnspd-150x150.png","height":96,"width":96}},"publisher":{"@type":"Organization","name":"SPD im K\u00f6lner Norden","logo":{"@type":"ImageObject","@id":"https:\/\/www.spdkoelnnord.de\/wp-content\/uploads\/2019\/10\/cropped-logo_ko\u0308lnspd.jpg","url":"https:\/\/www.spdkoelnnord.de\/wp-content\/uploads\/2019\/10\/cropped-logo_ko\u0308lnspd.jpg","width":null,"height":null}},"image":{"@type":"ImageObject","@id":"https:\/\/www.spdkoelnnord.de\/wp-content\/uploads\/2024\/05\/7945930a-a49d-4dc1-8a51-a57dac1b7d2d.jpg","url":"https:\/\/www.spdkoelnnord.de\/wp-content\/uploads\/2024\/05\/7945930a-a49d-4dc1-8a51-a57dac1b7d2d.jpg","height":683,"width":1024},"wordCount":227,"keywords":["europa","queerfeindlichkeit"]},{"@type":"BlogPosting","@id":"https:\/\/www.spdkoelnnord.de\/kostenlos-schwimmen-am-fuehlinger-see\/","headline":"Kostenlos Schwimmen am F\u00fchlinger See","url":"https:\/\/www.spdkoelnnord.de\/kostenlos-schwimmen-am-fuehlinger-see\/","datePublished":"2024-05-17","dateModified":"2024-05-17","mainEntityOfPage":"https:\/\/www.spdkoelnnord.de\/kostenlos-schwimmen-am-fuehlinger-see\/","author":{"@type":"Person","@id":"https:\/\/www.spdkoelnnord.de\/author\/koeln_nord\/#Person","name":"SPD im K\u00f6lner Norden","url":"https:\/\/www.spdkoelnnord.de\/author\/koeln_nord\/","identifier":1221,"image":{"@type":"ImageObject","@id":"https:\/\/www.spdkoelnnord.de\/wp-content\/uploads\/2024\/02\/logo_koelnspd-150x150.png","url":"https:\/\/www.spdkoelnnord.de\/wp-content\/uploads\/2024\/02\/logo_koelnspd-150x150.png","height":96,"width":96}},"publisher":{"@type":"Organization","name":"SPD im K\u00f6lner Norden","logo":{"@type":"ImageObject","@id":"https:\/\/www.spdkoelnnord.de\/wp-content\/uploads\/2019\/10\/cropped-logo_ko\u0308lnspd.jpg","url":"https:\/\/www.spdkoelnnord.de\/wp-content\/uploads\/2019\/10\/cropped-logo_ko\u0308lnspd.jpg","width":null,"height":null}},"image":{"@type":"ImageObject","@id":"https:\/\/www.spdkoelnnord.de\/wp-content\/uploads\/2024\/05\/IMG_4272.jpg","url":"https:\/\/www.spdkoelnnord.de\/wp-content\/uploads\/2024\/05\/IMG_4272.jpg","height":1200,"width":900},"wordCount":274,"keywords":["fuhlinger","F\u00fchlinger See","K\u00f6ln","kostenlos","schwimmen","Schwimmsport"]},{"@type":"BlogPosting","@id":"https:\/\/www.spdkoelnnord.de\/sanierung-der-neusser-landstrasse-in-worringen-im-stadtrat-beschlossen\/","headline":"Sanierung der Neusser Landstra\u00dfe in Worringen im Stadtrat beschlossen!","url":"https:\/\/www.spdkoelnnord.de\/sanierung-der-neusser-landstrasse-in-worringen-im-stadtrat-beschlossen\/","datePublished":"2024-05-17","dateModified":"2024-05-17","mainEntityOfPage":"https:\/\/www.spdkoelnnord.de\/sanierung-der-neusser-landstrasse-in-worringen-im-stadtrat-beschlossen\/","author":{"@type":"Person","@id":"https:\/\/www.spdkoelnnord.de\/author\/koeln_nord\/#Person","name":"SPD im K\u00f6lner Norden","url":"https:\/\/www.spdkoelnnord.de\/author\/koeln_nord\/","identifier":1221,"image":{"@type":"ImageObject","@id":"https:\/\/www.spdkoelnnord.de\/wp-content\/uploads\/2024\/02\/logo_koelnspd-150x150.png","url":"https:\/\/www.spdkoelnnord.de\/wp-content\/uploads\/2024\/02\/logo_koelnspd-150x150.png","height":96,"width":96}},"publisher":{"@type":"Organization","name":"SPD im K\u00f6lner Norden","logo":{"@type":"ImageObject","@id":"https:\/\/www.spdkoelnnord.de\/wp-content\/uploads\/2019\/10\/cropped-logo_ko\u0308lnspd.jpg","url":"https:\/\/www.spdkoelnnord.de\/wp-content\/uploads\/2019\/10\/cropped-logo_ko\u0308lnspd.jpg","width":null,"height":null}},"image":{"@type":"ImageObject","@id":"https:\/\/www.spdkoelnnord.de\/wp-content\/uploads\/2024\/04\/WhatsApp-Bild-2024-04-04-um-21.57.59_0fe51d36.jpg","url":"https:\/\/www.spdkoelnnord.de\/wp-content\/uploads\/2024\/04\/WhatsApp-Bild-2024-04-04-um-21.57.59_0fe51d36.jpg","height":1200,"width":900},"wordCount":343,"keywords":["beschlossen","Bundesstra\u00dfe 9","landstra","L\u00e4rm","neusser","sanierung","Schlacht von Worringen","stadtrat","Stra\u00dfenschaden","Verkehrsmanagement","worringen","Zul\u00e4ssige H\u00f6chstgeschwindigkeit"]},{"@type":"BlogPosting","@id":"https:\/\/www.spdkoelnnord.de\/globale-themen-lokal-denken\/","headline":"Globale Themen lokal denken","url":"https:\/\/www.spdkoelnnord.de\/globale-themen-lokal-denken\/","datePublished":"2024-05-16","dateModified":"2024-05-16","mainEntityOfPage":"https:\/\/www.spdkoelnnord.de\/globale-themen-lokal-denken\/","author":{"@type":"Person","@id":"https:\/\/www.spdkoelnnord.de\/author\/spdbundestagsfraktion\/#Person","name":"Bundestagsfraktion","url":"https:\/\/www.spdkoelnnord.de\/author\/spdbundestagsfraktion\/","identifier":325,"image":{"@type":"ImageObject","@id":"https:\/\/www.spdkoelnnord.de\/wp-content\/plugins\/wp-user-avatar\/deprecated\/wp-user-avatar\/images\/wpua-96x96.png","url":"https:\/\/www.spdkoelnnord.de\/wp-content\/plugins\/wp-user-avatar\/deprecated\/wp-user-avatar\/images\/wpua-96x96.png","height":96,"width":96}},"publisher":{"@type":"Organization","name":"SPD im K\u00f6lner Norden","logo":{"@type":"ImageObject","@id":"https:\/\/www.spdkoelnnord.de\/wp-content\/uploads\/2019\/10\/cropped-logo_ko\u0308lnspd.jpg","url":"https:\/\/www.spdkoelnnord.de\/wp-content\/uploads\/2019\/10\/cropped-logo_ko\u0308lnspd.jpg","width":null,"height":null}},"image":{"@type":"ImageObject","@id":"https:\/\/www.spdkoelnnord.de\/wp-content\/uploads\/2025\/02\/spd-verschwommen.jpg","url":"https:\/\/www.spdkoelnnord.de\/wp-content\/uploads\/2025\/02\/spd-verschwommen.jpg","height":675,"width":1200},"wordCount":276,"keywords":["denken","globale","lokal","themen"]},{"@type":"BlogPosting","@id":"https:\/\/www.spdkoelnnord.de\/das-amt-der-datenschutzbeauftragten-bleibt-stark-besetzt\/","headline":"Das Amt der Datenschutzbeauftragten bleibt stark besetzt","url":"https:\/\/www.spdkoelnnord.de\/das-amt-der-datenschutzbeauftragten-bleibt-stark-besetzt\/","datePublished":"2024-05-16","dateModified":"2024-05-16","mainEntityOfPage":"https:\/\/www.spdkoelnnord.de\/das-amt-der-datenschutzbeauftragten-bleibt-stark-besetzt\/","author":{"@type":"Person","@id":"https:\/\/www.spdkoelnnord.de\/author\/spdbundestagsfraktion\/#Person","name":"Bundestagsfraktion","url":"https:\/\/www.spdkoelnnord.de\/author\/spdbundestagsfraktion\/","identifier":325,"image":{"@type":"ImageObject","@id":"https:\/\/www.spdkoelnnord.de\/wp-content\/plugins\/wp-user-avatar\/deprecated\/wp-user-avatar\/images\/wpua-96x96.png","url":"https:\/\/www.spdkoelnnord.de\/wp-content\/plugins\/wp-user-avatar\/deprecated\/wp-user-avatar\/images\/wpua-96x96.png","height":96,"width":96}},"publisher":{"@type":"Organization","name":"SPD im K\u00f6lner Norden","logo":{"@type":"ImageObject","@id":"https:\/\/www.spdkoelnnord.de\/wp-content\/uploads\/2019\/10\/cropped-logo_ko\u0308lnspd.jpg","url":"https:\/\/www.spdkoelnnord.de\/wp-content\/uploads\/2019\/10\/cropped-logo_ko\u0308lnspd.jpg","width":null,"height":null}},"image":{"@type":"ImageObject","@id":"https:\/\/www.spdkoelnnord.de\/wp-content\/uploads\/2025\/02\/spd-verschwommen.jpg","url":"https:\/\/www.spdkoelnnord.de\/wp-content\/uploads\/2025\/02\/spd-verschwommen.jpg","height":675,"width":1200},"wordCount":329,"keywords":["Anna Kassautzki","besetzt","bleibt","Bundesbeauftragter f\u00fcr den Datenschutz und die Informationsfreiheit","Bundesministerium des Innern und f\u00fcr Heimat","Carmen Wegge","datenschutzbeauftragten","Deutscher Bundestag","digitalisierung","Europ\u00e4ischer Datenschutzausschuss","Fraktion (Bundestag)","Gesetzgebungsverfahren (Deutschland)","Informationelle Selbstbestimmung","Informationsfreiheit","Konferenz der unabh\u00e4ngigen Datenschutzbeh\u00f6rden des Bundes und der L\u00e4nder","K\u00fcnstliche Intelligenz","Landesbeauftragter f\u00fcr den Datenschutz","Louisa Specht-Riemenschneider","stark","Transparenzgesetz","Ulrich Kelber"]}]},{"@context":"https:\/\/schema.org","@type":"WebSite","@id":"https:\/\/www.spdkoelnnord.de\/#website","name":"Die SPD im K\u00f6lner Norden","url":"https:\/\/www.spdkoelnnord.de","potentialAction":{"@type":"SearchAction","target":"https:\/\/www.spdkoelnnord.de\/?s={search_term_string}","query-input":"required name=search_term_string"}}]