[{"@context":"https:\/\/schema.org\/","@type":"Blog","@id":"https:\/\/www.spdkoelnnord.de#Blog","headline":"Die SPD im K\u00f6lner Norden","description":"Die SPD im Stadtbezirk K\u00f6ln - Chorweiler","url":"https:\/\/www.spdkoelnnord.de","blogPost":[{"@type":"BlogPosting","@id":"https:\/\/www.spdkoelnnord.de\/koelner-kulturpreis-fuer-die-schael-sick\/","headline":"K\u00f6lner Kulturpreis f\u00fcr die Sch\u00e4l Sick!","url":"https:\/\/www.spdkoelnnord.de\/koelner-kulturpreis-fuer-die-schael-sick\/","datePublished":"2024-05-16","dateModified":"2024-05-16","mainEntityOfPage":"https:\/\/www.spdkoelnnord.de\/koelner-kulturpreis-fuer-die-schael-sick\/","author":{"@type":"Person","@id":"https:\/\/www.spdkoelnnord.de\/author\/koelnspd\/#Person","name":"K\u00f6lnSPD","url":"https:\/\/www.spdkoelnnord.de\/author\/koelnspd\/","identifier":11,"description":"SPD-Unterbezirk K\u00f6ln\r\nMagnusstra\u00dfe 18 b\r\n50672 K\u00f6ln\r\nTel: 0221 \/ 92 59 81-0","image":{"@type":"ImageObject","@id":"https:\/\/www.spdkoelnnord.de\/wp-content\/plugins\/wp-user-avatar\/deprecated\/wp-user-avatar\/images\/wpua-96x96.png","url":"https:\/\/www.spdkoelnnord.de\/wp-content\/plugins\/wp-user-avatar\/deprecated\/wp-user-avatar\/images\/wpua-96x96.png","height":96,"width":96}},"publisher":{"@type":"Organization","name":"SPD im K\u00f6lner Norden","logo":{"@type":"ImageObject","@id":"https:\/\/www.spdkoelnnord.de\/wp-content\/uploads\/2019\/10\/cropped-logo_ko\u0308lnspd.jpg","url":"https:\/\/www.spdkoelnnord.de\/wp-content\/uploads\/2019\/10\/cropped-logo_ko\u0308lnspd.jpg","width":null,"height":null}},"image":{"@type":"ImageObject","@id":"https:\/\/www.spdkoelnnord.de\/wp-content\/uploads\/2024\/05\/f9c341d4-c6db-493a-acf8-27cf17c1c2e3.jpg","url":"https:\/\/www.spdkoelnnord.de\/wp-content\/uploads\/2024\/05\/f9c341d4-c6db-493a-acf8-27cf17c1c2e3.jpg","height":680,"width":1024},"wordCount":178,"keywords":["Instagram","K\u00f6ln-M\u00fclheim (Stadtbezirk)","kolner","K\u00f6lner Kulturpreis","kulturpreis","schal","Sch\u00e4l Sick","Stefan Bachmann (Regisseur)"]},{"@type":"BlogPosting","@id":"https:\/\/www.spdkoelnnord.de\/die-gew-zu-besuch-im-landtag-nrw-ein-erfahrungsbericht\/","headline":"Die GEW zu Besuch im Landtag NRW \u2013 Ein Erfahrungsbericht","url":"https:\/\/www.spdkoelnnord.de\/die-gew-zu-besuch-im-landtag-nrw-ein-erfahrungsbericht\/","datePublished":"2024-05-16","dateModified":"2024-05-16","mainEntityOfPage":"https:\/\/www.spdkoelnnord.de\/die-gew-zu-besuch-im-landtag-nrw-ein-erfahrungsbericht\/","author":{"@type":"Person","@id":"https:\/\/www.spdkoelnnord.de\/author\/koelnspd\/#Person","name":"K\u00f6lnSPD","url":"https:\/\/www.spdkoelnnord.de\/author\/koelnspd\/","identifier":11,"description":"SPD-Unterbezirk K\u00f6ln\r\nMagnusstra\u00dfe 18 b\r\n50672 K\u00f6ln\r\nTel: 0221 \/ 92 59 81-0","image":{"@type":"ImageObject","@id":"https:\/\/www.spdkoelnnord.de\/wp-content\/plugins\/wp-user-avatar\/deprecated\/wp-user-avatar\/images\/wpua-96x96.png","url":"https:\/\/www.spdkoelnnord.de\/wp-content\/plugins\/wp-user-avatar\/deprecated\/wp-user-avatar\/images\/wpua-96x96.png","height":96,"width":96}},"publisher":{"@type":"Organization","name":"SPD im K\u00f6lner Norden","logo":{"@type":"ImageObject","@id":"https:\/\/www.spdkoelnnord.de\/wp-content\/uploads\/2019\/10\/cropped-logo_ko\u0308lnspd.jpg","url":"https:\/\/www.spdkoelnnord.de\/wp-content\/uploads\/2019\/10\/cropped-logo_ko\u0308lnspd.jpg","width":null,"height":null}},"image":{"@type":"ImageObject","@id":"https:\/\/www.spdkoelnnord.de\/wp-content\/uploads\/2024\/05\/f9c341d4-c6db-493a-acf8-27cf17c1c2e3.jpg","url":"https:\/\/www.spdkoelnnord.de\/wp-content\/uploads\/2024\/05\/f9c341d4-c6db-493a-acf8-27cf17c1c2e3.jpg","height":680,"width":1024},"wordCount":696,"keywords":["besuch","erfahrungsbericht","landtag"]},{"@type":"BlogPosting","@id":"https:\/\/www.spdkoelnnord.de\/aus-dem-landtag-nrw-setzt-ein-zeichen-fuer-solidaritaet-und-menschlichkeit-angesichts-des-krieges-im-nahen-osten\/","headline":"Aus dem Landtag: NRW setzt ein Zeichen f\u00fcr Solidarit\u00e4t und Menschlichkeit angesichts des Krieges im Nahen Osten","url":"https:\/\/www.spdkoelnnord.de\/aus-dem-landtag-nrw-setzt-ein-zeichen-fuer-solidaritaet-und-menschlichkeit-angesichts-des-krieges-im-nahen-osten\/","datePublished":"2024-05-16","dateModified":"2024-05-16","mainEntityOfPage":"https:\/\/www.spdkoelnnord.de\/aus-dem-landtag-nrw-setzt-ein-zeichen-fuer-solidaritaet-und-menschlichkeit-angesichts-des-krieges-im-nahen-osten\/","author":{"@type":"Person","@id":"https:\/\/www.spdkoelnnord.de\/author\/bezirk_mitthelrhein\/#Person","name":"Bezirk Mittelrhein","url":"https:\/\/www.spdkoelnnord.de\/author\/bezirk_mitthelrhein\/","identifier":1226,"description":"Zur rheinischen Region geh\u00f6ren die St\u00e4dte K\u00f6ln, Bonn, Aachen und Leverkusen, die St\u00e4dteRegion Aachen sowie die Kreise D\u00fcren, Euskirchen, Rhein-Sieg, Rhein-Erft, Rhein-Berg, Heinsberg und Oberberg.\r\n\r\nAuf dieser Seite finden Sie Informationen aus der Arbeit des SPD-Bezirks und Informationen zu Ihren Abgeordneten in Bund, Land und Europa.","image":{"@type":"ImageObject","@id":"https:\/\/www.spdkoelnnord.de\/wp-content\/plugins\/wp-user-avatar\/deprecated\/wp-user-avatar\/images\/wpua-96x96.png","url":"https:\/\/www.spdkoelnnord.de\/wp-content\/plugins\/wp-user-avatar\/deprecated\/wp-user-avatar\/images\/wpua-96x96.png","height":96,"width":96}},"publisher":{"@type":"Organization","name":"SPD im K\u00f6lner Norden","logo":{"@type":"ImageObject","@id":"https:\/\/www.spdkoelnnord.de\/wp-content\/uploads\/2019\/10\/cropped-logo_ko\u0308lnspd.jpg","url":"https:\/\/www.spdkoelnnord.de\/wp-content\/uploads\/2019\/10\/cropped-logo_ko\u0308lnspd.jpg","width":null,"height":null}},"image":{"@type":"ImageObject","@id":"https:\/\/www.spdkoelnnord.de\/wp-content\/uploads\/2025\/02\/spd-verschwommen.jpg","url":"https:\/\/www.spdkoelnnord.de\/wp-content\/uploads\/2025\/02\/spd-verschwommen.jpg","height":675,"width":1200},"wordCount":397,"keywords":["angesichts","antisemitismus","demokratie","Existenzrecht Israels","Gaza (Stadt)","Gazastreifen","gewalt","hamas","Holocaust","Iran","Islamismus","israel","Juden","krieg","krieges","landtag","Menschenrechte","menschlichkeit","Naher Osten","Nahostkonflikt","Oberhausen","Recht","Selbstverteidigung","setzt","solidaritat","terror","Vertreibung","zeichen","Zivilgesellschaft"]},{"@type":"BlogPosting","@id":"https:\/\/www.spdkoelnnord.de\/aus-dem-landtag-hilferufe-der-kommunen-hoeren-und-handeln\/","headline":"Aus dem Landtag: Hilferufe der Kommunen h\u00f6ren und handeln!","url":"https:\/\/www.spdkoelnnord.de\/aus-dem-landtag-hilferufe-der-kommunen-hoeren-und-handeln\/","datePublished":"2024-05-16","dateModified":"2024-05-16","mainEntityOfPage":"https:\/\/www.spdkoelnnord.de\/aus-dem-landtag-hilferufe-der-kommunen-hoeren-und-handeln\/","author":{"@type":"Person","@id":"https:\/\/www.spdkoelnnord.de\/author\/bezirk_mitthelrhein\/#Person","name":"Bezirk Mittelrhein","url":"https:\/\/www.spdkoelnnord.de\/author\/bezirk_mitthelrhein\/","identifier":1226,"description":"Zur rheinischen Region geh\u00f6ren die St\u00e4dte K\u00f6ln, Bonn, Aachen und Leverkusen, die St\u00e4dteRegion Aachen sowie die Kreise D\u00fcren, Euskirchen, Rhein-Sieg, Rhein-Erft, Rhein-Berg, Heinsberg und Oberberg.\r\n\r\nAuf dieser Seite finden Sie Informationen aus der Arbeit des SPD-Bezirks und Informationen zu Ihren Abgeordneten in Bund, Land und Europa.","image":{"@type":"ImageObject","@id":"https:\/\/www.spdkoelnnord.de\/wp-content\/plugins\/wp-user-avatar\/deprecated\/wp-user-avatar\/images\/wpua-96x96.png","url":"https:\/\/www.spdkoelnnord.de\/wp-content\/plugins\/wp-user-avatar\/deprecated\/wp-user-avatar\/images\/wpua-96x96.png","height":96,"width":96}},"publisher":{"@type":"Organization","name":"SPD im K\u00f6lner Norden","logo":{"@type":"ImageObject","@id":"https:\/\/www.spdkoelnnord.de\/wp-content\/uploads\/2019\/10\/cropped-logo_ko\u0308lnspd.jpg","url":"https:\/\/www.spdkoelnnord.de\/wp-content\/uploads\/2019\/10\/cropped-logo_ko\u0308lnspd.jpg","width":null,"height":null}},"image":{"@type":"ImageObject","@id":"https:\/\/www.spdkoelnnord.de\/wp-content\/uploads\/2025\/02\/spd-verschwommen.jpg","url":"https:\/\/www.spdkoelnnord.de\/wp-content\/uploads\/2025\/02\/spd-verschwommen.jpg","height":675,"width":1200},"wordCount":338,"keywords":["handeln","hilferufe","horen","kommunen","landtag"]},{"@type":"BlogPosting","@id":"https:\/\/www.spdkoelnnord.de\/neue-frequenzvergabe-ist-ein-meilenstein-fuer-bes-sere-mobilfunkversorgung\/","headline":"Neue Frequenzvergabe ist ein Meilenstein f\u00fcr bessere Mobilfunkversorgung","url":"https:\/\/www.spdkoelnnord.de\/neue-frequenzvergabe-ist-ein-meilenstein-fuer-bes-sere-mobilfunkversorgung\/","datePublished":"2024-05-13","dateModified":"2024-05-13","mainEntityOfPage":"https:\/\/www.spdkoelnnord.de\/neue-frequenzvergabe-ist-ein-meilenstein-fuer-bes-sere-mobilfunkversorgung\/","author":{"@type":"Person","@id":"https:\/\/www.spdkoelnnord.de\/author\/spdbundestagsfraktion\/#Person","name":"Bundestagsfraktion","url":"https:\/\/www.spdkoelnnord.de\/author\/spdbundestagsfraktion\/","identifier":325,"image":{"@type":"ImageObject","@id":"https:\/\/www.spdkoelnnord.de\/wp-content\/plugins\/wp-user-avatar\/deprecated\/wp-user-avatar\/images\/wpua-96x96.png","url":"https:\/\/www.spdkoelnnord.de\/wp-content\/plugins\/wp-user-avatar\/deprecated\/wp-user-avatar\/images\/wpua-96x96.png","height":96,"width":96}},"publisher":{"@type":"Organization","name":"SPD im K\u00f6lner Norden","logo":{"@type":"ImageObject","@id":"https:\/\/www.spdkoelnnord.de\/wp-content\/uploads\/2019\/10\/cropped-logo_ko\u0308lnspd.jpg","url":"https:\/\/www.spdkoelnnord.de\/wp-content\/uploads\/2019\/10\/cropped-logo_ko\u0308lnspd.jpg","width":null,"height":null}},"image":{"@type":"ImageObject","@id":"https:\/\/www.spdkoelnnord.de\/wp-content\/uploads\/2024\/05\/a05f2bdd-a2cc-4e5a-ad79-204979264323.jpg","url":"https:\/\/www.spdkoelnnord.de\/wp-content\/uploads\/2024\/05\/a05f2bdd-a2cc-4e5a-ad79-204979264323.jpg","height":675,"width":1200},"wordCount":244,"keywords":["Bundesnetzagentur","Burgergemeinde Bern","frequenzvergabe","Funkloch","Jens Zimmermann (Politiker)","Johannes Sch\u00e4tzl","Marktteilnehmer","meilenstein","mobilfunk","mobilfunkversorgung"]},{"@type":"BlogPosting","@id":"https:\/\/www.spdkoelnnord.de\/steht-nrw-vor-der-haushaltssperre-ministerpraesident-wuest-muss-sich-erklaeren\/","headline":"Steht NRW vor der Haushaltssperre? Ministerpr\u00e4sident W\u00fcst muss sich erkl\u00e4ren","url":"https:\/\/www.spdkoelnnord.de\/steht-nrw-vor-der-haushaltssperre-ministerpraesident-wuest-muss-sich-erklaeren\/","datePublished":"2024-05-13","dateModified":"2024-05-14","mainEntityOfPage":"https:\/\/www.spdkoelnnord.de\/steht-nrw-vor-der-haushaltssperre-ministerpraesident-wuest-muss-sich-erklaeren\/","author":{"@type":"Person","@id":"https:\/\/www.spdkoelnnord.de\/author\/ott\/#Person","name":"Jochen Ott","url":"https:\/\/www.spdkoelnnord.de\/author\/ott\/","identifier":344,"image":{"@type":"ImageObject","@id":"https:\/\/www.spdkoelnnord.de\/wp-content\/plugins\/wp-user-avatar\/deprecated\/wp-user-avatar\/images\/wpua-96x96.png","url":"https:\/\/www.spdkoelnnord.de\/wp-content\/plugins\/wp-user-avatar\/deprecated\/wp-user-avatar\/images\/wpua-96x96.png","height":96,"width":96}},"publisher":{"@type":"Organization","name":"SPD im K\u00f6lner Norden","logo":{"@type":"ImageObject","@id":"https:\/\/www.spdkoelnnord.de\/wp-content\/uploads\/2019\/10\/cropped-logo_ko\u0308lnspd.jpg","url":"https:\/\/www.spdkoelnnord.de\/wp-content\/uploads\/2019\/10\/cropped-logo_ko\u0308lnspd.jpg","width":null,"height":null}},"image":{"@type":"ImageObject","@id":"https:\/\/www.spdkoelnnord.de\/wp-content\/uploads\/2024\/05\/f9c341d4-c6db-493a-acf8-27cf17c1c2e3.jpg","url":"https:\/\/www.spdkoelnnord.de\/wp-content\/uploads\/2024\/05\/f9c341d4-c6db-493a-acf8-27cf17c1c2e3.jpg","height":680,"width":1024},"wordCount":498,"keywords":["erklaren","haushaltssperre","ministerprasident","steht"]},{"@type":"BlogPosting","@id":"https:\/\/www.spdkoelnnord.de\/reinstes-strukturwandel-chaos-der-landesregierung\/","headline":"Reinstes Strukturwandel-Chaos der Landesregierung","url":"https:\/\/www.spdkoelnnord.de\/reinstes-strukturwandel-chaos-der-landesregierung\/","datePublished":"2024-05-13","dateModified":"2024-05-14","mainEntityOfPage":"https:\/\/www.spdkoelnnord.de\/reinstes-strukturwandel-chaos-der-landesregierung\/","author":{"@type":"Person","@id":"https:\/\/www.spdkoelnnord.de\/author\/lena_teschlade\/#Person","name":"Lena Teschlade","url":"https:\/\/www.spdkoelnnord.de\/author\/lena_teschlade\/","identifier":431,"image":{"@type":"ImageObject","@id":"https:\/\/www.spdkoelnnord.de\/wp-content\/uploads\/2024\/02\/Screenshot-2024-02-26-at-20-07-59-Lena_Teschlade.avif-AVIF-Grafik-500-\u00d7-500-Pixel-150x150.png","url":"https:\/\/www.spdkoelnnord.de\/wp-content\/uploads\/2024\/02\/Screenshot-2024-02-26-at-20-07-59-Lena_Teschlade.avif-AVIF-Grafik-500-\u00d7-500-Pixel-150x150.png","height":96,"width":96}},"publisher":{"@type":"Organization","name":"SPD im K\u00f6lner Norden","logo":{"@type":"ImageObject","@id":"https:\/\/www.spdkoelnnord.de\/wp-content\/uploads\/2019\/10\/cropped-logo_ko\u0308lnspd.jpg","url":"https:\/\/www.spdkoelnnord.de\/wp-content\/uploads\/2019\/10\/cropped-logo_ko\u0308lnspd.jpg","width":null,"height":null}},"image":{"@type":"ImageObject","@id":"https:\/\/www.spdkoelnnord.de\/wp-content\/uploads\/2024\/05\/tagebau-hambach.jpeg","url":"https:\/\/www.spdkoelnnord.de\/wp-content\/uploads\/2024\/05\/tagebau-hambach.jpeg","height":951,"width":1024},"wordCount":460,"keywords":["Brandenburg","chaos","Cottbus","Gro\u00dfe Anfrage","kohleausstieg","landesregierung","Lausitz","Lena Teschlade","Regionaler Strukturwandel","reinstes","Rheinisches Braunkohlerevier","strukturwandel"]}]},{"@context":"https:\/\/schema.org","@type":"WebSite","@id":"https:\/\/www.spdkoelnnord.de\/#website","name":"Die SPD im K\u00f6lner Norden","url":"https:\/\/www.spdkoelnnord.de","potentialAction":{"@type":"SearchAction","target":"https:\/\/www.spdkoelnnord.de\/?s={search_term_string}","query-input":"required name=search_term_string"}}]