[{"@context":"https:\/\/schema.org\/","@type":"Blog","@id":"https:\/\/www.spdkoelnnord.de#Blog","headline":"Die SPD im K\u00f6lner Norden","description":"Die SPD im Stadtbezirk K\u00f6ln - Chorweiler","url":"https:\/\/www.spdkoelnnord.de","blogPost":[{"@type":"BlogPosting","@id":"https:\/\/www.spdkoelnnord.de\/11-5-europawahlkandidatin-claudia-walther-im-stadtbezirk-chorweiler\/","headline":"11.5. Europawahlkandidatin Claudia Walther im Stadtbezirk Chorweiler","url":"https:\/\/www.spdkoelnnord.de\/11-5-europawahlkandidatin-claudia-walther-im-stadtbezirk-chorweiler\/","datePublished":"2024-05-09","dateModified":"2024-05-28","mainEntityOfPage":"https:\/\/www.spdkoelnnord.de\/11-5-europawahlkandidatin-claudia-walther-im-stadtbezirk-chorweiler\/","author":{"@type":"Person","@id":"https:\/\/www.spdkoelnnord.de\/author\/koeln_nord\/#Person","name":"SPD im K\u00f6lner Norden","url":"https:\/\/www.spdkoelnnord.de\/author\/koeln_nord\/","identifier":1221,"image":{"@type":"ImageObject","@id":"https:\/\/www.spdkoelnnord.de\/wp-content\/uploads\/2024\/02\/logo_koelnspd-150x150.png","url":"https:\/\/www.spdkoelnnord.de\/wp-content\/uploads\/2024\/02\/logo_koelnspd-150x150.png","height":96,"width":96}},"publisher":{"@type":"Organization","name":"SPD im K\u00f6lner Norden","logo":{"@type":"ImageObject","@id":"https:\/\/www.spdkoelnnord.de\/wp-content\/uploads\/2019\/10\/cropped-logo_ko\u0308lnspd.jpg","url":"https:\/\/www.spdkoelnnord.de\/wp-content\/uploads\/2019\/10\/cropped-logo_ko\u0308lnspd.jpg","width":null,"height":null}},"image":{"@type":"ImageObject","@id":"https:\/\/www.spdkoelnnord.de\/wp-content\/uploads\/2024\/05\/Screenshot-2024-05-13-at-16-05-00-Claudia-Walther-auf-Instagram-Ein-turbulentes-Wochenende-liegt-hinter-mir-In-den-letzten-zwei-Tagen-war-ich-auf-zahlreichen-Infostaenden-vor-Ort.-Das-Wetter-hat-mitgespielt-die-Sti.png","url":"https:\/\/www.spdkoelnnord.de\/wp-content\/uploads\/2024\/05\/Screenshot-2024-05-13-at-16-05-00-Claudia-Walther-auf-Instagram-Ein-turbulentes-Wochenende-liegt-hinter-mir-In-den-letzten-zwei-Tagen-war-ich-auf-zahlreichen-Infostaenden-vor-Ort.-Das-Wetter-hat-mitgespielt-die-Sti.png","height":785,"width":785},"wordCount":278,"keywords":["chorweiler","claudia","D\u00fcnnwald (K\u00f6ln)","europawahlkandidatin","Frechen","H\u00f6henhaus","K\u00f6ln","K\u00f6ln-Chorweiler (Stadtbezirk)","Marc Jan Eumann","Pesch (K\u00f6ln)","stadtbezirk","walther"]},{"@type":"BlogPosting","@id":"https:\/\/www.spdkoelnnord.de\/allianz-gegen-antisemitismus\/","headline":"Allianz gegen Antisemitismus","url":"https:\/\/www.spdkoelnnord.de\/allianz-gegen-antisemitismus\/","datePublished":"2024-05-03","dateModified":"2024-05-03","mainEntityOfPage":"https:\/\/www.spdkoelnnord.de\/allianz-gegen-antisemitismus\/","author":{"@type":"Person","@id":"https:\/\/www.spdkoelnnord.de\/author\/koelnspd\/#Person","name":"K\u00f6lnSPD","url":"https:\/\/www.spdkoelnnord.de\/author\/koelnspd\/","identifier":11,"description":"SPD-Unterbezirk K\u00f6ln\r\nMagnusstra\u00dfe 18 b\r\n50672 K\u00f6ln\r\nTel: 0221 \/ 92 59 81-0","image":{"@type":"ImageObject","@id":"https:\/\/www.spdkoelnnord.de\/wp-content\/plugins\/wp-user-avatar\/deprecated\/wp-user-avatar\/images\/wpua-96x96.png","url":"https:\/\/www.spdkoelnnord.de\/wp-content\/plugins\/wp-user-avatar\/deprecated\/wp-user-avatar\/images\/wpua-96x96.png","height":96,"width":96}},"publisher":{"@type":"Organization","name":"SPD im K\u00f6lner Norden","logo":{"@type":"ImageObject","@id":"https:\/\/www.spdkoelnnord.de\/wp-content\/uploads\/2019\/10\/cropped-logo_ko\u0308lnspd.jpg","url":"https:\/\/www.spdkoelnnord.de\/wp-content\/uploads\/2019\/10\/cropped-logo_ko\u0308lnspd.jpg","width":null,"height":null}},"image":{"@type":"ImageObject","@id":"https:\/\/www.spdkoelnnord.de\/wp-content\/uploads\/2025\/02\/spd-verschwommen.jpg","url":"https:\/\/www.spdkoelnnord.de\/wp-content\/uploads\/2025\/02\/spd-verschwommen.jpg","height":675,"width":1200},"wordCount":304,"keywords":["allianz","antisemitismus","gegen"]},{"@type":"BlogPosting","@id":"https:\/\/www.spdkoelnnord.de\/arbeitsmarkt-in-nrw-landesregierung-ist-nur-zuschauer\/","headline":"\u201eArbeitsmarkt in NRW \u2013 Landesregierung ist nur Zuschauer\u201c","url":"https:\/\/www.spdkoelnnord.de\/arbeitsmarkt-in-nrw-landesregierung-ist-nur-zuschauer\/","datePublished":"2024-05-02","dateModified":"2024-05-05","mainEntityOfPage":"https:\/\/www.spdkoelnnord.de\/arbeitsmarkt-in-nrw-landesregierung-ist-nur-zuschauer\/","author":{"@type":"Person","@id":"https:\/\/www.spdkoelnnord.de\/author\/ott\/#Person","name":"Jochen Ott","url":"https:\/\/www.spdkoelnnord.de\/author\/ott\/","identifier":344,"image":{"@type":"ImageObject","@id":"https:\/\/www.spdkoelnnord.de\/wp-content\/plugins\/wp-user-avatar\/deprecated\/wp-user-avatar\/images\/wpua-96x96.png","url":"https:\/\/www.spdkoelnnord.de\/wp-content\/plugins\/wp-user-avatar\/deprecated\/wp-user-avatar\/images\/wpua-96x96.png","height":96,"width":96}},"publisher":{"@type":"Organization","name":"SPD im K\u00f6lner Norden","logo":{"@type":"ImageObject","@id":"https:\/\/www.spdkoelnnord.de\/wp-content\/uploads\/2019\/10\/cropped-logo_ko\u0308lnspd.jpg","url":"https:\/\/www.spdkoelnnord.de\/wp-content\/uploads\/2019\/10\/cropped-logo_ko\u0308lnspd.jpg","width":null,"height":null}},"image":{"@type":"ImageObject","@id":"https:\/\/www.jochen-ott.de\/wp-content\/uploads\/sites\/19\/2020\/05\/spd-landtagsfraktion-nrw.png","url":"https:\/\/www.jochen-ott.de\/wp-content\/uploads\/sites\/19\/2020\/05\/spd-landtagsfraktion-nrw.png","height":168,"width":300},"wordCount":469,"keywords":["arbeitsmarkt","landesregierung","zuschauer"]},{"@type":"BlogPosting","@id":"https:\/\/www.spdkoelnnord.de\/verhaltene-freude-ueber-das-eu-lieferkettengesetz-eu-lieferkettengesetz-im-europaeischen-parlament-angenommen\/","headline":"\u201cVerhaltene Freude \u00fcber das EU-Lieferkettengesetz\u201c EU-Lieferkettengesetz im Europ\u00e4ischen Parlament angenommen.","url":"https:\/\/www.spdkoelnnord.de\/verhaltene-freude-ueber-das-eu-lieferkettengesetz-eu-lieferkettengesetz-im-europaeischen-parlament-angenommen\/","datePublished":"2024-04-29","dateModified":"2024-04-30","mainEntityOfPage":"https:\/\/www.spdkoelnnord.de\/verhaltene-freude-ueber-das-eu-lieferkettengesetz-eu-lieferkettengesetz-im-europaeischen-parlament-angenommen\/","author":{"@type":"Person","@id":"https:\/\/www.spdkoelnnord.de\/author\/bezirk_mitthelrhein\/#Person","name":"Bezirk Mittelrhein","url":"https:\/\/www.spdkoelnnord.de\/author\/bezirk_mitthelrhein\/","identifier":1226,"description":"Zur rheinischen Region geh\u00f6ren die St\u00e4dte K\u00f6ln, Bonn, Aachen und Leverkusen, die St\u00e4dteRegion Aachen sowie die Kreise D\u00fcren, Euskirchen, Rhein-Sieg, Rhein-Erft, Rhein-Berg, Heinsberg und Oberberg.\r\n\r\nAuf dieser Seite finden Sie Informationen aus der Arbeit des SPD-Bezirks und Informationen zu Ihren Abgeordneten in Bund, Land und Europa.","image":{"@type":"ImageObject","@id":"https:\/\/www.spdkoelnnord.de\/wp-content\/plugins\/wp-user-avatar\/deprecated\/wp-user-avatar\/images\/wpua-96x96.png","url":"https:\/\/www.spdkoelnnord.de\/wp-content\/plugins\/wp-user-avatar\/deprecated\/wp-user-avatar\/images\/wpua-96x96.png","height":96,"width":96}},"publisher":{"@type":"Organization","name":"SPD im K\u00f6lner Norden","logo":{"@type":"ImageObject","@id":"https:\/\/www.spdkoelnnord.de\/wp-content\/uploads\/2019\/10\/cropped-logo_ko\u0308lnspd.jpg","url":"https:\/\/www.spdkoelnnord.de\/wp-content\/uploads\/2019\/10\/cropped-logo_ko\u0308lnspd.jpg","width":null,"height":null}},"image":{"@type":"ImageObject","@id":"https:\/\/www.spdkoelnnord.de\/wp-content\/uploads\/2024\/04\/vaok2pmnphc.jpg","url":"https:\/\/www.spdkoelnnord.de\/wp-content\/uploads\/2024\/04\/vaok2pmnphc.jpg","height":800,"width":1200},"wordCount":364,"keywords":["angenommen","europaischen","freude","lieferkettengesetz","parlament","verhaltene"]},{"@type":"BlogPosting","@id":"https:\/\/www.spdkoelnnord.de\/spd-will-europaeische-modellregion-im-rheinischen-revier\/","headline":"SPD will europ\u00e4ische Modellregion im Rheinischen Revier","url":"https:\/\/www.spdkoelnnord.de\/spd-will-europaeische-modellregion-im-rheinischen-revier\/","datePublished":"2024-04-29","dateModified":"2024-04-30","mainEntityOfPage":"https:\/\/www.spdkoelnnord.de\/spd-will-europaeische-modellregion-im-rheinischen-revier\/","author":{"@type":"Person","@id":"https:\/\/www.spdkoelnnord.de\/author\/bezirk_mitthelrhein\/#Person","name":"Bezirk Mittelrhein","url":"https:\/\/www.spdkoelnnord.de\/author\/bezirk_mitthelrhein\/","identifier":1226,"description":"Zur rheinischen Region geh\u00f6ren die St\u00e4dte K\u00f6ln, Bonn, Aachen und Leverkusen, die St\u00e4dteRegion Aachen sowie die Kreise D\u00fcren, Euskirchen, Rhein-Sieg, Rhein-Erft, Rhein-Berg, Heinsberg und Oberberg.\r\n\r\nAuf dieser Seite finden Sie Informationen aus der Arbeit des SPD-Bezirks und Informationen zu Ihren Abgeordneten in Bund, Land und Europa.","image":{"@type":"ImageObject","@id":"https:\/\/www.spdkoelnnord.de\/wp-content\/plugins\/wp-user-avatar\/deprecated\/wp-user-avatar\/images\/wpua-96x96.png","url":"https:\/\/www.spdkoelnnord.de\/wp-content\/plugins\/wp-user-avatar\/deprecated\/wp-user-avatar\/images\/wpua-96x96.png","height":96,"width":96}},"publisher":{"@type":"Organization","name":"SPD im K\u00f6lner Norden","logo":{"@type":"ImageObject","@id":"https:\/\/www.spdkoelnnord.de\/wp-content\/uploads\/2019\/10\/cropped-logo_ko\u0308lnspd.jpg","url":"https:\/\/www.spdkoelnnord.de\/wp-content\/uploads\/2019\/10\/cropped-logo_ko\u0308lnspd.jpg","width":null,"height":null}},"image":{"@type":"ImageObject","@id":"https:\/\/www.spdkoelnnord.de\/wp-content\/uploads\/2024\/04\/cd4a2323-313e-43f0-94de-65739499543d.jpg","url":"https:\/\/www.spdkoelnnord.de\/wp-content\/uploads\/2024\/04\/cd4a2323-313e-43f0-94de-65739499543d.jpg","height":768,"width":1024},"wordCount":421,"keywords":["europaische","modellregion","revier","rheinischen"]},{"@type":"BlogPosting","@id":"https:\/\/www.spdkoelnnord.de\/never-gonna-give-eu-up\/","headline":"Never Gonna Give EU Up!","url":"https:\/\/www.spdkoelnnord.de\/never-gonna-give-eu-up\/","datePublished":"2024-04-29","dateModified":"2024-04-30","mainEntityOfPage":"https:\/\/www.spdkoelnnord.de\/never-gonna-give-eu-up\/","author":{"@type":"Person","@id":"https:\/\/www.spdkoelnnord.de\/author\/bezirk_mitthelrhein\/#Person","name":"Bezirk Mittelrhein","url":"https:\/\/www.spdkoelnnord.de\/author\/bezirk_mitthelrhein\/","identifier":1226,"description":"Zur rheinischen Region geh\u00f6ren die St\u00e4dte K\u00f6ln, Bonn, Aachen und Leverkusen, die St\u00e4dteRegion Aachen sowie die Kreise D\u00fcren, Euskirchen, Rhein-Sieg, Rhein-Erft, Rhein-Berg, Heinsberg und Oberberg.\r\n\r\nAuf dieser Seite finden Sie Informationen aus der Arbeit des SPD-Bezirks und Informationen zu Ihren Abgeordneten in Bund, Land und Europa.","image":{"@type":"ImageObject","@id":"https:\/\/www.spdkoelnnord.de\/wp-content\/plugins\/wp-user-avatar\/deprecated\/wp-user-avatar\/images\/wpua-96x96.png","url":"https:\/\/www.spdkoelnnord.de\/wp-content\/plugins\/wp-user-avatar\/deprecated\/wp-user-avatar\/images\/wpua-96x96.png","height":96,"width":96}},"publisher":{"@type":"Organization","name":"SPD im K\u00f6lner Norden","logo":{"@type":"ImageObject","@id":"https:\/\/www.spdkoelnnord.de\/wp-content\/uploads\/2019\/10\/cropped-logo_ko\u0308lnspd.jpg","url":"https:\/\/www.spdkoelnnord.de\/wp-content\/uploads\/2019\/10\/cropped-logo_ko\u0308lnspd.jpg","width":null,"height":null}},"image":{"@type":"ImageObject","@id":"https:\/\/www.spdkoelnnord.de\/wp-content\/uploads\/2024\/04\/claudia-walther-nrwspd-web.jpg","url":"https:\/\/www.spdkoelnnord.de\/wp-content\/uploads\/2024\/04\/claudia-walther-nrwspd-web.jpg","height":809,"width":1200},"wordCount":376,"keywords":["gonna","never"]},{"@type":"BlogPosting","@id":"https:\/\/www.spdkoelnnord.de\/die-europawahl-naht\/","headline":"Die Europawahl naht!","url":"https:\/\/www.spdkoelnnord.de\/die-europawahl-naht\/","datePublished":"2024-04-28","dateModified":"2024-05-28","mainEntityOfPage":"https:\/\/www.spdkoelnnord.de\/die-europawahl-naht\/","author":{"@type":"Person","@id":"https:\/\/www.spdkoelnnord.de\/author\/koeln_nord\/#Person","name":"SPD im K\u00f6lner Norden","url":"https:\/\/www.spdkoelnnord.de\/author\/koeln_nord\/","identifier":1221,"image":{"@type":"ImageObject","@id":"https:\/\/www.spdkoelnnord.de\/wp-content\/uploads\/2024\/02\/logo_koelnspd-150x150.png","url":"https:\/\/www.spdkoelnnord.de\/wp-content\/uploads\/2024\/02\/logo_koelnspd-150x150.png","height":96,"width":96}},"publisher":{"@type":"Organization","name":"SPD im K\u00f6lner Norden","logo":{"@type":"ImageObject","@id":"https:\/\/www.spdkoelnnord.de\/wp-content\/uploads\/2019\/10\/cropped-logo_ko\u0308lnspd.jpg","url":"https:\/\/www.spdkoelnnord.de\/wp-content\/uploads\/2019\/10\/cropped-logo_ko\u0308lnspd.jpg","width":null,"height":null}},"image":{"@type":"ImageObject","@id":"https:\/\/www.spdkoelnnord.de\/wp-content\/uploads\/2024\/04\/WhatsApp-Bild-2024-04-27-um-14.46.01_e92b2a07.jpg","url":"https:\/\/www.spdkoelnnord.de\/wp-content\/uploads\/2024\/04\/WhatsApp-Bild-2024-04-27-um-14.46.01_e92b2a07.jpg","height":1200,"width":900},"wordCount":59,"keywords":["B\u00fcrgerbeteiligung","Burgergemeinde Bern","K\u00f6ln-Esch"]}]},{"@context":"https:\/\/schema.org","@type":"WebSite","@id":"https:\/\/www.spdkoelnnord.de\/#website","name":"Die SPD im K\u00f6lner Norden","url":"https:\/\/www.spdkoelnnord.de","potentialAction":{"@type":"SearchAction","target":"https:\/\/www.spdkoelnnord.de\/?s={search_term_string}","query-input":"required name=search_term_string"}}]