[{"@context":"https:\/\/schema.org\/","@type":"Blog","@id":"https:\/\/www.spdkoelnnord.de#Blog","headline":"Die SPD im K\u00f6lner Norden","description":"Die SPD im Stadtbezirk K\u00f6ln - Chorweiler","url":"https:\/\/www.spdkoelnnord.de","blogPost":[{"@type":"BlogPosting","@id":"https:\/\/www.spdkoelnnord.de\/es-ist-5-vor-12-die-landesregierung-muss-fuer-eine-faire-grundsteuer-in-den-kommunen-sorgen\/","headline":"Es ist 5 vor 12: Die Landesregierung muss f\u00fcr eine faire Grundsteuer in den Kommunen sorgen!","url":"https:\/\/www.spdkoelnnord.de\/es-ist-5-vor-12-die-landesregierung-muss-fuer-eine-faire-grundsteuer-in-den-kommunen-sorgen\/","datePublished":"2024-04-27","dateModified":"2024-06-19","mainEntityOfPage":"https:\/\/www.spdkoelnnord.de\/es-ist-5-vor-12-die-landesregierung-muss-fuer-eine-faire-grundsteuer-in-den-kommunen-sorgen\/","author":{"@type":"Person","@id":"https:\/\/www.spdkoelnnord.de\/author\/koelnspd\/#Person","name":"K\u00f6lnSPD","url":"https:\/\/www.spdkoelnnord.de\/author\/koelnspd\/","identifier":11,"description":"SPD-Unterbezirk K\u00f6ln\r\nMagnusstra\u00dfe 18 b\r\n50672 K\u00f6ln\r\nTel: 0221 \/ 92 59 81-0","image":{"@type":"ImageObject","@id":"https:\/\/www.spdkoelnnord.de\/wp-content\/plugins\/wp-user-avatar\/deprecated\/wp-user-avatar\/images\/wpua-96x96.png","url":"https:\/\/www.spdkoelnnord.de\/wp-content\/plugins\/wp-user-avatar\/deprecated\/wp-user-avatar\/images\/wpua-96x96.png","height":96,"width":96}},"publisher":{"@type":"Organization","name":"SPD im K\u00f6lner Norden","logo":{"@type":"ImageObject","@id":"https:\/\/www.spdkoelnnord.de\/wp-content\/uploads\/2019\/10\/cropped-logo_ko\u0308lnspd.jpg","url":"https:\/\/www.spdkoelnnord.de\/wp-content\/uploads\/2019\/10\/cropped-logo_ko\u0308lnspd.jpg","width":null,"height":null}},"image":{"@type":"ImageObject","@id":"https:\/\/www.spdkoelnnord.de\/wp-content\/uploads\/2024\/05\/f9c341d4-c6db-493a-acf8-27cf17c1c2e3.jpg","url":"https:\/\/www.spdkoelnnord.de\/wp-content\/uploads\/2024\/05\/f9c341d4-c6db-493a-acf8-27cf17c1c2e3.jpg","height":680,"width":1024},"wordCount":330,"keywords":["faire","grundsteuer","kommunen","landesregierung","sorgen"]},{"@type":"BlogPosting","@id":"https:\/\/www.spdkoelnnord.de\/traeger-und-familien-brauchen-klarheit\/","headline":"Tr\u00e4ger und Familien brauchen Klarheit","url":"https:\/\/www.spdkoelnnord.de\/traeger-und-familien-brauchen-klarheit\/","datePublished":"2024-04-26","dateModified":"2024-04-28","mainEntityOfPage":"https:\/\/www.spdkoelnnord.de\/traeger-und-familien-brauchen-klarheit\/","author":{"@type":"Person","@id":"https:\/\/www.spdkoelnnord.de\/author\/ott\/#Person","name":"Jochen Ott","url":"https:\/\/www.spdkoelnnord.de\/author\/ott\/","identifier":344,"image":{"@type":"ImageObject","@id":"https:\/\/www.spdkoelnnord.de\/wp-content\/plugins\/wp-user-avatar\/deprecated\/wp-user-avatar\/images\/wpua-96x96.png","url":"https:\/\/www.spdkoelnnord.de\/wp-content\/plugins\/wp-user-avatar\/deprecated\/wp-user-avatar\/images\/wpua-96x96.png","height":96,"width":96}},"publisher":{"@type":"Organization","name":"SPD im K\u00f6lner Norden","logo":{"@type":"ImageObject","@id":"https:\/\/www.spdkoelnnord.de\/wp-content\/uploads\/2019\/10\/cropped-logo_ko\u0308lnspd.jpg","url":"https:\/\/www.spdkoelnnord.de\/wp-content\/uploads\/2019\/10\/cropped-logo_ko\u0308lnspd.jpg","width":null,"height":null}},"image":{"@type":"ImageObject","@id":"https:\/\/www.spdkoelnnord.de\/wp-content\/uploads\/2024\/04\/fa076b5c-4e58-4dcf-8aa6-4312e15f1790-e1717681395701.jpg","url":"https:\/\/www.spdkoelnnord.de\/wp-content\/uploads\/2024\/04\/fa076b5c-4e58-4dcf-8aa6-4312e15f1790-e1717681395701.jpg","height":500,"width":750},"wordCount":274,"keywords":["brauchen","familien","klarheit","trager"]},{"@type":"BlogPosting","@id":"https:\/\/www.spdkoelnnord.de\/wir-verbessern-die-rahmenbedingungen-im-freiwilligendienst\/","headline":"Wir verbessern die Rahmenbedingungen im Freiwilligendienst","url":"https:\/\/www.spdkoelnnord.de\/wir-verbessern-die-rahmenbedingungen-im-freiwilligendienst\/","datePublished":"2024-04-26","dateModified":"2024-04-26","mainEntityOfPage":"https:\/\/www.spdkoelnnord.de\/wir-verbessern-die-rahmenbedingungen-im-freiwilligendienst\/","author":{"@type":"Person","@id":"https:\/\/www.spdkoelnnord.de\/author\/spdbundestagsfraktion\/#Person","name":"Bundestagsfraktion","url":"https:\/\/www.spdkoelnnord.de\/author\/spdbundestagsfraktion\/","identifier":325,"image":{"@type":"ImageObject","@id":"https:\/\/www.spdkoelnnord.de\/wp-content\/plugins\/wp-user-avatar\/deprecated\/wp-user-avatar\/images\/wpua-96x96.png","url":"https:\/\/www.spdkoelnnord.de\/wp-content\/plugins\/wp-user-avatar\/deprecated\/wp-user-avatar\/images\/wpua-96x96.png","height":96,"width":96}},"publisher":{"@type":"Organization","name":"SPD im K\u00f6lner Norden","logo":{"@type":"ImageObject","@id":"https:\/\/www.spdkoelnnord.de\/wp-content\/uploads\/2019\/10\/cropped-logo_ko\u0308lnspd.jpg","url":"https:\/\/www.spdkoelnnord.de\/wp-content\/uploads\/2019\/10\/cropped-logo_ko\u0308lnspd.jpg","width":null,"height":null}},"image":{"@type":"ImageObject","@id":"https:\/\/www.spdkoelnnord.de\/wp-content\/uploads\/2025\/02\/spd-verschwommen.jpg","url":"https:\/\/www.spdkoelnnord.de\/wp-content\/uploads\/2025\/02\/spd-verschwommen.jpg","height":675,"width":1200},"wordCount":313,"keywords":["freiwilligendienst","rahmenbedingungen","verbessern"]},{"@type":"BlogPosting","@id":"https:\/\/www.spdkoelnnord.de\/halbe-milliarde-fuer-die-kommunen\/","headline":"Halbe Milliarde f\u00fcr die Kommunen","url":"https:\/\/www.spdkoelnnord.de\/halbe-milliarde-fuer-die-kommunen\/","datePublished":"2024-04-26","dateModified":"2024-04-28","mainEntityOfPage":"https:\/\/www.spdkoelnnord.de\/halbe-milliarde-fuer-die-kommunen\/","author":{"@type":"Person","@id":"https:\/\/www.spdkoelnnord.de\/author\/spdbundestagsfraktion\/#Person","name":"Bundestagsfraktion","url":"https:\/\/www.spdkoelnnord.de\/author\/spdbundestagsfraktion\/","identifier":325,"image":{"@type":"ImageObject","@id":"https:\/\/www.spdkoelnnord.de\/wp-content\/plugins\/wp-user-avatar\/deprecated\/wp-user-avatar\/images\/wpua-96x96.png","url":"https:\/\/www.spdkoelnnord.de\/wp-content\/plugins\/wp-user-avatar\/deprecated\/wp-user-avatar\/images\/wpua-96x96.png","height":96,"width":96}},"publisher":{"@type":"Organization","name":"SPD im K\u00f6lner Norden","logo":{"@type":"ImageObject","@id":"https:\/\/www.spdkoelnnord.de\/wp-content\/uploads\/2019\/10\/cropped-logo_ko\u0308lnspd.jpg","url":"https:\/\/www.spdkoelnnord.de\/wp-content\/uploads\/2019\/10\/cropped-logo_ko\u0308lnspd.jpg","width":null,"height":null}},"image":{"@type":"ImageObject","@id":"https:\/\/www.spdkoelnnord.de\/wp-content\/uploads\/2024\/04\/269e7a0d-7bc4-4d8f-9507-3b261891abae.jpg","url":"https:\/\/www.spdkoelnnord.de\/wp-content\/uploads\/2024\/04\/269e7a0d-7bc4-4d8f-9507-3b261891abae.jpg","height":650,"width":1024},"wordCount":240,"keywords":["halbe","kommunen","milliarde"]},{"@type":"BlogPosting","@id":"https:\/\/www.spdkoelnnord.de\/keine-podien-mit-der-afd\/","headline":"\u201cKeine Podien mit der AfD\u201d","url":"https:\/\/www.spdkoelnnord.de\/keine-podien-mit-der-afd\/","datePublished":"2024-04-25","dateModified":"2024-04-26","mainEntityOfPage":"https:\/\/www.spdkoelnnord.de\/keine-podien-mit-der-afd\/","author":{"@type":"Person","@id":"https:\/\/www.spdkoelnnord.de\/author\/claudia_walther\/#Person","name":"Claudia_Walther","url":"https:\/\/www.spdkoelnnord.de\/author\/claudia_walther\/","identifier":1224,"image":{"@type":"ImageObject","@id":"https:\/\/www.spdkoelnnord.de\/wp-content\/plugins\/wp-user-avatar\/deprecated\/wp-user-avatar\/images\/wpua-96x96.png","url":"https:\/\/www.spdkoelnnord.de\/wp-content\/plugins\/wp-user-avatar\/deprecated\/wp-user-avatar\/images\/wpua-96x96.png","height":96,"width":96}},"publisher":{"@type":"Organization","name":"SPD im K\u00f6lner Norden","logo":{"@type":"ImageObject","@id":"https:\/\/www.spdkoelnnord.de\/wp-content\/uploads\/2019\/10\/cropped-logo_ko\u0308lnspd.jpg","url":"https:\/\/www.spdkoelnnord.de\/wp-content\/uploads\/2019\/10\/cropped-logo_ko\u0308lnspd.jpg","width":null,"height":null}},"image":{"@type":"ImageObject","@id":"https:\/\/www.spdkoelnnord.de\/wp-content\/uploads\/2024\/04\/claudia-walther-nrwspd-web.jpg","url":"https:\/\/www.spdkoelnnord.de\/wp-content\/uploads\/2024\/04\/claudia-walther-nrwspd-web.jpg","height":809,"width":1200},"wordCount":479,"keywords":["Alexandra Geese","Alternative f\u00fcr Deutschland","Axel Voss","China","dusseldorf","Europ\u00e4isches Parlament","Europawahl 2024","keine","K\u00f6ln","Maximilian Krah","Mitglied des Europ\u00e4ischen Parlaments","Moritz K\u00f6rner","podien","rechtsextremismus","Russland","Tats\u00e4chliche Anhaltspunkte","Verfassungsschutz"]},{"@type":"BlogPosting","@id":"https:\/\/www.spdkoelnnord.de\/verhaltene-freude-ueber-das-eu-lieferkettengesetz\/","headline":"\u201eVerhaltene Freude \u00fcber das EU-Lieferkettengesetz\u201c","url":"https:\/\/www.spdkoelnnord.de\/verhaltene-freude-ueber-das-eu-lieferkettengesetz\/","datePublished":"2024-04-24","dateModified":"2024-04-26","mainEntityOfPage":"https:\/\/www.spdkoelnnord.de\/verhaltene-freude-ueber-das-eu-lieferkettengesetz\/","author":{"@type":"Person","@id":"https:\/\/www.spdkoelnnord.de\/author\/claudia_walther\/#Person","name":"Claudia_Walther","url":"https:\/\/www.spdkoelnnord.de\/author\/claudia_walther\/","identifier":1224,"image":{"@type":"ImageObject","@id":"https:\/\/www.spdkoelnnord.de\/wp-content\/plugins\/wp-user-avatar\/deprecated\/wp-user-avatar\/images\/wpua-96x96.png","url":"https:\/\/www.spdkoelnnord.de\/wp-content\/plugins\/wp-user-avatar\/deprecated\/wp-user-avatar\/images\/wpua-96x96.png","height":96,"width":96}},"publisher":{"@type":"Organization","name":"SPD im K\u00f6lner Norden","logo":{"@type":"ImageObject","@id":"https:\/\/www.spdkoelnnord.de\/wp-content\/uploads\/2019\/10\/cropped-logo_ko\u0308lnspd.jpg","url":"https:\/\/www.spdkoelnnord.de\/wp-content\/uploads\/2019\/10\/cropped-logo_ko\u0308lnspd.jpg","width":null,"height":null}},"image":{"@type":"ImageObject","@id":"https:\/\/www.claudia-walther.eu\/wp-content\/uploads\/sites\/906\/2024\/04\/claudia-walther-europadelegiertenkonferenz-012024-wbh.jpg","url":"https:\/\/www.claudia-walther.eu\/wp-content\/uploads\/sites\/906\/2024\/04\/claudia-walther-europadelegiertenkonferenz-012024-wbh.jpg","height":800,"width":1200},"wordCount":375,"keywords":["freude","lieferkettengesetz","verhaltene"]},{"@type":"BlogPosting","@id":"https:\/\/www.spdkoelnnord.de\/erbpacht-fuer-soziokulturelle-nutzung-staedtischer-immobilien\/","headline":"Erbpacht f\u00fcr soziokulturelle Nutzung st\u00e4dtischer Immobilien","url":"https:\/\/www.spdkoelnnord.de\/erbpacht-fuer-soziokulturelle-nutzung-staedtischer-immobilien\/","datePublished":"2024-04-24","dateModified":"2024-04-25","mainEntityOfPage":"https:\/\/www.spdkoelnnord.de\/erbpacht-fuer-soziokulturelle-nutzung-staedtischer-immobilien\/","author":{"@type":"Person","@id":"https:\/\/www.spdkoelnnord.de\/author\/koelnspd\/#Person","name":"K\u00f6lnSPD","url":"https:\/\/www.spdkoelnnord.de\/author\/koelnspd\/","identifier":11,"description":"SPD-Unterbezirk K\u00f6ln\r\nMagnusstra\u00dfe 18 b\r\n50672 K\u00f6ln\r\nTel: 0221 \/ 92 59 81-0","image":{"@type":"ImageObject","@id":"https:\/\/www.spdkoelnnord.de\/wp-content\/plugins\/wp-user-avatar\/deprecated\/wp-user-avatar\/images\/wpua-96x96.png","url":"https:\/\/www.spdkoelnnord.de\/wp-content\/plugins\/wp-user-avatar\/deprecated\/wp-user-avatar\/images\/wpua-96x96.png","height":96,"width":96}},"publisher":{"@type":"Organization","name":"SPD im K\u00f6lner Norden","logo":{"@type":"ImageObject","@id":"https:\/\/www.spdkoelnnord.de\/wp-content\/uploads\/2019\/10\/cropped-logo_ko\u0308lnspd.jpg","url":"https:\/\/www.spdkoelnnord.de\/wp-content\/uploads\/2019\/10\/cropped-logo_ko\u0308lnspd.jpg","width":null,"height":null}},"image":{"@type":"ImageObject","@id":"https:\/\/www.spdkoelnnord.de\/wp-content\/uploads\/2024\/04\/erbpacht-soziokulturelle-traeger-bild-1-1980x1320-1.jpg","url":"https:\/\/www.spdkoelnnord.de\/wp-content\/uploads\/2024\/04\/erbpacht-soziokulturelle-traeger-bild-1-1980x1320-1.jpg","height":800,"width":1200},"wordCount":145,"keywords":["erbpacht","immobilien","nutzung","soziokulturelle","stadtischer"]}]},{"@context":"https:\/\/schema.org","@type":"WebSite","@id":"https:\/\/www.spdkoelnnord.de\/#website","name":"Die SPD im K\u00f6lner Norden","url":"https:\/\/www.spdkoelnnord.de","potentialAction":{"@type":"SearchAction","target":"https:\/\/www.spdkoelnnord.de\/?s={search_term_string}","query-input":"required name=search_term_string"}}]