[{"@context":"https:\/\/schema.org\/","@type":"Blog","@id":"https:\/\/www.spdkoelnnord.de#Blog","headline":"Die SPD im K\u00f6lner Norden","description":"Die SPD im Stadtbezirk K\u00f6ln - Chorweiler","url":"https:\/\/www.spdkoelnnord.de","blogPost":[{"@type":"BlogPosting","@id":"https:\/\/www.spdkoelnnord.de\/pesch-zebrastreifen-notwendig\/","headline":"Pesch: Zebrastreifen notwendig","url":"https:\/\/www.spdkoelnnord.de\/pesch-zebrastreifen-notwendig\/","datePublished":"2024-04-24","dateModified":"2024-05-28","mainEntityOfPage":"https:\/\/www.spdkoelnnord.de\/pesch-zebrastreifen-notwendig\/","author":{"@type":"Person","@id":"https:\/\/www.spdkoelnnord.de\/author\/koeln_nord\/#Person","name":"SPD im K\u00f6lner Norden","url":"https:\/\/www.spdkoelnnord.de\/author\/koeln_nord\/","identifier":1221,"image":{"@type":"ImageObject","@id":"https:\/\/www.spdkoelnnord.de\/wp-content\/uploads\/2024\/02\/logo_koelnspd-150x150.png","url":"https:\/\/www.spdkoelnnord.de\/wp-content\/uploads\/2024\/02\/logo_koelnspd-150x150.png","height":96,"width":96}},"publisher":{"@type":"Organization","name":"SPD im K\u00f6lner Norden","logo":{"@type":"ImageObject","@id":"https:\/\/www.spdkoelnnord.de\/wp-content\/uploads\/2019\/10\/cropped-logo_ko\u0308lnspd.jpg","url":"https:\/\/www.spdkoelnnord.de\/wp-content\/uploads\/2019\/10\/cropped-logo_ko\u0308lnspd.jpg","width":null,"height":null}},"image":{"@type":"ImageObject","@id":"https:\/\/www.spdkoelnnord.de\/wp-content\/uploads\/2024\/04\/4fa20adb-d34a-47cb-afc3-c430b7d6c6ba.jpg","url":"https:\/\/www.spdkoelnnord.de\/wp-content\/uploads\/2024\/04\/4fa20adb-d34a-47cb-afc3-c430b7d6c6ba.jpg","height":936,"width":1200},"wordCount":106,"keywords":["bezirksvertretung","chorweiler","Fu\u00dfg\u00e4nger\u00fcbergang","notwendig","pesch","zebrastreifen"]},{"@type":"BlogPosting","@id":"https:\/\/www.spdkoelnnord.de\/kurzzeitparkzone-fuer-den-friedhof-koeln-weiler\/","headline":"Kurzzeitparkzone f\u00fcr den Friedhof K\u00f6ln-Weiler","url":"https:\/\/www.spdkoelnnord.de\/kurzzeitparkzone-fuer-den-friedhof-koeln-weiler\/","datePublished":"2024-04-24","dateModified":"2024-05-28","mainEntityOfPage":"https:\/\/www.spdkoelnnord.de\/kurzzeitparkzone-fuer-den-friedhof-koeln-weiler\/","author":{"@type":"Person","@id":"https:\/\/www.spdkoelnnord.de\/author\/koeln_nord\/#Person","name":"SPD im K\u00f6lner Norden","url":"https:\/\/www.spdkoelnnord.de\/author\/koeln_nord\/","identifier":1221,"image":{"@type":"ImageObject","@id":"https:\/\/www.spdkoelnnord.de\/wp-content\/uploads\/2024\/02\/logo_koelnspd-150x150.png","url":"https:\/\/www.spdkoelnnord.de\/wp-content\/uploads\/2024\/02\/logo_koelnspd-150x150.png","height":96,"width":96}},"publisher":{"@type":"Organization","name":"SPD im K\u00f6lner Norden","logo":{"@type":"ImageObject","@id":"https:\/\/www.spdkoelnnord.de\/wp-content\/uploads\/2019\/10\/cropped-logo_ko\u0308lnspd.jpg","url":"https:\/\/www.spdkoelnnord.de\/wp-content\/uploads\/2019\/10\/cropped-logo_ko\u0308lnspd.jpg","width":null,"height":null}},"image":{"@type":"ImageObject","@id":"https:\/\/www.spdkoelnnord.de\/wp-content\/uploads\/2024\/04\/359e8ccb-d666-40aa-9683-0005fd8ba68d.jpg","url":"https:\/\/www.spdkoelnnord.de\/wp-content\/uploads\/2024\/04\/359e8ccb-d666-40aa-9683-0005fd8ba68d.jpg","height":778,"width":1200},"wordCount":108,"keywords":["friedhof","kurzzeitparkzone","weiler"]},{"@type":"BlogPosting","@id":"https:\/\/www.spdkoelnnord.de\/gemeinsam-gegen-wohnungslosigkeit-vorgehen\/","headline":"Gemeinsam gegen Wohnungslosigkeit vorgehen","url":"https:\/\/www.spdkoelnnord.de\/gemeinsam-gegen-wohnungslosigkeit-vorgehen\/","datePublished":"2024-04-24","dateModified":"2024-04-24","mainEntityOfPage":"https:\/\/www.spdkoelnnord.de\/gemeinsam-gegen-wohnungslosigkeit-vorgehen\/","author":{"@type":"Person","@id":"https:\/\/www.spdkoelnnord.de\/author\/spdbundestagsfraktion\/#Person","name":"Bundestagsfraktion","url":"https:\/\/www.spdkoelnnord.de\/author\/spdbundestagsfraktion\/","identifier":325,"image":{"@type":"ImageObject","@id":"https:\/\/www.spdkoelnnord.de\/wp-content\/plugins\/wp-user-avatar\/deprecated\/wp-user-avatar\/images\/wpua-96x96.png","url":"https:\/\/www.spdkoelnnord.de\/wp-content\/plugins\/wp-user-avatar\/deprecated\/wp-user-avatar\/images\/wpua-96x96.png","height":96,"width":96}},"publisher":{"@type":"Organization","name":"SPD im K\u00f6lner Norden","logo":{"@type":"ImageObject","@id":"https:\/\/www.spdkoelnnord.de\/wp-content\/uploads\/2019\/10\/cropped-logo_ko\u0308lnspd.jpg","url":"https:\/\/www.spdkoelnnord.de\/wp-content\/uploads\/2019\/10\/cropped-logo_ko\u0308lnspd.jpg","width":null,"height":null}},"image":{"@type":"ImageObject","@id":"https:\/\/www.spdkoelnnord.de\/wp-content\/uploads\/2024\/04\/6446f879-a8b4-4cde-ab33-b6ef00b40f99.jpg","url":"https:\/\/www.spdkoelnnord.de\/wp-content\/uploads\/2024\/04\/6446f879-a8b4-4cde-ab33-b6ef00b40f99.jpg","height":900,"width":1200},"wordCount":258,"keywords":["Brian Nickholz","Bundesministerium f\u00fcr Wohnen, Stadtentwicklung und Bauwesen","Bundesregierung (Deutschland)","deutschland","gegen","gemeinsam","Koalitionsvertrag","Mietvertrag (Deutschland)","obdachlosigkeit","vorgehen","wohnungslosigkeit"]},{"@type":"BlogPosting","@id":"https:\/\/www.spdkoelnnord.de\/luftmessstation-in-merkenich\/","headline":"SPD Fraktion fordert Luftmessstation im K\u00f6lner Norden","url":"https:\/\/www.spdkoelnnord.de\/luftmessstation-in-merkenich\/","datePublished":"2024-04-23","dateModified":"2024-05-28","mainEntityOfPage":"https:\/\/www.spdkoelnnord.de\/luftmessstation-in-merkenich\/","author":{"@type":"Person","@id":"https:\/\/www.spdkoelnnord.de\/author\/koeln_nord\/#Person","name":"SPD im K\u00f6lner Norden","url":"https:\/\/www.spdkoelnnord.de\/author\/koeln_nord\/","identifier":1221,"image":{"@type":"ImageObject","@id":"https:\/\/www.spdkoelnnord.de\/wp-content\/uploads\/2024\/02\/logo_koelnspd-150x150.png","url":"https:\/\/www.spdkoelnnord.de\/wp-content\/uploads\/2024\/02\/logo_koelnspd-150x150.png","height":96,"width":96}},"publisher":{"@type":"Organization","name":"SPD im K\u00f6lner Norden","logo":{"@type":"ImageObject","@id":"https:\/\/www.spdkoelnnord.de\/wp-content\/uploads\/2019\/10\/cropped-logo_ko\u0308lnspd.jpg","url":"https:\/\/www.spdkoelnnord.de\/wp-content\/uploads\/2019\/10\/cropped-logo_ko\u0308lnspd.jpg","width":null,"height":null}},"image":{"@type":"ImageObject","@id":"https:\/\/www.spdkoelnnord.de\/wp-content\/uploads\/2024\/04\/11f6dbf3-5cf0-4de6-8dff-66c3725eb5db-e1717681344410.jpg","url":"https:\/\/www.spdkoelnnord.de\/wp-content\/uploads\/2024\/04\/11f6dbf3-5cf0-4de6-8dff-66c3725eb5db-e1717681344410.jpg","height":563,"width":750},"wordCount":118,"keywords":["luftmessstation","Luftverschmutzung","merkenich","Sozialdemokratische Partei Deutschlands"]},{"@type":"BlogPosting","@id":"https:\/\/www.spdkoelnnord.de\/gemeinsam-an-der-zukunft-europas-bauen\/","headline":"Gemeinsam an der Zukunft Europas bauen","url":"https:\/\/www.spdkoelnnord.de\/gemeinsam-an-der-zukunft-europas-bauen\/","datePublished":"2024-04-22","dateModified":"2024-04-22","mainEntityOfPage":"https:\/\/www.spdkoelnnord.de\/gemeinsam-an-der-zukunft-europas-bauen\/","author":{"@type":"Person","@id":"https:\/\/www.spdkoelnnord.de\/author\/claudia_walther\/#Person","name":"Claudia_Walther","url":"https:\/\/www.spdkoelnnord.de\/author\/claudia_walther\/","identifier":1224,"image":{"@type":"ImageObject","@id":"https:\/\/www.spdkoelnnord.de\/wp-content\/plugins\/wp-user-avatar\/deprecated\/wp-user-avatar\/images\/wpua-96x96.png","url":"https:\/\/www.spdkoelnnord.de\/wp-content\/plugins\/wp-user-avatar\/deprecated\/wp-user-avatar\/images\/wpua-96x96.png","height":96,"width":96}},"publisher":{"@type":"Organization","name":"SPD im K\u00f6lner Norden","logo":{"@type":"ImageObject","@id":"https:\/\/www.spdkoelnnord.de\/wp-content\/uploads\/2019\/10\/cropped-logo_ko\u0308lnspd.jpg","url":"https:\/\/www.spdkoelnnord.de\/wp-content\/uploads\/2019\/10\/cropped-logo_ko\u0308lnspd.jpg","width":null,"height":null}},"image":{"@type":"ImageObject","@id":"https:\/\/www.claudia-walther.eu\/wp-content\/uploads\/sites\/906\/2024\/04\/11-600x398.jpg","url":"https:\/\/www.claudia-walther.eu\/wp-content\/uploads\/sites\/906\/2024\/04\/11-600x398.jpg","height":398,"width":600},"wordCount":781,"keywords":["bauen","Energiewende","Europ\u00e4isches Parlament","europas","Faschismus","Fraktion im Europ\u00e4ischen Parlament","gemeinsam","Institution","Jens Geier","Lille","Nationalismus","Quo Vadis (Roman)","Quo Vadis? (1913)","Quo vadis? (1951)","Sozialpolitik","Wasserstoff","Wesseling","zukunft"]},{"@type":"BlogPosting","@id":"https:\/\/www.spdkoelnnord.de\/10-jahre-friedensglocke-abschlussfest-im-bezirksrathaus\/","headline":"10 Jahre Friedensglocke: Abschlussfest im Bezirksrathaus","url":"https:\/\/www.spdkoelnnord.de\/10-jahre-friedensglocke-abschlussfest-im-bezirksrathaus\/","datePublished":"2024-04-21","dateModified":"2024-05-28","mainEntityOfPage":"https:\/\/www.spdkoelnnord.de\/10-jahre-friedensglocke-abschlussfest-im-bezirksrathaus\/","author":{"@type":"Person","@id":"https:\/\/www.spdkoelnnord.de\/author\/koeln_nord\/#Person","name":"SPD im K\u00f6lner Norden","url":"https:\/\/www.spdkoelnnord.de\/author\/koeln_nord\/","identifier":1221,"image":{"@type":"ImageObject","@id":"https:\/\/www.spdkoelnnord.de\/wp-content\/uploads\/2024\/02\/logo_koelnspd-150x150.png","url":"https:\/\/www.spdkoelnnord.de\/wp-content\/uploads\/2024\/02\/logo_koelnspd-150x150.png","height":96,"width":96}},"publisher":{"@type":"Organization","name":"SPD im K\u00f6lner Norden","logo":{"@type":"ImageObject","@id":"https:\/\/www.spdkoelnnord.de\/wp-content\/uploads\/2019\/10\/cropped-logo_ko\u0308lnspd.jpg","url":"https:\/\/www.spdkoelnnord.de\/wp-content\/uploads\/2019\/10\/cropped-logo_ko\u0308lnspd.jpg","width":null,"height":null}},"image":{"@type":"ImageObject","@id":"https:\/\/www.spdkoelnnord.de\/wp-content\/uploads\/2024\/04\/WhatsApp-Bild-2024-04-21-um-17.48.03_e423758e.jpg","url":"https:\/\/www.spdkoelnnord.de\/wp-content\/uploads\/2024\/04\/WhatsApp-Bild-2024-04-21-um-17.48.03_e423758e.jpg","height":1200,"width":900},"wordCount":53,"keywords":["abschlussfest","bezirksrathaus","chorweiler","friedensglocke","jahre","Runder Tisch"]},{"@type":"BlogPosting","@id":"https:\/\/www.spdkoelnnord.de\/massnahmenpaket-zur-beschleunigung-des-neubaus-in-koeln\/","headline":"Ma\u00dfnahmenpaket zur Beschleunigung des Neubaus in K\u00f6ln","url":"https:\/\/www.spdkoelnnord.de\/massnahmenpaket-zur-beschleunigung-des-neubaus-in-koeln\/","datePublished":"2024-04-20","dateModified":"2024-04-20","mainEntityOfPage":"https:\/\/www.spdkoelnnord.de\/massnahmenpaket-zur-beschleunigung-des-neubaus-in-koeln\/","author":{"@type":"Person","@id":"https:\/\/www.spdkoelnnord.de\/author\/koelnspd\/#Person","name":"K\u00f6lnSPD","url":"https:\/\/www.spdkoelnnord.de\/author\/koelnspd\/","identifier":11,"description":"SPD-Unterbezirk K\u00f6ln\r\nMagnusstra\u00dfe 18 b\r\n50672 K\u00f6ln\r\nTel: 0221 \/ 92 59 81-0","image":{"@type":"ImageObject","@id":"https:\/\/www.spdkoelnnord.de\/wp-content\/plugins\/wp-user-avatar\/deprecated\/wp-user-avatar\/images\/wpua-96x96.png","url":"https:\/\/www.spdkoelnnord.de\/wp-content\/plugins\/wp-user-avatar\/deprecated\/wp-user-avatar\/images\/wpua-96x96.png","height":96,"width":96}},"publisher":{"@type":"Organization","name":"SPD im K\u00f6lner Norden","logo":{"@type":"ImageObject","@id":"https:\/\/www.spdkoelnnord.de\/wp-content\/uploads\/2019\/10\/cropped-logo_ko\u0308lnspd.jpg","url":"https:\/\/www.spdkoelnnord.de\/wp-content\/uploads\/2019\/10\/cropped-logo_ko\u0308lnspd.jpg","width":null,"height":null}},"image":{"@type":"ImageObject","@id":"https:\/\/www.koelnspd.de\/wp-content\/uploads\/sites\/749\/2024\/05\/ma-nahmenpaket-zur-beschleunigung-des-neubaus-in-k-ln.png","url":"https:\/\/www.koelnspd.de\/wp-content\/uploads\/sites\/749\/2024\/05\/ma-nahmenpaket-zur-beschleunigung-des-neubaus-in-k-ln.png","height":1080,"width":1080},"wordCount":508,"keywords":["beschleunigung","nahmenpaket","neubaus"]}]},{"@context":"https:\/\/schema.org","@type":"WebSite","@id":"https:\/\/www.spdkoelnnord.de\/#website","name":"Die SPD im K\u00f6lner Norden","url":"https:\/\/www.spdkoelnnord.de","potentialAction":{"@type":"SearchAction","target":"https:\/\/www.spdkoelnnord.de\/?s={search_term_string}","query-input":"required name=search_term_string"}}]