[{"@context":"https:\/\/schema.org\/","@type":"Blog","@id":"https:\/\/www.spdkoelnnord.de#Blog","headline":"Die SPD im K\u00f6lner Norden","description":"Die SPD im Stadtbezirk K\u00f6ln - Chorweiler","url":"https:\/\/www.spdkoelnnord.de","blogPost":[{"@type":"BlogPosting","@id":"https:\/\/www.spdkoelnnord.de\/mein-praktikum-im-landtag-nrw\/","headline":"Mein Praktikum im Landtag NRW","url":"https:\/\/www.spdkoelnnord.de\/mein-praktikum-im-landtag-nrw\/","datePublished":"2024-04-19","dateModified":"2024-06-19","mainEntityOfPage":"https:\/\/www.spdkoelnnord.de\/mein-praktikum-im-landtag-nrw\/","author":{"@type":"Person","@id":"https:\/\/www.spdkoelnnord.de\/author\/koelnspd\/#Person","name":"K\u00f6lnSPD","url":"https:\/\/www.spdkoelnnord.de\/author\/koelnspd\/","identifier":11,"description":"SPD-Unterbezirk K\u00f6ln\r\nMagnusstra\u00dfe 18 b\r\n50672 K\u00f6ln\r\nTel: 0221 \/ 92 59 81-0","image":{"@type":"ImageObject","@id":"https:\/\/www.spdkoelnnord.de\/wp-content\/plugins\/wp-user-avatar\/deprecated\/wp-user-avatar\/images\/wpua-96x96.png","url":"https:\/\/www.spdkoelnnord.de\/wp-content\/plugins\/wp-user-avatar\/deprecated\/wp-user-avatar\/images\/wpua-96x96.png","height":96,"width":96}},"publisher":{"@type":"Organization","name":"SPD im K\u00f6lner Norden","logo":{"@type":"ImageObject","@id":"https:\/\/www.spdkoelnnord.de\/wp-content\/uploads\/2019\/10\/cropped-logo_ko\u0308lnspd.jpg","url":"https:\/\/www.spdkoelnnord.de\/wp-content\/uploads\/2019\/10\/cropped-logo_ko\u0308lnspd.jpg","width":null,"height":null}},"image":{"@type":"ImageObject","@id":"https:\/\/www.spdkoelnnord.de\/wp-content\/uploads\/2024\/06\/lukas-1961x1320-1.jpg","url":"https:\/\/www.spdkoelnnord.de\/wp-content\/uploads\/2024\/06\/lukas-1961x1320-1.jpg","height":808,"width":1200},"wordCount":338,"keywords":["landtag","praktikum"]},{"@type":"BlogPosting","@id":"https:\/\/www.spdkoelnnord.de\/spd-schlaegt-eigenen-busdienst-fuer-blumenberg-vor\/","headline":"SPD schl\u00e4gt eigenen Busdienst f\u00fcr Blumenberg vor","url":"https:\/\/www.spdkoelnnord.de\/spd-schlaegt-eigenen-busdienst-fuer-blumenberg-vor\/","datePublished":"2024-04-18","dateModified":"2024-05-28","mainEntityOfPage":"https:\/\/www.spdkoelnnord.de\/spd-schlaegt-eigenen-busdienst-fuer-blumenberg-vor\/","author":{"@type":"Person","@id":"https:\/\/www.spdkoelnnord.de\/author\/koeln_nord\/#Person","name":"SPD im K\u00f6lner Norden","url":"https:\/\/www.spdkoelnnord.de\/author\/koeln_nord\/","identifier":1221,"image":{"@type":"ImageObject","@id":"https:\/\/www.spdkoelnnord.de\/wp-content\/uploads\/2024\/02\/logo_koelnspd-150x150.png","url":"https:\/\/www.spdkoelnnord.de\/wp-content\/uploads\/2024\/02\/logo_koelnspd-150x150.png","height":96,"width":96}},"publisher":{"@type":"Organization","name":"SPD im K\u00f6lner Norden","logo":{"@type":"ImageObject","@id":"https:\/\/www.spdkoelnnord.de\/wp-content\/uploads\/2019\/10\/cropped-logo_ko\u0308lnspd.jpg","url":"https:\/\/www.spdkoelnnord.de\/wp-content\/uploads\/2019\/10\/cropped-logo_ko\u0308lnspd.jpg","width":null,"height":null}},"image":{"@type":"ImageObject","@id":"https:\/\/www.spdkoelnnord.de\/wp-content\/uploads\/2024\/04\/94c61864-b868-4c80-a51c-7966ad0b5188.jpg","url":"https:\/\/www.spdkoelnnord.de\/wp-content\/uploads\/2024\/04\/94c61864-b868-4c80-a51c-7966ad0b5188.jpg","height":768,"width":1024},"wordCount":471,"keywords":["Bahnhof K\u00f6ln-Chorweiler","bezirksvertretung","Blumberg","blumenberg","busdienst","Ehrenfeld (K\u00f6ln)","eigenen","Gut (Wirtschaftswissenschaft)","Nippes (K\u00f6ln)","\u00d6ffentlicher Personennahverkehr","S-Bahn Berlin","schlagt","Sozialdemokratische Partei Deutschlands","Wirtschaftlichkeit"]},{"@type":"BlogPosting","@id":"https:\/\/www.spdkoelnnord.de\/europa-entdecken-mit-discovereu\/","headline":"\u201eEuropa entdecken mit DiscoverEU\u201c","url":"https:\/\/www.spdkoelnnord.de\/europa-entdecken-mit-discovereu\/","datePublished":"2024-04-18","dateModified":"2024-04-18","mainEntityOfPage":"https:\/\/www.spdkoelnnord.de\/europa-entdecken-mit-discovereu\/","author":{"@type":"Person","@id":"https:\/\/www.spdkoelnnord.de\/author\/claudia_walther\/#Person","name":"Claudia_Walther","url":"https:\/\/www.spdkoelnnord.de\/author\/claudia_walther\/","identifier":1224,"image":{"@type":"ImageObject","@id":"https:\/\/www.spdkoelnnord.de\/wp-content\/plugins\/wp-user-avatar\/deprecated\/wp-user-avatar\/images\/wpua-96x96.png","url":"https:\/\/www.spdkoelnnord.de\/wp-content\/plugins\/wp-user-avatar\/deprecated\/wp-user-avatar\/images\/wpua-96x96.png","height":96,"width":96}},"publisher":{"@type":"Organization","name":"SPD im K\u00f6lner Norden","logo":{"@type":"ImageObject","@id":"https:\/\/www.spdkoelnnord.de\/wp-content\/uploads\/2019\/10\/cropped-logo_ko\u0308lnspd.jpg","url":"https:\/\/www.spdkoelnnord.de\/wp-content\/uploads\/2019\/10\/cropped-logo_ko\u0308lnspd.jpg","width":null,"height":null}},"image":{"@type":"ImageObject","@id":"https:\/\/www.spdkoelnnord.de\/wp-content\/uploads\/2024\/04\/lswlpuwxfbu.jpg","url":"https:\/\/www.spdkoelnnord.de\/wp-content\/uploads\/2024\/04\/lswlpuwxfbu.jpg","height":800,"width":1200},"wordCount":286,"keywords":["Burgergemeinde Bern","discovereu","entdecken","europa","Europ\u00e4ische Identit\u00e4t","Europ\u00e4ische Union","Wertvorstellung"]},{"@type":"BlogPosting","@id":"https:\/\/www.spdkoelnnord.de\/merkenich-braucht-endlich-eine-neue-kita\/","headline":"Merkenich braucht endlich eine neue Kita!","url":"https:\/\/www.spdkoelnnord.de\/merkenich-braucht-endlich-eine-neue-kita\/","datePublished":"2024-04-17","dateModified":"2024-05-28","mainEntityOfPage":"https:\/\/www.spdkoelnnord.de\/merkenich-braucht-endlich-eine-neue-kita\/","author":{"@type":"Person","@id":"https:\/\/www.spdkoelnnord.de\/author\/koeln_nord\/#Person","name":"SPD im K\u00f6lner Norden","url":"https:\/\/www.spdkoelnnord.de\/author\/koeln_nord\/","identifier":1221,"image":{"@type":"ImageObject","@id":"https:\/\/www.spdkoelnnord.de\/wp-content\/uploads\/2024\/02\/logo_koelnspd-150x150.png","url":"https:\/\/www.spdkoelnnord.de\/wp-content\/uploads\/2024\/02\/logo_koelnspd-150x150.png","height":96,"width":96}},"publisher":{"@type":"Organization","name":"SPD im K\u00f6lner Norden","logo":{"@type":"ImageObject","@id":"https:\/\/www.spdkoelnnord.de\/wp-content\/uploads\/2019\/10\/cropped-logo_ko\u0308lnspd.jpg","url":"https:\/\/www.spdkoelnnord.de\/wp-content\/uploads\/2019\/10\/cropped-logo_ko\u0308lnspd.jpg","width":null,"height":null}},"image":{"@type":"ImageObject","@id":"https:\/\/www.spdkoelnnord.de\/wp-content\/uploads\/2024\/04\/75c8346f-1017-4193-b9fd-4f18c6ab47fe.jpg","url":"https:\/\/www.spdkoelnnord.de\/wp-content\/uploads\/2024\/04\/75c8346f-1017-4193-b9fd-4f18c6ab47fe.jpg","height":683,"width":1024},"wordCount":525,"keywords":["Apotheke","bezirksvertretung","braucht","chorweiler","endlich","Kindertagesst\u00e4tte","Linksrheinisch","merkenich","rechtsrheinisch","Richtlinie 96\/82\/EG (Seveso-II-Richtlinie)","Seveso","sparkasse","Stra\u00dfenbahn","veedel"]},{"@type":"BlogPosting","@id":"https:\/\/www.spdkoelnnord.de\/neue-bewegungsparcours-in-merkenich-und-worringen\/","headline":"Neue Bewegungsparcours in Merkenich und Worringen","url":"https:\/\/www.spdkoelnnord.de\/neue-bewegungsparcours-in-merkenich-und-worringen\/","datePublished":"2024-04-17","dateModified":"2024-05-28","mainEntityOfPage":"https:\/\/www.spdkoelnnord.de\/neue-bewegungsparcours-in-merkenich-und-worringen\/","author":{"@type":"Person","@id":"https:\/\/www.spdkoelnnord.de\/author\/koeln_nord\/#Person","name":"SPD im K\u00f6lner Norden","url":"https:\/\/www.spdkoelnnord.de\/author\/koeln_nord\/","identifier":1221,"image":{"@type":"ImageObject","@id":"https:\/\/www.spdkoelnnord.de\/wp-content\/uploads\/2024\/02\/logo_koelnspd-150x150.png","url":"https:\/\/www.spdkoelnnord.de\/wp-content\/uploads\/2024\/02\/logo_koelnspd-150x150.png","height":96,"width":96}},"publisher":{"@type":"Organization","name":"SPD im K\u00f6lner Norden","logo":{"@type":"ImageObject","@id":"https:\/\/www.spdkoelnnord.de\/wp-content\/uploads\/2019\/10\/cropped-logo_ko\u0308lnspd.jpg","url":"https:\/\/www.spdkoelnnord.de\/wp-content\/uploads\/2019\/10\/cropped-logo_ko\u0308lnspd.jpg","width":null,"height":null}},"image":{"@type":"ImageObject","@id":"https:\/\/www.spdkoelnnord.de\/wp-content\/uploads\/2024\/02\/IMG_20230805_123138.jpg","url":"https:\/\/www.spdkoelnnord.de\/wp-content\/uploads\/2024\/02\/IMG_20230805_123138.jpg","height":1200,"width":900},"wordCount":227,"keywords":["bewegungsparcours","merkenich","worringen"]},{"@type":"BlogPosting","@id":"https:\/\/www.spdkoelnnord.de\/neue-badezonen-am-fuehlinger-see-ab-dem-17-mai\/","headline":"Neue Badezonen am F\u00fchlinger See ab dem 17. Mai","url":"https:\/\/www.spdkoelnnord.de\/neue-badezonen-am-fuehlinger-see-ab-dem-17-mai\/","datePublished":"2024-04-17","dateModified":"2024-05-28","mainEntityOfPage":"https:\/\/www.spdkoelnnord.de\/neue-badezonen-am-fuehlinger-see-ab-dem-17-mai\/","author":{"@type":"Person","@id":"https:\/\/www.spdkoelnnord.de\/author\/koeln_nord\/#Person","name":"SPD im K\u00f6lner Norden","url":"https:\/\/www.spdkoelnnord.de\/author\/koeln_nord\/","identifier":1221,"image":{"@type":"ImageObject","@id":"https:\/\/www.spdkoelnnord.de\/wp-content\/uploads\/2024\/02\/logo_koelnspd-150x150.png","url":"https:\/\/www.spdkoelnnord.de\/wp-content\/uploads\/2024\/02\/logo_koelnspd-150x150.png","height":96,"width":96}},"publisher":{"@type":"Organization","name":"SPD im K\u00f6lner Norden","logo":{"@type":"ImageObject","@id":"https:\/\/www.spdkoelnnord.de\/wp-content\/uploads\/2019\/10\/cropped-logo_ko\u0308lnspd.jpg","url":"https:\/\/www.spdkoelnnord.de\/wp-content\/uploads\/2019\/10\/cropped-logo_ko\u0308lnspd.jpg","width":null,"height":null}},"image":{"@type":"ImageObject","@id":"https:\/\/www.spdkoelnnord.de\/wp-content\/uploads\/2024\/04\/50d20842-0308-41f1-9677-95c48c8efb40.jpg","url":"https:\/\/www.spdkoelnnord.de\/wp-content\/uploads\/2024\/04\/50d20842-0308-41f1-9677-95c48c8efb40.jpg","height":681,"width":1023},"wordCount":1817,"keywords":["9K76 Temp-S","Alternative f\u00fcr Deutschland","badezonen","bezirksvertretung","Blackfoot","B\u00fcrgerbeteiligung","chorweiler","COVID-19-Pandemie","Deutsche Gesellschaft f\u00fcr das Badewesen","fuhlinger","F\u00fchlinger See","K\u00f6ln","K\u00f6ln-Chorweiler (Stadtbezirk)","Nordrhein-Westfalen","Petition","Risikoanalyse","Satzung (\u00f6ffentliches Recht)","schwimmen"]},{"@type":"BlogPosting","@id":"https:\/\/www.spdkoelnnord.de\/reproduktive-rechte-staerken\/","headline":"Reproduktive Rechte st\u00e4rken","url":"https:\/\/www.spdkoelnnord.de\/reproduktive-rechte-staerken\/","datePublished":"2024-04-15","dateModified":"2024-04-16","mainEntityOfPage":"https:\/\/www.spdkoelnnord.de\/reproduktive-rechte-staerken\/","author":{"@type":"Person","@id":"https:\/\/www.spdkoelnnord.de\/author\/spdbundestagsfraktion\/#Person","name":"Bundestagsfraktion","url":"https:\/\/www.spdkoelnnord.de\/author\/spdbundestagsfraktion\/","identifier":325,"image":{"@type":"ImageObject","@id":"https:\/\/www.spdkoelnnord.de\/wp-content\/plugins\/wp-user-avatar\/deprecated\/wp-user-avatar\/images\/wpua-96x96.png","url":"https:\/\/www.spdkoelnnord.de\/wp-content\/plugins\/wp-user-avatar\/deprecated\/wp-user-avatar\/images\/wpua-96x96.png","height":96,"width":96}},"publisher":{"@type":"Organization","name":"SPD im K\u00f6lner Norden","logo":{"@type":"ImageObject","@id":"https:\/\/www.spdkoelnnord.de\/wp-content\/uploads\/2019\/10\/cropped-logo_ko\u0308lnspd.jpg","url":"https:\/\/www.spdkoelnnord.de\/wp-content\/uploads\/2019\/10\/cropped-logo_ko\u0308lnspd.jpg","width":null,"height":null}},"image":{"@type":"ImageObject","@id":"https:\/\/www.spdkoelnnord.de\/wp-content\/uploads\/2024\/04\/oonjwbmlb5a.jpg","url":"https:\/\/www.spdkoelnnord.de\/wp-content\/uploads\/2024\/04\/oonjwbmlb5a.jpg","height":799,"width":1200},"wordCount":341,"keywords":["Altruismus","Arzt","Autonomie","Bundestagsfraktion B\u00fcndnis 90\/Die Gr\u00fcnen","Eizellspende","Familienplanung","Kindeswohl","Leihmutter","Leni Breymaier","rechte","Reproduktionsmedizin","reproduktive","Reproduktive Gesundheit und Reproduktive Rechte","schwangerschaft","Schwangerschaftsabbruch","Sonja Eichwede","starken","Strafgesetzbuch (Deutschland)"]}]},{"@context":"https:\/\/schema.org","@type":"WebSite","@id":"https:\/\/www.spdkoelnnord.de\/#website","name":"Die SPD im K\u00f6lner Norden","url":"https:\/\/www.spdkoelnnord.de","potentialAction":{"@type":"SearchAction","target":"https:\/\/www.spdkoelnnord.de\/?s={search_term_string}","query-input":"required name=search_term_string"}}]