[{"@context":"https:\/\/schema.org\/","@type":"Blog","@id":"https:\/\/www.spdkoelnnord.de#Blog","headline":"Die SPD im K\u00f6lner Norden","description":"Die SPD im Stadtbezirk K\u00f6ln - Chorweiler","url":"https:\/\/www.spdkoelnnord.de","blogPost":[{"@type":"BlogPosting","@id":"https:\/\/www.spdkoelnnord.de\/das-transsexuellengesetz-war-ein-akt-staatlichen-unrechts\/","headline":"Das Transsexuellengesetz war ein Akt staatlichen Unrechts","url":"https:\/\/www.spdkoelnnord.de\/das-transsexuellengesetz-war-ein-akt-staatlichen-unrechts\/","datePublished":"2024-04-12","dateModified":"2024-04-13","mainEntityOfPage":"https:\/\/www.spdkoelnnord.de\/das-transsexuellengesetz-war-ein-akt-staatlichen-unrechts\/","author":{"@type":"Person","@id":"https:\/\/www.spdkoelnnord.de\/author\/spdbundestagsfraktion\/#Person","name":"Bundestagsfraktion","url":"https:\/\/www.spdkoelnnord.de\/author\/spdbundestagsfraktion\/","identifier":325,"image":{"@type":"ImageObject","@id":"https:\/\/www.spdkoelnnord.de\/wp-content\/plugins\/wp-user-avatar\/deprecated\/wp-user-avatar\/images\/wpua-96x96.png","url":"https:\/\/www.spdkoelnnord.de\/wp-content\/plugins\/wp-user-avatar\/deprecated\/wp-user-avatar\/images\/wpua-96x96.png","height":96,"width":96}},"publisher":{"@type":"Organization","name":"SPD im K\u00f6lner Norden","logo":{"@type":"ImageObject","@id":"https:\/\/www.spdkoelnnord.de\/wp-content\/uploads\/2019\/10\/cropped-logo_ko\u0308lnspd.jpg","url":"https:\/\/www.spdkoelnnord.de\/wp-content\/uploads\/2019\/10\/cropped-logo_ko\u0308lnspd.jpg","width":null,"height":null}},"image":{"@type":"ImageObject","@id":"https:\/\/www.spdkoelnnord.de\/wp-content\/uploads\/2024\/04\/Screenshot-2024-04-13-at-11-32-27-Das-Transsexuellengesetz-war-ein-Akt-staatlichen-Unrechts-SPD-Bundestagsfraktion.png","url":"https:\/\/www.spdkoelnnord.de\/wp-content\/uploads\/2024\/04\/Screenshot-2024-04-13-at-11-32-27-Das-Transsexuellengesetz-war-ein-Akt-staatlichen-Unrechts-SPD-Bundestagsfraktion.png","height":514,"width":820},"wordCount":296,"keywords":["staatlichen","transsexuellengesetz","unrechts"]},{"@type":"BlogPosting","@id":"https:\/\/www.spdkoelnnord.de\/ein-historischer-schritt-bei-der-beseitigung-historischer-diskriminierung\/","headline":"Ein historischer Schritt bei der Beseitigung historischer Diskriminierung","url":"https:\/\/www.spdkoelnnord.de\/ein-historischer-schritt-bei-der-beseitigung-historischer-diskriminierung\/","datePublished":"2024-04-11","dateModified":"2024-04-13","mainEntityOfPage":"https:\/\/www.spdkoelnnord.de\/ein-historischer-schritt-bei-der-beseitigung-historischer-diskriminierung\/","author":{"@type":"Person","@id":"https:\/\/www.spdkoelnnord.de\/author\/spdbundestagsfraktion\/#Person","name":"Bundestagsfraktion","url":"https:\/\/www.spdkoelnnord.de\/author\/spdbundestagsfraktion\/","identifier":325,"image":{"@type":"ImageObject","@id":"https:\/\/www.spdkoelnnord.de\/wp-content\/plugins\/wp-user-avatar\/deprecated\/wp-user-avatar\/images\/wpua-96x96.png","url":"https:\/\/www.spdkoelnnord.de\/wp-content\/plugins\/wp-user-avatar\/deprecated\/wp-user-avatar\/images\/wpua-96x96.png","height":96,"width":96}},"publisher":{"@type":"Organization","name":"SPD im K\u00f6lner Norden","logo":{"@type":"ImageObject","@id":"https:\/\/www.spdkoelnnord.de\/wp-content\/uploads\/2019\/10\/cropped-logo_ko\u0308lnspd.jpg","url":"https:\/\/www.spdkoelnnord.de\/wp-content\/uploads\/2019\/10\/cropped-logo_ko\u0308lnspd.jpg","width":null,"height":null}},"image":{"@type":"ImageObject","@id":"https:\/\/www.spdkoelnnord.de\/wp-content\/uploads\/2024\/04\/4552833.jpg","url":"https:\/\/www.spdkoelnnord.de\/wp-content\/uploads\/2024\/04\/4552833.jpg","height":800,"width":1200},"wordCount":588,"keywords":["beseitigung","Bundesregierung (Deutschland)","diskriminierung","Elterliche Sorge (Deutschland)","familie","Familiengericht","Fraktion (Bundestag)","Geschlechtsangleichende Ma\u00dfnahme","gesetz","Gesetz \u00fcber die Selbstbestimmung in Bezug auf den Geschlechtseintrag","Gesetzgebung","Grundgesetz f\u00fcr die Bundesrepublik Deutschland","Gutachten","Hausrecht","historischer","Intergeschlechtlichkeit","Menschenrechte","Nat\u00fcrliche Person","Nichtbin\u00e4re Geschlechtsidentit\u00e4t","Ordnungswidrigkeit","person","Personenstandsregister","Scheidung","schritt","S\u00f6nke Rix","Standesamt","Transgeschlechtlichkeit","transsexuellengesetz","Verfassungsrecht","Vertragsfreiheit"]},{"@type":"BlogPosting","@id":"https:\/\/www.spdkoelnnord.de\/ampel-schiebt-gehsteigbelaestigungen-einen-riegel-vor\/","headline":"Ampel schiebt Gehsteigbel\u00e4stigungen einen Riegel vor","url":"https:\/\/www.spdkoelnnord.de\/ampel-schiebt-gehsteigbelaestigungen-einen-riegel-vor\/","datePublished":"2024-04-11","dateModified":"2024-04-13","mainEntityOfPage":"https:\/\/www.spdkoelnnord.de\/ampel-schiebt-gehsteigbelaestigungen-einen-riegel-vor\/","author":{"@type":"Person","@id":"https:\/\/www.spdkoelnnord.de\/author\/spdbundestagsfraktion\/#Person","name":"Bundestagsfraktion","url":"https:\/\/www.spdkoelnnord.de\/author\/spdbundestagsfraktion\/","identifier":325,"image":{"@type":"ImageObject","@id":"https:\/\/www.spdkoelnnord.de\/wp-content\/plugins\/wp-user-avatar\/deprecated\/wp-user-avatar\/images\/wpua-96x96.png","url":"https:\/\/www.spdkoelnnord.de\/wp-content\/plugins\/wp-user-avatar\/deprecated\/wp-user-avatar\/images\/wpua-96x96.png","height":96,"width":96}},"publisher":{"@type":"Organization","name":"SPD im K\u00f6lner Norden","logo":{"@type":"ImageObject","@id":"https:\/\/www.spdkoelnnord.de\/wp-content\/uploads\/2019\/10\/cropped-logo_ko\u0308lnspd.jpg","url":"https:\/\/www.spdkoelnnord.de\/wp-content\/uploads\/2019\/10\/cropped-logo_ko\u0308lnspd.jpg","width":null,"height":null}},"image":{"@type":"ImageObject","@id":"https:\/\/www.spdkoelnnord.de\/wp-content\/uploads\/2024\/04\/8509637.jpg","url":"https:\/\/www.spdkoelnnord.de\/wp-content\/uploads\/2024\/04\/8509637.jpg","height":900,"width":1200},"wordCount":413,"keywords":["ampel","einen","gehsteigbelastigungen","riegel","schiebt"]},{"@type":"BlogPosting","@id":"https:\/\/www.spdkoelnnord.de\/das-namensrecht-wird-modernisiert\/","headline":"Das Namensrecht wird modernisiert","url":"https:\/\/www.spdkoelnnord.de\/das-namensrecht-wird-modernisiert\/","datePublished":"2024-04-11","dateModified":"2024-04-13","mainEntityOfPage":"https:\/\/www.spdkoelnnord.de\/das-namensrecht-wird-modernisiert\/","author":{"@type":"Person","@id":"https:\/\/www.spdkoelnnord.de\/author\/spdbundestagsfraktion\/#Person","name":"Bundestagsfraktion","url":"https:\/\/www.spdkoelnnord.de\/author\/spdbundestagsfraktion\/","identifier":325,"image":{"@type":"ImageObject","@id":"https:\/\/www.spdkoelnnord.de\/wp-content\/plugins\/wp-user-avatar\/deprecated\/wp-user-avatar\/images\/wpua-96x96.png","url":"https:\/\/www.spdkoelnnord.de\/wp-content\/plugins\/wp-user-avatar\/deprecated\/wp-user-avatar\/images\/wpua-96x96.png","height":96,"width":96}},"publisher":{"@type":"Organization","name":"SPD im K\u00f6lner Norden","logo":{"@type":"ImageObject","@id":"https:\/\/www.spdkoelnnord.de\/wp-content\/uploads\/2019\/10\/cropped-logo_ko\u0308lnspd.jpg","url":"https:\/\/www.spdkoelnnord.de\/wp-content\/uploads\/2019\/10\/cropped-logo_ko\u0308lnspd.jpg","width":null,"height":null}},"image":{"@type":"ImageObject","@id":"https:\/\/www.spdkoelnnord.de\/wp-content\/uploads\/2024\/04\/jchrnikx0tm.jpg","url":"https:\/\/www.spdkoelnnord.de\/wp-content\/uploads\/2024\/04\/jchrnikx0tm.jpg","height":801,"width":1200},"wordCount":560,"keywords":["modernisiert","namensrecht"]},{"@type":"BlogPosting","@id":"https:\/\/www.spdkoelnnord.de\/eid-mubarak\/","headline":"Eid Mubarak!","url":"https:\/\/www.spdkoelnnord.de\/eid-mubarak\/","datePublished":"2024-04-09","dateModified":"2024-04-09","mainEntityOfPage":"https:\/\/www.spdkoelnnord.de\/eid-mubarak\/","author":{"@type":"Person","@id":"https:\/\/www.spdkoelnnord.de\/author\/koelnspd\/#Person","name":"K\u00f6lnSPD","url":"https:\/\/www.spdkoelnnord.de\/author\/koelnspd\/","identifier":11,"description":"SPD-Unterbezirk K\u00f6ln\r\nMagnusstra\u00dfe 18 b\r\n50672 K\u00f6ln\r\nTel: 0221 \/ 92 59 81-0","image":{"@type":"ImageObject","@id":"https:\/\/www.spdkoelnnord.de\/wp-content\/plugins\/wp-user-avatar\/deprecated\/wp-user-avatar\/images\/wpua-96x96.png","url":"https:\/\/www.spdkoelnnord.de\/wp-content\/plugins\/wp-user-avatar\/deprecated\/wp-user-avatar\/images\/wpua-96x96.png","height":96,"width":96}},"publisher":{"@type":"Organization","name":"SPD im K\u00f6lner Norden","logo":{"@type":"ImageObject","@id":"https:\/\/www.spdkoelnnord.de\/wp-content\/uploads\/2019\/10\/cropped-logo_ko\u0308lnspd.jpg","url":"https:\/\/www.spdkoelnnord.de\/wp-content\/uploads\/2019\/10\/cropped-logo_ko\u0308lnspd.jpg","width":null,"height":null}},"image":{"@type":"ImageObject","@id":"https:\/\/www.spdkoelnnord.de\/wp-content\/uploads\/2024\/04\/mubarag.jpg","url":"https:\/\/www.spdkoelnnord.de\/wp-content\/uploads\/2024\/04\/mubarag.jpg","height":1067,"width":1079},"wordCount":30,"keywords":["mubarak"]},{"@type":"BlogPosting","@id":"https:\/\/www.spdkoelnnord.de\/elterngrundrecht-aller-elternteile-gilt\/","headline":"Elterngrundrecht aller Elternteile gilt","url":"https:\/\/www.spdkoelnnord.de\/elterngrundrecht-aller-elternteile-gilt\/","datePublished":"2024-04-09","dateModified":"2024-04-11","mainEntityOfPage":"https:\/\/www.spdkoelnnord.de\/elterngrundrecht-aller-elternteile-gilt\/","author":{"@type":"Person","@id":"https:\/\/www.spdkoelnnord.de\/author\/spdbundestagsfraktion\/#Person","name":"Bundestagsfraktion","url":"https:\/\/www.spdkoelnnord.de\/author\/spdbundestagsfraktion\/","identifier":325,"image":{"@type":"ImageObject","@id":"https:\/\/www.spdkoelnnord.de\/wp-content\/plugins\/wp-user-avatar\/deprecated\/wp-user-avatar\/images\/wpua-96x96.png","url":"https:\/\/www.spdkoelnnord.de\/wp-content\/plugins\/wp-user-avatar\/deprecated\/wp-user-avatar\/images\/wpua-96x96.png","height":96,"width":96}},"publisher":{"@type":"Organization","name":"SPD im K\u00f6lner Norden","logo":{"@type":"ImageObject","@id":"https:\/\/www.spdkoelnnord.de\/wp-content\/uploads\/2019\/10\/cropped-logo_ko\u0308lnspd.jpg","url":"https:\/\/www.spdkoelnnord.de\/wp-content\/uploads\/2019\/10\/cropped-logo_ko\u0308lnspd.jpg","width":null,"height":null}},"image":{"@type":"ImageObject","@id":"https:\/\/www.spdkoelnnord.de\/wp-content\/uploads\/2024\/04\/hs_egxljozs.jpg","url":"https:\/\/www.spdkoelnnord.de\/wp-content\/uploads\/2024\/04\/hs_egxljozs.jpg","height":800,"width":1200},"wordCount":263,"keywords":["Abstammung","aller","Bundesverfassungsgericht","elterngrundrecht","Elternschaft","elternteile","gericht","gesetz","Jan Plobner","Kindeswohl","Legislative","Recht","Soziale Beziehung","Vaterschaftsanfechtung","verantwortung"]},{"@type":"BlogPosting","@id":"https:\/\/www.spdkoelnnord.de\/schlagloecher-in-der-b9-endlich-repariert\/","headline":"Schlagl\u00f6cher in der B9 endlich repariert","url":"https:\/\/www.spdkoelnnord.de\/schlagloecher-in-der-b9-endlich-repariert\/","datePublished":"2024-04-04","dateModified":"2024-05-28","mainEntityOfPage":"https:\/\/www.spdkoelnnord.de\/schlagloecher-in-der-b9-endlich-repariert\/","author":{"@type":"Person","@id":"https:\/\/www.spdkoelnnord.de\/author\/koeln_nord\/#Person","name":"SPD im K\u00f6lner Norden","url":"https:\/\/www.spdkoelnnord.de\/author\/koeln_nord\/","identifier":1221,"image":{"@type":"ImageObject","@id":"https:\/\/www.spdkoelnnord.de\/wp-content\/uploads\/2024\/02\/logo_koelnspd-150x150.png","url":"https:\/\/www.spdkoelnnord.de\/wp-content\/uploads\/2024\/02\/logo_koelnspd-150x150.png","height":96,"width":96}},"publisher":{"@type":"Organization","name":"SPD im K\u00f6lner Norden","logo":{"@type":"ImageObject","@id":"https:\/\/www.spdkoelnnord.de\/wp-content\/uploads\/2019\/10\/cropped-logo_ko\u0308lnspd.jpg","url":"https:\/\/www.spdkoelnnord.de\/wp-content\/uploads\/2019\/10\/cropped-logo_ko\u0308lnspd.jpg","width":null,"height":null}},"image":{"@type":"ImageObject","@id":"https:\/\/www.spdkoelnnord.de\/wp-content\/uploads\/2024\/04\/6c30e375-bf68-438a-8a82-f4cc75855e9e.jpg","url":"https:\/\/www.spdkoelnnord.de\/wp-content\/uploads\/2024\/04\/6c30e375-bf68-438a-8a82-f4cc75855e9e.jpg","height":681,"width":1023},"wordCount":216,"keywords":["endlich","L\u00e4rm","repariert","schlaglocher"]}]},{"@context":"https:\/\/schema.org","@type":"WebSite","@id":"https:\/\/www.spdkoelnnord.de\/#website","name":"Die SPD im K\u00f6lner Norden","url":"https:\/\/www.spdkoelnnord.de","potentialAction":{"@type":"SearchAction","target":"https:\/\/www.spdkoelnnord.de\/?s={search_term_string}","query-input":"required name=search_term_string"}}]