[{"@context":"https:\/\/schema.org\/","@type":"Blog","@id":"https:\/\/www.spdkoelnnord.de#Blog","headline":"Die SPD im K\u00f6lner Norden","description":"Die SPD im Stadtbezirk K\u00f6ln - Chorweiler","url":"https:\/\/www.spdkoelnnord.de","blogPost":[{"@type":"BlogPosting","@id":"https:\/\/www.spdkoelnnord.de\/gespraech-mit-der-sparkasse-wg-schliessung-der-filialen-in-riehl-mauenheim-und-worringen\/","headline":"Gespr\u00e4ch mit der Sparkasse wg. Schlie\u00dfung der Filialen in Riehl, Mauenheim und Worringen","url":"https:\/\/www.spdkoelnnord.de\/gespraech-mit-der-sparkasse-wg-schliessung-der-filialen-in-riehl-mauenheim-und-worringen\/","datePublished":"2024-04-04","dateModified":"2024-04-09","mainEntityOfPage":"https:\/\/www.spdkoelnnord.de\/gespraech-mit-der-sparkasse-wg-schliessung-der-filialen-in-riehl-mauenheim-und-worringen\/","author":{"@type":"Person","@id":"https:\/\/www.spdkoelnnord.de\/author\/koeln_nord\/#Person","name":"SPD im K\u00f6lner Norden","url":"https:\/\/www.spdkoelnnord.de\/author\/koeln_nord\/","identifier":1221,"image":{"@type":"ImageObject","@id":"https:\/\/www.spdkoelnnord.de\/wp-content\/uploads\/2024\/02\/logo_koelnspd-150x150.png","url":"https:\/\/www.spdkoelnnord.de\/wp-content\/uploads\/2024\/02\/logo_koelnspd-150x150.png","height":96,"width":96}},"publisher":{"@type":"Organization","name":"SPD im K\u00f6lner Norden","logo":{"@type":"ImageObject","@id":"https:\/\/www.spdkoelnnord.de\/wp-content\/uploads\/2019\/10\/cropped-logo_ko\u0308lnspd.jpg","url":"https:\/\/www.spdkoelnnord.de\/wp-content\/uploads\/2019\/10\/cropped-logo_ko\u0308lnspd.jpg","width":null,"height":null}},"image":{"@type":"ImageObject","@id":"https:\/\/www.spdkoelnnord.de\/wp-content\/uploads\/2024\/04\/iheror5ovgi.jpg","url":"https:\/\/www.spdkoelnnord.de\/wp-content\/uploads\/2024\/04\/iheror5ovgi.jpg","height":1200,"width":800},"wordCount":341,"keywords":["chorweiler","Daseinsvorsorge","fachkraftemangel","filialen","gesprach","Lena Teschlade","mauenheim","Mauenheim (K\u00f6ln)","Nippes (K\u00f6ln)","riehl","Riehl (K\u00f6ln)","Schlacht von Worringen","schlie","sparkasse","Sparkasse K\u00f6lnBonn","Zielgruppe"]},{"@type":"BlogPosting","@id":"https:\/\/www.spdkoelnnord.de\/so-wollen-wir-das-leben-leichter-machen\/","headline":"So wollen wir das Leben leichter machen","url":"https:\/\/www.spdkoelnnord.de\/so-wollen-wir-das-leben-leichter-machen\/","datePublished":"2024-04-04","dateModified":"2024-04-04","mainEntityOfPage":"https:\/\/www.spdkoelnnord.de\/so-wollen-wir-das-leben-leichter-machen\/","author":{"@type":"Person","@id":"https:\/\/www.spdkoelnnord.de\/author\/spdbundestagsfraktion\/#Person","name":"Bundestagsfraktion","url":"https:\/\/www.spdkoelnnord.de\/author\/spdbundestagsfraktion\/","identifier":325,"image":{"@type":"ImageObject","@id":"https:\/\/www.spdkoelnnord.de\/wp-content\/plugins\/wp-user-avatar\/deprecated\/wp-user-avatar\/images\/wpua-96x96.png","url":"https:\/\/www.spdkoelnnord.de\/wp-content\/plugins\/wp-user-avatar\/deprecated\/wp-user-avatar\/images\/wpua-96x96.png","height":96,"width":96}},"publisher":{"@type":"Organization","name":"SPD im K\u00f6lner Norden","logo":{"@type":"ImageObject","@id":"https:\/\/www.spdkoelnnord.de\/wp-content\/uploads\/2019\/10\/cropped-logo_ko\u0308lnspd.jpg","url":"https:\/\/www.spdkoelnnord.de\/wp-content\/uploads\/2019\/10\/cropped-logo_ko\u0308lnspd.jpg","width":null,"height":null}},"image":{"@type":"ImageObject","@id":"https:\/\/www.spdkoelnnord.de\/wp-content\/uploads\/2025\/02\/spd-verschwommen.jpg","url":"https:\/\/www.spdkoelnnord.de\/wp-content\/uploads\/2025\/02\/spd-verschwommen.jpg","height":675,"width":1200},"wordCount":1044,"keywords":["Aktueller Rentenwert","Altersrente","Arbeitslosengeld","Barrierefreiheit","berlin","Care-Arbeit","Dagmar Schmidt (Politikerin, 1973)","Daseinsvorsorge","Deutscher Bundestag","Dienstleistung","digitalisierung","Einkommen","Familienpolitik","Fraktion (Bundestag)","Globalisierung","Grundrententheorie","Grundsicherung","Katja Mast","kinderfreibetrag","Kindergeld","Kindergeld (Deutschland)","kindergrundsicherung","Kinderzuschlag","Kurzarbeit","leben","leichter","machen","mindestlohn","Parlamentarischer Gesch\u00e4ftsf\u00fchrer","Soziale Sicherheit","Sozialstaat","St\u00e4dtebauf\u00f6rderung","wohngeld","wollen"]},{"@type":"BlogPosting","@id":"https:\/\/www.spdkoelnnord.de\/neue-impulse-aus-polen-fuer-mehr-transparenz-bei-eu-foerderungen\/","headline":"Neue Impulse aus Polen f\u00fcr mehr Transparenz bei EU-F\u00f6rderungen","url":"https:\/\/www.spdkoelnnord.de\/neue-impulse-aus-polen-fuer-mehr-transparenz-bei-eu-foerderungen\/","datePublished":"2024-04-03","dateModified":"2024-04-03","mainEntityOfPage":"https:\/\/www.spdkoelnnord.de\/neue-impulse-aus-polen-fuer-mehr-transparenz-bei-eu-foerderungen\/","author":{"@type":"Person","@id":"https:\/\/www.spdkoelnnord.de\/author\/claudia_walther\/#Person","name":"Claudia_Walther","url":"https:\/\/www.spdkoelnnord.de\/author\/claudia_walther\/","identifier":1224,"image":{"@type":"ImageObject","@id":"https:\/\/www.spdkoelnnord.de\/wp-content\/plugins\/wp-user-avatar\/deprecated\/wp-user-avatar\/images\/wpua-96x96.png","url":"https:\/\/www.spdkoelnnord.de\/wp-content\/plugins\/wp-user-avatar\/deprecated\/wp-user-avatar\/images\/wpua-96x96.png","height":96,"width":96}},"publisher":{"@type":"Organization","name":"SPD im K\u00f6lner Norden","logo":{"@type":"ImageObject","@id":"https:\/\/www.spdkoelnnord.de\/wp-content\/uploads\/2019\/10\/cropped-logo_ko\u0308lnspd.jpg","url":"https:\/\/www.spdkoelnnord.de\/wp-content\/uploads\/2019\/10\/cropped-logo_ko\u0308lnspd.jpg","width":null,"height":null}},"image":{"@type":"ImageObject","@id":"https:\/\/www.claudia-walther.eu\/wp-content\/uploads\/sites\/906\/2024\/04\/plakette-foerderung.jpg","url":"https:\/\/www.claudia-walther.eu\/wp-content\/uploads\/sites\/906\/2024\/04\/plakette-foerderung.jpg","height":912,"width":1200},"wordCount":257,"keywords":["forderungen","impulse","polen","transparenz"]},{"@type":"BlogPosting","@id":"https:\/\/www.spdkoelnnord.de\/bezahlbarer-wohnraum-als-gemeinschaftsaufgabe\/","headline":"Bezahlbarer Wohnraum als Gemeinschaftsaufgabe","url":"https:\/\/www.spdkoelnnord.de\/bezahlbarer-wohnraum-als-gemeinschaftsaufgabe\/","datePublished":"2024-03-28","dateModified":"2024-04-02","mainEntityOfPage":"https:\/\/www.spdkoelnnord.de\/bezahlbarer-wohnraum-als-gemeinschaftsaufgabe\/","author":{"@type":"Person","@id":"https:\/\/www.spdkoelnnord.de\/author\/nrwspd-fraktion\/#Person","name":"NRWSPD Fraktion","url":"https:\/\/www.spdkoelnnord.de\/author\/nrwspd-fraktion\/","identifier":324,"image":{"@type":"ImageObject","@id":"https:\/\/www.spdkoelnnord.de\/wp-content\/plugins\/wp-user-avatar\/deprecated\/wp-user-avatar\/images\/wpua-96x96.png","url":"https:\/\/www.spdkoelnnord.de\/wp-content\/plugins\/wp-user-avatar\/deprecated\/wp-user-avatar\/images\/wpua-96x96.png","height":96,"width":96}},"publisher":{"@type":"Organization","name":"SPD im K\u00f6lner Norden","logo":{"@type":"ImageObject","@id":"https:\/\/www.spdkoelnnord.de\/wp-content\/uploads\/2019\/10\/cropped-logo_ko\u0308lnspd.jpg","url":"https:\/\/www.spdkoelnnord.de\/wp-content\/uploads\/2019\/10\/cropped-logo_ko\u0308lnspd.jpg","width":null,"height":null}},"image":{"@type":"ImageObject","@id":"https:\/\/www.spd-fraktion-nrw.de\/wp-content\/uploads\/2024\/03\/SPD-Fraktion-Bauwende-005-scaled.jpg","url":"https:\/\/www.spd-fraktion-nrw.de\/wp-content\/uploads\/2024\/03\/SPD-Fraktion-Bauwende-005-scaled.jpg","height":3103,"width":5000},"wordCount":3191,"keywords":["bezahlbarer","gemeinschaftsaufgabe","wohnraum"]},{"@type":"BlogPosting","@id":"https:\/\/www.spdkoelnnord.de\/schliessung-der-notschlafstaette-nippes-verschaerft-notlage-vieler-menschen\/","headline":"Schlie\u00dfung der Notschlafst\u00e4tte Nippes versch\u00e4rft Notlage vieler Menschen","url":"https:\/\/www.spdkoelnnord.de\/schliessung-der-notschlafstaette-nippes-verschaerft-notlage-vieler-menschen\/","datePublished":"2024-03-27","dateModified":"2024-04-04","mainEntityOfPage":"https:\/\/www.spdkoelnnord.de\/schliessung-der-notschlafstaette-nippes-verschaerft-notlage-vieler-menschen\/","author":{"@type":"Person","@id":"https:\/\/www.spdkoelnnord.de\/author\/koelnspd\/#Person","name":"K\u00f6lnSPD","url":"https:\/\/www.spdkoelnnord.de\/author\/koelnspd\/","identifier":11,"description":"SPD-Unterbezirk K\u00f6ln\r\nMagnusstra\u00dfe 18 b\r\n50672 K\u00f6ln\r\nTel: 0221 \/ 92 59 81-0","image":{"@type":"ImageObject","@id":"https:\/\/www.spdkoelnnord.de\/wp-content\/plugins\/wp-user-avatar\/deprecated\/wp-user-avatar\/images\/wpua-96x96.png","url":"https:\/\/www.spdkoelnnord.de\/wp-content\/plugins\/wp-user-avatar\/deprecated\/wp-user-avatar\/images\/wpua-96x96.png","height":96,"width":96}},"publisher":{"@type":"Organization","name":"SPD im K\u00f6lner Norden","logo":{"@type":"ImageObject","@id":"https:\/\/www.spdkoelnnord.de\/wp-content\/uploads\/2019\/10\/cropped-logo_ko\u0308lnspd.jpg","url":"https:\/\/www.spdkoelnnord.de\/wp-content\/uploads\/2019\/10\/cropped-logo_ko\u0308lnspd.jpg","width":null,"height":null}},"image":{"@type":"ImageObject","@id":"https:\/\/mlg7ahnlryfs.i.optimole.com\/_GtDHfk-9G_2PokW\/w:auto\/h:auto\/q:auto\/id:d06f3a180727fc144e6211a5d4795a45\/https:\/\/www.spdkoelnnord.de\/n3yeool_izc.jpg","url":"https:\/\/mlg7ahnlryfs.i.optimole.com\/_GtDHfk-9G_2PokW\/w:auto\/h:auto\/q:auto\/id:d06f3a180727fc144e6211a5d4795a45\/https:\/\/www.spdkoelnnord.de\/n3yeool_izc.jpg","height":1028,"width":1600},"wordCount":270,"keywords":["nippes","notlage","notschlafstatte","schlie","verscharft","vieler"]},{"@type":"BlogPosting","@id":"https:\/\/www.spdkoelnnord.de\/die-demokratie-wehrt-sich-die-afd-muss-als-rechtsextrem-eingestuft-werden\/","headline":"Die Demokratie wehrt sich! Die AfD muss als rechtsextrem eingestuft werden!","url":"https:\/\/www.spdkoelnnord.de\/die-demokratie-wehrt-sich-die-afd-muss-als-rechtsextrem-eingestuft-werden\/","datePublished":"2024-03-25","dateModified":"2024-03-26","mainEntityOfPage":"https:\/\/www.spdkoelnnord.de\/die-demokratie-wehrt-sich-die-afd-muss-als-rechtsextrem-eingestuft-werden\/","author":{"@type":"Person","@id":"https:\/\/www.spdkoelnnord.de\/author\/bezirk_mitthelrhein\/#Person","name":"Bezirk Mittelrhein","url":"https:\/\/www.spdkoelnnord.de\/author\/bezirk_mitthelrhein\/","identifier":1226,"description":"Zur rheinischen Region geh\u00f6ren die St\u00e4dte K\u00f6ln, Bonn, Aachen und Leverkusen, die St\u00e4dteRegion Aachen sowie die Kreise D\u00fcren, Euskirchen, Rhein-Sieg, Rhein-Erft, Rhein-Berg, Heinsberg und Oberberg.\r\n\r\nAuf dieser Seite finden Sie Informationen aus der Arbeit des SPD-Bezirks und Informationen zu Ihren Abgeordneten in Bund, Land und Europa.","image":{"@type":"ImageObject","@id":"https:\/\/www.spdkoelnnord.de\/wp-content\/plugins\/wp-user-avatar\/deprecated\/wp-user-avatar\/images\/wpua-96x96.png","url":"https:\/\/www.spdkoelnnord.de\/wp-content\/plugins\/wp-user-avatar\/deprecated\/wp-user-avatar\/images\/wpua-96x96.png","height":96,"width":96}},"publisher":{"@type":"Organization","name":"SPD im K\u00f6lner Norden","logo":{"@type":"ImageObject","@id":"https:\/\/www.spdkoelnnord.de\/wp-content\/uploads\/2019\/10\/cropped-logo_ko\u0308lnspd.jpg","url":"https:\/\/www.spdkoelnnord.de\/wp-content\/uploads\/2019\/10\/cropped-logo_ko\u0308lnspd.jpg","width":null,"height":null}},"image":{"@type":"ImageObject","@id":"https:\/\/www.spdkoelnnord.de\/wp-content\/uploads\/2024\/03\/spd-verschw-150x150.jpgspd-verschw.jpg","url":"https:\/\/www.spdkoelnnord.de\/wp-content\/uploads\/2024\/03\/spd-verschw-150x150.jpgspd-verschw.jpg","height":0,"width":0},"wordCount":340,"keywords":["Alternative f\u00fcr Deutschland","antisemitismus","Bundesamt f\u00fcr Verfassungsschutz","Bundesministerium des Innern und f\u00fcr Heimat","demokratie","Demonstration","Deutscher Bundestag","eingestuft","extremismus","freiheit","Freiheitliche demokratische Grundordnung","Gesellschaft (Soziologie)","Kontrolle","Misogynie","\u00d6ffentlicher Dienst","Parlamentarisches Kontrollgremium","Pluralismus (Politik)","Politiker","Rassismus","rechtsextrem","rechtsextremismus","Rechtsstaat","Tats\u00e4chliche Anhaltspunkte","Teleportation","Verfassungsschutz","Verwaltungsgericht (Deutschland)","Verwaltungsgericht der Freien Hansestadt Bremen","wehrt","werden"]},{"@type":"BlogPosting","@id":"https:\/\/www.spdkoelnnord.de\/koelner-spd-co-vorsitzende-claudia-walther-auf-top-platz-fuer-die-europawahl-gewaehlt\/","headline":"K\u00f6lner SPD-Co-Vorsitzende Claudia Walther auf Top-Platz f\u00fcr die Europawahl gew\u00e4hlt","url":"https:\/\/www.spdkoelnnord.de\/koelner-spd-co-vorsitzende-claudia-walther-auf-top-platz-fuer-die-europawahl-gewaehlt\/","datePublished":"2024-03-25","dateModified":"2024-07-05","mainEntityOfPage":"https:\/\/www.spdkoelnnord.de\/koelner-spd-co-vorsitzende-claudia-walther-auf-top-platz-fuer-die-europawahl-gewaehlt\/","author":{"@type":"Person","@id":"https:\/\/www.spdkoelnnord.de\/author\/koelnspd\/#Person","name":"K\u00f6lnSPD","url":"https:\/\/www.spdkoelnnord.de\/author\/koelnspd\/","identifier":11,"description":"SPD-Unterbezirk K\u00f6ln\r\nMagnusstra\u00dfe 18 b\r\n50672 K\u00f6ln\r\nTel: 0221 \/ 92 59 81-0","image":{"@type":"ImageObject","@id":"https:\/\/www.spdkoelnnord.de\/wp-content\/plugins\/wp-user-avatar\/deprecated\/wp-user-avatar\/images\/wpua-96x96.png","url":"https:\/\/www.spdkoelnnord.de\/wp-content\/plugins\/wp-user-avatar\/deprecated\/wp-user-avatar\/images\/wpua-96x96.png","height":96,"width":96}},"publisher":{"@type":"Organization","name":"SPD im K\u00f6lner Norden","logo":{"@type":"ImageObject","@id":"https:\/\/www.spdkoelnnord.de\/wp-content\/uploads\/2019\/10\/cropped-logo_ko\u0308lnspd.jpg","url":"https:\/\/www.spdkoelnnord.de\/wp-content\/uploads\/2019\/10\/cropped-logo_ko\u0308lnspd.jpg","width":null,"height":null}},"image":{"@type":"ImageObject","@id":"https:\/\/www.spdkoelnnord.de\/wp-content\/uploads\/2024\/02\/claudia_walther.jpg","url":"https:\/\/www.spdkoelnnord.de\/wp-content\/uploads\/2024\/02\/claudia_walther.jpg","height":1200,"width":1200},"wordCount":301,"keywords":["Aachen","berlin","claudia","demokratie","Europ\u00e4ische Union","Europ\u00e4isches Parlament","europawahl","Europawahl 2019","frieden","klimaschutz","K\u00f6ln","kolner","platz","Sozialdemokratische Partei Deutschlands","Soziale Gerechtigkeit","vorsitzende","walther"]}]},{"@context":"https:\/\/schema.org","@type":"WebSite","@id":"https:\/\/www.spdkoelnnord.de\/#website","name":"Die SPD im K\u00f6lner Norden","url":"https:\/\/www.spdkoelnnord.de","potentialAction":{"@type":"SearchAction","target":"https:\/\/www.spdkoelnnord.de\/?s={search_term_string}","query-input":"required name=search_term_string"}}]