[{"@context":"https:\/\/schema.org\/","@type":"Blog","@id":"https:\/\/www.spdkoelnnord.de#Blog","headline":"Die SPD im K\u00f6lner Norden","description":"Die SPD im Stadtbezirk K\u00f6ln - Chorweiler","url":"https:\/\/www.spdkoelnnord.de","blogPost":[{"@type":"BlogPosting","@id":"https:\/\/www.spdkoelnnord.de\/spd-vor-ort-in-heimersdorf\/","headline":"SPD VOR ORT in Heimersdorf","url":"https:\/\/www.spdkoelnnord.de\/spd-vor-ort-in-heimersdorf\/","datePublished":"2024-03-23","dateModified":"2024-05-28","mainEntityOfPage":"https:\/\/www.spdkoelnnord.de\/spd-vor-ort-in-heimersdorf\/","author":{"@type":"Person","@id":"https:\/\/www.spdkoelnnord.de\/author\/koeln_nord\/#Person","name":"SPD im K\u00f6lner Norden","url":"https:\/\/www.spdkoelnnord.de\/author\/koeln_nord\/","identifier":1221,"image":{"@type":"ImageObject","@id":"https:\/\/www.spdkoelnnord.de\/wp-content\/uploads\/2024\/02\/logo_koelnspd-150x150.png","url":"https:\/\/www.spdkoelnnord.de\/wp-content\/uploads\/2024\/02\/logo_koelnspd-150x150.png","height":96,"width":96}},"publisher":{"@type":"Organization","name":"SPD im K\u00f6lner Norden","logo":{"@type":"ImageObject","@id":"https:\/\/www.spdkoelnnord.de\/wp-content\/uploads\/2019\/10\/cropped-logo_ko\u0308lnspd.jpg","url":"https:\/\/www.spdkoelnnord.de\/wp-content\/uploads\/2019\/10\/cropped-logo_ko\u0308lnspd.jpg","width":null,"height":null}},"image":{"@type":"ImageObject","@id":"https:\/\/www.spdkoelnnord.de\/wp-content\/uploads\/2024\/03\/Sharepic-am-Samstag-e1712300530274.jpg","url":"https:\/\/www.spdkoelnnord.de\/wp-content\/uploads\/2024\/03\/Sharepic-am-Samstag-e1712300530274.jpg","height":685,"width":1080},"wordCount":221,"keywords":["Burgergemeinde Bern","heimersdorf","Heimersdorf (K\u00f6ln)","Langenstein (Kirchhain)","L\u00f6sungsorientierte Kurztherapie","Sozialdemokratische Partei Deutschlands","veedel","Wochenmarkt"]},{"@type":"BlogPosting","@id":"https:\/\/www.spdkoelnnord.de\/helene-weber-preis-2024-an-maria-helmis-arend-verliehen\/","headline":"Helene-Weber-Preis 2024 an Maria Helmis-Arend verliehen","url":"https:\/\/www.spdkoelnnord.de\/helene-weber-preis-2024-an-maria-helmis-arend-verliehen\/","datePublished":"2024-03-22","dateModified":"2024-03-23","mainEntityOfPage":"https:\/\/www.spdkoelnnord.de\/helene-weber-preis-2024-an-maria-helmis-arend-verliehen\/","author":{"@type":"Person","@id":"https:\/\/www.spdkoelnnord.de\/author\/koelnspd\/#Person","name":"K\u00f6lnSPD","url":"https:\/\/www.spdkoelnnord.de\/author\/koelnspd\/","identifier":11,"description":"SPD-Unterbezirk K\u00f6ln\r\nMagnusstra\u00dfe 18 b\r\n50672 K\u00f6ln\r\nTel: 0221 \/ 92 59 81-0","image":{"@type":"ImageObject","@id":"https:\/\/www.spdkoelnnord.de\/wp-content\/plugins\/wp-user-avatar\/deprecated\/wp-user-avatar\/images\/wpua-96x96.png","url":"https:\/\/www.spdkoelnnord.de\/wp-content\/plugins\/wp-user-avatar\/deprecated\/wp-user-avatar\/images\/wpua-96x96.png","height":96,"width":96}},"publisher":{"@type":"Organization","name":"SPD im K\u00f6lner Norden","logo":{"@type":"ImageObject","@id":"https:\/\/www.spdkoelnnord.de\/wp-content\/uploads\/2019\/10\/cropped-logo_ko\u0308lnspd.jpg","url":"https:\/\/www.spdkoelnnord.de\/wp-content\/uploads\/2019\/10\/cropped-logo_ko\u0308lnspd.jpg","width":null,"height":null}},"image":{"@type":"ImageObject","@id":"https:\/\/www.spdkoelnnord.de\/wp-content\/uploads\/2024\/02\/logo_koelnspd.png","url":"https:\/\/www.spdkoelnnord.de\/wp-content\/uploads\/2024\/02\/logo_koelnspd.png","height":945,"width":945},"wordCount":426,"keywords":["arend","Bundesministerium f\u00fcr Familie, Senioren, Frauen und Jugend","deutschland","G\u00fcrzenich","helene","Helene-Weber-Preis","helmis","K\u00f6ln","kommunalpolitik","Lanxess Arena","maria","Politische Partizipation","preis","Rheinenergiestadion","Sozialwissenschaften","Universit\u00e4t zu K\u00f6ln","weber"]},{"@type":"BlogPosting","@id":"https:\/\/www.spdkoelnnord.de\/bericht-von-der-bezirksvertretungssitzung-am-14-3\/","headline":"Bericht von der Bezirksvertretungssitzung am 14.3.","url":"https:\/\/www.spdkoelnnord.de\/bericht-von-der-bezirksvertretungssitzung-am-14-3\/","datePublished":"2024-03-22","dateModified":"2024-05-28","mainEntityOfPage":"https:\/\/www.spdkoelnnord.de\/bericht-von-der-bezirksvertretungssitzung-am-14-3\/","author":{"@type":"Person","@id":"https:\/\/www.spdkoelnnord.de\/author\/koeln_nord\/#Person","name":"SPD im K\u00f6lner Norden","url":"https:\/\/www.spdkoelnnord.de\/author\/koeln_nord\/","identifier":1221,"image":{"@type":"ImageObject","@id":"https:\/\/www.spdkoelnnord.de\/wp-content\/uploads\/2024\/02\/logo_koelnspd-150x150.png","url":"https:\/\/www.spdkoelnnord.de\/wp-content\/uploads\/2024\/02\/logo_koelnspd-150x150.png","height":96,"width":96}},"publisher":{"@type":"Organization","name":"SPD im K\u00f6lner Norden","logo":{"@type":"ImageObject","@id":"https:\/\/www.spdkoelnnord.de\/wp-content\/uploads\/2019\/10\/cropped-logo_ko\u0308lnspd.jpg","url":"https:\/\/www.spdkoelnnord.de\/wp-content\/uploads\/2019\/10\/cropped-logo_ko\u0308lnspd.jpg","width":null,"height":null}},"image":{"@type":"ImageObject","@id":"https:\/\/www.spdkoelnnord.de\/wp-content\/uploads\/2024\/03\/rathaus_chorweiler.jpg","url":"https:\/\/www.spdkoelnnord.de\/wp-content\/uploads\/2024\/03\/rathaus_chorweiler.jpg","height":900,"width":1200},"wordCount":91,"keywords":["bericht","bezirksvertretungssitzung"]},{"@type":"BlogPosting","@id":"https:\/\/www.spdkoelnnord.de\/gegen-den-hass-im-netz\/","headline":"Gegen den Hass im Netz","url":"https:\/\/www.spdkoelnnord.de\/gegen-den-hass-im-netz\/","datePublished":"2024-03-21","dateModified":"2024-03-22","mainEntityOfPage":"https:\/\/www.spdkoelnnord.de\/gegen-den-hass-im-netz\/","author":{"@type":"Person","@id":"https:\/\/www.spdkoelnnord.de\/author\/spdbundestagsfraktion\/#Person","name":"Bundestagsfraktion","url":"https:\/\/www.spdkoelnnord.de\/author\/spdbundestagsfraktion\/","identifier":325,"image":{"@type":"ImageObject","@id":"https:\/\/www.spdkoelnnord.de\/wp-content\/plugins\/wp-user-avatar\/deprecated\/wp-user-avatar\/images\/wpua-96x96.png","url":"https:\/\/www.spdkoelnnord.de\/wp-content\/plugins\/wp-user-avatar\/deprecated\/wp-user-avatar\/images\/wpua-96x96.png","height":96,"width":96}},"publisher":{"@type":"Organization","name":"SPD im K\u00f6lner Norden","logo":{"@type":"ImageObject","@id":"https:\/\/www.spdkoelnnord.de\/wp-content\/uploads\/2019\/10\/cropped-logo_ko\u0308lnspd.jpg","url":"https:\/\/www.spdkoelnnord.de\/wp-content\/uploads\/2019\/10\/cropped-logo_ko\u0308lnspd.jpg","width":null,"height":null}},"image":{"@type":"ImageObject","@id":"https:\/\/www.spdkoelnnord.de\/wp-content\/uploads\/2025\/02\/spd-verschwommen.jpg","url":"https:\/\/www.spdkoelnnord.de\/wp-content\/uploads\/2025\/02\/spd-verschwommen.jpg","height":675,"width":1200},"wordCount":296,"keywords":["Br\u00fcssel","Bundeskriminalamt (Deutschland)","Bundesnetzagentur","Bundesregierung (Deutschland)","demokratie","Desinformation","Detlef M\u00fcller (Politiker, 1964)","Deutscher Bundestag","gegen","gesetz","Gesetz \u00fcber digitale Dienste","grundrechte","Identit\u00e4tsdiebstahl","Instagram","TikTok"]},{"@type":"BlogPosting","@id":"https:\/\/www.spdkoelnnord.de\/digitale-dienste-gesetz-staerkt-die-grundrechte-der-nutzerinnen\/","headline":"Digitale-Dienste-Gesetz st\u00e4rkt die Grundrechte der Nutzerinnen","url":"https:\/\/www.spdkoelnnord.de\/digitale-dienste-gesetz-staerkt-die-grundrechte-der-nutzerinnen\/","datePublished":"2024-03-21","dateModified":"2024-03-21","mainEntityOfPage":"https:\/\/www.spdkoelnnord.de\/digitale-dienste-gesetz-staerkt-die-grundrechte-der-nutzerinnen\/","author":{"@type":"Person","@id":"https:\/\/www.spdkoelnnord.de\/author\/spdbundestagsfraktion\/#Person","name":"Bundestagsfraktion","url":"https:\/\/www.spdkoelnnord.de\/author\/spdbundestagsfraktion\/","identifier":325,"image":{"@type":"ImageObject","@id":"https:\/\/www.spdkoelnnord.de\/wp-content\/plugins\/wp-user-avatar\/deprecated\/wp-user-avatar\/images\/wpua-96x96.png","url":"https:\/\/www.spdkoelnnord.de\/wp-content\/plugins\/wp-user-avatar\/deprecated\/wp-user-avatar\/images\/wpua-96x96.png","height":96,"width":96}},"publisher":{"@type":"Organization","name":"SPD im K\u00f6lner Norden","logo":{"@type":"ImageObject","@id":"https:\/\/www.spdkoelnnord.de\/wp-content\/uploads\/2019\/10\/cropped-logo_ko\u0308lnspd.jpg","url":"https:\/\/www.spdkoelnnord.de\/wp-content\/uploads\/2019\/10\/cropped-logo_ko\u0308lnspd.jpg","width":null,"height":null}},"image":{"@type":"ImageObject","@id":"https:\/\/www.spdkoelnnord.de\/wp-content\/uploads\/2025\/02\/spd-verschwommen.jpg","url":"https:\/\/www.spdkoelnnord.de\/wp-content\/uploads\/2025\/02\/spd-verschwommen.jpg","height":675,"width":1200},"wordCount":205,"keywords":["dienste","digitale","gesetz","grundrechte","nutzerinnen","starkt"]},{"@type":"BlogPosting","@id":"https:\/\/www.spdkoelnnord.de\/grundschulen-in-chorweiler-setzten-ein-deutliches-zeichen-gegen-rassismus\/","headline":"Grundschulen in Chorweiler setzten ein deutliches Zeichen gegen Rassismus!","url":"https:\/\/www.spdkoelnnord.de\/grundschulen-in-chorweiler-setzten-ein-deutliches-zeichen-gegen-rassismus\/","datePublished":"2024-03-21","dateModified":"2024-05-28","mainEntityOfPage":"https:\/\/www.spdkoelnnord.de\/grundschulen-in-chorweiler-setzten-ein-deutliches-zeichen-gegen-rassismus\/","author":{"@type":"Person","@id":"https:\/\/www.spdkoelnnord.de\/author\/koeln_nord\/#Person","name":"SPD im K\u00f6lner Norden","url":"https:\/\/www.spdkoelnnord.de\/author\/koeln_nord\/","identifier":1221,"image":{"@type":"ImageObject","@id":"https:\/\/www.spdkoelnnord.de\/wp-content\/uploads\/2024\/02\/logo_koelnspd-150x150.png","url":"https:\/\/www.spdkoelnnord.de\/wp-content\/uploads\/2024\/02\/logo_koelnspd-150x150.png","height":96,"width":96}},"publisher":{"@type":"Organization","name":"SPD im K\u00f6lner Norden","logo":{"@type":"ImageObject","@id":"https:\/\/www.spdkoelnnord.de\/wp-content\/uploads\/2019\/10\/cropped-logo_ko\u0308lnspd.jpg","url":"https:\/\/www.spdkoelnnord.de\/wp-content\/uploads\/2019\/10\/cropped-logo_ko\u0308lnspd.jpg","width":null,"height":null}},"image":{"@type":"ImageObject","@id":"https:\/\/www.spdkoelnnord.de\/wp-content\/uploads\/2024\/03\/Grundschuldemo-8.jpg","url":"https:\/\/www.spdkoelnnord.de\/wp-content\/uploads\/2024\/03\/Grundschuldemo-8.jpg","height":900,"width":1200},"wordCount":353,"keywords":["Abstammung","Alternative f\u00fcr Deutschland","antisemitismus","Artikel 3 des Grundgesetzes f\u00fcr die Bundesrepublik Deutschland","behinderung","bezirksvertretung","chorweiler","demokratie","deutliches","gegen","Grundschule","grundschulen","Homophobie","Identit\u00e4t","K\u00f6ln","Martin von Tours","Menschenrechte","Menschenw\u00fcrde","Nationalismus","Rasse","Rassismus","setzten","Transphobie","zeichen"]},{"@type":"BlogPosting","@id":"https:\/\/www.spdkoelnnord.de\/starkes-zeichen-fuer-frauen-in-der-kommunalpolitik\/","headline":"Starkes Zeichen f\u00fcr Frauen in der Kommunalpolitik","url":"https:\/\/www.spdkoelnnord.de\/starkes-zeichen-fuer-frauen-in-der-kommunalpolitik\/","datePublished":"2024-03-20","dateModified":"2024-03-21","mainEntityOfPage":"https:\/\/www.spdkoelnnord.de\/starkes-zeichen-fuer-frauen-in-der-kommunalpolitik\/","author":{"@type":"Person","@id":"https:\/\/www.spdkoelnnord.de\/author\/spdbundestagsfraktion\/#Person","name":"Bundestagsfraktion","url":"https:\/\/www.spdkoelnnord.de\/author\/spdbundestagsfraktion\/","identifier":325,"image":{"@type":"ImageObject","@id":"https:\/\/www.spdkoelnnord.de\/wp-content\/plugins\/wp-user-avatar\/deprecated\/wp-user-avatar\/images\/wpua-96x96.png","url":"https:\/\/www.spdkoelnnord.de\/wp-content\/plugins\/wp-user-avatar\/deprecated\/wp-user-avatar\/images\/wpua-96x96.png","height":96,"width":96}},"publisher":{"@type":"Organization","name":"SPD im K\u00f6lner Norden","logo":{"@type":"ImageObject","@id":"https:\/\/www.spdkoelnnord.de\/wp-content\/uploads\/2019\/10\/cropped-logo_ko\u0308lnspd.jpg","url":"https:\/\/www.spdkoelnnord.de\/wp-content\/uploads\/2019\/10\/cropped-logo_ko\u0308lnspd.jpg","width":null,"height":null}},"image":{"@type":"ImageObject","@id":"https:\/\/www.spdkoelnnord.de\/wp-content\/uploads\/2024\/02\/logo_koelnspd.png","url":"https:\/\/www.spdkoelnnord.de\/wp-content\/uploads\/2024\/02\/logo_koelnspd.png","height":945,"width":945},"wordCount":256,"keywords":["frauen","kommunalpolitik","starkes","zeichen"]}]},{"@context":"https:\/\/schema.org","@type":"WebSite","@id":"https:\/\/www.spdkoelnnord.de\/#website","name":"Die SPD im K\u00f6lner Norden","url":"https:\/\/www.spdkoelnnord.de","potentialAction":{"@type":"SearchAction","target":"https:\/\/www.spdkoelnnord.de\/?s={search_term_string}","query-input":"required name=search_term_string"}}]