[{"@context":"https:\/\/schema.org\/","@type":"Blog","@id":"https:\/\/www.spdkoelnnord.de#Blog","headline":"Die SPD im K\u00f6lner Norden","description":"Die SPD im Stadtbezirk K\u00f6ln - Chorweiler","url":"https:\/\/www.spdkoelnnord.de","blogPost":[{"@type":"BlogPosting","@id":"https:\/\/www.spdkoelnnord.de\/skandalwohnungen-in-chorweiler-stadtspitze-muss-sich-vor-ort-ein-bild-machen\/","headline":"Skandalwohnungen in Chorweiler \u2013 Stadtspitze muss sich vor Ort ein Bild machen","url":"https:\/\/www.spdkoelnnord.de\/skandalwohnungen-in-chorweiler-stadtspitze-muss-sich-vor-ort-ein-bild-machen\/","datePublished":"2024-03-20","dateModified":"2024-03-22","mainEntityOfPage":"https:\/\/www.spdkoelnnord.de\/skandalwohnungen-in-chorweiler-stadtspitze-muss-sich-vor-ort-ein-bild-machen\/","author":{"@type":"Person","@id":"https:\/\/www.spdkoelnnord.de\/author\/koelnspd\/#Person","name":"K\u00f6lnSPD","url":"https:\/\/www.spdkoelnnord.de\/author\/koelnspd\/","identifier":11,"description":"SPD-Unterbezirk K\u00f6ln\r\nMagnusstra\u00dfe 18 b\r\n50672 K\u00f6ln\r\nTel: 0221 \/ 92 59 81-0","image":{"@type":"ImageObject","@id":"https:\/\/www.spdkoelnnord.de\/wp-content\/plugins\/wp-user-avatar\/deprecated\/wp-user-avatar\/images\/wpua-96x96.png","url":"https:\/\/www.spdkoelnnord.de\/wp-content\/plugins\/wp-user-avatar\/deprecated\/wp-user-avatar\/images\/wpua-96x96.png","height":96,"width":96}},"publisher":{"@type":"Organization","name":"SPD im K\u00f6lner Norden","logo":{"@type":"ImageObject","@id":"https:\/\/www.spdkoelnnord.de\/wp-content\/uploads\/2019\/10\/cropped-logo_ko\u0308lnspd.jpg","url":"https:\/\/www.spdkoelnnord.de\/wp-content\/uploads\/2019\/10\/cropped-logo_ko\u0308lnspd.jpg","width":null,"height":null}},"image":{"@type":"ImageObject","@id":"https:\/\/www.koelnspd.de\/wp-content\/uploads\/sites\/749\/2019\/02\/chorweiler-panorama.jpg","url":"https:\/\/www.koelnspd.de\/wp-content\/uploads\/sites\/749\/2019\/02\/chorweiler-panorama.jpg","height":377,"width":1600},"wordCount":696,"keywords":["Asbest","Bahnhof K\u00f6ln-Chorweiler","chorweiler","G\u00fcrzenich","K\u00f6ln","Lanxess Arena","Lena Teschlade","Ludwig Gies","machen","Rheinenergiestadion","Seeberg (K\u00f6ln)","skandalwohnungen","stadtspitze","U-Bahnhof Osloer Stra\u00dfe","Vorgesetzter","Wilhelm Ewald (Heraldiker)"]},{"@type":"BlogPosting","@id":"https:\/\/www.spdkoelnnord.de\/spannende-diskussionen-zur-chancengleichheit-beim-runden-tisch-schule\/","headline":"Spannende Diskussionen zur Chancengleichheit beim Runden Tisch Schule","url":"https:\/\/www.spdkoelnnord.de\/spannende-diskussionen-zur-chancengleichheit-beim-runden-tisch-schule\/","datePublished":"2024-03-19","dateModified":"2024-06-19","mainEntityOfPage":"https:\/\/www.spdkoelnnord.de\/spannende-diskussionen-zur-chancengleichheit-beim-runden-tisch-schule\/","author":{"@type":"Person","@id":"https:\/\/www.spdkoelnnord.de\/author\/koelnspd\/#Person","name":"K\u00f6lnSPD","url":"https:\/\/www.spdkoelnnord.de\/author\/koelnspd\/","identifier":11,"description":"SPD-Unterbezirk K\u00f6ln\r\nMagnusstra\u00dfe 18 b\r\n50672 K\u00f6ln\r\nTel: 0221 \/ 92 59 81-0","image":{"@type":"ImageObject","@id":"https:\/\/www.spdkoelnnord.de\/wp-content\/plugins\/wp-user-avatar\/deprecated\/wp-user-avatar\/images\/wpua-96x96.png","url":"https:\/\/www.spdkoelnnord.de\/wp-content\/plugins\/wp-user-avatar\/deprecated\/wp-user-avatar\/images\/wpua-96x96.png","height":96,"width":96}},"publisher":{"@type":"Organization","name":"SPD im K\u00f6lner Norden","logo":{"@type":"ImageObject","@id":"https:\/\/www.spdkoelnnord.de\/wp-content\/uploads\/2019\/10\/cropped-logo_ko\u0308lnspd.jpg","url":"https:\/\/www.spdkoelnnord.de\/wp-content\/uploads\/2019\/10\/cropped-logo_ko\u0308lnspd.jpg","width":null,"height":null}},"image":{"@type":"ImageObject","@id":"https:\/\/www.spdkoelnnord.de\/wp-content\/uploads\/2024\/06\/img-6162-2-1980x1320-1.jpg","url":"https:\/\/www.spdkoelnnord.de\/wp-content\/uploads\/2024\/06\/img-6162-2-1980x1320-1.jpg","height":800,"width":1200},"wordCount":349,"keywords":["chancengleichheit","diskussionen","runden","schule","spannende","tisch"]},{"@type":"BlogPosting","@id":"https:\/\/www.spdkoelnnord.de\/einladung-zum-girls-and-boys-day-am-22-03-2024\/","headline":"Einladung zum Girls\u2019 and Boys\u2019 Day am 22.03.2024!","url":"https:\/\/www.spdkoelnnord.de\/einladung-zum-girls-and-boys-day-am-22-03-2024\/","datePublished":"2024-03-19","dateModified":"2024-06-19","mainEntityOfPage":"https:\/\/www.spdkoelnnord.de\/einladung-zum-girls-and-boys-day-am-22-03-2024\/","author":{"@type":"Person","@id":"https:\/\/www.spdkoelnnord.de\/author\/koelnspd\/#Person","name":"K\u00f6lnSPD","url":"https:\/\/www.spdkoelnnord.de\/author\/koelnspd\/","identifier":11,"description":"SPD-Unterbezirk K\u00f6ln\r\nMagnusstra\u00dfe 18 b\r\n50672 K\u00f6ln\r\nTel: 0221 \/ 92 59 81-0","image":{"@type":"ImageObject","@id":"https:\/\/www.spdkoelnnord.de\/wp-content\/plugins\/wp-user-avatar\/deprecated\/wp-user-avatar\/images\/wpua-96x96.png","url":"https:\/\/www.spdkoelnnord.de\/wp-content\/plugins\/wp-user-avatar\/deprecated\/wp-user-avatar\/images\/wpua-96x96.png","height":96,"width":96}},"publisher":{"@type":"Organization","name":"SPD im K\u00f6lner Norden","logo":{"@type":"ImageObject","@id":"https:\/\/www.spdkoelnnord.de\/wp-content\/uploads\/2019\/10\/cropped-logo_ko\u0308lnspd.jpg","url":"https:\/\/www.spdkoelnnord.de\/wp-content\/uploads\/2019\/10\/cropped-logo_ko\u0308lnspd.jpg","width":null,"height":null}},"image":{"@type":"ImageObject","@id":"https:\/\/www.spdkoelnnord.de\/wp-content\/uploads\/2024\/05\/f9c341d4-c6db-493a-acf8-27cf17c1c2e3.jpg","url":"https:\/\/www.spdkoelnnord.de\/wp-content\/uploads\/2024\/05\/f9c341d4-c6db-493a-acf8-27cf17c1c2e3.jpg","height":680,"width":1024},"wordCount":265,"keywords":["einladung","girls"]},{"@type":"BlogPosting","@id":"https:\/\/www.spdkoelnnord.de\/nord-sued-neu-denken\/","headline":"Nord-S\u00fcd \u2013 Neu denken","url":"https:\/\/www.spdkoelnnord.de\/nord-sued-neu-denken\/","datePublished":"2024-03-19","dateModified":"2024-03-19","mainEntityOfPage":"https:\/\/www.spdkoelnnord.de\/nord-sued-neu-denken\/","author":{"@type":"Person","@id":"https:\/\/www.spdkoelnnord.de\/author\/spdbundestagsfraktion\/#Person","name":"Bundestagsfraktion","url":"https:\/\/www.spdkoelnnord.de\/author\/spdbundestagsfraktion\/","identifier":325,"image":{"@type":"ImageObject","@id":"https:\/\/www.spdkoelnnord.de\/wp-content\/plugins\/wp-user-avatar\/deprecated\/wp-user-avatar\/images\/wpua-96x96.png","url":"https:\/\/www.spdkoelnnord.de\/wp-content\/plugins\/wp-user-avatar\/deprecated\/wp-user-avatar\/images\/wpua-96x96.png","height":96,"width":96}},"publisher":{"@type":"Organization","name":"SPD im K\u00f6lner Norden","logo":{"@type":"ImageObject","@id":"https:\/\/www.spdkoelnnord.de\/wp-content\/uploads\/2019\/10\/cropped-logo_ko\u0308lnspd.jpg","url":"https:\/\/www.spdkoelnnord.de\/wp-content\/uploads\/2019\/10\/cropped-logo_ko\u0308lnspd.jpg","width":null,"height":null}},"image":{"@type":"ImageObject","@id":"https:\/\/www.spdkoelnnord.de\/wp-content\/uploads\/2024\/03\/spd-verschw-150x150.jpgspd-verschw.jpg","url":"https:\/\/www.spdkoelnnord.de\/wp-content\/uploads\/2024\/03\/spd-verschw-150x150.jpgspd-verschw.jpg","height":0,"width":0},"wordCount":3724,"keywords":["Afrika","Afrikanische Union","Angriffskrieg","Arbeit (Philosophie)","armut","Asien","Augusto Pinochet","ausbeutung","bildung","Biodiversit\u00e4t","Brasilien","Bundeskanzler (Deutschland)","Bundesregierung (Deutschland)","Burgergemeinde Bern","Chile","China","COVID-19-Pandemie","demokratie","denken","Deutsche Kolonien","Deutsches Kaiserreich","Dialog","Diskurs","Echte Feige","Eiserner Vorhang","Emanzipation","Ende der Geschichte","Entwicklungspolitik","Entwicklungszusammenarbeit","Erdgas","Erd\u00f6l","europa","Europ\u00e4ische Union","Faschismus","Francis Fukuyama","freiheit","Friedrich-Ebert-Stiftung","G20","G7","Gaza (Stadt)","Gazastreifen","Genf","gerechtigkeit","Geschichte Polens","Gesellschaft (Soziologie)","gesundheit","gewinn","Ghana","Globale Erw\u00e4rmung","Globaler S\u00fcden","Globalisierung","Gr\u00fcner Wasserstoff","hamas","Hegemonie","Herero","Ideologie","Indien","Indonesien","Industriestaat","infrastruktur","Institution","Interesse (Politikwissenschaft)","Internationaler W\u00e4hrungsfonds","Investition","israel","Israelische Verteidigungsstreitkr\u00e4fte","Japan","Johannesburg","Kalter Krieg","Klimapolitik","klimaschutz","Kohle","Kolonialismus","Kommunikation","Konflikt","kooperation","Lars Klingbeil","Lateinamerika","Lausitzer Braunkohlerevier","Lebensqualit\u00e4t","macht","Menschenrechte","Metalle der Seltenen Erden","Milit\u00e4rdiktatur","Mindestbesteuerung","Mongolische Volkspartei","Nachhaltigkeit","Naher Osten","Naledi Pandor","Nama (Volk)","Namibia","Neoliberalismus","Neue Welt","Nord-S\u00fcd-Kommission","\u00d6ffentliches Gut","Olaf Scholz","parlament","Partizipation","politik","Politiker","Populismus","Produktion","rechtsextremismus","Regelbasierte Ordnung","Resilienz (\u00d6kosystem)","Ressource","Rohstoff","Russland","Samuel P. Huntington","Schutztruppe","Schweiz","Selbstverteidigung","Senegal","Sicherheitsrat der Vereinten Nationen","solidaritat","Sozial-\u00f6kologische Transformation","Sozialdemokratie","Soziale Bewegung","Soziale Ungleichheit","Sozialismus","Staatsverschuldung","Strukturpolitik","Subrahmanyam Jaishankar","S\u00fcdafrika","Supermacht","Svenja Schulze","ukraine","Unternehmen","Vereinte Nationen","Verfassung Namibias","Verh\u00e4ltnism\u00e4\u00dfigkeitsprinzip","Vietnam","V\u00f6lkermord","V\u00f6lkerrecht","V\u00f6lkische Bewegung","Waffenstillstand","Weltbank","Weltbev\u00f6lkerung","Weltwirtschaft","Wertsch\u00f6pfung (Wirtschaft)","Wertvorstellung","Westliche Welt","Willy Brandt","Windhoek","wirtschaft","Wirtschaftsliberalismus","Wirtschaftspolitik","Wirtschaftswachstum","Wohlstand","Zweistaatenl\u00f6sung","Zweiter Weltkrieg"]},{"@type":"BlogPosting","@id":"https:\/\/www.spdkoelnnord.de\/eine-starke-wirtschaft-fuer-alle\/","headline":"Eine starke Wirtschaft f\u00fcr alle","url":"https:\/\/www.spdkoelnnord.de\/eine-starke-wirtschaft-fuer-alle\/","datePublished":"2024-03-18","dateModified":"2024-05-12","mainEntityOfPage":"https:\/\/www.spdkoelnnord.de\/eine-starke-wirtschaft-fuer-alle\/","author":{"@type":"Person","@id":"https:\/\/www.spdkoelnnord.de\/author\/spdbundestagsfraktion\/#Person","name":"Bundestagsfraktion","url":"https:\/\/www.spdkoelnnord.de\/author\/spdbundestagsfraktion\/","identifier":325,"image":{"@type":"ImageObject","@id":"https:\/\/www.spdkoelnnord.de\/wp-content\/plugins\/wp-user-avatar\/deprecated\/wp-user-avatar\/images\/wpua-96x96.png","url":"https:\/\/www.spdkoelnnord.de\/wp-content\/plugins\/wp-user-avatar\/deprecated\/wp-user-avatar\/images\/wpua-96x96.png","height":96,"width":96}},"publisher":{"@type":"Organization","name":"SPD im K\u00f6lner Norden","logo":{"@type":"ImageObject","@id":"https:\/\/www.spdkoelnnord.de\/wp-content\/uploads\/2019\/10\/cropped-logo_ko\u0308lnspd.jpg","url":"https:\/\/www.spdkoelnnord.de\/wp-content\/uploads\/2019\/10\/cropped-logo_ko\u0308lnspd.jpg","width":null,"height":null}},"image":{"@type":"ImageObject","@id":"https:\/\/www.spdkoelnnord.de\/wp-content\/uploads\/2024\/03\/Wirtschaft_Getty_1440x617.jpg","url":"https:\/\/www.spdkoelnnord.de\/wp-content\/uploads\/2024\/03\/Wirtschaft_Getty_1440x617.jpg","height":514,"width":1200},"wordCount":963,"keywords":["Angebotspolitik","Arbeitnehmer","Arbeitsentgelt","Burgergemeinde Bern","B\u00fcrokratieabbau","Datenschutzerkl\u00e4rung","Drittanbieter","Einkommensteuer","Energiekosten","Erneuerbare Energien","Kaufkraft (Konsum)","Lobbyismus","Metadaten","mindestlohn","\u00d6ffentliche Verwaltung","Personenbezogene Daten","Soziale Sicherheit","starke","Strada statale 10 Padana Inferiore","Tarifbindung","Verbraucher","wirtschaft","Wirtschaftspolitik","Wohlstand f\u00fcr Alle (Buch)","YouTube"]},{"@type":"BlogPosting","@id":"https:\/\/www.spdkoelnnord.de\/koelner-spd-stellt-sich-hinter-rolf-muetzenich\/","headline":"K\u00f6lner SPD stellt sich hinter Rolf M\u00fctzenich","url":"https:\/\/www.spdkoelnnord.de\/koelner-spd-stellt-sich-hinter-rolf-muetzenich\/","datePublished":"2024-03-18","dateModified":"2024-03-19","mainEntityOfPage":"https:\/\/www.spdkoelnnord.de\/koelner-spd-stellt-sich-hinter-rolf-muetzenich\/","author":{"@type":"Person","@id":"https:\/\/www.spdkoelnnord.de\/author\/claudia_walther\/#Person","name":"Claudia_Walther","url":"https:\/\/www.spdkoelnnord.de\/author\/claudia_walther\/","identifier":1224,"image":{"@type":"ImageObject","@id":"https:\/\/www.spdkoelnnord.de\/wp-content\/plugins\/wp-user-avatar\/deprecated\/wp-user-avatar\/images\/wpua-96x96.png","url":"https:\/\/www.spdkoelnnord.de\/wp-content\/plugins\/wp-user-avatar\/deprecated\/wp-user-avatar\/images\/wpua-96x96.png","height":96,"width":96}},"publisher":{"@type":"Organization","name":"SPD im K\u00f6lner Norden","logo":{"@type":"ImageObject","@id":"https:\/\/www.spdkoelnnord.de\/wp-content\/uploads\/2019\/10\/cropped-logo_ko\u0308lnspd.jpg","url":"https:\/\/www.spdkoelnnord.de\/wp-content\/uploads\/2019\/10\/cropped-logo_ko\u0308lnspd.jpg","width":null,"height":null}},"image":{"@type":"ImageObject","@id":"https:\/\/www.spdkoelnnord.de\/wp-content\/uploads\/2024\/03\/spd-verschw-150x150.jpgspd-verschw.jpg","url":"https:\/\/www.spdkoelnnord.de\/wp-content\/uploads\/2024\/03\/spd-verschw-150x150.jpgspd-verschw.jpg","height":0,"width":0},"wordCount":178,"keywords":["Andrij Melnyk (Offizier)","Fraktion (Bundestag)","hinter","K\u00f6ln","kolner","mutzenich","Rolf M\u00fctzenich","Russisch-Ukrainischer Krieg","Russland","Souver\u00e4nit\u00e4t","Sozialdemokratische Partei Deutschlands","stellt","Territoriale Integrit\u00e4t","ukraine"]},{"@type":"BlogPosting","@id":"https:\/\/www.spdkoelnnord.de\/auftritt-von-x-im-digitalausschuss-eu-aufsicht-muss-dringend-handeln\/","headline":"Auftritt von \u201eX\u201c im Digitalausschuss: EU-Aufsicht muss dringend handeln","url":"https:\/\/www.spdkoelnnord.de\/auftritt-von-x-im-digitalausschuss-eu-aufsicht-muss-dringend-handeln\/","datePublished":"2024-03-14","dateModified":"2024-03-15","mainEntityOfPage":"https:\/\/www.spdkoelnnord.de\/auftritt-von-x-im-digitalausschuss-eu-aufsicht-muss-dringend-handeln\/","author":{"@type":"Person","@id":"https:\/\/www.spdkoelnnord.de\/author\/spdbundestagsfraktion\/#Person","name":"Bundestagsfraktion","url":"https:\/\/www.spdkoelnnord.de\/author\/spdbundestagsfraktion\/","identifier":325,"image":{"@type":"ImageObject","@id":"https:\/\/www.spdkoelnnord.de\/wp-content\/plugins\/wp-user-avatar\/deprecated\/wp-user-avatar\/images\/wpua-96x96.png","url":"https:\/\/www.spdkoelnnord.de\/wp-content\/plugins\/wp-user-avatar\/deprecated\/wp-user-avatar\/images\/wpua-96x96.png","height":96,"width":96}},"publisher":{"@type":"Organization","name":"SPD im K\u00f6lner Norden","logo":{"@type":"ImageObject","@id":"https:\/\/www.spdkoelnnord.de\/wp-content\/uploads\/2019\/10\/cropped-logo_ko\u0308lnspd.jpg","url":"https:\/\/www.spdkoelnnord.de\/wp-content\/uploads\/2019\/10\/cropped-logo_ko\u0308lnspd.jpg","width":null,"height":null}},"image":{"@type":"ImageObject","@id":"https:\/\/www.spdkoelnnord.de\/wp-content\/uploads\/2025\/02\/spd-verschwommen.jpg","url":"https:\/\/www.spdkoelnnord.de\/wp-content\/uploads\/2025\/02\/spd-verschwommen.jpg","height":675,"width":1200},"wordCount":263,"keywords":["aufsicht","auftritt","digitalausschuss","dringend","handeln"]}]},{"@context":"https:\/\/schema.org","@type":"WebSite","@id":"https:\/\/www.spdkoelnnord.de\/#website","name":"Die SPD im K\u00f6lner Norden","url":"https:\/\/www.spdkoelnnord.de","potentialAction":{"@type":"SearchAction","target":"https:\/\/www.spdkoelnnord.de\/?s={search_term_string}","query-input":"required name=search_term_string"}}]