[{"@context":"https:\/\/schema.org\/","@type":"Blog","@id":"https:\/\/www.spdkoelnnord.de#Blog","headline":"Die SPD im K\u00f6lner Norden","description":"Die SPD im Stadtbezirk K\u00f6ln - Chorweiler","url":"https:\/\/www.spdkoelnnord.de","blogPost":[{"@type":"BlogPosting","@id":"https:\/\/www.spdkoelnnord.de\/flossen-weg-mehr-sicherheit-durch-praevention-und-frauenschwimmzeiten-in-koelner-baedern\/","headline":"Flossen weg \u2013 mehr Sicherheit durch Pr\u00e4vention und Frauenschwimmzeiten in K\u00f6lner B\u00e4dern","url":"https:\/\/www.spdkoelnnord.de\/flossen-weg-mehr-sicherheit-durch-praevention-und-frauenschwimmzeiten-in-koelner-baedern\/","datePublished":"2024-03-14","dateModified":"2024-03-17","mainEntityOfPage":"https:\/\/www.spdkoelnnord.de\/flossen-weg-mehr-sicherheit-durch-praevention-und-frauenschwimmzeiten-in-koelner-baedern\/","author":{"@type":"Person","@id":"https:\/\/www.spdkoelnnord.de\/author\/koelnspd\/#Person","name":"K\u00f6lnSPD","url":"https:\/\/www.spdkoelnnord.de\/author\/koelnspd\/","identifier":11,"description":"SPD-Unterbezirk K\u00f6ln\r\nMagnusstra\u00dfe 18 b\r\n50672 K\u00f6ln\r\nTel: 0221 \/ 92 59 81-0","image":{"@type":"ImageObject","@id":"https:\/\/www.spdkoelnnord.de\/wp-content\/plugins\/wp-user-avatar\/deprecated\/wp-user-avatar\/images\/wpua-96x96.png","url":"https:\/\/www.spdkoelnnord.de\/wp-content\/plugins\/wp-user-avatar\/deprecated\/wp-user-avatar\/images\/wpua-96x96.png","height":96,"width":96}},"publisher":{"@type":"Organization","name":"SPD im K\u00f6lner Norden","logo":{"@type":"ImageObject","@id":"https:\/\/www.spdkoelnnord.de\/wp-content\/uploads\/2019\/10\/cropped-logo_ko\u0308lnspd.jpg","url":"https:\/\/www.spdkoelnnord.de\/wp-content\/uploads\/2019\/10\/cropped-logo_ko\u0308lnspd.jpg","width":null,"height":null}},"image":{"@type":"ImageObject","@id":"https:\/\/www.spdkoelnnord.de\/wp-content\/uploads\/2024\/02\/logo_koelnspd.png","url":"https:\/\/www.spdkoelnnord.de\/wp-content\/uploads\/2024\/02\/logo_koelnspd.png","height":945,"width":945},"wordCount":270,"keywords":["durch","flossen","frauenschwimmzeiten","K\u00f6ln","kolner","pravention","schwimmen","sicherheit"]},{"@type":"BlogPosting","@id":"https:\/\/www.spdkoelnnord.de\/ki-gesetz-der-eu-historisch\/","headline":"KI-Gesetz der EU historisch","url":"https:\/\/www.spdkoelnnord.de\/ki-gesetz-der-eu-historisch\/","datePublished":"2024-03-13","dateModified":"2024-03-17","mainEntityOfPage":"https:\/\/www.spdkoelnnord.de\/ki-gesetz-der-eu-historisch\/","author":{"@type":"Person","@id":"https:\/\/www.spdkoelnnord.de\/author\/spdbundestagsfraktion\/#Person","name":"Bundestagsfraktion","url":"https:\/\/www.spdkoelnnord.de\/author\/spdbundestagsfraktion\/","identifier":325,"image":{"@type":"ImageObject","@id":"https:\/\/www.spdkoelnnord.de\/wp-content\/plugins\/wp-user-avatar\/deprecated\/wp-user-avatar\/images\/wpua-96x96.png","url":"https:\/\/www.spdkoelnnord.de\/wp-content\/plugins\/wp-user-avatar\/deprecated\/wp-user-avatar\/images\/wpua-96x96.png","height":96,"width":96}},"publisher":{"@type":"Organization","name":"SPD im K\u00f6lner Norden","logo":{"@type":"ImageObject","@id":"https:\/\/www.spdkoelnnord.de\/wp-content\/uploads\/2019\/10\/cropped-logo_ko\u0308lnspd.jpg","url":"https:\/\/www.spdkoelnnord.de\/wp-content\/uploads\/2019\/10\/cropped-logo_ko\u0308lnspd.jpg","width":null,"height":null}},"image":{"@type":"ImageObject","@id":"https:\/\/www.spdkoelnnord.de\/wp-content\/uploads\/2024\/02\/ks0wyl0qxde.jpg","url":"https:\/\/www.spdkoelnnord.de\/wp-content\/uploads\/2024\/02\/ks0wyl0qxde.jpg","height":800,"width":1200},"wordCount":49,"keywords":["Europ\u00e4ische Union","Europ\u00e4isches Parlament","gesetz","historisch"]},{"@type":"BlogPosting","@id":"https:\/\/www.spdkoelnnord.de\/viel-bewegt-viel-erreicht-noch-viel-zu-tun\/","headline":"\u201cViel bewegt, viel erreicht, noch viel zu tun\u201d","url":"https:\/\/www.spdkoelnnord.de\/viel-bewegt-viel-erreicht-noch-viel-zu-tun\/","datePublished":"2024-03-13","dateModified":"2024-03-13","mainEntityOfPage":"https:\/\/www.spdkoelnnord.de\/viel-bewegt-viel-erreicht-noch-viel-zu-tun\/","author":{"@type":"Person","@id":"https:\/\/www.spdkoelnnord.de\/author\/claudia_walther\/#Person","name":"Claudia_Walther","url":"https:\/\/www.spdkoelnnord.de\/author\/claudia_walther\/","identifier":1224,"image":{"@type":"ImageObject","@id":"https:\/\/www.spdkoelnnord.de\/wp-content\/plugins\/wp-user-avatar\/deprecated\/wp-user-avatar\/images\/wpua-96x96.png","url":"https:\/\/www.spdkoelnnord.de\/wp-content\/plugins\/wp-user-avatar\/deprecated\/wp-user-avatar\/images\/wpua-96x96.png","height":96,"width":96}},"publisher":{"@type":"Organization","name":"SPD im K\u00f6lner Norden","logo":{"@type":"ImageObject","@id":"https:\/\/www.spdkoelnnord.de\/wp-content\/uploads\/2019\/10\/cropped-logo_ko\u0308lnspd.jpg","url":"https:\/\/www.spdkoelnnord.de\/wp-content\/uploads\/2019\/10\/cropped-logo_ko\u0308lnspd.jpg","width":null,"height":null}},"image":{"@type":"ImageObject","@id":"https:\/\/www.spdkoelnnord.de\/wp-content\/uploads\/2025\/02\/spd-verschwommen.jpg","url":"https:\/\/www.spdkoelnnord.de\/wp-content\/uploads\/2025\/02\/spd-verschwommen.jpg","height":675,"width":1200},"wordCount":966,"keywords":["bewegt","erreicht"]},{"@type":"BlogPosting","@id":"https:\/\/www.spdkoelnnord.de\/unsoziale-tricksereien-stoppen-schluss-mit-der-profitgier-beim-wohnungsbau\/","headline":"Unsoziale Tricksereien stoppen \u2013 Schluss mit der Profitgier beim Wohnungsbau","url":"https:\/\/www.spdkoelnnord.de\/unsoziale-tricksereien-stoppen-schluss-mit-der-profitgier-beim-wohnungsbau\/","datePublished":"2024-03-12","dateModified":"2024-03-13","mainEntityOfPage":"https:\/\/www.spdkoelnnord.de\/unsoziale-tricksereien-stoppen-schluss-mit-der-profitgier-beim-wohnungsbau\/","author":{"@type":"Person","@id":"https:\/\/www.spdkoelnnord.de\/author\/koelnspd\/#Person","name":"K\u00f6lnSPD","url":"https:\/\/www.spdkoelnnord.de\/author\/koelnspd\/","identifier":11,"description":"SPD-Unterbezirk K\u00f6ln\r\nMagnusstra\u00dfe 18 b\r\n50672 K\u00f6ln\r\nTel: 0221 \/ 92 59 81-0","image":{"@type":"ImageObject","@id":"https:\/\/www.spdkoelnnord.de\/wp-content\/plugins\/wp-user-avatar\/deprecated\/wp-user-avatar\/images\/wpua-96x96.png","url":"https:\/\/www.spdkoelnnord.de\/wp-content\/plugins\/wp-user-avatar\/deprecated\/wp-user-avatar\/images\/wpua-96x96.png","height":96,"width":96}},"publisher":{"@type":"Organization","name":"SPD im K\u00f6lner Norden","logo":{"@type":"ImageObject","@id":"https:\/\/www.spdkoelnnord.de\/wp-content\/uploads\/2019\/10\/cropped-logo_ko\u0308lnspd.jpg","url":"https:\/\/www.spdkoelnnord.de\/wp-content\/uploads\/2019\/10\/cropped-logo_ko\u0308lnspd.jpg","width":null,"height":null}},"image":{"@type":"ImageObject","@id":"https:\/\/www.koelnspd.de\/wp-content\/uploads\/sites\/749\/2024\/03\/wohnungsbau-bild-canva-900x600.png","url":"https:\/\/www.koelnspd.de\/wp-content\/uploads\/sites\/749\/2024\/03\/wohnungsbau-bild-canva-900x600.png","height":600,"width":900},"wordCount":374,"keywords":["profitgier","schluss","stoppen","tricksereien","unsoziale","wohnungsbau"]},{"@type":"BlogPosting","@id":"https:\/\/www.spdkoelnnord.de\/wir-brauchen-mehr-bezahlbaren-wohnraum-in-koeln\/","headline":"Wir brauchen mehr bezahlbaren Wohnraum in K\u00f6ln!","url":"https:\/\/www.spdkoelnnord.de\/wir-brauchen-mehr-bezahlbaren-wohnraum-in-koeln\/","datePublished":"2024-03-09","dateModified":"2024-03-11","mainEntityOfPage":"https:\/\/www.spdkoelnnord.de\/wir-brauchen-mehr-bezahlbaren-wohnraum-in-koeln\/","author":{"@type":"Person","@id":"https:\/\/www.spdkoelnnord.de\/author\/koeln_nord\/#Person","name":"SPD im K\u00f6lner Norden","url":"https:\/\/www.spdkoelnnord.de\/author\/koeln_nord\/","identifier":1221,"image":{"@type":"ImageObject","@id":"https:\/\/www.spdkoelnnord.de\/wp-content\/uploads\/2024\/02\/logo_koelnspd-150x150.png","url":"https:\/\/www.spdkoelnnord.de\/wp-content\/uploads\/2024\/02\/logo_koelnspd-150x150.png","height":96,"width":96}},"publisher":{"@type":"Organization","name":"SPD im K\u00f6lner Norden","logo":{"@type":"ImageObject","@id":"https:\/\/www.spdkoelnnord.de\/wp-content\/uploads\/2019\/10\/cropped-logo_ko\u0308lnspd.jpg","url":"https:\/\/www.spdkoelnnord.de\/wp-content\/uploads\/2019\/10\/cropped-logo_ko\u0308lnspd.jpg","width":null,"height":null}},"image":{"@type":"ImageObject","@id":"https:\/\/www.spdkoelnnord.de\/wp-content\/uploads\/2024\/03\/Wohnen-scaled-e1710156285684.jpg","url":"https:\/\/www.spdkoelnnord.de\/wp-content\/uploads\/2024\/03\/Wohnen-scaled-e1710156285684.jpg","height":1067,"width":800},"wordCount":201,"keywords":["bezahlbaren","brauchen","chorweiler","Klara Geywitz","K\u00f6ln","Nordrhein-Westfalen","Sozialdemokratie","Soziale Frage","wohnraum"]},{"@type":"BlogPosting","@id":"https:\/\/www.spdkoelnnord.de\/neues-aus-der-fraktion\/","headline":"Neues aus der Fraktion","url":"https:\/\/www.spdkoelnnord.de\/neues-aus-der-fraktion\/","datePublished":"2024-03-07","dateModified":"2024-05-28","mainEntityOfPage":"https:\/\/www.spdkoelnnord.de\/neues-aus-der-fraktion\/","author":{"@type":"Person","@id":"https:\/\/www.spdkoelnnord.de\/author\/koeln_nord\/#Person","name":"SPD im K\u00f6lner Norden","url":"https:\/\/www.spdkoelnnord.de\/author\/koeln_nord\/","identifier":1221,"image":{"@type":"ImageObject","@id":"https:\/\/www.spdkoelnnord.de\/wp-content\/uploads\/2024\/02\/logo_koelnspd-150x150.png","url":"https:\/\/www.spdkoelnnord.de\/wp-content\/uploads\/2024\/02\/logo_koelnspd-150x150.png","height":96,"width":96}},"publisher":{"@type":"Organization","name":"SPD im K\u00f6lner Norden","logo":{"@type":"ImageObject","@id":"https:\/\/www.spdkoelnnord.de\/wp-content\/uploads\/2019\/10\/cropped-logo_ko\u0308lnspd.jpg","url":"https:\/\/www.spdkoelnnord.de\/wp-content\/uploads\/2019\/10\/cropped-logo_ko\u0308lnspd.jpg","width":null,"height":null}},"image":{"@type":"ImageObject","@id":"https:\/\/www.spdkoelnnord.de\/wp-content\/uploads\/2024\/03\/5chzntfwzpc.jpg","url":"https:\/\/www.spdkoelnnord.de\/wp-content\/uploads\/2024\/03\/5chzntfwzpc.jpg","height":800,"width":1200},"wordCount":363,"keywords":["Burgergemeinde Bern","chorweiler","Download","fraktion","Fu\u00dfg\u00e4nger\u00fcberweg","Gehweg","Globale Erw\u00e4rmung","K\u00f6ln-Chorweiler (Stadtbezirk)","lebensmittel","Markt","neues","Radverkehrsanlage","Stra\u00dfenverkehr","Strauch","Wochenmarkt"]},{"@type":"BlogPosting","@id":"https:\/\/www.spdkoelnnord.de\/signal-for-help-hilfe-handzeichen-bei-haeuslicher-gewalt-bekannt-machen\/","headline":"\u201eSignal for Help\u201c \u2013 Hilfe-Handzeichen bei h\u00e4uslicher Gewalt bekannt machen","url":"https:\/\/www.spdkoelnnord.de\/signal-for-help-hilfe-handzeichen-bei-haeuslicher-gewalt-bekannt-machen\/","datePublished":"2024-03-07","dateModified":"2024-03-13","mainEntityOfPage":"https:\/\/www.spdkoelnnord.de\/signal-for-help-hilfe-handzeichen-bei-haeuslicher-gewalt-bekannt-machen\/","author":{"@type":"Person","@id":"https:\/\/www.spdkoelnnord.de\/author\/koelnspd\/#Person","name":"K\u00f6lnSPD","url":"https:\/\/www.spdkoelnnord.de\/author\/koelnspd\/","identifier":11,"description":"SPD-Unterbezirk K\u00f6ln\r\nMagnusstra\u00dfe 18 b\r\n50672 K\u00f6ln\r\nTel: 0221 \/ 92 59 81-0","image":{"@type":"ImageObject","@id":"https:\/\/www.spdkoelnnord.de\/wp-content\/plugins\/wp-user-avatar\/deprecated\/wp-user-avatar\/images\/wpua-96x96.png","url":"https:\/\/www.spdkoelnnord.de\/wp-content\/plugins\/wp-user-avatar\/deprecated\/wp-user-avatar\/images\/wpua-96x96.png","height":96,"width":96}},"publisher":{"@type":"Organization","name":"SPD im K\u00f6lner Norden","logo":{"@type":"ImageObject","@id":"https:\/\/www.spdkoelnnord.de\/wp-content\/uploads\/2019\/10\/cropped-logo_ko\u0308lnspd.jpg","url":"https:\/\/www.spdkoelnnord.de\/wp-content\/uploads\/2019\/10\/cropped-logo_ko\u0308lnspd.jpg","width":null,"height":null}},"image":{"@type":"ImageObject","@id":"https:\/\/www.spdkoelnnord.de\/wp-content\/uploads\/2024\/03\/Screenshot-2024-03-13-at-01-02-02-SPD-Bezirk-Koeln-Chorweiler-@spdkoelnnord-\u2022-Instagram-Fotos-und-Videos.png","url":"https:\/\/www.spdkoelnnord.de\/wp-content\/uploads\/2024\/03\/Screenshot-2024-03-13-at-01-02-02-SPD-Bezirk-Koeln-Chorweiler-@spdkoelnnord-\u2022-Instagram-Fotos-und-Videos.png","height":585,"width":585},"wordCount":360,"keywords":["bekannt","Dortmund","Gestik","gewalt","handzeichen","H\u00e4usliche Gewalt","hauslicher","hilfe","Misogynie","Rheinland-Pfalz","signal","T\u00e4ter (Strafrecht)","Vergewaltigung"]}]},{"@context":"https:\/\/schema.org","@type":"WebSite","@id":"https:\/\/www.spdkoelnnord.de\/#website","name":"Die SPD im K\u00f6lner Norden","url":"https:\/\/www.spdkoelnnord.de","potentialAction":{"@type":"SearchAction","target":"https:\/\/www.spdkoelnnord.de\/?s={search_term_string}","query-input":"required name=search_term_string"}}]