[{"@context":"https:\/\/schema.org\/","@type":"Blog","@id":"https:\/\/www.spdkoelnnord.de#Blog","headline":"Die SPD im K\u00f6lner Norden","description":"Die SPD im Stadtbezirk K\u00f6ln - Chorweiler","url":"https:\/\/www.spdkoelnnord.de","blogPost":[{"@type":"BlogPosting","@id":"https:\/\/www.spdkoelnnord.de\/konferenz-der-sprecherinnen-und-sprecher-der-spd-fuer-kinder-jugend-familie-gleichstellung-und-senioren-im-duesseldorfer-landtag\/","headline":"Konferenz der Sprecherinnen und Sprecher der SPD f\u00fcr Kinder, Jugend, Familie, Gleichstellung und Senioren im D\u00fcsseldorfer Landtag","url":"https:\/\/www.spdkoelnnord.de\/konferenz-der-sprecherinnen-und-sprecher-der-spd-fuer-kinder-jugend-familie-gleichstellung-und-senioren-im-duesseldorfer-landtag\/","datePublished":"2024-03-06","dateModified":"2024-03-06","mainEntityOfPage":"https:\/\/www.spdkoelnnord.de\/konferenz-der-sprecherinnen-und-sprecher-der-spd-fuer-kinder-jugend-familie-gleichstellung-und-senioren-im-duesseldorfer-landtag\/","author":{"@type":"Person","@id":"https:\/\/www.spdkoelnnord.de\/author\/nrwspd-fraktion\/#Person","name":"NRWSPD Fraktion","url":"https:\/\/www.spdkoelnnord.de\/author\/nrwspd-fraktion\/","identifier":324,"image":{"@type":"ImageObject","@id":"https:\/\/www.spdkoelnnord.de\/wp-content\/plugins\/wp-user-avatar\/deprecated\/wp-user-avatar\/images\/wpua-96x96.png","url":"https:\/\/www.spdkoelnnord.de\/wp-content\/plugins\/wp-user-avatar\/deprecated\/wp-user-avatar\/images\/wpua-96x96.png","height":96,"width":96}},"publisher":{"@type":"Organization","name":"SPD im K\u00f6lner Norden","logo":{"@type":"ImageObject","@id":"https:\/\/www.spdkoelnnord.de\/wp-content\/uploads\/2019\/10\/cropped-logo_ko\u0308lnspd.jpg","url":"https:\/\/www.spdkoelnnord.de\/wp-content\/uploads\/2019\/10\/cropped-logo_ko\u0308lnspd.jpg","width":null,"height":null}},"image":{"@type":"ImageObject","@id":"https:\/\/www.spdkoelnnord.de\/wp-content\/uploads\/2025\/02\/spd-verschwommen.jpg","url":"https:\/\/www.spdkoelnnord.de\/wp-content\/uploads\/2025\/02\/spd-verschwommen.jpg","height":675,"width":1200},"wordCount":296,"keywords":["Dennis Maelzer","dusseldorf","Equal Pay Day","familie","Fraktion (Bundestag)","Fraktion im Europ\u00e4ischen Parlament","jugend","kinder","kindergrundsicherung","konferenz","Psychosoziale Unterst\u00fctzung","Runder Tisch","Sozialdemokratische Partei Deutschlands","sprecher","sprecherinnen","Verschickungskinder"]},{"@type":"BlogPosting","@id":"https:\/\/www.spdkoelnnord.de\/1-internationaler-empfang-der-spd-fraktion-im-landtag-nrw\/","headline":"1. Internationaler Empfang der SPD-Fraktion im Landtag NRW","url":"https:\/\/www.spdkoelnnord.de\/1-internationaler-empfang-der-spd-fraktion-im-landtag-nrw\/","datePublished":"2024-03-06","dateModified":"2024-03-06","mainEntityOfPage":"https:\/\/www.spdkoelnnord.de\/1-internationaler-empfang-der-spd-fraktion-im-landtag-nrw\/","author":{"@type":"Person","@id":"https:\/\/www.spdkoelnnord.de\/author\/nrwspd-fraktion\/#Person","name":"NRWSPD Fraktion","url":"https:\/\/www.spdkoelnnord.de\/author\/nrwspd-fraktion\/","identifier":324,"image":{"@type":"ImageObject","@id":"https:\/\/www.spdkoelnnord.de\/wp-content\/plugins\/wp-user-avatar\/deprecated\/wp-user-avatar\/images\/wpua-96x96.png","url":"https:\/\/www.spdkoelnnord.de\/wp-content\/plugins\/wp-user-avatar\/deprecated\/wp-user-avatar\/images\/wpua-96x96.png","height":96,"width":96}},"publisher":{"@type":"Organization","name":"SPD im K\u00f6lner Norden","logo":{"@type":"ImageObject","@id":"https:\/\/www.spdkoelnnord.de\/wp-content\/uploads\/2019\/10\/cropped-logo_ko\u0308lnspd.jpg","url":"https:\/\/www.spdkoelnnord.de\/wp-content\/uploads\/2019\/10\/cropped-logo_ko\u0308lnspd.jpg","width":null,"height":null}},"image":{"@type":"ImageObject","@id":"https:\/\/www.spdkoelnnord.de\/wp-content\/uploads\/2025\/02\/spd-verschwommen.jpg","url":"https:\/\/www.spdkoelnnord.de\/wp-content\/uploads\/2025\/02\/spd-verschwommen.jpg","height":675,"width":1200},"wordCount":332,"keywords":["empfang","fraktion","internationaler","landtag"]},{"@type":"BlogPosting","@id":"https:\/\/www.spdkoelnnord.de\/kampf-gegen-wohnungsnot-und-mietenanstieg\/","headline":"\u201eKampf gegen Wohnungsnot und Mietenanstieg\u201c","url":"https:\/\/www.spdkoelnnord.de\/kampf-gegen-wohnungsnot-und-mietenanstieg\/","datePublished":"2024-03-06","dateModified":"2024-03-06","mainEntityOfPage":"https:\/\/www.spdkoelnnord.de\/kampf-gegen-wohnungsnot-und-mietenanstieg\/","author":{"@type":"Person","@id":"https:\/\/www.spdkoelnnord.de\/author\/claudia_walther\/#Person","name":"Claudia_Walther","url":"https:\/\/www.spdkoelnnord.de\/author\/claudia_walther\/","identifier":1224,"image":{"@type":"ImageObject","@id":"https:\/\/www.spdkoelnnord.de\/wp-content\/plugins\/wp-user-avatar\/deprecated\/wp-user-avatar\/images\/wpua-96x96.png","url":"https:\/\/www.spdkoelnnord.de\/wp-content\/plugins\/wp-user-avatar\/deprecated\/wp-user-avatar\/images\/wpua-96x96.png","height":96,"width":96}},"publisher":{"@type":"Organization","name":"SPD im K\u00f6lner Norden","logo":{"@type":"ImageObject","@id":"https:\/\/www.spdkoelnnord.de\/wp-content\/uploads\/2019\/10\/cropped-logo_ko\u0308lnspd.jpg","url":"https:\/\/www.spdkoelnnord.de\/wp-content\/uploads\/2019\/10\/cropped-logo_ko\u0308lnspd.jpg","width":null,"height":null}},"image":{"@type":"ImageObject","@id":"https:\/\/www.spdkoelnnord.de\/wp-content\/uploads\/2025\/02\/spd-verschwommen.jpg","url":"https:\/\/www.spdkoelnnord.de\/wp-content\/uploads\/2025\/02\/spd-verschwommen.jpg","height":675,"width":1200},"wordCount":255,"keywords":["gegen","kampf","mietenanstieg","wohnungsnot"]},{"@type":"BlogPosting","@id":"https:\/\/www.spdkoelnnord.de\/rat-beschliesst-im-maerz-sanierung-der-neusser-landstrasse\/","headline":"Rat beschlie\u00dft im M\u00e4rz Sanierung der Neusser Landstra\u00dfe","url":"https:\/\/www.spdkoelnnord.de\/rat-beschliesst-im-maerz-sanierung-der-neusser-landstrasse\/","datePublished":"2024-03-05","dateModified":"2024-03-06","mainEntityOfPage":"https:\/\/www.spdkoelnnord.de\/rat-beschliesst-im-maerz-sanierung-der-neusser-landstrasse\/","author":{"@type":"Person","@id":"https:\/\/www.spdkoelnnord.de\/author\/koeln_nord\/#Person","name":"SPD im K\u00f6lner Norden","url":"https:\/\/www.spdkoelnnord.de\/author\/koeln_nord\/","identifier":1221,"image":{"@type":"ImageObject","@id":"https:\/\/www.spdkoelnnord.de\/wp-content\/uploads\/2024\/02\/logo_koelnspd-150x150.png","url":"https:\/\/www.spdkoelnnord.de\/wp-content\/uploads\/2024\/02\/logo_koelnspd-150x150.png","height":96,"width":96}},"publisher":{"@type":"Organization","name":"SPD im K\u00f6lner Norden","logo":{"@type":"ImageObject","@id":"https:\/\/www.spdkoelnnord.de\/wp-content\/uploads\/2019\/10\/cropped-logo_ko\u0308lnspd.jpg","url":"https:\/\/www.spdkoelnnord.de\/wp-content\/uploads\/2019\/10\/cropped-logo_ko\u0308lnspd.jpg","width":null,"height":null}},"image":{"@type":"ImageObject","@id":"https:\/\/www.spdkoelnnord.de\/wp-content\/uploads\/2024\/02\/IMG_20230214_142620-1-1-scaled.jpg","url":"https:\/\/www.spdkoelnnord.de\/wp-content\/uploads\/2024\/02\/IMG_20230214_142620-1-1-scaled.jpg","height":1200,"width":900},"wordCount":354,"keywords":["beschlie","bezirksvertretung","Bundesstra\u00dfe 9","chorweiler","landstra","neusser","sanierung","Schlacht von Worringen","stadtrat"]},{"@type":"BlogPosting","@id":"https:\/\/www.spdkoelnnord.de\/koelner-verkehrsausschuss-stimmt-fuer-den-erhalt-der-faehre\/","headline":"K\u00f6lner Verkehrsausschuss stimmt f\u00fcr den Erhalt der F\u00e4hre","url":"https:\/\/www.spdkoelnnord.de\/koelner-verkehrsausschuss-stimmt-fuer-den-erhalt-der-faehre\/","datePublished":"2024-03-05","dateModified":"2024-03-07","mainEntityOfPage":"https:\/\/www.spdkoelnnord.de\/koelner-verkehrsausschuss-stimmt-fuer-den-erhalt-der-faehre\/","author":{"@type":"Person","@id":"https:\/\/www.spdkoelnnord.de\/author\/koeln_nord\/#Person","name":"SPD im K\u00f6lner Norden","url":"https:\/\/www.spdkoelnnord.de\/author\/koeln_nord\/","identifier":1221,"image":{"@type":"ImageObject","@id":"https:\/\/www.spdkoelnnord.de\/wp-content\/uploads\/2024\/02\/logo_koelnspd-150x150.png","url":"https:\/\/www.spdkoelnnord.de\/wp-content\/uploads\/2024\/02\/logo_koelnspd-150x150.png","height":96,"width":96}},"publisher":{"@type":"Organization","name":"SPD im K\u00f6lner Norden","logo":{"@type":"ImageObject","@id":"https:\/\/www.spdkoelnnord.de\/wp-content\/uploads\/2019\/10\/cropped-logo_ko\u0308lnspd.jpg","url":"https:\/\/www.spdkoelnnord.de\/wp-content\/uploads\/2019\/10\/cropped-logo_ko\u0308lnspd.jpg","width":null,"height":null}},"image":{"@type":"ImageObject","@id":"https:\/\/www.spdkoelnnord.de\/wp-content\/uploads\/2024\/02\/IMG_20240128_160429-scaled.jpg","url":"https:\/\/www.spdkoelnnord.de\/wp-content\/uploads\/2024\/02\/IMG_20240128_160429-scaled.jpg","height":1200,"width":900},"wordCount":400,"keywords":["Daseinsvorsorge","Emission (Umwelt)","erhalt","fahre","H\u00e4fen und G\u00fcterverkehr K\u00f6ln","Hitdorf","kolner","Langel (K\u00f6ln-Merkenich)","Langel (K\u00f6ln)","leverkusen","Monheim am Rhein","Pendler","stimmt","verkehrsausschuss"]},{"@type":"BlogPosting","@id":"https:\/\/www.spdkoelnnord.de\/scharfe-kritik-an-der-jugendhilfeplanung\/","headline":"Scharfe Kritik an der Jugendhilfeplanung","url":"https:\/\/www.spdkoelnnord.de\/scharfe-kritik-an-der-jugendhilfeplanung\/","datePublished":"2024-03-05","dateModified":"2024-03-06","mainEntityOfPage":"https:\/\/www.spdkoelnnord.de\/scharfe-kritik-an-der-jugendhilfeplanung\/","author":{"@type":"Person","@id":"https:\/\/www.spdkoelnnord.de\/author\/koeln_nord\/#Person","name":"SPD im K\u00f6lner Norden","url":"https:\/\/www.spdkoelnnord.de\/author\/koeln_nord\/","identifier":1221,"image":{"@type":"ImageObject","@id":"https:\/\/www.spdkoelnnord.de\/wp-content\/uploads\/2024\/02\/logo_koelnspd-150x150.png","url":"https:\/\/www.spdkoelnnord.de\/wp-content\/uploads\/2024\/02\/logo_koelnspd-150x150.png","height":96,"width":96}},"publisher":{"@type":"Organization","name":"SPD im K\u00f6lner Norden","logo":{"@type":"ImageObject","@id":"https:\/\/www.spdkoelnnord.de\/wp-content\/uploads\/2019\/10\/cropped-logo_ko\u0308lnspd.jpg","url":"https:\/\/www.spdkoelnnord.de\/wp-content\/uploads\/2019\/10\/cropped-logo_ko\u0308lnspd.jpg","width":null,"height":null}},"image":{"@type":"ImageObject","@id":"https:\/\/www.spdkoelnnord.de\/wp-content\/uploads\/2024\/02\/gsri9cwcib0.jpg","url":"https:\/\/www.spdkoelnnord.de\/wp-content\/uploads\/2024\/02\/gsri9cwcib0.jpg","height":799,"width":1200},"wordCount":452,"keywords":["Arbeitslosigkeit","Bezirk","Bezirksb\u00fcrgermeister (Nordrhein-Westfalen)","B\u00fcrgergeld-Gesetz","B\u00fcrgerrolle","chorweiler","Ehrenfeld (K\u00f6ln)","Festungsring K\u00f6ln","Finkenberg (K\u00f6ln)","jugendhilfeplanung","Kalk (K\u00f6ln)","kindergarten","Kindertagesbetreuung","K\u00f6ln","K\u00f6ln Hauptbahnhof","K\u00f6ln-M\u00fclheim (Stadtbezirk)","K\u00f6ln-Porz (Stadtbezirk)","kritik","Meschenich","M\u00fclheim (K\u00f6ln)","Nippes (K\u00f6ln)","Norbert Fuchs","Porz (K\u00f6ln)","Rhein","Rodenkirchen (K\u00f6ln)","scharfe","Stress"]},{"@type":"BlogPosting","@id":"https:\/\/www.spdkoelnnord.de\/aus-der-fraktion\/","headline":"Aus der Fraktion&#8230;","url":"https:\/\/www.spdkoelnnord.de\/aus-der-fraktion\/","datePublished":"2024-03-05","dateModified":"2024-03-06","mainEntityOfPage":"https:\/\/www.spdkoelnnord.de\/aus-der-fraktion\/","author":{"@type":"Person","@id":"https:\/\/www.spdkoelnnord.de\/author\/koeln_nord\/#Person","name":"SPD im K\u00f6lner Norden","url":"https:\/\/www.spdkoelnnord.de\/author\/koeln_nord\/","identifier":1221,"image":{"@type":"ImageObject","@id":"https:\/\/www.spdkoelnnord.de\/wp-content\/uploads\/2024\/02\/logo_koelnspd-150x150.png","url":"https:\/\/www.spdkoelnnord.de\/wp-content\/uploads\/2024\/02\/logo_koelnspd-150x150.png","height":96,"width":96}},"publisher":{"@type":"Organization","name":"SPD im K\u00f6lner Norden","logo":{"@type":"ImageObject","@id":"https:\/\/www.spdkoelnnord.de\/wp-content\/uploads\/2019\/10\/cropped-logo_ko\u0308lnspd.jpg","url":"https:\/\/www.spdkoelnnord.de\/wp-content\/uploads\/2019\/10\/cropped-logo_ko\u0308lnspd.jpg","width":null,"height":null}},"image":{"@type":"ImageObject","@id":"https:\/\/www.spdkoelnnord.de\/wp-content\/uploads\/2024\/03\/rathaus_chorweiler.jpg","url":"https:\/\/www.spdkoelnnord.de\/wp-content\/uploads\/2024\/03\/rathaus_chorweiler.jpg","height":900,"width":1200},"wordCount":169,"keywords":["Download","fraktion","Verkehrssicherheit"]}]},{"@context":"https:\/\/schema.org","@type":"WebSite","@id":"https:\/\/www.spdkoelnnord.de\/#website","name":"Die SPD im K\u00f6lner Norden","url":"https:\/\/www.spdkoelnnord.de","potentialAction":{"@type":"SearchAction","target":"https:\/\/www.spdkoelnnord.de\/?s={search_term_string}","query-input":"required name=search_term_string"}}]