[{"@context":"https:\/\/schema.org\/","@type":"Blog","@id":"https:\/\/www.spdkoelnnord.de#Blog","headline":"Die SPD im K\u00f6lner Norden","description":"Die SPD im Stadtbezirk K\u00f6ln - Chorweiler","url":"https:\/\/www.spdkoelnnord.de","blogPost":[{"@type":"BlogPosting","@id":"https:\/\/www.spdkoelnnord.de\/mit-uns-ist-auf-die-rente-verlass\/","headline":"Mit uns ist auf die Rente Verlass","url":"https:\/\/www.spdkoelnnord.de\/mit-uns-ist-auf-die-rente-verlass\/","datePublished":"2024-03-05","dateModified":"2024-03-05","mainEntityOfPage":"https:\/\/www.spdkoelnnord.de\/mit-uns-ist-auf-die-rente-verlass\/","author":{"@type":"Person","@id":"https:\/\/www.spdkoelnnord.de\/author\/spdbundestagsfraktion\/#Person","name":"Bundestagsfraktion","url":"https:\/\/www.spdkoelnnord.de\/author\/spdbundestagsfraktion\/","identifier":325,"image":{"@type":"ImageObject","@id":"https:\/\/www.spdkoelnnord.de\/wp-content\/plugins\/wp-user-avatar\/deprecated\/wp-user-avatar\/images\/wpua-96x96.png","url":"https:\/\/www.spdkoelnnord.de\/wp-content\/plugins\/wp-user-avatar\/deprecated\/wp-user-avatar\/images\/wpua-96x96.png","height":96,"width":96}},"publisher":{"@type":"Organization","name":"SPD im K\u00f6lner Norden","logo":{"@type":"ImageObject","@id":"https:\/\/www.spdkoelnnord.de\/wp-content\/uploads\/2019\/10\/cropped-logo_ko\u0308lnspd.jpg","url":"https:\/\/www.spdkoelnnord.de\/wp-content\/uploads\/2019\/10\/cropped-logo_ko\u0308lnspd.jpg","width":null,"height":null}},"image":{"@type":"ImageObject","@id":"https:\/\/www.spdkoelnnord.de\/wp-content\/uploads\/2025\/02\/spd-verschwommen.jpg","url":"https:\/\/www.spdkoelnnord.de\/wp-content\/uploads\/2025\/02\/spd-verschwommen.jpg","height":675,"width":1200},"wordCount":71,"keywords":["rente","verlass"]},{"@type":"BlogPosting","@id":"https:\/\/www.spdkoelnnord.de\/montagsstiftung-urbane-raeume-saniert-krebelshof\/","headline":"Montagsstiftung Urbane R\u00e4ume saniert Krebelshof","url":"https:\/\/www.spdkoelnnord.de\/montagsstiftung-urbane-raeume-saniert-krebelshof\/","datePublished":"2024-03-05","dateModified":"2024-03-15","mainEntityOfPage":"https:\/\/www.spdkoelnnord.de\/montagsstiftung-urbane-raeume-saniert-krebelshof\/","author":{"@type":"Person","@id":"https:\/\/www.spdkoelnnord.de\/author\/koeln_nord\/#Person","name":"SPD im K\u00f6lner Norden","url":"https:\/\/www.spdkoelnnord.de\/author\/koeln_nord\/","identifier":1221,"image":{"@type":"ImageObject","@id":"https:\/\/www.spdkoelnnord.de\/wp-content\/uploads\/2024\/02\/logo_koelnspd-150x150.png","url":"https:\/\/www.spdkoelnnord.de\/wp-content\/uploads\/2024\/02\/logo_koelnspd-150x150.png","height":96,"width":96}},"publisher":{"@type":"Organization","name":"SPD im K\u00f6lner Norden","logo":{"@type":"ImageObject","@id":"https:\/\/www.spdkoelnnord.de\/wp-content\/uploads\/2019\/10\/cropped-logo_ko\u0308lnspd.jpg","url":"https:\/\/www.spdkoelnnord.de\/wp-content\/uploads\/2019\/10\/cropped-logo_ko\u0308lnspd.jpg","width":null,"height":null}},"image":{"@type":"ImageObject","@id":"https:\/\/www.spdkoelnnord.de\/wp-content\/uploads\/2024\/02\/Krebelshof_0421_01g.jpg","url":"https:\/\/www.spdkoelnnord.de\/wp-content\/uploads\/2024\/02\/Krebelshof_0421_01g.jpg","height":567,"width":850},"wordCount":489,"keywords":["Biotop","Coworking","Eigenkapital","Erbbaurecht","Erbbauzins","Gemeinwohlarbeit","Gerhard Wolff","K\u00f6ln","krebelshof","montagsstiftung","Petition","raume","saniert","urbane"]},{"@type":"BlogPosting","@id":"https:\/\/www.spdkoelnnord.de\/rat-der-stadt-leverkusen-stimmt-fuer-den-erhalt-der-faehre-langel-hitdorf\/","headline":"Rat der Stadt Leverkusen stimmt f\u00fcr den Erhalt der F\u00e4hre Langel-Hitdorf","url":"https:\/\/www.spdkoelnnord.de\/rat-der-stadt-leverkusen-stimmt-fuer-den-erhalt-der-faehre-langel-hitdorf\/","datePublished":"2024-03-05","dateModified":"2024-03-06","mainEntityOfPage":"https:\/\/www.spdkoelnnord.de\/rat-der-stadt-leverkusen-stimmt-fuer-den-erhalt-der-faehre-langel-hitdorf\/","author":{"@type":"Person","@id":"https:\/\/www.spdkoelnnord.de\/author\/koeln_nord\/#Person","name":"SPD im K\u00f6lner Norden","url":"https:\/\/www.spdkoelnnord.de\/author\/koeln_nord\/","identifier":1221,"image":{"@type":"ImageObject","@id":"https:\/\/www.spdkoelnnord.de\/wp-content\/uploads\/2024\/02\/logo_koelnspd-150x150.png","url":"https:\/\/www.spdkoelnnord.de\/wp-content\/uploads\/2024\/02\/logo_koelnspd-150x150.png","height":96,"width":96}},"publisher":{"@type":"Organization","name":"SPD im K\u00f6lner Norden","logo":{"@type":"ImageObject","@id":"https:\/\/www.spdkoelnnord.de\/wp-content\/uploads\/2019\/10\/cropped-logo_ko\u0308lnspd.jpg","url":"https:\/\/www.spdkoelnnord.de\/wp-content\/uploads\/2019\/10\/cropped-logo_ko\u0308lnspd.jpg","width":null,"height":null}},"image":{"@type":"ImageObject","@id":"https:\/\/www.spdkoelnnord.de\/wp-content\/uploads\/2024\/02\/IMG_20240128_160429-scaled.jpg","url":"https:\/\/www.spdkoelnnord.de\/wp-content\/uploads\/2024\/02\/IMG_20240128_160429-scaled.jpg","height":1200,"width":900},"wordCount":491,"keywords":["Aufsichtsrat","Daseinsvorsorge","Emission (Umwelt)","erhalt","fahre","Fahrrad","George Alan Rekers","Hitdorf","K\u00f6ln","langel","Langel (K\u00f6ln-Merkenich)","Langel (K\u00f6ln)","leverkusen","Monheim am Rhein","Nahverkehrsplan","Pendler","stadt","stimmt","Tarifbestimmungen"]},{"@type":"BlogPosting","@id":"https:\/\/www.spdkoelnnord.de\/wohnungsdiskriminierung-entschlossen-bekaempfen-solidaritaet-mit-alleinerziehenden-und-menschen-mit-internationaler-familiengeschichte\/","headline":"Wohnungsdiskriminierung entschlossen bek\u00e4mpfen: Solidarit\u00e4t mit Alleinerziehenden und Menschen mit internationaler Familiengeschichte","url":"https:\/\/www.spdkoelnnord.de\/wohnungsdiskriminierung-entschlossen-bekaempfen-solidaritaet-mit-alleinerziehenden-und-menschen-mit-internationaler-familiengeschichte\/","datePublished":"2024-03-04","dateModified":"2024-03-04","mainEntityOfPage":"https:\/\/www.spdkoelnnord.de\/wohnungsdiskriminierung-entschlossen-bekaempfen-solidaritaet-mit-alleinerziehenden-und-menschen-mit-internationaler-familiengeschichte\/","author":{"@type":"Person","@id":"https:\/\/www.spdkoelnnord.de\/author\/bezirk_mitthelrhein\/#Person","name":"Bezirk Mittelrhein","url":"https:\/\/www.spdkoelnnord.de\/author\/bezirk_mitthelrhein\/","identifier":1226,"description":"Zur rheinischen Region geh\u00f6ren die St\u00e4dte K\u00f6ln, Bonn, Aachen und Leverkusen, die St\u00e4dteRegion Aachen sowie die Kreise D\u00fcren, Euskirchen, Rhein-Sieg, Rhein-Erft, Rhein-Berg, Heinsberg und Oberberg.\r\n\r\nAuf dieser Seite finden Sie Informationen aus der Arbeit des SPD-Bezirks und Informationen zu Ihren Abgeordneten in Bund, Land und Europa.","image":{"@type":"ImageObject","@id":"https:\/\/www.spdkoelnnord.de\/wp-content\/plugins\/wp-user-avatar\/deprecated\/wp-user-avatar\/images\/wpua-96x96.png","url":"https:\/\/www.spdkoelnnord.de\/wp-content\/plugins\/wp-user-avatar\/deprecated\/wp-user-avatar\/images\/wpua-96x96.png","height":96,"width":96}},"publisher":{"@type":"Organization","name":"SPD im K\u00f6lner Norden","logo":{"@type":"ImageObject","@id":"https:\/\/www.spdkoelnnord.de\/wp-content\/uploads\/2019\/10\/cropped-logo_ko\u0308lnspd.jpg","url":"https:\/\/www.spdkoelnnord.de\/wp-content\/uploads\/2019\/10\/cropped-logo_ko\u0308lnspd.jpg","width":null,"height":null}},"image":{"@type":"ImageObject","@id":"https:\/\/www.spdkoelnnord.de\/wp-content\/uploads\/2025\/02\/spd-verschwommen.jpg","url":"https:\/\/www.spdkoelnnord.de\/wp-content\/uploads\/2025\/02\/spd-verschwommen.jpg","height":675,"width":1200},"wordCount":253,"keywords":["alleinerziehenden","Alleinerziehender","Antidiskriminierungsstelle des Bundes","bekampfen","diskriminierung","entschlossen","Ethnie","Humboldt-Universit\u00e4t zu Berlin","menschen","Odyssee","Rassismus","solidaritat","Staatsb\u00fcrgerschaft","wohnungsdiskriminierung"]},{"@type":"BlogPosting","@id":"https:\/\/www.spdkoelnnord.de\/haeuslicher-gewalt-entgegentreten-der-schutz-fuer-betroffene-muss-weiter-ausgebaut-werden\/","headline":"H\u00e4uslicher Gewalt entgegentreten \u2013 Der Schutz f\u00fcr Betroffene muss weiter ausgebaut werden","url":"https:\/\/www.spdkoelnnord.de\/haeuslicher-gewalt-entgegentreten-der-schutz-fuer-betroffene-muss-weiter-ausgebaut-werden\/","datePublished":"2024-03-04","dateModified":"2024-03-04","mainEntityOfPage":"https:\/\/www.spdkoelnnord.de\/haeuslicher-gewalt-entgegentreten-der-schutz-fuer-betroffene-muss-weiter-ausgebaut-werden\/","author":{"@type":"Person","@id":"https:\/\/www.spdkoelnnord.de\/author\/bezirk_mitthelrhein\/#Person","name":"Bezirk Mittelrhein","url":"https:\/\/www.spdkoelnnord.de\/author\/bezirk_mitthelrhein\/","identifier":1226,"description":"Zur rheinischen Region geh\u00f6ren die St\u00e4dte K\u00f6ln, Bonn, Aachen und Leverkusen, die St\u00e4dteRegion Aachen sowie die Kreise D\u00fcren, Euskirchen, Rhein-Sieg, Rhein-Erft, Rhein-Berg, Heinsberg und Oberberg.\r\n\r\nAuf dieser Seite finden Sie Informationen aus der Arbeit des SPD-Bezirks und Informationen zu Ihren Abgeordneten in Bund, Land und Europa.","image":{"@type":"ImageObject","@id":"https:\/\/www.spdkoelnnord.de\/wp-content\/plugins\/wp-user-avatar\/deprecated\/wp-user-avatar\/images\/wpua-96x96.png","url":"https:\/\/www.spdkoelnnord.de\/wp-content\/plugins\/wp-user-avatar\/deprecated\/wp-user-avatar\/images\/wpua-96x96.png","height":96,"width":96}},"publisher":{"@type":"Organization","name":"SPD im K\u00f6lner Norden","logo":{"@type":"ImageObject","@id":"https:\/\/www.spdkoelnnord.de\/wp-content\/uploads\/2019\/10\/cropped-logo_ko\u0308lnspd.jpg","url":"https:\/\/www.spdkoelnnord.de\/wp-content\/uploads\/2019\/10\/cropped-logo_ko\u0308lnspd.jpg","width":null,"height":null}},"image":{"@type":"ImageObject","@id":"https:\/\/www.spdkoelnnord.de\/wp-content\/uploads\/2025\/02\/spd-verschwommen.jpg","url":"https:\/\/www.spdkoelnnord.de\/wp-content\/uploads\/2025\/02\/spd-verschwommen.jpg","height":675,"width":1200},"wordCount":377,"keywords":["betroffene","entgegentreten","gewalt","hauslicher","schutz","weiter"]},{"@type":"BlogPosting","@id":"https:\/\/www.spdkoelnnord.de\/fdp-sabotiert-lieferkettengesetz\/","headline":"\u201cFDP sabotiert Lieferkettengesetz\u201c","url":"https:\/\/www.spdkoelnnord.de\/fdp-sabotiert-lieferkettengesetz\/","datePublished":"2024-03-02","dateModified":"2024-03-02","mainEntityOfPage":"https:\/\/www.spdkoelnnord.de\/fdp-sabotiert-lieferkettengesetz\/","author":{"@type":"Person","@id":"https:\/\/www.spdkoelnnord.de\/author\/claudia_walther\/#Person","name":"Claudia_Walther","url":"https:\/\/www.spdkoelnnord.de\/author\/claudia_walther\/","identifier":1224,"image":{"@type":"ImageObject","@id":"https:\/\/www.spdkoelnnord.de\/wp-content\/plugins\/wp-user-avatar\/deprecated\/wp-user-avatar\/images\/wpua-96x96.png","url":"https:\/\/www.spdkoelnnord.de\/wp-content\/plugins\/wp-user-avatar\/deprecated\/wp-user-avatar\/images\/wpua-96x96.png","height":96,"width":96}},"publisher":{"@type":"Organization","name":"SPD im K\u00f6lner Norden","logo":{"@type":"ImageObject","@id":"https:\/\/www.spdkoelnnord.de\/wp-content\/uploads\/2019\/10\/cropped-logo_ko\u0308lnspd.jpg","url":"https:\/\/www.spdkoelnnord.de\/wp-content\/uploads\/2019\/10\/cropped-logo_ko\u0308lnspd.jpg","width":null,"height":null}},"image":{"@type":"ImageObject","@id":"https:\/\/www.spdkoelnnord.de\/wp-content\/uploads\/2025\/02\/spd-verschwommen.jpg","url":"https:\/\/www.spdkoelnnord.de\/wp-content\/uploads\/2025\/02\/spd-verschwommen.jpg","height":675,"width":1200},"wordCount":190,"keywords":["Arbeitnehmer","ausbeutung","Bankrotterkl\u00e4rung","Freie Demokratische Partei","Italien","Lieferkette","lieferkettengesetz","Menschenrechte","Rat der Europ\u00e4ischen Union","sabotiert","Umwelt","Umweltschaden"]},{"@type":"BlogPosting","@id":"https:\/\/www.spdkoelnnord.de\/dem-rechtspopulismus-weltweit-den-gegenentwurf-eines-solidarischen-miteinanders-vorleben\/","headline":"\u201eDem Rechtspopulismus weltweit den Gegenentwurf eines solidarischen Miteinanders vorleben\u201c","url":"https:\/\/www.spdkoelnnord.de\/dem-rechtspopulismus-weltweit-den-gegenentwurf-eines-solidarischen-miteinanders-vorleben\/","datePublished":"2024-03-02","dateModified":"2024-03-02","mainEntityOfPage":"https:\/\/www.spdkoelnnord.de\/dem-rechtspopulismus-weltweit-den-gegenentwurf-eines-solidarischen-miteinanders-vorleben\/","author":{"@type":"Person","@id":"https:\/\/www.spdkoelnnord.de\/author\/ott\/#Person","name":"Jochen Ott","url":"https:\/\/www.spdkoelnnord.de\/author\/ott\/","identifier":344,"image":{"@type":"ImageObject","@id":"https:\/\/www.spdkoelnnord.de\/wp-content\/plugins\/wp-user-avatar\/deprecated\/wp-user-avatar\/images\/wpua-96x96.png","url":"https:\/\/www.spdkoelnnord.de\/wp-content\/plugins\/wp-user-avatar\/deprecated\/wp-user-avatar\/images\/wpua-96x96.png","height":96,"width":96}},"publisher":{"@type":"Organization","name":"SPD im K\u00f6lner Norden","logo":{"@type":"ImageObject","@id":"https:\/\/www.spdkoelnnord.de\/wp-content\/uploads\/2019\/10\/cropped-logo_ko\u0308lnspd.jpg","url":"https:\/\/www.spdkoelnnord.de\/wp-content\/uploads\/2019\/10\/cropped-logo_ko\u0308lnspd.jpg","width":null,"height":null}},"image":{"@type":"ImageObject","@id":"https:\/\/www.spdkoelnnord.de\/wp-content\/uploads\/2025\/02\/spd-verschwommen.jpg","url":"https:\/\/www.spdkoelnnord.de\/wp-content\/uploads\/2025\/02\/spd-verschwommen.jpg","height":675,"width":1200},"wordCount":333,"keywords":["eines","gegenentwurf","miteinanders","rechtspopulismus","solidarischen","weltweit"]}]},{"@context":"https:\/\/schema.org","@type":"WebSite","@id":"https:\/\/www.spdkoelnnord.de\/#website","name":"Die SPD im K\u00f6lner Norden","url":"https:\/\/www.spdkoelnnord.de","potentialAction":{"@type":"SearchAction","target":"https:\/\/www.spdkoelnnord.de\/?s={search_term_string}","query-input":"required name=search_term_string"}}]