[{"@context":"https:\/\/schema.org\/","@type":"Blog","@id":"https:\/\/www.spdkoelnnord.de#Blog","headline":"Die SPD im K\u00f6lner Norden","description":"Die SPD im Stadtbezirk K\u00f6ln - Chorweiler","url":"https:\/\/www.spdkoelnnord.de","blogPost":[{"@type":"BlogPosting","@id":"https:\/\/www.spdkoelnnord.de\/ein-europa-der-frauen-ist-unabhaengig-fortschrittlich-und-widerstandsfaehig\/","headline":"Ein Europa der Frauen ist unabh\u00e4ngig, fortschrittlich und widerstandsf\u00e4hig","url":"https:\/\/www.spdkoelnnord.de\/ein-europa-der-frauen-ist-unabhaengig-fortschrittlich-und-widerstandsfaehig\/","datePublished":"2024-02-29","dateModified":"2024-02-29","mainEntityOfPage":"https:\/\/www.spdkoelnnord.de\/ein-europa-der-frauen-ist-unabhaengig-fortschrittlich-und-widerstandsfaehig\/","author":{"@type":"Person","@id":"https:\/\/www.spdkoelnnord.de\/author\/spdbundestagsfraktion\/#Person","name":"Bundestagsfraktion","url":"https:\/\/www.spdkoelnnord.de\/author\/spdbundestagsfraktion\/","identifier":325,"image":{"@type":"ImageObject","@id":"https:\/\/www.spdkoelnnord.de\/wp-content\/plugins\/wp-user-avatar\/deprecated\/wp-user-avatar\/images\/wpua-96x96.png","url":"https:\/\/www.spdkoelnnord.de\/wp-content\/plugins\/wp-user-avatar\/deprecated\/wp-user-avatar\/images\/wpua-96x96.png","height":96,"width":96}},"publisher":{"@type":"Organization","name":"SPD im K\u00f6lner Norden","logo":{"@type":"ImageObject","@id":"https:\/\/www.spdkoelnnord.de\/wp-content\/uploads\/2019\/10\/cropped-logo_ko\u0308lnspd.jpg","url":"https:\/\/www.spdkoelnnord.de\/wp-content\/uploads\/2019\/10\/cropped-logo_ko\u0308lnspd.jpg","width":null,"height":null}},"image":{"@type":"ImageObject","@id":"https:\/\/www.spdkoelnnord.de\/wp-content\/uploads\/2025\/02\/spd-verschwommen.jpg","url":"https:\/\/www.spdkoelnnord.de\/wp-content\/uploads\/2025\/02\/spd-verschwommen.jpg","height":675,"width":1200},"wordCount":58,"keywords":["europa","fortschrittlich","frauen","unabhangig","widerstandsfahig"]},{"@type":"BlogPosting","@id":"https:\/\/www.spdkoelnnord.de\/sichere-schulwege-programm-fuer-alle-koelner-schulen\/","headline":"Sichere-Schulwege-Programm f\u00fcr alle K\u00f6lner Schulen","url":"https:\/\/www.spdkoelnnord.de\/sichere-schulwege-programm-fuer-alle-koelner-schulen\/","datePublished":"2024-02-29","dateModified":"2024-02-29","mainEntityOfPage":"https:\/\/www.spdkoelnnord.de\/sichere-schulwege-programm-fuer-alle-koelner-schulen\/","author":{"@type":"Person","@id":"https:\/\/www.spdkoelnnord.de\/author\/koelnspd\/#Person","name":"K\u00f6lnSPD","url":"https:\/\/www.spdkoelnnord.de\/author\/koelnspd\/","identifier":11,"description":"SPD-Unterbezirk K\u00f6ln\r\nMagnusstra\u00dfe 18 b\r\n50672 K\u00f6ln\r\nTel: 0221 \/ 92 59 81-0","image":{"@type":"ImageObject","@id":"https:\/\/www.spdkoelnnord.de\/wp-content\/plugins\/wp-user-avatar\/deprecated\/wp-user-avatar\/images\/wpua-96x96.png","url":"https:\/\/www.spdkoelnnord.de\/wp-content\/plugins\/wp-user-avatar\/deprecated\/wp-user-avatar\/images\/wpua-96x96.png","height":96,"width":96}},"publisher":{"@type":"Organization","name":"SPD im K\u00f6lner Norden","logo":{"@type":"ImageObject","@id":"https:\/\/www.spdkoelnnord.de\/wp-content\/uploads\/2019\/10\/cropped-logo_ko\u0308lnspd.jpg","url":"https:\/\/www.spdkoelnnord.de\/wp-content\/uploads\/2019\/10\/cropped-logo_ko\u0308lnspd.jpg","width":null,"height":null}},"image":{"@type":"ImageObject","@id":"https:\/\/www.spdkoelnnord.de\/wp-content\/uploads\/2025\/02\/spd-verschwommen.jpg","url":"https:\/\/www.spdkoelnnord.de\/wp-content\/uploads\/2025\/02\/spd-verschwommen.jpg","height":675,"width":1200},"wordCount":366,"keywords":["Autofrei","Critical Mass (Aktionsform)","Fu\u00dfg\u00e4nger\u00fcberweg","K\u00f6ln","kolner","programm","schulen","schulwege","Schulwegsicherheit","sichere"]},{"@type":"BlogPosting","@id":"https:\/\/www.spdkoelnnord.de\/kinder-menschenwuerdig-unterbringen\/","headline":"Kinder menschenw\u00fcrdig unterbringen","url":"https:\/\/www.spdkoelnnord.de\/kinder-menschenwuerdig-unterbringen\/","datePublished":"2024-02-29","dateModified":"2024-02-29","mainEntityOfPage":"https:\/\/www.spdkoelnnord.de\/kinder-menschenwuerdig-unterbringen\/","author":{"@type":"Person","@id":"https:\/\/www.spdkoelnnord.de\/author\/koelnspd\/#Person","name":"K\u00f6lnSPD","url":"https:\/\/www.spdkoelnnord.de\/author\/koelnspd\/","identifier":11,"description":"SPD-Unterbezirk K\u00f6ln\r\nMagnusstra\u00dfe 18 b\r\n50672 K\u00f6ln\r\nTel: 0221 \/ 92 59 81-0","image":{"@type":"ImageObject","@id":"https:\/\/www.spdkoelnnord.de\/wp-content\/plugins\/wp-user-avatar\/deprecated\/wp-user-avatar\/images\/wpua-96x96.png","url":"https:\/\/www.spdkoelnnord.de\/wp-content\/plugins\/wp-user-avatar\/deprecated\/wp-user-avatar\/images\/wpua-96x96.png","height":96,"width":96}},"publisher":{"@type":"Organization","name":"SPD im K\u00f6lner Norden","logo":{"@type":"ImageObject","@id":"https:\/\/www.spdkoelnnord.de\/wp-content\/uploads\/2019\/10\/cropped-logo_ko\u0308lnspd.jpg","url":"https:\/\/www.spdkoelnnord.de\/wp-content\/uploads\/2019\/10\/cropped-logo_ko\u0308lnspd.jpg","width":null,"height":null}},"image":{"@type":"ImageObject","@id":"https:\/\/www.spdkoelnnord.de\/wp-content\/uploads\/2025\/02\/spd-verschwommen.jpg","url":"https:\/\/www.spdkoelnnord.de\/wp-content\/uploads\/2025\/02\/spd-verschwommen.jpg","height":675,"width":1200},"wordCount":141,"keywords":["Fallkonferenz","familie","kinder","Lena Teschlade","menschenwurdig","Privatsph\u00e4re","unterbringen"]},{"@type":"BlogPosting","@id":"https:\/\/www.spdkoelnnord.de\/mehr-soziale-gerechtigkeit-statt-ungleiche-einkommensverteilung\/","headline":"Mehr soziale Gerechtigkeit statt ungleiche Einkommensverteilung","url":"https:\/\/www.spdkoelnnord.de\/mehr-soziale-gerechtigkeit-statt-ungleiche-einkommensverteilung\/","datePublished":"2024-02-29","dateModified":"2024-02-29","mainEntityOfPage":"https:\/\/www.spdkoelnnord.de\/mehr-soziale-gerechtigkeit-statt-ungleiche-einkommensverteilung\/","author":{"@type":"Person","@id":"https:\/\/www.spdkoelnnord.de\/author\/koelnspd\/#Person","name":"K\u00f6lnSPD","url":"https:\/\/www.spdkoelnnord.de\/author\/koelnspd\/","identifier":11,"description":"SPD-Unterbezirk K\u00f6ln\r\nMagnusstra\u00dfe 18 b\r\n50672 K\u00f6ln\r\nTel: 0221 \/ 92 59 81-0","image":{"@type":"ImageObject","@id":"https:\/\/www.spdkoelnnord.de\/wp-content\/plugins\/wp-user-avatar\/deprecated\/wp-user-avatar\/images\/wpua-96x96.png","url":"https:\/\/www.spdkoelnnord.de\/wp-content\/plugins\/wp-user-avatar\/deprecated\/wp-user-avatar\/images\/wpua-96x96.png","height":96,"width":96}},"publisher":{"@type":"Organization","name":"SPD im K\u00f6lner Norden","logo":{"@type":"ImageObject","@id":"https:\/\/www.spdkoelnnord.de\/wp-content\/uploads\/2019\/10\/cropped-logo_ko\u0308lnspd.jpg","url":"https:\/\/www.spdkoelnnord.de\/wp-content\/uploads\/2019\/10\/cropped-logo_ko\u0308lnspd.jpg","width":null,"height":null}},"image":{"@type":"ImageObject","@id":"https:\/\/www.spdkoelnnord.de\/wp-content\/uploads\/2025\/02\/spd-verschwommen.jpg","url":"https:\/\/www.spdkoelnnord.de\/wp-content\/uploads\/2025\/02\/spd-verschwommen.jpg","height":675,"width":1200},"wordCount":254,"keywords":["Alleinerziehender","Arbeitsentgelt","armut","bildung","Bundeskanzler (Deutschland)","Bundesministerium f\u00fcr Arbeit und Soziales","chorweiler","einkommensverteilung","gerechtigkeit","Hubertus Heil","Kalk (K\u00f6ln)","Kindertagesst\u00e4tte","K\u00f6ln","Lena Teschlade","mindestlohn","Olaf Scholz","soziale","Soziale Gerechtigkeit","statt","Tarifbindung","Tarifvertrag","ungleiche"]},{"@type":"BlogPosting","@id":"https:\/\/www.spdkoelnnord.de\/11-jahres-tiefstand-beim-sozialwohnungsbau-nicht-hinnehmbar\/","headline":"11-Jahres-Tiefstand beim Sozialwohnungsbau nicht hinnehmbar","url":"https:\/\/www.spdkoelnnord.de\/11-jahres-tiefstand-beim-sozialwohnungsbau-nicht-hinnehmbar\/","datePublished":"2024-02-29","dateModified":"2024-02-29","mainEntityOfPage":"https:\/\/www.spdkoelnnord.de\/11-jahres-tiefstand-beim-sozialwohnungsbau-nicht-hinnehmbar\/","author":{"@type":"Person","@id":"https:\/\/www.spdkoelnnord.de\/author\/koelnspd\/#Person","name":"K\u00f6lnSPD","url":"https:\/\/www.spdkoelnnord.de\/author\/koelnspd\/","identifier":11,"description":"SPD-Unterbezirk K\u00f6ln\r\nMagnusstra\u00dfe 18 b\r\n50672 K\u00f6ln\r\nTel: 0221 \/ 92 59 81-0","image":{"@type":"ImageObject","@id":"https:\/\/www.spdkoelnnord.de\/wp-content\/plugins\/wp-user-avatar\/deprecated\/wp-user-avatar\/images\/wpua-96x96.png","url":"https:\/\/www.spdkoelnnord.de\/wp-content\/plugins\/wp-user-avatar\/deprecated\/wp-user-avatar\/images\/wpua-96x96.png","height":96,"width":96}},"publisher":{"@type":"Organization","name":"SPD im K\u00f6lner Norden","logo":{"@type":"ImageObject","@id":"https:\/\/www.spdkoelnnord.de\/wp-content\/uploads\/2019\/10\/cropped-logo_ko\u0308lnspd.jpg","url":"https:\/\/www.spdkoelnnord.de\/wp-content\/uploads\/2019\/10\/cropped-logo_ko\u0308lnspd.jpg","width":null,"height":null}},"image":{"@type":"ImageObject","@id":"https:\/\/www.spdkoelnnord.de\/wp-content\/uploads\/2025\/02\/spd-verschwommen.jpg","url":"https:\/\/www.spdkoelnnord.de\/wp-content\/uploads\/2025\/02\/spd-verschwommen.jpg","height":675,"width":1200},"wordCount":163,"keywords":["hinnehmbar","jahres","nicht","sozialwohnungsbau","tiefstand"]},{"@type":"BlogPosting","@id":"https:\/\/www.spdkoelnnord.de\/spd-europakandidatin-claudia-walther-eu-fuehrerscheinrichtlinie-keine-neuen-einschraenkungen-fuer-fahranfaengerinnen-und-seniorinnen\/","headline":"SPD-Europakandidatin Claudia Walther : EU-F\u00fchrerscheinrichtlinie \u201eKeine neuen Einschr\u00e4nkungen f\u00fcr Fahranf\u00e4nger:innen und Senior:innen\u201c","url":"https:\/\/www.spdkoelnnord.de\/spd-europakandidatin-claudia-walther-eu-fuehrerscheinrichtlinie-keine-neuen-einschraenkungen-fuer-fahranfaengerinnen-und-seniorinnen\/","datePublished":"2024-02-29","dateModified":"2024-02-29","mainEntityOfPage":"https:\/\/www.spdkoelnnord.de\/spd-europakandidatin-claudia-walther-eu-fuehrerscheinrichtlinie-keine-neuen-einschraenkungen-fuer-fahranfaengerinnen-und-seniorinnen\/","author":{"@type":"Person","@id":"https:\/\/www.spdkoelnnord.de\/author\/bezirk_mitthelrhein\/#Person","name":"Bezirk Mittelrhein","url":"https:\/\/www.spdkoelnnord.de\/author\/bezirk_mitthelrhein\/","identifier":1226,"description":"Zur rheinischen Region geh\u00f6ren die St\u00e4dte K\u00f6ln, Bonn, Aachen und Leverkusen, die St\u00e4dteRegion Aachen sowie die Kreise D\u00fcren, Euskirchen, Rhein-Sieg, Rhein-Erft, Rhein-Berg, Heinsberg und Oberberg.\r\n\r\nAuf dieser Seite finden Sie Informationen aus der Arbeit des SPD-Bezirks und Informationen zu Ihren Abgeordneten in Bund, Land und Europa.","image":{"@type":"ImageObject","@id":"https:\/\/www.spdkoelnnord.de\/wp-content\/plugins\/wp-user-avatar\/deprecated\/wp-user-avatar\/images\/wpua-96x96.png","url":"https:\/\/www.spdkoelnnord.de\/wp-content\/plugins\/wp-user-avatar\/deprecated\/wp-user-avatar\/images\/wpua-96x96.png","height":96,"width":96}},"publisher":{"@type":"Organization","name":"SPD im K\u00f6lner Norden","logo":{"@type":"ImageObject","@id":"https:\/\/www.spdkoelnnord.de\/wp-content\/uploads\/2019\/10\/cropped-logo_ko\u0308lnspd.jpg","url":"https:\/\/www.spdkoelnnord.de\/wp-content\/uploads\/2019\/10\/cropped-logo_ko\u0308lnspd.jpg","width":null,"height":null}},"image":{"@type":"ImageObject","@id":"https:\/\/www.spdkoelnnord.de\/wp-content\/uploads\/2025\/02\/spd-verschwommen.jpg","url":"https:\/\/www.spdkoelnnord.de\/wp-content\/uploads\/2025\/02\/spd-verschwommen.jpg","height":675,"width":1200},"wordCount":416,"keywords":["Burgergemeinde Bern","B\u00fcrokratie","claudia","Europ\u00e4ische Union","Europ\u00e4isches Parlament","europakandidatin","Frankreich","fuhrerscheinrichtlinie","Generalverdacht","Grundbed\u00fcrfnis","keine","neuen","Niederlande","Partizipation","Pilot","polen","Sozialdemokratische Partei Deutschlands","Stra\u00dfburg","Trilog","Verkehrssicherheit","walther"]},{"@type":"BlogPosting","@id":"https:\/\/www.spdkoelnnord.de\/frauen-leisten-weiterhin-grossteil-von-sorgearbeit\/","headline":"Frauen leisten weiterhin Gro\u00dfteil von Sorgearbeit","url":"https:\/\/www.spdkoelnnord.de\/frauen-leisten-weiterhin-grossteil-von-sorgearbeit\/","datePublished":"2024-02-29","dateModified":"2024-02-29","mainEntityOfPage":"https:\/\/www.spdkoelnnord.de\/frauen-leisten-weiterhin-grossteil-von-sorgearbeit\/","author":{"@type":"Person","@id":"https:\/\/www.spdkoelnnord.de\/author\/spdbundestagsfraktion\/#Person","name":"Bundestagsfraktion","url":"https:\/\/www.spdkoelnnord.de\/author\/spdbundestagsfraktion\/","identifier":325,"image":{"@type":"ImageObject","@id":"https:\/\/www.spdkoelnnord.de\/wp-content\/plugins\/wp-user-avatar\/deprecated\/wp-user-avatar\/images\/wpua-96x96.png","url":"https:\/\/www.spdkoelnnord.de\/wp-content\/plugins\/wp-user-avatar\/deprecated\/wp-user-avatar\/images\/wpua-96x96.png","height":96,"width":96}},"publisher":{"@type":"Organization","name":"SPD im K\u00f6lner Norden","logo":{"@type":"ImageObject","@id":"https:\/\/www.spdkoelnnord.de\/wp-content\/uploads\/2019\/10\/cropped-logo_ko\u0308lnspd.jpg","url":"https:\/\/www.spdkoelnnord.de\/wp-content\/uploads\/2019\/10\/cropped-logo_ko\u0308lnspd.jpg","width":null,"height":null}},"image":{"@type":"ImageObject","@id":"https:\/\/www.spdkoelnnord.de\/wp-content\/uploads\/2025\/02\/spd-verschwommen.jpg","url":"https:\/\/www.spdkoelnnord.de\/wp-content\/uploads\/2025\/02\/spd-verschwommen.jpg","height":675,"width":1200},"wordCount":65,"keywords":["frauen","leisten","sorgearbeit","weiterhin"]}]},{"@context":"https:\/\/schema.org","@type":"WebSite","@id":"https:\/\/www.spdkoelnnord.de\/#website","name":"Die SPD im K\u00f6lner Norden","url":"https:\/\/www.spdkoelnnord.de","potentialAction":{"@type":"SearchAction","target":"https:\/\/www.spdkoelnnord.de\/?s={search_term_string}","query-input":"required name=search_term_string"}}]