[{"@context":"https:\/\/schema.org\/","@type":"Blog","@id":"https:\/\/www.spdkoelnnord.de#Blog","headline":"Die SPD im K\u00f6lner Norden","description":"Die SPD im Stadtbezirk K\u00f6ln - Chorweiler","url":"https:\/\/www.spdkoelnnord.de","blogPost":[{"@type":"BlogPosting","@id":"https:\/\/www.spdkoelnnord.de\/keine-neuen-einschraenkungen-fuer-fahranfaengerinnen-und-seniorinnen\/","headline":"\u201eKeine neuen Einschr\u00e4nkungen f\u00fcr Fahranf\u00e4nger:innen und Senior:innen\u201c","url":"https:\/\/www.spdkoelnnord.de\/keine-neuen-einschraenkungen-fuer-fahranfaengerinnen-und-seniorinnen\/","datePublished":"2024-02-28","dateModified":"2024-02-28","mainEntityOfPage":"https:\/\/www.spdkoelnnord.de\/keine-neuen-einschraenkungen-fuer-fahranfaengerinnen-und-seniorinnen\/","author":{"@type":"Person","@id":"https:\/\/www.spdkoelnnord.de\/author\/claudia_walther\/#Person","name":"Claudia_Walther","url":"https:\/\/www.spdkoelnnord.de\/author\/claudia_walther\/","identifier":1224,"image":{"@type":"ImageObject","@id":"https:\/\/www.spdkoelnnord.de\/wp-content\/plugins\/wp-user-avatar\/deprecated\/wp-user-avatar\/images\/wpua-96x96.png","url":"https:\/\/www.spdkoelnnord.de\/wp-content\/plugins\/wp-user-avatar\/deprecated\/wp-user-avatar\/images\/wpua-96x96.png","height":96,"width":96}},"publisher":{"@type":"Organization","name":"SPD im K\u00f6lner Norden","logo":{"@type":"ImageObject","@id":"https:\/\/www.spdkoelnnord.de\/wp-content\/uploads\/2019\/10\/cropped-logo_ko\u0308lnspd.jpg","url":"https:\/\/www.spdkoelnnord.de\/wp-content\/uploads\/2019\/10\/cropped-logo_ko\u0308lnspd.jpg","width":null,"height":null}},"image":{"@type":"ImageObject","@id":"https:\/\/www.spdkoelnnord.de\/wp-content\/uploads\/2025\/02\/spd-verschwommen.jpg","url":"https:\/\/www.spdkoelnnord.de\/wp-content\/uploads\/2025\/02\/spd-verschwommen.jpg","height":675,"width":1200},"wordCount":386,"keywords":["Burgergemeinde Bern","B\u00fcrokratie","einschrankungen","Europ\u00e4ische Union","Europ\u00e4isches Parlament","fahranfanger","Frankreich","Generalverdacht","Grundbed\u00fcrfnis","innen","keine","neuen","Niederlande","Partizipation","Pilot","polen","senior","Stra\u00dfburg","Trilog","Verkehrssicherheit"]},{"@type":"BlogPosting","@id":"https:\/\/www.spdkoelnnord.de\/nrw-hat-keinen-plan-gegen-die-folgen-der-klimakrise-fuer-unsere-gesundheit\/","headline":"NRW hat keinen Plan gegen die Folgen der Klimakrise f\u00fcr unsere Gesundheit!","url":"https:\/\/www.spdkoelnnord.de\/nrw-hat-keinen-plan-gegen-die-folgen-der-klimakrise-fuer-unsere-gesundheit\/","datePublished":"2024-02-27","dateModified":"2024-02-27","mainEntityOfPage":"https:\/\/www.spdkoelnnord.de\/nrw-hat-keinen-plan-gegen-die-folgen-der-klimakrise-fuer-unsere-gesundheit\/","author":{"@type":"Person","@id":"https:\/\/www.spdkoelnnord.de\/author\/nrwspd-fraktion\/#Person","name":"NRWSPD Fraktion","url":"https:\/\/www.spdkoelnnord.de\/author\/nrwspd-fraktion\/","identifier":324,"image":{"@type":"ImageObject","@id":"https:\/\/www.spdkoelnnord.de\/wp-content\/plugins\/wp-user-avatar\/deprecated\/wp-user-avatar\/images\/wpua-96x96.png","url":"https:\/\/www.spdkoelnnord.de\/wp-content\/plugins\/wp-user-avatar\/deprecated\/wp-user-avatar\/images\/wpua-96x96.png","height":96,"width":96}},"publisher":{"@type":"Organization","name":"SPD im K\u00f6lner Norden","logo":{"@type":"ImageObject","@id":"https:\/\/www.spdkoelnnord.de\/wp-content\/uploads\/2019\/10\/cropped-logo_ko\u0308lnspd.jpg","url":"https:\/\/www.spdkoelnnord.de\/wp-content\/uploads\/2019\/10\/cropped-logo_ko\u0308lnspd.jpg","width":null,"height":null}},"image":{"@type":"ImageObject","@id":"https:\/\/www.spdkoelnnord.de\/wp-content\/uploads\/2025\/02\/spd-verschwommen.jpg","url":"https:\/\/www.spdkoelnnord.de\/wp-content\/uploads\/2025\/02\/spd-verschwommen.jpg","height":675,"width":1200},"wordCount":135,"keywords":["folgen","gegen","gesundheit","keinen","klimakrise","unsere"]},{"@type":"BlogPosting","@id":"https:\/\/www.spdkoelnnord.de\/stimmen-der-solidaritaet-und-hoffnung\/","headline":"\u201cStimmen der Solidarit\u00e4t und Hoffnung\u201c","url":"https:\/\/www.spdkoelnnord.de\/stimmen-der-solidaritaet-und-hoffnung\/","datePublished":"2024-02-25","dateModified":"2024-02-25","mainEntityOfPage":"https:\/\/www.spdkoelnnord.de\/stimmen-der-solidaritaet-und-hoffnung\/","author":{"@type":"Person","@id":"https:\/\/www.spdkoelnnord.de\/author\/claudia_walther\/#Person","name":"Claudia_Walther","url":"https:\/\/www.spdkoelnnord.de\/author\/claudia_walther\/","identifier":1224,"image":{"@type":"ImageObject","@id":"https:\/\/www.spdkoelnnord.de\/wp-content\/plugins\/wp-user-avatar\/deprecated\/wp-user-avatar\/images\/wpua-96x96.png","url":"https:\/\/www.spdkoelnnord.de\/wp-content\/plugins\/wp-user-avatar\/deprecated\/wp-user-avatar\/images\/wpua-96x96.png","height":96,"width":96}},"publisher":{"@type":"Organization","name":"SPD im K\u00f6lner Norden","logo":{"@type":"ImageObject","@id":"https:\/\/www.spdkoelnnord.de\/wp-content\/uploads\/2019\/10\/cropped-logo_ko\u0308lnspd.jpg","url":"https:\/\/www.spdkoelnnord.de\/wp-content\/uploads\/2019\/10\/cropped-logo_ko\u0308lnspd.jpg","width":null,"height":null}},"image":{"@type":"ImageObject","@id":"https:\/\/www.spdkoelnnord.de\/wp-content\/uploads\/2025\/02\/spd-verschwommen.jpg","url":"https:\/\/www.spdkoelnnord.de\/wp-content\/uploads\/2025\/02\/spd-verschwommen.jpg","height":675,"width":1200},"wordCount":242,"keywords":["Angriffskrieg","hoffnung","Russisch-Ukrainischer Krieg","solidaritat","stimmen","ukraine"]},{"@type":"BlogPosting","@id":"https:\/\/www.spdkoelnnord.de\/eine-moderne-digitale-verwaltung\/","headline":"Eine moderne, digitale Verwaltung","url":"https:\/\/www.spdkoelnnord.de\/eine-moderne-digitale-verwaltung\/","datePublished":"2024-02-22","dateModified":"2024-02-22","mainEntityOfPage":"https:\/\/www.spdkoelnnord.de\/eine-moderne-digitale-verwaltung\/","author":{"@type":"Person","@id":"https:\/\/www.spdkoelnnord.de\/author\/spdbundestagsfraktion\/#Person","name":"Bundestagsfraktion","url":"https:\/\/www.spdkoelnnord.de\/author\/spdbundestagsfraktion\/","identifier":325,"image":{"@type":"ImageObject","@id":"https:\/\/www.spdkoelnnord.de\/wp-content\/plugins\/wp-user-avatar\/deprecated\/wp-user-avatar\/images\/wpua-96x96.png","url":"https:\/\/www.spdkoelnnord.de\/wp-content\/plugins\/wp-user-avatar\/deprecated\/wp-user-avatar\/images\/wpua-96x96.png","height":96,"width":96}},"publisher":{"@type":"Organization","name":"SPD im K\u00f6lner Norden","logo":{"@type":"ImageObject","@id":"https:\/\/www.spdkoelnnord.de\/wp-content\/uploads\/2019\/10\/cropped-logo_ko\u0308lnspd.jpg","url":"https:\/\/www.spdkoelnnord.de\/wp-content\/uploads\/2019\/10\/cropped-logo_ko\u0308lnspd.jpg","width":null,"height":null}},"image":{"@type":"ImageObject","@id":"https:\/\/www.spdkoelnnord.de\/wp-content\/uploads\/2025\/02\/spd-verschwommen.jpg","url":"https:\/\/www.spdkoelnnord.de\/wp-content\/uploads\/2025\/02\/spd-verschwommen.jpg","height":675,"width":1200},"wordCount":41,"keywords":["digitale","digitalisierung","Internet","moderne","verwaltung"]},{"@type":"BlogPosting","@id":"https:\/\/www.spdkoelnnord.de\/wenn-nicht-hier-wo-dann\/","headline":"\u201eWenn nicht hier, wo dann?\u201c","url":"https:\/\/www.spdkoelnnord.de\/wenn-nicht-hier-wo-dann\/","datePublished":"2024-02-19","dateModified":"2024-02-19","mainEntityOfPage":"https:\/\/www.spdkoelnnord.de\/wenn-nicht-hier-wo-dann\/","author":{"@type":"Person","@id":"https:\/\/www.spdkoelnnord.de\/author\/claudia_walther\/#Person","name":"Claudia_Walther","url":"https:\/\/www.spdkoelnnord.de\/author\/claudia_walther\/","identifier":1224,"image":{"@type":"ImageObject","@id":"https:\/\/www.spdkoelnnord.de\/wp-content\/plugins\/wp-user-avatar\/deprecated\/wp-user-avatar\/images\/wpua-96x96.png","url":"https:\/\/www.spdkoelnnord.de\/wp-content\/plugins\/wp-user-avatar\/deprecated\/wp-user-avatar\/images\/wpua-96x96.png","height":96,"width":96}},"publisher":{"@type":"Organization","name":"SPD im K\u00f6lner Norden","logo":{"@type":"ImageObject","@id":"https:\/\/www.spdkoelnnord.de\/wp-content\/uploads\/2019\/10\/cropped-logo_ko\u0308lnspd.jpg","url":"https:\/\/www.spdkoelnnord.de\/wp-content\/uploads\/2019\/10\/cropped-logo_ko\u0308lnspd.jpg","width":null,"height":null}},"image":{"@type":"ImageObject","@id":"https:\/\/www.spdkoelnnord.de\/wp-content\/uploads\/2025\/02\/spd-verschwommen.jpg","url":"https:\/\/www.spdkoelnnord.de\/wp-content\/uploads\/2025\/02\/spd-verschwommen.jpg","height":675,"width":1200},"wordCount":399,"keywords":["nicht"]},{"@type":"BlogPosting","@id":"https:\/\/www.spdkoelnnord.de\/microsoft-im-rheinischen-revier\/","headline":"Microsoft im Rheinischen Revier","url":"https:\/\/www.spdkoelnnord.de\/microsoft-im-rheinischen-revier\/","datePublished":"2024-02-15","dateModified":"2024-02-15","mainEntityOfPage":"https:\/\/www.spdkoelnnord.de\/microsoft-im-rheinischen-revier\/","author":{"@type":"Person","@id":"https:\/\/www.spdkoelnnord.de\/author\/ott\/#Person","name":"Jochen Ott","url":"https:\/\/www.spdkoelnnord.de\/author\/ott\/","identifier":344,"image":{"@type":"ImageObject","@id":"https:\/\/www.spdkoelnnord.de\/wp-content\/plugins\/wp-user-avatar\/deprecated\/wp-user-avatar\/images\/wpua-96x96.png","url":"https:\/\/www.spdkoelnnord.de\/wp-content\/plugins\/wp-user-avatar\/deprecated\/wp-user-avatar\/images\/wpua-96x96.png","height":96,"width":96}},"publisher":{"@type":"Organization","name":"SPD im K\u00f6lner Norden","logo":{"@type":"ImageObject","@id":"https:\/\/www.spdkoelnnord.de\/wp-content\/uploads\/2019\/10\/cropped-logo_ko\u0308lnspd.jpg","url":"https:\/\/www.spdkoelnnord.de\/wp-content\/uploads\/2019\/10\/cropped-logo_ko\u0308lnspd.jpg","width":null,"height":null}},"image":{"@type":"ImageObject","@id":"https:\/\/www.spdkoelnnord.de\/wp-content\/uploads\/2025\/02\/spd-verschwommen.jpg","url":"https:\/\/www.spdkoelnnord.de\/wp-content\/uploads\/2025\/02\/spd-verschwommen.jpg","height":675,"width":1200},"wordCount":255,"keywords":["Bedburg","Bergheim","Bundesregierung (Deutschland)","Cloud Computing","Deutsche Wiedervereinigung","Elsdorf (Rheinland)","Jochen Ott","Kraftwerk","microsoft","revier","rheinischen","Rheinisches Braunkohlerevier"]},{"@type":"BlogPosting","@id":"https:\/\/www.spdkoelnnord.de\/fuer-demokratie-vielfalt-und-toleranz-gegen-rechtsextremismus-ausgrenzung-und-hass\/","headline":"F\u00fcr Demokratie, Vielfalt und Toleranz \u2013 gegen Rechtsextremismus, Ausgrenzung und Hass","url":"https:\/\/www.spdkoelnnord.de\/fuer-demokratie-vielfalt-und-toleranz-gegen-rechtsextremismus-ausgrenzung-und-hass\/","datePublished":"2024-02-07","dateModified":"2024-02-07","mainEntityOfPage":"https:\/\/www.spdkoelnnord.de\/fuer-demokratie-vielfalt-und-toleranz-gegen-rechtsextremismus-ausgrenzung-und-hass\/","author":{"@type":"Person","@id":"https:\/\/www.spdkoelnnord.de\/author\/koelnspd\/#Person","name":"K\u00f6lnSPD","url":"https:\/\/www.spdkoelnnord.de\/author\/koelnspd\/","identifier":11,"description":"SPD-Unterbezirk K\u00f6ln\r\nMagnusstra\u00dfe 18 b\r\n50672 K\u00f6ln\r\nTel: 0221 \/ 92 59 81-0","image":{"@type":"ImageObject","@id":"https:\/\/www.spdkoelnnord.de\/wp-content\/plugins\/wp-user-avatar\/deprecated\/wp-user-avatar\/images\/wpua-96x96.png","url":"https:\/\/www.spdkoelnnord.de\/wp-content\/plugins\/wp-user-avatar\/deprecated\/wp-user-avatar\/images\/wpua-96x96.png","height":96,"width":96}},"publisher":{"@type":"Organization","name":"SPD im K\u00f6lner Norden","logo":{"@type":"ImageObject","@id":"https:\/\/www.spdkoelnnord.de\/wp-content\/uploads\/2019\/10\/cropped-logo_ko\u0308lnspd.jpg","url":"https:\/\/www.spdkoelnnord.de\/wp-content\/uploads\/2019\/10\/cropped-logo_ko\u0308lnspd.jpg","width":null,"height":null}},"image":{"@type":"ImageObject","@id":"https:\/\/www.spdkoelnnord.de\/wp-content\/uploads\/2025\/02\/spd-verschwommen.jpg","url":"https:\/\/www.spdkoelnnord.de\/wp-content\/uploads\/2025\/02\/spd-verschwommen.jpg","height":675,"width":1200},"wordCount":184,"keywords":["ausgrenzung","demokratie","Exklusion","Freiheitliche demokratische Grundordnung","gegen","Gleichheit","Hass","K\u00f6ln","Menschenw\u00fcrde","\u00d6ffentlichkeit","rechtsextremismus","toleranz","vielfalt","Wertvorstellung"]}]},{"@context":"https:\/\/schema.org","@type":"WebSite","@id":"https:\/\/www.spdkoelnnord.de\/#website","name":"Die SPD im K\u00f6lner Norden","url":"https:\/\/www.spdkoelnnord.de","potentialAction":{"@type":"SearchAction","target":"https:\/\/www.spdkoelnnord.de\/?s={search_term_string}","query-input":"required name=search_term_string"}}]