[{"@context":"https:\/\/schema.org\/","@type":"Blog","@id":"https:\/\/www.spdkoelnnord.de#Blog","headline":"Die SPD im K\u00f6lner Norden","description":"Die SPD im Stadtbezirk K\u00f6ln - Chorweiler","url":"https:\/\/www.spdkoelnnord.de","blogPost":[{"@type":"BlogPosting","@id":"https:\/\/www.spdkoelnnord.de\/20-milliarden-euro-fuer-schulen-in-herausfordernden-lagen-startchancenprogramm-ist-ein-historischer-wur\/","headline":"\u201e20 Milliarden Euro f\u00fcr Schulen in herausfordernden Lagen: Startchancenprogramm ist ein historischer Wur","url":"https:\/\/www.spdkoelnnord.de\/20-milliarden-euro-fuer-schulen-in-herausfordernden-lagen-startchancenprogramm-ist-ein-historischer-wur\/","datePublished":"2024-02-02","dateModified":"2024-02-02","mainEntityOfPage":"https:\/\/www.spdkoelnnord.de\/20-milliarden-euro-fuer-schulen-in-herausfordernden-lagen-startchancenprogramm-ist-ein-historischer-wur\/","author":{"@type":"Person","@id":"https:\/\/www.spdkoelnnord.de\/author\/ott\/#Person","name":"Jochen Ott","url":"https:\/\/www.spdkoelnnord.de\/author\/ott\/","identifier":344,"image":{"@type":"ImageObject","@id":"https:\/\/www.spdkoelnnord.de\/wp-content\/plugins\/wp-user-avatar\/deprecated\/wp-user-avatar\/images\/wpua-96x96.png","url":"https:\/\/www.spdkoelnnord.de\/wp-content\/plugins\/wp-user-avatar\/deprecated\/wp-user-avatar\/images\/wpua-96x96.png","height":96,"width":96}},"publisher":{"@type":"Organization","name":"SPD im K\u00f6lner Norden","logo":{"@type":"ImageObject","@id":"https:\/\/www.spdkoelnnord.de\/wp-content\/uploads\/2019\/10\/cropped-logo_ko\u0308lnspd.jpg","url":"https:\/\/www.spdkoelnnord.de\/wp-content\/uploads\/2019\/10\/cropped-logo_ko\u0308lnspd.jpg","width":null,"height":null}},"image":{"@type":"ImageObject","@id":"https:\/\/www.spdkoelnnord.de\/wp-content\/uploads\/2025\/02\/spd-verschwommen.jpg","url":"https:\/\/www.spdkoelnnord.de\/wp-content\/uploads\/2025\/02\/spd-verschwommen.jpg","height":675,"width":1200},"wordCount":290,"keywords":["herausfordernden","historischer","lagen","milliarden","schulen","startchancenprogramm"]},{"@type":"BlogPosting","@id":"https:\/\/www.spdkoelnnord.de\/fachgespraech-und-filmstart-green-border-ein-weckruf-zur-solidaritaet\/","headline":"Fachgespr\u00e4ch und Filmstart \u201cGreen Border\u201d \u2013 \u201cEin Weckruf zur Solidarit\u00e4t\u201d","url":"https:\/\/www.spdkoelnnord.de\/fachgespraech-und-filmstart-green-border-ein-weckruf-zur-solidaritaet\/","datePublished":"2024-02-02","dateModified":"2024-03-15","mainEntityOfPage":"https:\/\/www.spdkoelnnord.de\/fachgespraech-und-filmstart-green-border-ein-weckruf-zur-solidaritaet\/","author":{"@type":"Person","@id":"https:\/\/www.spdkoelnnord.de\/author\/claudia_walther\/#Person","name":"Claudia_Walther","url":"https:\/\/www.spdkoelnnord.de\/author\/claudia_walther\/","identifier":1224,"image":{"@type":"ImageObject","@id":"https:\/\/www.spdkoelnnord.de\/wp-content\/plugins\/wp-user-avatar\/deprecated\/wp-user-avatar\/images\/wpua-96x96.png","url":"https:\/\/www.spdkoelnnord.de\/wp-content\/plugins\/wp-user-avatar\/deprecated\/wp-user-avatar\/images\/wpua-96x96.png","height":96,"width":96}},"publisher":{"@type":"Organization","name":"SPD im K\u00f6lner Norden","logo":{"@type":"ImageObject","@id":"https:\/\/www.spdkoelnnord.de\/wp-content\/uploads\/2019\/10\/cropped-logo_ko\u0308lnspd.jpg","url":"https:\/\/www.spdkoelnnord.de\/wp-content\/uploads\/2019\/10\/cropped-logo_ko\u0308lnspd.jpg","width":null,"height":null}},"image":{"@type":"ImageObject","@id":"https:\/\/www.spdkoelnnord.de\/wp-content\/uploads\/2024\/02\/claudia-kino-01-300x300-1.jpg","url":"https:\/\/www.spdkoelnnord.de\/wp-content\/uploads\/2024\/02\/claudia-kino-01-300x300-1.jpg","height":300,"width":300},"wordCount":913,"keywords":["Agnieszka Holland","Belarus","border","fachgesprach","Fiktion","filmstart","green","Green Border","grundrechte","K\u00f6ln","Menschenrechte","Moral","polen","Pushback (Grenze)","realitat","Sarah Schneider","solidaritat","Soziale Arbeit","syrien","weckruf","YouTube"]},{"@type":"BlogPosting","@id":"https:\/\/www.spdkoelnnord.de\/ja-zum-europaeischen-ai-act\/","headline":"\u201eJa\u201c zum europ\u00e4ischen AI Act","url":"https:\/\/www.spdkoelnnord.de\/ja-zum-europaeischen-ai-act\/","datePublished":"2024-02-02","dateModified":"2024-02-02","mainEntityOfPage":"https:\/\/www.spdkoelnnord.de\/ja-zum-europaeischen-ai-act\/","author":{"@type":"Person","@id":"https:\/\/www.spdkoelnnord.de\/author\/spdbundestagsfraktion\/#Person","name":"Bundestagsfraktion","url":"https:\/\/www.spdkoelnnord.de\/author\/spdbundestagsfraktion\/","identifier":325,"image":{"@type":"ImageObject","@id":"https:\/\/www.spdkoelnnord.de\/wp-content\/plugins\/wp-user-avatar\/deprecated\/wp-user-avatar\/images\/wpua-96x96.png","url":"https:\/\/www.spdkoelnnord.de\/wp-content\/plugins\/wp-user-avatar\/deprecated\/wp-user-avatar\/images\/wpua-96x96.png","height":96,"width":96}},"publisher":{"@type":"Organization","name":"SPD im K\u00f6lner Norden","logo":{"@type":"ImageObject","@id":"https:\/\/www.spdkoelnnord.de\/wp-content\/uploads\/2019\/10\/cropped-logo_ko\u0308lnspd.jpg","url":"https:\/\/www.spdkoelnnord.de\/wp-content\/uploads\/2019\/10\/cropped-logo_ko\u0308lnspd.jpg","width":null,"height":null}},"image":{"@type":"ImageObject","@id":"https:\/\/www.spdkoelnnord.de\/wp-content\/uploads\/2025\/02\/spd-verschwommen.jpg","url":"https:\/\/www.spdkoelnnord.de\/wp-content\/uploads\/2025\/02\/spd-verschwommen.jpg","height":675,"width":1200},"wordCount":68,"keywords":["Armand Zorn","Bundesregierung (Deutschland)","europaischen","Parsa Marvi"]},{"@type":"BlogPosting","@id":"https:\/\/www.spdkoelnnord.de\/wir-trauern-um-unsere-liebe-kollegin-nadja-buetefuehr\/","headline":"Wir trauern um unsere liebe Kollegin Nadja B\u00fctef\u00fchr","url":"https:\/\/www.spdkoelnnord.de\/wir-trauern-um-unsere-liebe-kollegin-nadja-buetefuehr\/","datePublished":"2024-02-02","dateModified":"2024-02-02","mainEntityOfPage":"https:\/\/www.spdkoelnnord.de\/wir-trauern-um-unsere-liebe-kollegin-nadja-buetefuehr\/","author":{"@type":"Person","@id":"https:\/\/www.spdkoelnnord.de\/author\/nrwspd-fraktion\/#Person","name":"NRWSPD Fraktion","url":"https:\/\/www.spdkoelnnord.de\/author\/nrwspd-fraktion\/","identifier":324,"image":{"@type":"ImageObject","@id":"https:\/\/www.spdkoelnnord.de\/wp-content\/plugins\/wp-user-avatar\/deprecated\/wp-user-avatar\/images\/wpua-96x96.png","url":"https:\/\/www.spdkoelnnord.de\/wp-content\/plugins\/wp-user-avatar\/deprecated\/wp-user-avatar\/images\/wpua-96x96.png","height":96,"width":96}},"publisher":{"@type":"Organization","name":"SPD im K\u00f6lner Norden","logo":{"@type":"ImageObject","@id":"https:\/\/www.spdkoelnnord.de\/wp-content\/uploads\/2019\/10\/cropped-logo_ko\u0308lnspd.jpg","url":"https:\/\/www.spdkoelnnord.de\/wp-content\/uploads\/2019\/10\/cropped-logo_ko\u0308lnspd.jpg","width":null,"height":null}},"image":{"@type":"ImageObject","@id":"https:\/\/www.spdkoelnnord.de\/wp-content\/uploads\/2025\/02\/spd-verschwommen.jpg","url":"https:\/\/www.spdkoelnnord.de\/wp-content\/uploads\/2025\/02\/spd-verschwommen.jpg","height":675,"width":1200},"wordCount":316,"keywords":["butefuhr","Ennepe-Ruhr-Kreis","Heinrich-Heine-Universit\u00e4t D\u00fcsseldorf","Herdecke","kollegin","Landtag Nordrhein-Westfalen","liebe","Medienwissenschaft","nadja","Nadja B\u00fctef\u00fchr","Promotion (Doktor)","Sozialdemokratische Partei Deutschlands","trauern","Universit\u00e4t M\u00fcnster","unsere","Wissenschaftlicher Mitarbeiter"]},{"@type":"BlogPosting","@id":"https:\/\/www.spdkoelnnord.de\/175-jahr-maerzrevolution-dokumentation-der-veranstaltungen-im-jubilaeumsjahr\/","headline":"175 Jahr M\u00e4rzrevolution \u2013 Dokumentation der Veranstaltungen im Jubil\u00e4umsjahr","url":"https:\/\/www.spdkoelnnord.de\/175-jahr-maerzrevolution-dokumentation-der-veranstaltungen-im-jubilaeumsjahr\/","datePublished":"2024-02-02","dateModified":"2024-02-02","mainEntityOfPage":"https:\/\/www.spdkoelnnord.de\/175-jahr-maerzrevolution-dokumentation-der-veranstaltungen-im-jubilaeumsjahr\/","author":{"@type":"Person","@id":"https:\/\/www.spdkoelnnord.de\/author\/ott\/#Person","name":"Jochen Ott","url":"https:\/\/www.spdkoelnnord.de\/author\/ott\/","identifier":344,"image":{"@type":"ImageObject","@id":"https:\/\/www.spdkoelnnord.de\/wp-content\/plugins\/wp-user-avatar\/deprecated\/wp-user-avatar\/images\/wpua-96x96.png","url":"https:\/\/www.spdkoelnnord.de\/wp-content\/plugins\/wp-user-avatar\/deprecated\/wp-user-avatar\/images\/wpua-96x96.png","height":96,"width":96}},"publisher":{"@type":"Organization","name":"SPD im K\u00f6lner Norden","logo":{"@type":"ImageObject","@id":"https:\/\/www.spdkoelnnord.de\/wp-content\/uploads\/2019\/10\/cropped-logo_ko\u0308lnspd.jpg","url":"https:\/\/www.spdkoelnnord.de\/wp-content\/uploads\/2019\/10\/cropped-logo_ko\u0308lnspd.jpg","width":null,"height":null}},"image":{"@type":"ImageObject","@id":"https:\/\/www.spdkoelnnord.de\/wp-content\/uploads\/2025\/02\/spd-verschwommen.jpg","url":"https:\/\/www.spdkoelnnord.de\/wp-content\/uploads\/2025\/02\/spd-verschwommen.jpg","height":675,"width":1200},"wordCount":1750,"keywords":["Aachen","Andreas Gottschalk","Angriffskrieg","antisemitismus","Arbeit (Philosophie)","Arbeiterbewegung","Belgien","Beobachtung","bildung","B\u00fcrgertum","Carl Schurz","COVID-19-Pandemie","David Hansemann","demokratie","Deutsche Revolution 1848\/1849","Deutscher Bundestag","dokumentation","Erziehung","Europ\u00e4ische Integration","Falkengruppe","freiheit","Friedrich-Ebert-Stiftung","Gesellschaft (Soziologie)","Gesetzgebung","Globalisierung","grundrechte","hamas","Industrialisierung","Irene Franken","israel","Jochen Ott","jubilaumsjahr","Judith Schulte-Loh","Julia Feininger","Karl Marx","K\u00f6ln","K\u00f6lnisches Stadtmuseum","K\u00f6nig","Konstitutionelle Monarchie","Landschaftsverband Rheinland","Liberalismus","Ludolf Camphausen","M\u00e4rzforderungen","marzrevolution","Matinee","Millowitsch-Theater","mittelrhein","Moderator","Nordrhein-Westfalen","NS-Staat","\u00d6ffentlichkeit","Opposition (Politik)","Plutokratie","Preu\u00dfen","Privatbankier","Proletariat","Rassismus","Regression (Psychoanalyse)","revolution","Rhein","Rheinland","Robert Blum","Rolf M\u00fctzenich","Rolly Brings","Schauspieler","Sigurd Greven","Sketch","Soldat (Sammelbezeichnung f\u00fcr Dienstgrade der Bundeswehr)","Soziale Sicherheit","SPD Frauen","Tagel\u00f6hner","Terrorismus","ukraine","veranstaltungen","Verfassung","Vorm\u00e4rz","Wahlrecht","Ware","Weiberfastnacht","wirtschaft","Wirtschaftskrise","Witich Ro\u00dfmann"]},{"@type":"BlogPosting","@id":"https:\/\/www.spdkoelnnord.de\/alaaf-helau-hier-kann-man-den-karnevalsorden-der-spd-fraktion-gewinnen\/","headline":"<div>Alaaf &#038; Helau! Hier kann man den Karnevalsorden der SPD-Fraktion gewinnen<\/div>","url":"https:\/\/www.spdkoelnnord.de\/alaaf-helau-hier-kann-man-den-karnevalsorden-der-spd-fraktion-gewinnen\/","datePublished":"2024-02-02","dateModified":"2024-02-02","mainEntityOfPage":"https:\/\/www.spdkoelnnord.de\/alaaf-helau-hier-kann-man-den-karnevalsorden-der-spd-fraktion-gewinnen\/","author":{"@type":"Person","@id":"https:\/\/www.spdkoelnnord.de\/author\/nrwspd-fraktion\/#Person","name":"NRWSPD Fraktion","url":"https:\/\/www.spdkoelnnord.de\/author\/nrwspd-fraktion\/","identifier":324,"image":{"@type":"ImageObject","@id":"https:\/\/www.spdkoelnnord.de\/wp-content\/plugins\/wp-user-avatar\/deprecated\/wp-user-avatar\/images\/wpua-96x96.png","url":"https:\/\/www.spdkoelnnord.de\/wp-content\/plugins\/wp-user-avatar\/deprecated\/wp-user-avatar\/images\/wpua-96x96.png","height":96,"width":96}},"publisher":{"@type":"Organization","name":"SPD im K\u00f6lner Norden","logo":{"@type":"ImageObject","@id":"https:\/\/www.spdkoelnnord.de\/wp-content\/uploads\/2019\/10\/cropped-logo_ko\u0308lnspd.jpg","url":"https:\/\/www.spdkoelnnord.de\/wp-content\/uploads\/2019\/10\/cropped-logo_ko\u0308lnspd.jpg","width":null,"height":null}},"image":{"@type":"ImageObject","@id":"https:\/\/www.spdkoelnnord.de\/wp-content\/uploads\/2025\/02\/spd-verschwommen.jpg","url":"https:\/\/www.spdkoelnnord.de\/wp-content\/uploads\/2025\/02\/spd-verschwommen.jpg","height":675,"width":1200},"wordCount":930,"keywords":["alaaf","fraktion","gewinnen","helau","karnevalsorden"]},{"@type":"BlogPosting","@id":"https:\/\/www.spdkoelnnord.de\/stark-gegen-rechtsextremismus\/","headline":"Stark gegen Rechtsextremismus","url":"https:\/\/www.spdkoelnnord.de\/stark-gegen-rechtsextremismus\/","datePublished":"2024-02-01","dateModified":"2024-02-01","mainEntityOfPage":"https:\/\/www.spdkoelnnord.de\/stark-gegen-rechtsextremismus\/","author":{"@type":"Person","@id":"https:\/\/www.spdkoelnnord.de\/author\/spdbundestagsfraktion\/#Person","name":"Bundestagsfraktion","url":"https:\/\/www.spdkoelnnord.de\/author\/spdbundestagsfraktion\/","identifier":325,"image":{"@type":"ImageObject","@id":"https:\/\/www.spdkoelnnord.de\/wp-content\/plugins\/wp-user-avatar\/deprecated\/wp-user-avatar\/images\/wpua-96x96.png","url":"https:\/\/www.spdkoelnnord.de\/wp-content\/plugins\/wp-user-avatar\/deprecated\/wp-user-avatar\/images\/wpua-96x96.png","height":96,"width":96}},"publisher":{"@type":"Organization","name":"SPD im K\u00f6lner Norden","logo":{"@type":"ImageObject","@id":"https:\/\/www.spdkoelnnord.de\/wp-content\/uploads\/2019\/10\/cropped-logo_ko\u0308lnspd.jpg","url":"https:\/\/www.spdkoelnnord.de\/wp-content\/uploads\/2019\/10\/cropped-logo_ko\u0308lnspd.jpg","width":null,"height":null}},"image":{"@type":"ImageObject","@id":"https:\/\/www.spdkoelnnord.de\/wp-content\/uploads\/2025\/02\/spd-verschwommen.jpg","url":"https:\/\/www.spdkoelnnord.de\/wp-content\/uploads\/2025\/02\/spd-verschwommen.jpg","height":675,"width":1200},"wordCount":38,"keywords":["gegen","rechtsextremismus","stark"]}]},{"@context":"https:\/\/schema.org","@type":"WebSite","@id":"https:\/\/www.spdkoelnnord.de\/#website","name":"Die SPD im K\u00f6lner Norden","url":"https:\/\/www.spdkoelnnord.de","potentialAction":{"@type":"SearchAction","target":"https:\/\/www.spdkoelnnord.de\/?s={search_term_string}","query-input":"required name=search_term_string"}}]