[{"@context":"https:\/\/schema.org\/","@type":"Blog","@id":"https:\/\/www.spdkoelnnord.de#Blog","headline":"Die SPD im K\u00f6lner Norden","description":"Die SPD im Stadtbezirk K\u00f6ln - Chorweiler","url":"https:\/\/www.spdkoelnnord.de","blogPost":[{"@type":"BlogPosting","@id":"https:\/\/www.spdkoelnnord.de\/familienstartzeit-wir-plaedieren-fuer-eine-solidarische-finanzierung-ueber-eine-umlage\/","headline":"Familienstartzeit: Wir pl\u00e4dieren f\u00fcr eine solidarische Finanzierung \u00fcber eine Umlage","url":"https:\/\/www.spdkoelnnord.de\/familienstartzeit-wir-plaedieren-fuer-eine-solidarische-finanzierung-ueber-eine-umlage\/","datePublished":"2024-01-30","dateModified":"2024-02-22","mainEntityOfPage":"https:\/\/www.spdkoelnnord.de\/familienstartzeit-wir-plaedieren-fuer-eine-solidarische-finanzierung-ueber-eine-umlage\/","author":{"@type":"Person","@id":"https:\/\/www.spdkoelnnord.de\/author\/spdbundestagsfraktion\/#Person","name":"Bundestagsfraktion","url":"https:\/\/www.spdkoelnnord.de\/author\/spdbundestagsfraktion\/","identifier":325,"image":{"@type":"ImageObject","@id":"https:\/\/www.spdkoelnnord.de\/wp-content\/plugins\/wp-user-avatar\/deprecated\/wp-user-avatar\/images\/wpua-96x96.png","url":"https:\/\/www.spdkoelnnord.de\/wp-content\/plugins\/wp-user-avatar\/deprecated\/wp-user-avatar\/images\/wpua-96x96.png","height":96,"width":96}},"publisher":{"@type":"Organization","name":"SPD im K\u00f6lner Norden","logo":{"@type":"ImageObject","@id":"https:\/\/www.spdkoelnnord.de\/wp-content\/uploads\/2019\/10\/cropped-logo_ko\u0308lnspd.jpg","url":"https:\/\/www.spdkoelnnord.de\/wp-content\/uploads\/2019\/10\/cropped-logo_ko\u0308lnspd.jpg","width":null,"height":null}},"image":{"@type":"ImageObject","@id":"https:\/\/www.spdkoelnnord.de\/wp-content\/uploads\/2025\/02\/spd-verschwommen.jpg","url":"https:\/\/www.spdkoelnnord.de\/wp-content\/uploads\/2025\/02\/spd-verschwommen.jpg","height":675,"width":1200},"wordCount":54,"keywords":["familienstartzeit","finanzierung","pladieren","solidarische","umlage"]},{"@type":"BlogPosting","@id":"https:\/\/www.spdkoelnnord.de\/koelner-spd-co-vorsitzende-claudia-walther-auf-top-platz-fuer-die-europawahl-gewaehlt-rechtsruck-gemeinsam-verhindern\/","headline":"K\u00f6lner SPD-Co-Vorsitzende Claudia Walther auf Top-Platz f\u00fcr die Europawahl gew\u00e4hlt \u2013 Rechtsruck gemeinsam verhindern!","url":"https:\/\/www.spdkoelnnord.de\/koelner-spd-co-vorsitzende-claudia-walther-auf-top-platz-fuer-die-europawahl-gewaehlt-rechtsruck-gemeinsam-verhindern\/","datePublished":"2024-01-29","dateModified":"2024-07-05","mainEntityOfPage":"https:\/\/www.spdkoelnnord.de\/koelner-spd-co-vorsitzende-claudia-walther-auf-top-platz-fuer-die-europawahl-gewaehlt-rechtsruck-gemeinsam-verhindern\/","author":{"@type":"Person","@id":"https:\/\/www.spdkoelnnord.de\/author\/koelnspd\/#Person","name":"K\u00f6lnSPD","url":"https:\/\/www.spdkoelnnord.de\/author\/koelnspd\/","identifier":11,"description":"SPD-Unterbezirk K\u00f6ln\r\nMagnusstra\u00dfe 18 b\r\n50672 K\u00f6ln\r\nTel: 0221 \/ 92 59 81-0","image":{"@type":"ImageObject","@id":"https:\/\/www.spdkoelnnord.de\/wp-content\/plugins\/wp-user-avatar\/deprecated\/wp-user-avatar\/images\/wpua-96x96.png","url":"https:\/\/www.spdkoelnnord.de\/wp-content\/plugins\/wp-user-avatar\/deprecated\/wp-user-avatar\/images\/wpua-96x96.png","height":96,"width":96}},"publisher":{"@type":"Organization","name":"SPD im K\u00f6lner Norden","logo":{"@type":"ImageObject","@id":"https:\/\/www.spdkoelnnord.de\/wp-content\/uploads\/2019\/10\/cropped-logo_ko\u0308lnspd.jpg","url":"https:\/\/www.spdkoelnnord.de\/wp-content\/uploads\/2019\/10\/cropped-logo_ko\u0308lnspd.jpg","width":null,"height":null}},"image":{"@type":"ImageObject","@id":"https:\/\/www.spdkoelnnord.de\/wp-content\/uploads\/2024\/02\/claudia_walther.jpg","url":"https:\/\/www.spdkoelnnord.de\/wp-content\/uploads\/2024\/02\/claudia_walther.jpg","height":1200,"width":1200},"wordCount":316,"keywords":["Aachen","berlin","claudia","demokratie","Europ\u00e4ische Union","Europ\u00e4isches Parlament","europawahl","Europawahl 2019","frieden","klimaschutz","K\u00f6ln","kolner","platz","Sozialdemokratische Partei Deutschlands","Soziale Gerechtigkeit","vorsitzende","walther"]},{"@type":"BlogPosting","@id":"https:\/\/www.spdkoelnnord.de\/wenn-jemand-europa-positiv-gestalten-kann-dann-sind-wir-das\/","headline":"\u201eWenn jemand Europa positiv gestalten kann, dann sind wir das\u201d","url":"https:\/\/www.spdkoelnnord.de\/wenn-jemand-europa-positiv-gestalten-kann-dann-sind-wir-das\/","datePublished":"2024-01-29","dateModified":"2024-01-29","mainEntityOfPage":"https:\/\/www.spdkoelnnord.de\/wenn-jemand-europa-positiv-gestalten-kann-dann-sind-wir-das\/","author":{"@type":"Person","@id":"https:\/\/www.spdkoelnnord.de\/author\/claudia_walther\/#Person","name":"Claudia_Walther","url":"https:\/\/www.spdkoelnnord.de\/author\/claudia_walther\/","identifier":1224,"image":{"@type":"ImageObject","@id":"https:\/\/www.spdkoelnnord.de\/wp-content\/plugins\/wp-user-avatar\/deprecated\/wp-user-avatar\/images\/wpua-96x96.png","url":"https:\/\/www.spdkoelnnord.de\/wp-content\/plugins\/wp-user-avatar\/deprecated\/wp-user-avatar\/images\/wpua-96x96.png","height":96,"width":96}},"publisher":{"@type":"Organization","name":"SPD im K\u00f6lner Norden","logo":{"@type":"ImageObject","@id":"https:\/\/www.spdkoelnnord.de\/wp-content\/uploads\/2019\/10\/cropped-logo_ko\u0308lnspd.jpg","url":"https:\/\/www.spdkoelnnord.de\/wp-content\/uploads\/2019\/10\/cropped-logo_ko\u0308lnspd.jpg","width":null,"height":null}},"image":{"@type":"ImageObject","@id":"https:\/\/www.spdkoelnnord.de\/wp-content\/uploads\/2025\/02\/spd-verschwommen.jpg","url":"https:\/\/www.spdkoelnnord.de\/wp-content\/uploads\/2025\/02\/spd-verschwommen.jpg","height":675,"width":1200},"wordCount":613,"keywords":["Alternative f\u00fcr Deutschland","berlin","Dexit","EU-Austritt des Vereinigten K\u00f6nigreichs","europa","Europ\u00e4isches Parlament","europawahl","Europawahl 2024","gestalten","jemand","Katarina Barley","Populismus","positiv","Rhein","Rheinland-Pfalz","Wahlprogramm","YouTube"]},{"@type":"BlogPosting","@id":"https:\/\/www.spdkoelnnord.de\/wir-starten-in-den-europawahlkampf\/","headline":"Wir starten in den Europawahlkampf","url":"https:\/\/www.spdkoelnnord.de\/wir-starten-in-den-europawahlkampf\/","datePublished":"2024-01-26","dateModified":"2024-02-22","mainEntityOfPage":"https:\/\/www.spdkoelnnord.de\/wir-starten-in-den-europawahlkampf\/","author":{"@type":"Person","@id":"https:\/\/www.spdkoelnnord.de\/author\/spdbundestagsfraktion\/#Person","name":"Bundestagsfraktion","url":"https:\/\/www.spdkoelnnord.de\/author\/spdbundestagsfraktion\/","identifier":325,"image":{"@type":"ImageObject","@id":"https:\/\/www.spdkoelnnord.de\/wp-content\/plugins\/wp-user-avatar\/deprecated\/wp-user-avatar\/images\/wpua-96x96.png","url":"https:\/\/www.spdkoelnnord.de\/wp-content\/plugins\/wp-user-avatar\/deprecated\/wp-user-avatar\/images\/wpua-96x96.png","height":96,"width":96}},"publisher":{"@type":"Organization","name":"SPD im K\u00f6lner Norden","logo":{"@type":"ImageObject","@id":"https:\/\/www.spdkoelnnord.de\/wp-content\/uploads\/2019\/10\/cropped-logo_ko\u0308lnspd.jpg","url":"https:\/\/www.spdkoelnnord.de\/wp-content\/uploads\/2019\/10\/cropped-logo_ko\u0308lnspd.jpg","width":null,"height":null}},"image":{"@type":"ImageObject","@id":"https:\/\/www.spdkoelnnord.de\/wp-content\/uploads\/2025\/02\/spd-verschwommen.jpg","url":"https:\/\/www.spdkoelnnord.de\/wp-content\/uploads\/2025\/02\/spd-verschwommen.jpg","height":675,"width":1200},"wordCount":43,"keywords":["europawahlkampf","starten"]},{"@type":"BlogPosting","@id":"https:\/\/www.spdkoelnnord.de\/chancengleichheit-jetzt\/","headline":"Chancengleichheit JETZT!","url":"https:\/\/www.spdkoelnnord.de\/chancengleichheit-jetzt\/","datePublished":"2024-01-25","dateModified":"2024-01-25","mainEntityOfPage":"https:\/\/www.spdkoelnnord.de\/chancengleichheit-jetzt\/","author":{"@type":"Person","@id":"https:\/\/www.spdkoelnnord.de\/author\/ott\/#Person","name":"Jochen Ott","url":"https:\/\/www.spdkoelnnord.de\/author\/ott\/","identifier":344,"image":{"@type":"ImageObject","@id":"https:\/\/www.spdkoelnnord.de\/wp-content\/plugins\/wp-user-avatar\/deprecated\/wp-user-avatar\/images\/wpua-96x96.png","url":"https:\/\/www.spdkoelnnord.de\/wp-content\/plugins\/wp-user-avatar\/deprecated\/wp-user-avatar\/images\/wpua-96x96.png","height":96,"width":96}},"publisher":{"@type":"Organization","name":"SPD im K\u00f6lner Norden","logo":{"@type":"ImageObject","@id":"https:\/\/www.spdkoelnnord.de\/wp-content\/uploads\/2019\/10\/cropped-logo_ko\u0308lnspd.jpg","url":"https:\/\/www.spdkoelnnord.de\/wp-content\/uploads\/2019\/10\/cropped-logo_ko\u0308lnspd.jpg","width":null,"height":null}},"image":{"@type":"ImageObject","@id":"https:\/\/www.spdkoelnnord.de\/wp-content\/uploads\/2024\/02\/logo_koelnspd.png","url":"https:\/\/www.spdkoelnnord.de\/wp-content\/uploads\/2024\/02\/logo_koelnspd.png","width":945,"height":945},"wordCount":315,"keywords":["chancengleichheit","jetzt"]},{"@type":"BlogPosting","@id":"https:\/\/www.spdkoelnnord.de\/faire-lieferketten-und-nachhaltige-oeffentliche-beschaffung-auch-in-nrw\/","headline":"Faire Lieferketten und nachhaltige \u00f6ffentliche Beschaffung auch in NRW","url":"https:\/\/www.spdkoelnnord.de\/faire-lieferketten-und-nachhaltige-oeffentliche-beschaffung-auch-in-nrw\/","datePublished":"2024-01-24","dateModified":"2024-03-15","mainEntityOfPage":"https:\/\/www.spdkoelnnord.de\/faire-lieferketten-und-nachhaltige-oeffentliche-beschaffung-auch-in-nrw\/","author":{"@type":"Person","@id":"https:\/\/www.spdkoelnnord.de\/author\/lena_teschlade\/#Person","name":"Lena Teschlade","url":"https:\/\/www.spdkoelnnord.de\/author\/lena_teschlade\/","identifier":431,"image":{"@type":"ImageObject","@id":"https:\/\/www.spdkoelnnord.de\/wp-content\/uploads\/2024\/02\/Screenshot-2024-02-26-at-20-07-59-Lena_Teschlade.avif-AVIF-Grafik-500-\u00d7-500-Pixel-150x150.png","url":"https:\/\/www.spdkoelnnord.de\/wp-content\/uploads\/2024\/02\/Screenshot-2024-02-26-at-20-07-59-Lena_Teschlade.avif-AVIF-Grafik-500-\u00d7-500-Pixel-150x150.png","height":96,"width":96}},"publisher":{"@type":"Organization","name":"SPD im K\u00f6lner Norden","logo":{"@type":"ImageObject","@id":"https:\/\/www.spdkoelnnord.de\/wp-content\/uploads\/2019\/10\/cropped-logo_ko\u0308lnspd.jpg","url":"https:\/\/www.spdkoelnnord.de\/wp-content\/uploads\/2019\/10\/cropped-logo_ko\u0308lnspd.jpg","width":null,"height":null}},"image":{"@type":"ImageObject","@id":"https:\/\/mlg7ahnlryfs.i.optimole.com\/-zEDniI-j7xdrKQ3\/dam:1\/w:500\/h:500\/q:auto\/id:b3672cd513ae5fd75150644ed771d993\/https:\/\/www.das-wir-im-koelner-norden.de\/36fd4a2fea4a45e6fe2d729af068052bx160.jpg","url":"https:\/\/mlg7ahnlryfs.i.optimole.com\/-zEDniI-j7xdrKQ3\/dam:1\/w:500\/h:500\/q:auto\/id:b3672cd513ae5fd75150644ed771d993\/https:\/\/www.das-wir-im-koelner-norden.de\/36fd4a2fea4a45e6fe2d729af068052bx160.jpg","height":500,"width":500},"wordCount":548,"keywords":["beschaffung","faire","lieferketten","nachhaltige","offentliche"]},{"@type":"BlogPosting","@id":"https:\/\/www.spdkoelnnord.de\/neue-beleuchtung-auf-der-kriegerhofstrasse\/","headline":"Neue Beleuchtung auf der Kriegerhofstra\u00dfe","url":"https:\/\/www.spdkoelnnord.de\/neue-beleuchtung-auf-der-kriegerhofstrasse\/","datePublished":"2024-01-23","dateModified":"2024-04-03","mainEntityOfPage":"https:\/\/www.spdkoelnnord.de\/neue-beleuchtung-auf-der-kriegerhofstrasse\/","author":{"@type":"Person","@id":"https:\/\/www.spdkoelnnord.de\/author\/koeln_nord\/#Person","name":"SPD im K\u00f6lner Norden","url":"https:\/\/www.spdkoelnnord.de\/author\/koeln_nord\/","identifier":1221,"image":{"@type":"ImageObject","@id":"https:\/\/www.spdkoelnnord.de\/wp-content\/uploads\/2024\/02\/logo_koelnspd-150x150.png","url":"https:\/\/www.spdkoelnnord.de\/wp-content\/uploads\/2024\/02\/logo_koelnspd-150x150.png","height":96,"width":96}},"publisher":{"@type":"Organization","name":"SPD im K\u00f6lner Norden","logo":{"@type":"ImageObject","@id":"https:\/\/www.spdkoelnnord.de\/wp-content\/uploads\/2019\/10\/cropped-logo_ko\u0308lnspd.jpg","url":"https:\/\/www.spdkoelnnord.de\/wp-content\/uploads\/2019\/10\/cropped-logo_ko\u0308lnspd.jpg","width":null,"height":null}},"image":{"@type":"ImageObject","@id":"https:\/\/www.spdkoelnnord.de\/wp-content\/uploads\/2024\/02\/logo-spd-fraktion.png","url":"https:\/\/www.spdkoelnnord.de\/wp-content\/uploads\/2024\/02\/logo-spd-fraktion.png","height":352,"width":350},"wordCount":236,"keywords":["beleuchtung","chorweiler","fuhlingen","Heinrich-B\u00f6ll-Gesamtschule Bochum","kriegerhofstra","merkenich","Waldorfschule"]}]},{"@context":"https:\/\/schema.org","@type":"WebSite","@id":"https:\/\/www.spdkoelnnord.de\/#website","name":"Die SPD im K\u00f6lner Norden","url":"https:\/\/www.spdkoelnnord.de","potentialAction":{"@type":"SearchAction","target":"https:\/\/www.spdkoelnnord.de\/?s={search_term_string}","query-input":"required name=search_term_string"}}]