[{"@context":"https:\/\/schema.org\/","@type":"Blog","@id":"https:\/\/www.spdkoelnnord.de#Blog","headline":"Die SPD im K\u00f6lner Norden","description":"Die SPD im Stadtbezirk K\u00f6ln - Chorweiler","url":"https:\/\/www.spdkoelnnord.de","blogPost":[{"@type":"BlogPosting","@id":"https:\/\/www.spdkoelnnord.de\/lindners-vorschlaege-zum-kinderfreibetrag-sind-ungerecht\/","headline":"Lindners Vorschl\u00e4ge zum Kinderfreibetrag sind ungerecht","url":"https:\/\/www.spdkoelnnord.de\/lindners-vorschlaege-zum-kinderfreibetrag-sind-ungerecht\/","datePublished":"2024-01-22","dateModified":"2024-01-22","mainEntityOfPage":"https:\/\/www.spdkoelnnord.de\/lindners-vorschlaege-zum-kinderfreibetrag-sind-ungerecht\/","author":{"@type":"Person","@id":"https:\/\/www.spdkoelnnord.de\/author\/spdbundestagsfraktion\/#Person","name":"Bundestagsfraktion","url":"https:\/\/www.spdkoelnnord.de\/author\/spdbundestagsfraktion\/","identifier":325,"image":{"@type":"ImageObject","@id":"https:\/\/www.spdkoelnnord.de\/wp-content\/plugins\/wp-user-avatar\/deprecated\/wp-user-avatar\/images\/wpua-96x96.png","url":"https:\/\/www.spdkoelnnord.de\/wp-content\/plugins\/wp-user-avatar\/deprecated\/wp-user-avatar\/images\/wpua-96x96.png","height":96,"width":96}},"publisher":{"@type":"Organization","name":"SPD im K\u00f6lner Norden","logo":{"@type":"ImageObject","@id":"https:\/\/www.spdkoelnnord.de\/wp-content\/uploads\/2019\/10\/cropped-logo_ko\u0308lnspd.jpg","url":"https:\/\/www.spdkoelnnord.de\/wp-content\/uploads\/2019\/10\/cropped-logo_ko\u0308lnspd.jpg","width":null,"height":null}},"image":{"@type":"ImageObject","@id":"https:\/\/www.spdkoelnnord.de\/wp-content\/uploads\/2024\/02\/logo_koelnspd.png","url":"https:\/\/www.spdkoelnnord.de\/wp-content\/uploads\/2024\/02\/logo_koelnspd.png","width":945,"height":945},"wordCount":43,"keywords":["kinderfreibetrag","lindners","ungerecht","vorschlage"]},{"@type":"BlogPosting","@id":"https:\/\/www.spdkoelnnord.de\/einheit-und-entschlossenheit-gegen-extremismus\/","headline":"Einheit und Entschlossenheit gegen Extremismus","url":"https:\/\/www.spdkoelnnord.de\/einheit-und-entschlossenheit-gegen-extremismus\/","datePublished":"2024-01-21","dateModified":"2024-01-21","mainEntityOfPage":"https:\/\/www.spdkoelnnord.de\/einheit-und-entschlossenheit-gegen-extremismus\/","author":{"@type":"Person","@id":"https:\/\/www.spdkoelnnord.de\/author\/claudia_walther\/#Person","name":"Claudia_Walther","url":"https:\/\/www.spdkoelnnord.de\/author\/claudia_walther\/","identifier":1224,"image":{"@type":"ImageObject","@id":"https:\/\/www.spdkoelnnord.de\/wp-content\/plugins\/wp-user-avatar\/deprecated\/wp-user-avatar\/images\/wpua-96x96.png","url":"https:\/\/www.spdkoelnnord.de\/wp-content\/plugins\/wp-user-avatar\/deprecated\/wp-user-avatar\/images\/wpua-96x96.png","height":96,"width":96}},"publisher":{"@type":"Organization","name":"SPD im K\u00f6lner Norden","logo":{"@type":"ImageObject","@id":"https:\/\/www.spdkoelnnord.de\/wp-content\/uploads\/2019\/10\/cropped-logo_ko\u0308lnspd.jpg","url":"https:\/\/www.spdkoelnnord.de\/wp-content\/uploads\/2019\/10\/cropped-logo_ko\u0308lnspd.jpg","width":null,"height":null}},"image":{"@type":"ImageObject","@id":"https:\/\/www.spdkoelnnord.de\/wp-content\/uploads\/2025\/02\/spd-verschwommen.jpg","url":"https:\/\/www.spdkoelnnord.de\/wp-content\/uploads\/2025\/02\/spd-verschwommen.jpg","height":675,"width":1200},"wordCount":232,"keywords":["Achim Post","Alternative f\u00fcr Deutschland","Bergisch Gladbach","Carolin Kirsch","demokratie","Demonstration","einheit","entschlossenheit","extremismus","fraktionsvorsitzender","gegen","Jochen Ott","K\u00f6ln","Landtag Nordrhein-Westfalen","leverkusen","Menschenrechte","Mitglied des Deutschen Bundestages","Nationalhymne","rechtsextremismus","Rhein-Erft-Kreis","Rhein-Sieg-Kreis","Sanae Abdi","Sarah Philipp","Sozialdemokratische Partei Deutschlands","toleranz"]},{"@type":"BlogPosting","@id":"https:\/\/www.spdkoelnnord.de\/starke-freiwilligendienste-kuenftig-auch-einfach-in-teilzeit\/","headline":"Starke Freiwilligendienste: k\u00fcnftig auch einfach in Teilzeit","url":"https:\/\/www.spdkoelnnord.de\/starke-freiwilligendienste-kuenftig-auch-einfach-in-teilzeit\/","datePublished":"2024-01-18","dateModified":"2024-01-18","mainEntityOfPage":"https:\/\/www.spdkoelnnord.de\/starke-freiwilligendienste-kuenftig-auch-einfach-in-teilzeit\/","author":{"@type":"Person","@id":"https:\/\/www.spdkoelnnord.de\/author\/spdbundestagsfraktion\/#Person","name":"Bundestagsfraktion","url":"https:\/\/www.spdkoelnnord.de\/author\/spdbundestagsfraktion\/","identifier":325,"image":{"@type":"ImageObject","@id":"https:\/\/www.spdkoelnnord.de\/wp-content\/plugins\/wp-user-avatar\/deprecated\/wp-user-avatar\/images\/wpua-96x96.png","url":"https:\/\/www.spdkoelnnord.de\/wp-content\/plugins\/wp-user-avatar\/deprecated\/wp-user-avatar\/images\/wpua-96x96.png","height":96,"width":96}},"publisher":{"@type":"Organization","name":"SPD im K\u00f6lner Norden","logo":{"@type":"ImageObject","@id":"https:\/\/www.spdkoelnnord.de\/wp-content\/uploads\/2019\/10\/cropped-logo_ko\u0308lnspd.jpg","url":"https:\/\/www.spdkoelnnord.de\/wp-content\/uploads\/2019\/10\/cropped-logo_ko\u0308lnspd.jpg","width":null,"height":null}},"image":{"@type":"ImageObject","@id":"https:\/\/www.spdkoelnnord.de\/wp-content\/uploads\/2024\/02\/logo_koelnspd.png","url":"https:\/\/www.spdkoelnnord.de\/wp-content\/uploads\/2024\/02\/logo_koelnspd.png","width":945,"height":945},"wordCount":82,"keywords":["einfach","freiwilligendienste","kunftig","starke","teilzeit"]},{"@type":"BlogPosting","@id":"https:\/\/www.spdkoelnnord.de\/neben-sozialem-wohnungsneubau-gesamtmarkt-im-blick-behalten\/","headline":"Neben sozialem Wohnungsneubau Gesamtmarkt im Blick behalten","url":"https:\/\/www.spdkoelnnord.de\/neben-sozialem-wohnungsneubau-gesamtmarkt-im-blick-behalten\/","datePublished":"2024-01-16","dateModified":"2024-01-16","mainEntityOfPage":"https:\/\/www.spdkoelnnord.de\/neben-sozialem-wohnungsneubau-gesamtmarkt-im-blick-behalten\/","author":{"@type":"Person","@id":"https:\/\/www.spdkoelnnord.de\/author\/spdbundestagsfraktion\/#Person","name":"Bundestagsfraktion","url":"https:\/\/www.spdkoelnnord.de\/author\/spdbundestagsfraktion\/","identifier":325,"image":{"@type":"ImageObject","@id":"https:\/\/www.spdkoelnnord.de\/wp-content\/plugins\/wp-user-avatar\/deprecated\/wp-user-avatar\/images\/wpua-96x96.png","url":"https:\/\/www.spdkoelnnord.de\/wp-content\/plugins\/wp-user-avatar\/deprecated\/wp-user-avatar\/images\/wpua-96x96.png","height":96,"width":96}},"publisher":{"@type":"Organization","name":"SPD im K\u00f6lner Norden","logo":{"@type":"ImageObject","@id":"https:\/\/www.spdkoelnnord.de\/wp-content\/uploads\/2019\/10\/cropped-logo_ko\u0308lnspd.jpg","url":"https:\/\/www.spdkoelnnord.de\/wp-content\/uploads\/2019\/10\/cropped-logo_ko\u0308lnspd.jpg","width":null,"height":null}},"image":{"@type":"ImageObject","@id":"https:\/\/www.spdkoelnnord.de\/wp-content\/uploads\/2025\/02\/spd-verschwommen.jpg","url":"https:\/\/www.spdkoelnnord.de\/wp-content\/uploads\/2025\/02\/spd-verschwommen.jpg","height":675,"width":1200},"wordCount":70,"keywords":["behalten","Bernhard Daldrup (Politiker, 1956)","blick","gesamtmarkt","neben","sozialem","wohnungsneubau"]},{"@type":"BlogPosting","@id":"https:\/\/www.spdkoelnnord.de\/gemeinsam-fuer-ein-starkes-europa\/","headline":"Gemeinsam f\u00fcr ein starkes Europa","url":"https:\/\/www.spdkoelnnord.de\/gemeinsam-fuer-ein-starkes-europa\/","datePublished":"2024-01-16","dateModified":"2024-01-16","mainEntityOfPage":"https:\/\/www.spdkoelnnord.de\/gemeinsam-fuer-ein-starkes-europa\/","author":{"@type":"Person","@id":"https:\/\/www.spdkoelnnord.de\/author\/spdbundestagsfraktion\/#Person","name":"Bundestagsfraktion","url":"https:\/\/www.spdkoelnnord.de\/author\/spdbundestagsfraktion\/","identifier":325,"image":{"@type":"ImageObject","@id":"https:\/\/www.spdkoelnnord.de\/wp-content\/plugins\/wp-user-avatar\/deprecated\/wp-user-avatar\/images\/wpua-96x96.png","url":"https:\/\/www.spdkoelnnord.de\/wp-content\/plugins\/wp-user-avatar\/deprecated\/wp-user-avatar\/images\/wpua-96x96.png","height":96,"width":96}},"publisher":{"@type":"Organization","name":"SPD im K\u00f6lner Norden","logo":{"@type":"ImageObject","@id":"https:\/\/www.spdkoelnnord.de\/wp-content\/uploads\/2019\/10\/cropped-logo_ko\u0308lnspd.jpg","url":"https:\/\/www.spdkoelnnord.de\/wp-content\/uploads\/2019\/10\/cropped-logo_ko\u0308lnspd.jpg","width":null,"height":null}},"image":{"@type":"ImageObject","@id":"https:\/\/www.spdkoelnnord.de\/wp-content\/uploads\/2025\/02\/spd-verschwommen.jpg","url":"https:\/\/www.spdkoelnnord.de\/wp-content\/uploads\/2025\/02\/spd-verschwommen.jpg","height":675,"width":1200},"wordCount":53,"keywords":["europa","europawahl","gemeinsam","Katarina Barley","Namensbeitrag","starkes"]},{"@type":"BlogPosting","@id":"https:\/\/www.spdkoelnnord.de\/2027-ist-zu-spaet-das-klimageld-muss-schneller-kommen\/","headline":"\u201e2027 ist zu sp\u00e4t \u2013\u00a0das Klimageld muss schneller\u00a0kommen\u201c","url":"https:\/\/www.spdkoelnnord.de\/2027-ist-zu-spaet-das-klimageld-muss-schneller-kommen\/","datePublished":"2024-01-15","dateModified":"2024-01-15","mainEntityOfPage":"https:\/\/www.spdkoelnnord.de\/2027-ist-zu-spaet-das-klimageld-muss-schneller-kommen\/","author":{"@type":"Person","@id":"https:\/\/www.spdkoelnnord.de\/author\/ott\/#Person","name":"Jochen Ott","url":"https:\/\/www.spdkoelnnord.de\/author\/ott\/","identifier":344,"image":{"@type":"ImageObject","@id":"https:\/\/www.spdkoelnnord.de\/wp-content\/plugins\/wp-user-avatar\/deprecated\/wp-user-avatar\/images\/wpua-96x96.png","url":"https:\/\/www.spdkoelnnord.de\/wp-content\/plugins\/wp-user-avatar\/deprecated\/wp-user-avatar\/images\/wpua-96x96.png","height":96,"width":96}},"publisher":{"@type":"Organization","name":"SPD im K\u00f6lner Norden","logo":{"@type":"ImageObject","@id":"https:\/\/www.spdkoelnnord.de\/wp-content\/uploads\/2019\/10\/cropped-logo_ko\u0308lnspd.jpg","url":"https:\/\/www.spdkoelnnord.de\/wp-content\/uploads\/2019\/10\/cropped-logo_ko\u0308lnspd.jpg","width":null,"height":null}},"image":{"@type":"ImageObject","@id":"https:\/\/www.spdkoelnnord.de\/wp-content\/uploads\/2024\/02\/logo_koelnspd.png","url":"https:\/\/www.spdkoelnnord.de\/wp-content\/uploads\/2024\/02\/logo_koelnspd.png","width":945,"height":945},"wordCount":378,"keywords":["klimageld","kommen","schneller"]},{"@type":"BlogPosting","@id":"https:\/\/www.spdkoelnnord.de\/demokratie-schuetzen-afd-bekaempfen-aufruf-zur-kundgebung-auf-dem-alter-markt-koeln-sonntag-21-1-12-uhr\/","headline":"Demokratie sch\u00fctzen, AFD bek\u00e4mpfen: Aufruf zur Kundgebung auf dem Alter Markt K\u00f6ln, Sonntag, 21.1. 12 Uhr","url":"https:\/\/www.spdkoelnnord.de\/demokratie-schuetzen-afd-bekaempfen-aufruf-zur-kundgebung-auf-dem-alter-markt-koeln-sonntag-21-1-12-uhr\/","datePublished":"2024-01-15","dateModified":"2024-01-15","mainEntityOfPage":"https:\/\/www.spdkoelnnord.de\/demokratie-schuetzen-afd-bekaempfen-aufruf-zur-kundgebung-auf-dem-alter-markt-koeln-sonntag-21-1-12-uhr\/","author":{"@type":"Person","@id":"https:\/\/www.spdkoelnnord.de\/author\/koelnspd\/#Person","name":"K\u00f6lnSPD","url":"https:\/\/www.spdkoelnnord.de\/author\/koelnspd\/","identifier":11,"description":"SPD-Unterbezirk K\u00f6ln\r\nMagnusstra\u00dfe 18 b\r\n50672 K\u00f6ln\r\nTel: 0221 \/ 92 59 81-0","image":{"@type":"ImageObject","@id":"https:\/\/www.spdkoelnnord.de\/wp-content\/plugins\/wp-user-avatar\/deprecated\/wp-user-avatar\/images\/wpua-96x96.png","url":"https:\/\/www.spdkoelnnord.de\/wp-content\/plugins\/wp-user-avatar\/deprecated\/wp-user-avatar\/images\/wpua-96x96.png","height":96,"width":96}},"publisher":{"@type":"Organization","name":"SPD im K\u00f6lner Norden","logo":{"@type":"ImageObject","@id":"https:\/\/www.spdkoelnnord.de\/wp-content\/uploads\/2019\/10\/cropped-logo_ko\u0308lnspd.jpg","url":"https:\/\/www.spdkoelnnord.de\/wp-content\/uploads\/2019\/10\/cropped-logo_ko\u0308lnspd.jpg","width":null,"height":null}},"image":{"@type":"ImageObject","@id":"https:\/\/www.spdkoelnnord.de\/wp-content\/uploads\/2025\/02\/spd-verschwommen.jpg","url":"https:\/\/www.spdkoelnnord.de\/wp-content\/uploads\/2025\/02\/spd-verschwommen.jpg","height":675,"width":1200},"wordCount":1203,"keywords":["alter","Alter Markt (K\u00f6ln)","Alternative f\u00fcr Deutschland","antisemitismus","Artikel 21 des Grundgesetzes f\u00fcr die Bundesrepublik Deutschland","Assimilation (Soziologie)","Asylbewerber","aufruf","Ausl\u00e4nderrecht","bekampfen","Brandwand","Bundesministerium des Innern und f\u00fcr Heimat","Correctiv","demokratie","Deportation","diskriminierung","Europawahl in Deutschland 2014","Exklusion","Faschismus","Fl\u00fcchtlingskrise in Deutschland 2015\/2016","Globale Erw\u00e4rmung","Identit\u00e4re Bewegung","Juden","K\u00f6ln","kundgebung","Madagaskar","Markt (Frankfurt am Main)","Migrationshintergrund","mindestlohn","Nationalismus","Nationalsozialismus","NS-Staat","Rassismus","rechtsextremismus","Reisepass","Remigration","schutzen","sozialabbau","Staatsb\u00fcrgerschaft","Werteunion"]}]},{"@context":"https:\/\/schema.org","@type":"WebSite","@id":"https:\/\/www.spdkoelnnord.de\/#website","name":"Die SPD im K\u00f6lner Norden","url":"https:\/\/www.spdkoelnnord.de","potentialAction":{"@type":"SearchAction","target":"https:\/\/www.spdkoelnnord.de\/?s={search_term_string}","query-input":"required name=search_term_string"}}]