[{"@context":"https:\/\/schema.org\/","@type":"Blog","@id":"https:\/\/www.spdkoelnnord.de#Blog","headline":"Die SPD im K\u00f6lner Norden","description":"Die SPD im Stadtbezirk K\u00f6ln - Chorweiler","url":"https:\/\/www.spdkoelnnord.de","blogPost":[{"@type":"BlogPosting","@id":"https:\/\/www.spdkoelnnord.de\/bafoeg-bericht-ist-signal-den-reformkurs-beizubehalten\/","headline":"BAf\u00f6G-Bericht ist Signal, den Reformkurs beizubehalten","url":"https:\/\/www.spdkoelnnord.de\/bafoeg-bericht-ist-signal-den-reformkurs-beizubehalten\/","datePublished":"2023-12-13","dateModified":"2023-12-13","mainEntityOfPage":"https:\/\/www.spdkoelnnord.de\/bafoeg-bericht-ist-signal-den-reformkurs-beizubehalten\/","author":{"@type":"Person","@id":"https:\/\/www.spdkoelnnord.de\/author\/spdbundestagsfraktion\/#Person","name":"Bundestagsfraktion","url":"https:\/\/www.spdkoelnnord.de\/author\/spdbundestagsfraktion\/","identifier":325,"image":{"@type":"ImageObject","@id":"https:\/\/www.spdkoelnnord.de\/wp-content\/plugins\/wp-user-avatar\/deprecated\/wp-user-avatar\/images\/wpua-96x96.png","url":"https:\/\/www.spdkoelnnord.de\/wp-content\/plugins\/wp-user-avatar\/deprecated\/wp-user-avatar\/images\/wpua-96x96.png","height":96,"width":96}},"publisher":{"@type":"Organization","name":"SPD im K\u00f6lner Norden","logo":{"@type":"ImageObject","@id":"https:\/\/www.spdkoelnnord.de\/wp-content\/uploads\/2019\/10\/cropped-logo_ko\u0308lnspd.jpg","url":"https:\/\/www.spdkoelnnord.de\/wp-content\/uploads\/2019\/10\/cropped-logo_ko\u0308lnspd.jpg","width":null,"height":null}},"image":{"@type":"ImageObject","@id":"https:\/\/www.spdkoelnnord.de\/wp-content\/uploads\/2025\/02\/spd-verschwommen.jpg","url":"https:\/\/www.spdkoelnnord.de\/wp-content\/uploads\/2025\/02\/spd-verschwommen.jpg","height":675,"width":1200},"wordCount":61,"keywords":["bafog","beizubehalten","bericht","Bundesausbildungsf\u00f6rderungsgesetz","Bundesregierung (Deutschland)","Inflationsausgleich","Lina Seitzl","reformkurs","signal"]},{"@type":"BlogPosting","@id":"https:\/\/www.spdkoelnnord.de\/bekanntgabe-der-einzelheiten-zum-krebelshof-anfang-kommenden-jahres\/","headline":"Bekanntgabe der Einzelheiten zum Krebelshof Anfang kommenden Jahres","url":"https:\/\/www.spdkoelnnord.de\/bekanntgabe-der-einzelheiten-zum-krebelshof-anfang-kommenden-jahres\/","datePublished":"2023-12-11","dateModified":"2024-03-15","mainEntityOfPage":"https:\/\/www.spdkoelnnord.de\/bekanntgabe-der-einzelheiten-zum-krebelshof-anfang-kommenden-jahres\/","author":{"@type":"Person","@id":"https:\/\/www.spdkoelnnord.de\/author\/koeln_nord\/#Person","name":"SPD im K\u00f6lner Norden","url":"https:\/\/www.spdkoelnnord.de\/author\/koeln_nord\/","identifier":1221,"image":{"@type":"ImageObject","@id":"https:\/\/www.spdkoelnnord.de\/wp-content\/uploads\/2024\/02\/logo_koelnspd-150x150.png","url":"https:\/\/www.spdkoelnnord.de\/wp-content\/uploads\/2024\/02\/logo_koelnspd-150x150.png","height":96,"width":96}},"publisher":{"@type":"Organization","name":"SPD im K\u00f6lner Norden","logo":{"@type":"ImageObject","@id":"https:\/\/www.spdkoelnnord.de\/wp-content\/uploads\/2019\/10\/cropped-logo_ko\u0308lnspd.jpg","url":"https:\/\/www.spdkoelnnord.de\/wp-content\/uploads\/2019\/10\/cropped-logo_ko\u0308lnspd.jpg","width":null,"height":null}},"image":{"@type":"ImageObject","@id":"https:\/\/www.spdkoelnnord.de\/wp-content\/uploads\/2024\/02\/Krebelshof_0421_01g.jpg","url":"https:\/\/www.spdkoelnnord.de\/wp-content\/uploads\/2024\/02\/Krebelshof_0421_01g.jpg","height":567,"width":850},"wordCount":194,"keywords":["anfang","bekanntgabe","einzelheiten","jahres","K\u00f6ln","kommenden","krebelshof"]},{"@type":"BlogPosting","@id":"https:\/\/www.spdkoelnnord.de\/soziale-infrastruktur-in-koeln-gesichert\/","headline":"Soziale Infrastruktur in K\u00f6ln gesichert","url":"https:\/\/www.spdkoelnnord.de\/soziale-infrastruktur-in-koeln-gesichert\/","datePublished":"2023-12-07","dateModified":"2023-12-07","mainEntityOfPage":"https:\/\/www.spdkoelnnord.de\/soziale-infrastruktur-in-koeln-gesichert\/","author":{"@type":"Person","@id":"https:\/\/www.spdkoelnnord.de\/author\/koelnspd\/#Person","name":"K\u00f6lnSPD","url":"https:\/\/www.spdkoelnnord.de\/author\/koelnspd\/","identifier":11,"description":"SPD-Unterbezirk K\u00f6ln\r\nMagnusstra\u00dfe 18 b\r\n50672 K\u00f6ln\r\nTel: 0221 \/ 92 59 81-0","image":{"@type":"ImageObject","@id":"https:\/\/www.spdkoelnnord.de\/wp-content\/plugins\/wp-user-avatar\/deprecated\/wp-user-avatar\/images\/wpua-96x96.png","url":"https:\/\/www.spdkoelnnord.de\/wp-content\/plugins\/wp-user-avatar\/deprecated\/wp-user-avatar\/images\/wpua-96x96.png","height":96,"width":96}},"publisher":{"@type":"Organization","name":"SPD im K\u00f6lner Norden","logo":{"@type":"ImageObject","@id":"https:\/\/www.spdkoelnnord.de\/wp-content\/uploads\/2019\/10\/cropped-logo_ko\u0308lnspd.jpg","url":"https:\/\/www.spdkoelnnord.de\/wp-content\/uploads\/2019\/10\/cropped-logo_ko\u0308lnspd.jpg","width":null,"height":null}},"image":{"@type":"ImageObject","@id":"https:\/\/www.spdkoelnnord.de\/wp-content\/uploads\/2025\/02\/spd-verschwommen.jpg","url":"https:\/\/www.spdkoelnnord.de\/wp-content\/uploads\/2025\/02\/spd-verschwommen.jpg","height":675,"width":1200},"wordCount":586,"keywords":["Energiekosten","Europ\u00e4ische Union","Fr\u00fchkindliche Bildung","gesichert","infrastruktur","Kindertagesst\u00e4tte","K\u00f6ln","Lena Teschlade","Personalkosten","Russischer \u00dcberfall auf die Ukraine seit 2022","sozialabbau","soziale","Soziale Frage","Sozialwissenschaften","Vorschule"]},{"@type":"BlogPosting","@id":"https:\/\/www.spdkoelnnord.de\/deutschland-besser-gerecht\/","headline":"Deutschland. Besser. Gerecht.","url":"https:\/\/www.spdkoelnnord.de\/deutschland-besser-gerecht\/","datePublished":"2023-12-07","dateModified":"2023-12-07","mainEntityOfPage":"https:\/\/www.spdkoelnnord.de\/deutschland-besser-gerecht\/","author":{"@type":"Person","@id":"https:\/\/www.spdkoelnnord.de\/author\/spdbundestagsfraktion\/#Person","name":"Bundestagsfraktion","url":"https:\/\/www.spdkoelnnord.de\/author\/spdbundestagsfraktion\/","identifier":325,"image":{"@type":"ImageObject","@id":"https:\/\/www.spdkoelnnord.de\/wp-content\/plugins\/wp-user-avatar\/deprecated\/wp-user-avatar\/images\/wpua-96x96.png","url":"https:\/\/www.spdkoelnnord.de\/wp-content\/plugins\/wp-user-avatar\/deprecated\/wp-user-avatar\/images\/wpua-96x96.png","height":96,"width":96}},"publisher":{"@type":"Organization","name":"SPD im K\u00f6lner Norden","logo":{"@type":"ImageObject","@id":"https:\/\/www.spdkoelnnord.de\/wp-content\/uploads\/2019\/10\/cropped-logo_ko\u0308lnspd.jpg","url":"https:\/\/www.spdkoelnnord.de\/wp-content\/uploads\/2019\/10\/cropped-logo_ko\u0308lnspd.jpg","width":null,"height":null}},"image":{"@type":"ImageObject","@id":"https:\/\/www.spdkoelnnord.de\/wp-content\/uploads\/2025\/02\/spd-verschwommen.jpg","url":"https:\/\/www.spdkoelnnord.de\/wp-content\/uploads\/2025\/02\/spd-verschwommen.jpg","height":675,"width":1200},"wordCount":51,"keywords":["besser","deutschland","gerecht"]},{"@type":"BlogPosting","@id":"https:\/\/www.spdkoelnnord.de\/ordentlicher-bundesparteitag\/","headline":"Ordentlicher Bundesparteitag","url":"https:\/\/www.spdkoelnnord.de\/ordentlicher-bundesparteitag\/","datePublished":"2023-12-07","dateModified":"2023-12-07","mainEntityOfPage":"https:\/\/www.spdkoelnnord.de\/ordentlicher-bundesparteitag\/","author":{"@type":"Person","@id":"https:\/\/www.spdkoelnnord.de\/author\/spdbundestagsfraktion\/#Person","name":"Bundestagsfraktion","url":"https:\/\/www.spdkoelnnord.de\/author\/spdbundestagsfraktion\/","identifier":325,"image":{"@type":"ImageObject","@id":"https:\/\/www.spdkoelnnord.de\/wp-content\/plugins\/wp-user-avatar\/deprecated\/wp-user-avatar\/images\/wpua-96x96.png","url":"https:\/\/www.spdkoelnnord.de\/wp-content\/plugins\/wp-user-avatar\/deprecated\/wp-user-avatar\/images\/wpua-96x96.png","height":96,"width":96}},"publisher":{"@type":"Organization","name":"SPD im K\u00f6lner Norden","logo":{"@type":"ImageObject","@id":"https:\/\/www.spdkoelnnord.de\/wp-content\/uploads\/2019\/10\/cropped-logo_ko\u0308lnspd.jpg","url":"https:\/\/www.spdkoelnnord.de\/wp-content\/uploads\/2019\/10\/cropped-logo_ko\u0308lnspd.jpg","width":null,"height":null}},"image":{"@type":"ImageObject","@id":"https:\/\/www.spdkoelnnord.de\/wp-content\/uploads\/2024\/02\/logo_koelnspd.png","url":"https:\/\/www.spdkoelnnord.de\/wp-content\/uploads\/2024\/02\/logo_koelnspd.png","width":945,"height":945},"wordCount":63,"keywords":["bundesparteitag","ordentlicher"]},{"@type":"BlogPosting","@id":"https:\/\/www.spdkoelnnord.de\/schwarz-gruen-enttaeuscht-beim-thema-gehoerlosengeld\/","headline":"\u201eSchwarz-Gr\u00fcn entt\u00e4uscht beim Thema Geh\u00f6rlosengeld\u201c","url":"https:\/\/www.spdkoelnnord.de\/schwarz-gruen-enttaeuscht-beim-thema-gehoerlosengeld\/","datePublished":"2023-12-06","dateModified":"2023-12-06","mainEntityOfPage":"https:\/\/www.spdkoelnnord.de\/schwarz-gruen-enttaeuscht-beim-thema-gehoerlosengeld\/","author":{"@type":"Person","@id":"https:\/\/www.spdkoelnnord.de\/author\/lena_teschlade\/#Person","name":"Lena Teschlade","url":"https:\/\/www.spdkoelnnord.de\/author\/lena_teschlade\/","identifier":431,"image":{"@type":"ImageObject","@id":"https:\/\/www.spdkoelnnord.de\/wp-content\/uploads\/2024\/02\/Screenshot-2024-02-26-at-20-07-59-Lena_Teschlade.avif-AVIF-Grafik-500-\u00d7-500-Pixel-150x150.png","url":"https:\/\/www.spdkoelnnord.de\/wp-content\/uploads\/2024\/02\/Screenshot-2024-02-26-at-20-07-59-Lena_Teschlade.avif-AVIF-Grafik-500-\u00d7-500-Pixel-150x150.png","height":96,"width":96}},"publisher":{"@type":"Organization","name":"SPD im K\u00f6lner Norden","logo":{"@type":"ImageObject","@id":"https:\/\/www.spdkoelnnord.de\/wp-content\/uploads\/2019\/10\/cropped-logo_ko\u0308lnspd.jpg","url":"https:\/\/www.spdkoelnnord.de\/wp-content\/uploads\/2019\/10\/cropped-logo_ko\u0308lnspd.jpg","width":null,"height":null}},"image":{"@type":"ImageObject","@id":"https:\/\/www.spdkoelnnord.de\/wp-content\/uploads\/2025\/02\/spd-verschwommen.jpg","url":"https:\/\/www.spdkoelnnord.de\/wp-content\/uploads\/2025\/02\/spd-verschwommen.jpg","height":675,"width":1200},"wordCount":244,"keywords":["enttauscht","Fraktion (Politik)","gehorlosengeld","Inflation","Inklusion (Soziologie)","Koalitionsvertrag","Lena Teschlade","Parlamentarische Initiative","schwarz","thema"]},{"@type":"BlogPosting","@id":"https:\/\/www.spdkoelnnord.de\/ehemaligentreffen-jochen-ott-trifft-70-fruehere-spd-abgeordnete\/","headline":"\u201eEhemaligentreffen\u201c: Jochen Ott trifft 70 fr\u00fchere SPD-Abgeordnete","url":"https:\/\/www.spdkoelnnord.de\/ehemaligentreffen-jochen-ott-trifft-70-fruehere-spd-abgeordnete\/","datePublished":"2023-12-04","dateModified":"2023-12-04","mainEntityOfPage":"https:\/\/www.spdkoelnnord.de\/ehemaligentreffen-jochen-ott-trifft-70-fruehere-spd-abgeordnete\/","author":{"@type":"Person","@id":"https:\/\/www.spdkoelnnord.de\/author\/nrwspd-fraktion\/#Person","name":"NRWSPD Fraktion","url":"https:\/\/www.spdkoelnnord.de\/author\/nrwspd-fraktion\/","identifier":324,"image":{"@type":"ImageObject","@id":"https:\/\/www.spdkoelnnord.de\/wp-content\/plugins\/wp-user-avatar\/deprecated\/wp-user-avatar\/images\/wpua-96x96.png","url":"https:\/\/www.spdkoelnnord.de\/wp-content\/plugins\/wp-user-avatar\/deprecated\/wp-user-avatar\/images\/wpua-96x96.png","height":96,"width":96}},"publisher":{"@type":"Organization","name":"SPD im K\u00f6lner Norden","logo":{"@type":"ImageObject","@id":"https:\/\/www.spdkoelnnord.de\/wp-content\/uploads\/2019\/10\/cropped-logo_ko\u0308lnspd.jpg","url":"https:\/\/www.spdkoelnnord.de\/wp-content\/uploads\/2019\/10\/cropped-logo_ko\u0308lnspd.jpg","width":null,"height":null}},"image":{"@type":"ImageObject","@id":"https:\/\/www.spdkoelnnord.de\/wp-content\/uploads\/2024\/02\/logo_koelnspd.png","url":"https:\/\/www.spdkoelnnord.de\/wp-content\/uploads\/2024\/02\/logo_koelnspd.png","width":945,"height":945},"wordCount":182,"keywords":["abgeordnete","ehemaligentreffen","fruhere","jochen","trifft"]}]},{"@context":"https:\/\/schema.org","@type":"WebSite","@id":"https:\/\/www.spdkoelnnord.de\/#website","name":"Die SPD im K\u00f6lner Norden","url":"https:\/\/www.spdkoelnnord.de","potentialAction":{"@type":"SearchAction","target":"https:\/\/www.spdkoelnnord.de\/?s={search_term_string}","query-input":"required name=search_term_string"}}]