[{"@context":"https:\/\/schema.org\/","@type":"Blog","@id":"https:\/\/www.spdkoelnnord.de#Blog","headline":"Die SPD im K\u00f6lner Norden","description":"Die SPD im Stadtbezirk K\u00f6ln - Chorweiler","url":"https:\/\/www.spdkoelnnord.de","blogPost":[{"@type":"BlogPosting","@id":"https:\/\/www.spdkoelnnord.de\/kommunen-bei-waermeplanung-unterstuetzen\/","headline":"Kommunen bei W\u00e4rmeplanung unterst\u00fctzen","url":"https:\/\/www.spdkoelnnord.de\/kommunen-bei-waermeplanung-unterstuetzen\/","datePublished":"2023-11-15","dateModified":"2023-11-15","mainEntityOfPage":"https:\/\/www.spdkoelnnord.de\/kommunen-bei-waermeplanung-unterstuetzen\/","author":{"@type":"Person","@id":"https:\/\/www.spdkoelnnord.de\/author\/spdbundestagsfraktion\/#Person","name":"Bundestagsfraktion","url":"https:\/\/www.spdkoelnnord.de\/author\/spdbundestagsfraktion\/","identifier":325,"image":{"@type":"ImageObject","@id":"https:\/\/www.spdkoelnnord.de\/wp-content\/plugins\/wp-user-avatar\/deprecated\/wp-user-avatar\/images\/wpua-96x96.png","url":"https:\/\/www.spdkoelnnord.de\/wp-content\/plugins\/wp-user-avatar\/deprecated\/wp-user-avatar\/images\/wpua-96x96.png","height":96,"width":96}},"publisher":{"@type":"Organization","name":"SPD im K\u00f6lner Norden","logo":{"@type":"ImageObject","@id":"https:\/\/www.spdkoelnnord.de\/wp-content\/uploads\/2019\/10\/cropped-logo_ko\u0308lnspd.jpg","url":"https:\/\/www.spdkoelnnord.de\/wp-content\/uploads\/2019\/10\/cropped-logo_ko\u0308lnspd.jpg","width":null,"height":null}},"image":{"@type":"ImageObject","@id":"https:\/\/www.spdkoelnnord.de\/wp-content\/uploads\/2025\/02\/spd-verschwommen.jpg","url":"https:\/\/www.spdkoelnnord.de\/wp-content\/uploads\/2025\/02\/spd-verschwommen.jpg","height":675,"width":1200},"wordCount":45,"keywords":["Gemeinde","kommunen","unterstutzen","Verena Hubertz","warmeplanung"]},{"@type":"BlogPosting","@id":"https:\/\/www.spdkoelnnord.de\/mehr-teilhabe-fuer-trans-inter-und-nicht-binaere-menschen-durch-das-selbstbestimmungsgesetz\/","headline":"Mehr Teilhabe f\u00fcr trans*, inter und nicht-bin\u00e4re Menschen durch das Selbstbestimmungsgesetz","url":"https:\/\/www.spdkoelnnord.de\/mehr-teilhabe-fuer-trans-inter-und-nicht-binaere-menschen-durch-das-selbstbestimmungsgesetz\/","datePublished":"2023-11-14","dateModified":"2023-11-14","mainEntityOfPage":"https:\/\/www.spdkoelnnord.de\/mehr-teilhabe-fuer-trans-inter-und-nicht-binaere-menschen-durch-das-selbstbestimmungsgesetz\/","author":{"@type":"Person","@id":"https:\/\/www.spdkoelnnord.de\/author\/spdbundestagsfraktion\/#Person","name":"Bundestagsfraktion","url":"https:\/\/www.spdkoelnnord.de\/author\/spdbundestagsfraktion\/","identifier":325,"image":{"@type":"ImageObject","@id":"https:\/\/www.spdkoelnnord.de\/wp-content\/plugins\/wp-user-avatar\/deprecated\/wp-user-avatar\/images\/wpua-96x96.png","url":"https:\/\/www.spdkoelnnord.de\/wp-content\/plugins\/wp-user-avatar\/deprecated\/wp-user-avatar\/images\/wpua-96x96.png","height":96,"width":96}},"publisher":{"@type":"Organization","name":"SPD im K\u00f6lner Norden","logo":{"@type":"ImageObject","@id":"https:\/\/www.spdkoelnnord.de\/wp-content\/uploads\/2019\/10\/cropped-logo_ko\u0308lnspd.jpg","url":"https:\/\/www.spdkoelnnord.de\/wp-content\/uploads\/2019\/10\/cropped-logo_ko\u0308lnspd.jpg","width":null,"height":null}},"image":{"@type":"ImageObject","@id":"https:\/\/www.spdkoelnnord.de\/wp-content\/uploads\/2024\/02\/logo_koelnspd.png","url":"https:\/\/www.spdkoelnnord.de\/wp-content\/uploads\/2024\/02\/logo_koelnspd.png","width":945,"height":945},"wordCount":61,"keywords":["binare","inter","menschen","nicht","teilhabe","trans"]},{"@type":"BlogPosting","@id":"https:\/\/www.spdkoelnnord.de\/demokratie-durch-erinnerung-widerstandsfaehig-halten-plaene-fuer-kuerzungen-an-politischer-bildung-zuruecknehmen\/","headline":"\u201eDemokratie durch Erinnerung widerstandsf\u00e4hig halten \u2013 Pl\u00e4ne f\u00fcr K\u00fcrzungen an Politischer Bildung zur\u00fccknehmen\u201c","url":"https:\/\/www.spdkoelnnord.de\/demokratie-durch-erinnerung-widerstandsfaehig-halten-plaene-fuer-kuerzungen-an-politischer-bildung-zuruecknehmen\/","datePublished":"2023-11-13","dateModified":"2023-11-13","mainEntityOfPage":"https:\/\/www.spdkoelnnord.de\/demokratie-durch-erinnerung-widerstandsfaehig-halten-plaene-fuer-kuerzungen-an-politischer-bildung-zuruecknehmen\/","author":{"@type":"Person","@id":"https:\/\/www.spdkoelnnord.de\/author\/ott\/#Person","name":"Jochen Ott","url":"https:\/\/www.spdkoelnnord.de\/author\/ott\/","identifier":344,"image":{"@type":"ImageObject","@id":"https:\/\/www.spdkoelnnord.de\/wp-content\/plugins\/wp-user-avatar\/deprecated\/wp-user-avatar\/images\/wpua-96x96.png","url":"https:\/\/www.spdkoelnnord.de\/wp-content\/plugins\/wp-user-avatar\/deprecated\/wp-user-avatar\/images\/wpua-96x96.png","height":96,"width":96}},"publisher":{"@type":"Organization","name":"SPD im K\u00f6lner Norden","logo":{"@type":"ImageObject","@id":"https:\/\/www.spdkoelnnord.de\/wp-content\/uploads\/2019\/10\/cropped-logo_ko\u0308lnspd.jpg","url":"https:\/\/www.spdkoelnnord.de\/wp-content\/uploads\/2019\/10\/cropped-logo_ko\u0308lnspd.jpg","width":null,"height":null}},"image":{"@type":"ImageObject","@id":"https:\/\/www.spdkoelnnord.de\/wp-content\/uploads\/2024\/02\/logo_koelnspd.png","url":"https:\/\/www.spdkoelnnord.de\/wp-content\/uploads\/2024\/02\/logo_koelnspd.png","width":945,"height":945},"wordCount":265,"keywords":["demokratie","durch","erinnerung","halten","plane","widerstandsfahig"]},{"@type":"BlogPosting","@id":"https:\/\/www.spdkoelnnord.de\/spd-ratsfraktion-waehlt-hubertus-tempski-zum-fraktionsgeschaeftsfuehrer\/","headline":"SPD-Ratsfraktion w\u00e4hlt Hubertus Tempski zum Fraktionsgesch\u00e4ftsf\u00fchrer","url":"https:\/\/www.spdkoelnnord.de\/spd-ratsfraktion-waehlt-hubertus-tempski-zum-fraktionsgeschaeftsfuehrer\/","datePublished":"2023-11-10","dateModified":"2023-11-10","mainEntityOfPage":"https:\/\/www.spdkoelnnord.de\/spd-ratsfraktion-waehlt-hubertus-tempski-zum-fraktionsgeschaeftsfuehrer\/","author":{"@type":"Person","@id":"https:\/\/www.spdkoelnnord.de\/author\/koelnspd\/#Person","name":"K\u00f6lnSPD","url":"https:\/\/www.spdkoelnnord.de\/author\/koelnspd\/","identifier":11,"description":"SPD-Unterbezirk K\u00f6ln\r\nMagnusstra\u00dfe 18 b\r\n50672 K\u00f6ln\r\nTel: 0221 \/ 92 59 81-0","image":{"@type":"ImageObject","@id":"https:\/\/www.spdkoelnnord.de\/wp-content\/plugins\/wp-user-avatar\/deprecated\/wp-user-avatar\/images\/wpua-96x96.png","url":"https:\/\/www.spdkoelnnord.de\/wp-content\/plugins\/wp-user-avatar\/deprecated\/wp-user-avatar\/images\/wpua-96x96.png","height":96,"width":96}},"publisher":{"@type":"Organization","name":"SPD im K\u00f6lner Norden","logo":{"@type":"ImageObject","@id":"https:\/\/www.spdkoelnnord.de\/wp-content\/uploads\/2019\/10\/cropped-logo_ko\u0308lnspd.jpg","url":"https:\/\/www.spdkoelnnord.de\/wp-content\/uploads\/2019\/10\/cropped-logo_ko\u0308lnspd.jpg","width":null,"height":null}},"image":{"@type":"ImageObject","@id":"https:\/\/www.spdkoelnnord.de\/wp-content\/uploads\/2025\/02\/spd-verschwommen.jpg","url":"https:\/\/www.spdkoelnnord.de\/wp-content\/uploads\/2025\/02\/spd-verschwommen.jpg","height":675,"width":1200},"wordCount":516,"keywords":["B\u00fcrgeramt","Fraktion (Politik)","fraktionsgeschaftsfuhrer","hubertus","ratsfraktion","Rodenkirchen (K\u00f6ln)","Sozialdemokratische Partei Deutschlands","tempski","Verwaltungsrecht","wahlt"]},{"@type":"BlogPosting","@id":"https:\/\/www.spdkoelnnord.de\/die-kindergrundsicherung-kommt\/","headline":"Die Kindergrundsicherung kommt","url":"https:\/\/www.spdkoelnnord.de\/die-kindergrundsicherung-kommt\/","datePublished":"2023-11-09","dateModified":"2023-11-09","mainEntityOfPage":"https:\/\/www.spdkoelnnord.de\/die-kindergrundsicherung-kommt\/","author":{"@type":"Person","@id":"https:\/\/www.spdkoelnnord.de\/author\/spdbundestagsfraktion\/#Person","name":"Bundestagsfraktion","url":"https:\/\/www.spdkoelnnord.de\/author\/spdbundestagsfraktion\/","identifier":325,"image":{"@type":"ImageObject","@id":"https:\/\/www.spdkoelnnord.de\/wp-content\/plugins\/wp-user-avatar\/deprecated\/wp-user-avatar\/images\/wpua-96x96.png","url":"https:\/\/www.spdkoelnnord.de\/wp-content\/plugins\/wp-user-avatar\/deprecated\/wp-user-avatar\/images\/wpua-96x96.png","height":96,"width":96}},"publisher":{"@type":"Organization","name":"SPD im K\u00f6lner Norden","logo":{"@type":"ImageObject","@id":"https:\/\/www.spdkoelnnord.de\/wp-content\/uploads\/2019\/10\/cropped-logo_ko\u0308lnspd.jpg","url":"https:\/\/www.spdkoelnnord.de\/wp-content\/uploads\/2019\/10\/cropped-logo_ko\u0308lnspd.jpg","width":null,"height":null}},"image":{"@type":"ImageObject","@id":"https:\/\/www.spdkoelnnord.de\/wp-content\/uploads\/2025\/02\/spd-verschwommen.jpg","url":"https:\/\/www.spdkoelnnord.de\/wp-content\/uploads\/2025\/02\/spd-verschwommen.jpg","height":675,"width":1200},"wordCount":52,"keywords":["Dagmar Schmidt (Politikerin, 1973)","Deutscher Bundestag","Fraktion (Bundestag)","kindergrundsicherung","kommt","S\u00f6nke Rix"]},{"@type":"BlogPosting","@id":"https:\/\/www.spdkoelnnord.de\/gleiche-startchancen-fuer-alle-kinder\/","headline":"Gleiche Startchancen f\u00fcr alle Kinder","url":"https:\/\/www.spdkoelnnord.de\/gleiche-startchancen-fuer-alle-kinder\/","datePublished":"2023-11-09","dateModified":"2023-11-09","mainEntityOfPage":"https:\/\/www.spdkoelnnord.de\/gleiche-startchancen-fuer-alle-kinder\/","author":{"@type":"Person","@id":"https:\/\/www.spdkoelnnord.de\/author\/spdbundestagsfraktion\/#Person","name":"Bundestagsfraktion","url":"https:\/\/www.spdkoelnnord.de\/author\/spdbundestagsfraktion\/","identifier":325,"image":{"@type":"ImageObject","@id":"https:\/\/www.spdkoelnnord.de\/wp-content\/plugins\/wp-user-avatar\/deprecated\/wp-user-avatar\/images\/wpua-96x96.png","url":"https:\/\/www.spdkoelnnord.de\/wp-content\/plugins\/wp-user-avatar\/deprecated\/wp-user-avatar\/images\/wpua-96x96.png","height":96,"width":96}},"publisher":{"@type":"Organization","name":"SPD im K\u00f6lner Norden","logo":{"@type":"ImageObject","@id":"https:\/\/www.spdkoelnnord.de\/wp-content\/uploads\/2019\/10\/cropped-logo_ko\u0308lnspd.jpg","url":"https:\/\/www.spdkoelnnord.de\/wp-content\/uploads\/2019\/10\/cropped-logo_ko\u0308lnspd.jpg","width":null,"height":null}},"image":{"@type":"ImageObject","@id":"https:\/\/www.spdkoelnnord.de\/wp-content\/uploads\/2024\/02\/logo_koelnspd.png","url":"https:\/\/www.spdkoelnnord.de\/wp-content\/uploads\/2024\/02\/logo_koelnspd.png","width":945,"height":945},"wordCount":47,"keywords":["gleiche","kinder","startchancen"]},{"@type":"BlogPosting","@id":"https:\/\/www.spdkoelnnord.de\/wer-in-deutschland-lebt-muss-sich-zu-unseren-werten-bekennen-und-sich-an-sie-halten\/","headline":"Wer in Deutschland lebt, muss sich zu unseren Werten bekennen und sich an sie halten.","url":"https:\/\/www.spdkoelnnord.de\/wer-in-deutschland-lebt-muss-sich-zu-unseren-werten-bekennen-und-sich-an-sie-halten\/","datePublished":"2023-11-07","dateModified":"2024-03-15","mainEntityOfPage":"https:\/\/www.spdkoelnnord.de\/wer-in-deutschland-lebt-muss-sich-zu-unseren-werten-bekennen-und-sich-an-sie-halten\/","author":{"@type":"Person","@id":"https:\/\/www.spdkoelnnord.de\/author\/nrwspd-fraktion\/#Person","name":"NRWSPD Fraktion","url":"https:\/\/www.spdkoelnnord.de\/author\/nrwspd-fraktion\/","identifier":324,"image":{"@type":"ImageObject","@id":"https:\/\/www.spdkoelnnord.de\/wp-content\/plugins\/wp-user-avatar\/deprecated\/wp-user-avatar\/images\/wpua-96x96.png","url":"https:\/\/www.spdkoelnnord.de\/wp-content\/plugins\/wp-user-avatar\/deprecated\/wp-user-avatar\/images\/wpua-96x96.png","height":96,"width":96}},"publisher":{"@type":"Organization","name":"SPD im K\u00f6lner Norden","logo":{"@type":"ImageObject","@id":"https:\/\/www.spdkoelnnord.de\/wp-content\/uploads\/2019\/10\/cropped-logo_ko\u0308lnspd.jpg","url":"https:\/\/www.spdkoelnnord.de\/wp-content\/uploads\/2019\/10\/cropped-logo_ko\u0308lnspd.jpg","width":null,"height":null}},"image":{"@type":"ImageObject","@id":"https:\/\/www.spdkoelnnord.de\/wp-content\/uploads\/2025\/02\/spd-verschwommen.jpg","url":"https:\/\/www.spdkoelnnord.de\/wp-content\/uploads\/2025\/02\/spd-verschwommen.jpg","height":675,"width":1200},"wordCount":172,"keywords":["bekennen","deutschland","halten","unseren","werten"]}]},{"@context":"https:\/\/schema.org","@type":"WebSite","@id":"https:\/\/www.spdkoelnnord.de\/#website","name":"Die SPD im K\u00f6lner Norden","url":"https:\/\/www.spdkoelnnord.de","potentialAction":{"@type":"SearchAction","target":"https:\/\/www.spdkoelnnord.de\/?s={search_term_string}","query-input":"required name=search_term_string"}}]