[{"@context":"https:\/\/schema.org\/","@type":"Blog","@id":"https:\/\/www.spdkoelnnord.de#Blog","headline":"Die SPD im K\u00f6lner Norden","description":"Die SPD im Stadtbezirk K\u00f6ln - Chorweiler","url":"https:\/\/www.spdkoelnnord.de","blogPost":[{"@type":"BlogPosting","@id":"https:\/\/www.spdkoelnnord.de\/die-deutsche-antwort-auf-chatgpt-ki-aktionsplan-vorgestellt\/","headline":"Die deutsche Antwort auf ChatGPT: KI-Aktionsplan vorgestellt","url":"https:\/\/www.spdkoelnnord.de\/die-deutsche-antwort-auf-chatgpt-ki-aktionsplan-vorgestellt\/","datePublished":"2023-11-07","dateModified":"2023-11-07","mainEntityOfPage":"https:\/\/www.spdkoelnnord.de\/die-deutsche-antwort-auf-chatgpt-ki-aktionsplan-vorgestellt\/","author":{"@type":"Person","@id":"https:\/\/www.spdkoelnnord.de\/author\/spdbundestagsfraktion\/#Person","name":"Bundestagsfraktion","url":"https:\/\/www.spdkoelnnord.de\/author\/spdbundestagsfraktion\/","identifier":325,"image":{"@type":"ImageObject","@id":"https:\/\/www.spdkoelnnord.de\/wp-content\/plugins\/wp-user-avatar\/deprecated\/wp-user-avatar\/images\/wpua-96x96.png","url":"https:\/\/www.spdkoelnnord.de\/wp-content\/plugins\/wp-user-avatar\/deprecated\/wp-user-avatar\/images\/wpua-96x96.png","height":96,"width":96}},"publisher":{"@type":"Organization","name":"SPD im K\u00f6lner Norden","logo":{"@type":"ImageObject","@id":"https:\/\/www.spdkoelnnord.de\/wp-content\/uploads\/2019\/10\/cropped-logo_ko\u0308lnspd.jpg","url":"https:\/\/www.spdkoelnnord.de\/wp-content\/uploads\/2019\/10\/cropped-logo_ko\u0308lnspd.jpg","width":null,"height":null}},"image":{"@type":"ImageObject","@id":"https:\/\/www.spdkoelnnord.de\/wp-content\/uploads\/2024\/02\/logo_koelnspd.png","url":"https:\/\/www.spdkoelnnord.de\/wp-content\/uploads\/2024\/02\/logo_koelnspd.png","width":945,"height":945},"wordCount":70,"keywords":["aktionsplan","antwort","chatgpt","deutsche","vorgestellt"]},{"@type":"BlogPosting","@id":"https:\/\/www.spdkoelnnord.de\/zusammen-fuer-ein-starkes-deutschland\/","headline":"Zusammen f\u00fcr ein starkes Deutschland","url":"https:\/\/www.spdkoelnnord.de\/zusammen-fuer-ein-starkes-deutschland\/","datePublished":"2023-11-06","dateModified":"2023-11-06","mainEntityOfPage":"https:\/\/www.spdkoelnnord.de\/zusammen-fuer-ein-starkes-deutschland\/","author":{"@type":"Person","@id":"https:\/\/www.spdkoelnnord.de\/author\/spdbundestagsfraktion\/#Person","name":"Bundestagsfraktion","url":"https:\/\/www.spdkoelnnord.de\/author\/spdbundestagsfraktion\/","identifier":325,"image":{"@type":"ImageObject","@id":"https:\/\/www.spdkoelnnord.de\/wp-content\/plugins\/wp-user-avatar\/deprecated\/wp-user-avatar\/images\/wpua-96x96.png","url":"https:\/\/www.spdkoelnnord.de\/wp-content\/plugins\/wp-user-avatar\/deprecated\/wp-user-avatar\/images\/wpua-96x96.png","height":96,"width":96}},"publisher":{"@type":"Organization","name":"SPD im K\u00f6lner Norden","logo":{"@type":"ImageObject","@id":"https:\/\/www.spdkoelnnord.de\/wp-content\/uploads\/2019\/10\/cropped-logo_ko\u0308lnspd.jpg","url":"https:\/\/www.spdkoelnnord.de\/wp-content\/uploads\/2019\/10\/cropped-logo_ko\u0308lnspd.jpg","width":null,"height":null}},"image":{"@type":"ImageObject","@id":"https:\/\/www.spdkoelnnord.de\/wp-content\/uploads\/2025\/02\/spd-verschwommen.jpg","url":"https:\/\/www.spdkoelnnord.de\/wp-content\/uploads\/2025\/02\/spd-verschwommen.jpg","height":675,"width":1200},"wordCount":50,"keywords":["deutschland","Parteitag","starkes","zusammen"]},{"@type":"BlogPosting","@id":"https:\/\/www.spdkoelnnord.de\/voelkerverbrechen-in-zukunft-noch-besser-verfolgen\/","headline":"V\u00f6lkerverbrechen in Zukunft noch besser verfolgen","url":"https:\/\/www.spdkoelnnord.de\/voelkerverbrechen-in-zukunft-noch-besser-verfolgen\/","datePublished":"2023-11-01","dateModified":"2023-11-01","mainEntityOfPage":"https:\/\/www.spdkoelnnord.de\/voelkerverbrechen-in-zukunft-noch-besser-verfolgen\/","author":{"@type":"Person","@id":"https:\/\/www.spdkoelnnord.de\/author\/spdbundestagsfraktion\/#Person","name":"Bundestagsfraktion","url":"https:\/\/www.spdkoelnnord.de\/author\/spdbundestagsfraktion\/","identifier":325,"image":{"@type":"ImageObject","@id":"https:\/\/www.spdkoelnnord.de\/wp-content\/plugins\/wp-user-avatar\/deprecated\/wp-user-avatar\/images\/wpua-96x96.png","url":"https:\/\/www.spdkoelnnord.de\/wp-content\/plugins\/wp-user-avatar\/deprecated\/wp-user-avatar\/images\/wpua-96x96.png","height":96,"width":96}},"publisher":{"@type":"Organization","name":"SPD im K\u00f6lner Norden","logo":{"@type":"ImageObject","@id":"https:\/\/www.spdkoelnnord.de\/wp-content\/uploads\/2019\/10\/cropped-logo_ko\u0308lnspd.jpg","url":"https:\/\/www.spdkoelnnord.de\/wp-content\/uploads\/2019\/10\/cropped-logo_ko\u0308lnspd.jpg","width":null,"height":null}},"image":{"@type":"ImageObject","@id":"https:\/\/www.spdkoelnnord.de\/wp-content\/uploads\/2024\/02\/logo_koelnspd.png","url":"https:\/\/www.spdkoelnnord.de\/wp-content\/uploads\/2024\/02\/logo_koelnspd.png","width":945,"height":945},"wordCount":89,"keywords":["besser","verfolgen","volkerverbrechen","zukunft"]},{"@type":"BlogPosting","@id":"https:\/\/www.spdkoelnnord.de\/22-000-demonstrierende-vor-dem-landtag-haben-gezeigt-soziale-einrichtungen-in-nrw-sind-kurz-vor-dem-kollaps\/","headline":"22.000 Demonstrierende vor dem Landtag haben gezeigt: Soziale Einrichtungen in NRW sind kurz vor dem Kollaps","url":"https:\/\/www.spdkoelnnord.de\/22-000-demonstrierende-vor-dem-landtag-haben-gezeigt-soziale-einrichtungen-in-nrw-sind-kurz-vor-dem-kollaps\/","datePublished":"2023-10-26","dateModified":"2023-10-26","mainEntityOfPage":"https:\/\/www.spdkoelnnord.de\/22-000-demonstrierende-vor-dem-landtag-haben-gezeigt-soziale-einrichtungen-in-nrw-sind-kurz-vor-dem-kollaps\/","author":{"@type":"Person","@id":"https:\/\/www.spdkoelnnord.de\/author\/ott\/#Person","name":"Jochen Ott","url":"https:\/\/www.spdkoelnnord.de\/author\/ott\/","identifier":344,"image":{"@type":"ImageObject","@id":"https:\/\/www.spdkoelnnord.de\/wp-content\/plugins\/wp-user-avatar\/deprecated\/wp-user-avatar\/images\/wpua-96x96.png","url":"https:\/\/www.spdkoelnnord.de\/wp-content\/plugins\/wp-user-avatar\/deprecated\/wp-user-avatar\/images\/wpua-96x96.png","height":96,"width":96}},"publisher":{"@type":"Organization","name":"SPD im K\u00f6lner Norden","logo":{"@type":"ImageObject","@id":"https:\/\/www.spdkoelnnord.de\/wp-content\/uploads\/2019\/10\/cropped-logo_ko\u0308lnspd.jpg","url":"https:\/\/www.spdkoelnnord.de\/wp-content\/uploads\/2019\/10\/cropped-logo_ko\u0308lnspd.jpg","width":null,"height":null}},"image":{"@type":"ImageObject","@id":"https:\/\/www.spdkoelnnord.de\/wp-content\/uploads\/2025\/02\/spd-verschwommen.jpg","url":"https:\/\/www.spdkoelnnord.de\/wp-content\/uploads\/2025\/02\/spd-verschwommen.jpg","height":675,"width":1200},"wordCount":326,"keywords":["Aktuelle Stunde (Parlament)","Daseinsvorsorge","Demonstration","demonstrierende","dusseldorf","einrichtungen","Fraktion (Politik)","Freie Wohlfahrtspflege","gezeigt","haben","Jochen Ott","Landesparlament","landtag","New Deal","soziale"]},{"@type":"BlogPosting","@id":"https:\/\/www.spdkoelnnord.de\/jochen-ott-in-den-kitas-donnert-es-aber-schwarz-gruen-hoert-den-knall-nicht\/","headline":"Jochen Ott: \u201eIn den Kitas donnert es \u2013 aber Schwarz-Gr\u00fcn h\u00f6rt den Knall nicht\u201c","url":"https:\/\/www.spdkoelnnord.de\/jochen-ott-in-den-kitas-donnert-es-aber-schwarz-gruen-hoert-den-knall-nicht\/","datePublished":"2023-10-19","dateModified":"2023-10-19","mainEntityOfPage":"https:\/\/www.spdkoelnnord.de\/jochen-ott-in-den-kitas-donnert-es-aber-schwarz-gruen-hoert-den-knall-nicht\/","author":{"@type":"Person","@id":"https:\/\/www.spdkoelnnord.de\/author\/ott\/#Person","name":"Jochen Ott","url":"https:\/\/www.spdkoelnnord.de\/author\/ott\/","identifier":344,"image":{"@type":"ImageObject","@id":"https:\/\/www.spdkoelnnord.de\/wp-content\/plugins\/wp-user-avatar\/deprecated\/wp-user-avatar\/images\/wpua-96x96.png","url":"https:\/\/www.spdkoelnnord.de\/wp-content\/plugins\/wp-user-avatar\/deprecated\/wp-user-avatar\/images\/wpua-96x96.png","height":96,"width":96}},"publisher":{"@type":"Organization","name":"SPD im K\u00f6lner Norden","logo":{"@type":"ImageObject","@id":"https:\/\/www.spdkoelnnord.de\/wp-content\/uploads\/2019\/10\/cropped-logo_ko\u0308lnspd.jpg","url":"https:\/\/www.spdkoelnnord.de\/wp-content\/uploads\/2019\/10\/cropped-logo_ko\u0308lnspd.jpg","width":null,"height":null}},"image":{"@type":"ImageObject","@id":"https:\/\/www.spdkoelnnord.de\/wp-content\/uploads\/2024\/02\/logo_koelnspd.png","url":"https:\/\/www.spdkoelnnord.de\/wp-content\/uploads\/2024\/02\/logo_koelnspd.png","width":945,"height":945},"wordCount":285,"keywords":["donnert","jochen","kitas","knall","nicht","schwarz"]},{"@type":"BlogPosting","@id":"https:\/\/www.spdkoelnnord.de\/jochen-ott-22-000-unbesetzte-stellen-beim-land-ohne-beschaeftigte-ist-kein-staat-zu-machen\/","headline":"Jochen Ott: \u201e22.000 unbesetzte Stellen beim Land: Ohne Besch\u00e4ftigte ist kein Staat zu machen\u201c","url":"https:\/\/www.spdkoelnnord.de\/jochen-ott-22-000-unbesetzte-stellen-beim-land-ohne-beschaeftigte-ist-kein-staat-zu-machen\/","datePublished":"2023-10-19","dateModified":"2023-10-19","mainEntityOfPage":"https:\/\/www.spdkoelnnord.de\/jochen-ott-22-000-unbesetzte-stellen-beim-land-ohne-beschaeftigte-ist-kein-staat-zu-machen\/","author":{"@type":"Person","@id":"https:\/\/www.spdkoelnnord.de\/author\/ott\/#Person","name":"Jochen Ott","url":"https:\/\/www.spdkoelnnord.de\/author\/ott\/","identifier":344,"image":{"@type":"ImageObject","@id":"https:\/\/www.spdkoelnnord.de\/wp-content\/plugins\/wp-user-avatar\/deprecated\/wp-user-avatar\/images\/wpua-96x96.png","url":"https:\/\/www.spdkoelnnord.de\/wp-content\/plugins\/wp-user-avatar\/deprecated\/wp-user-avatar\/images\/wpua-96x96.png","height":96,"width":96}},"publisher":{"@type":"Organization","name":"SPD im K\u00f6lner Norden","logo":{"@type":"ImageObject","@id":"https:\/\/www.spdkoelnnord.de\/wp-content\/uploads\/2019\/10\/cropped-logo_ko\u0308lnspd.jpg","url":"https:\/\/www.spdkoelnnord.de\/wp-content\/uploads\/2019\/10\/cropped-logo_ko\u0308lnspd.jpg","width":null,"height":null}},"image":{"@type":"ImageObject","@id":"https:\/\/www.spdkoelnnord.de\/wp-content\/uploads\/2024\/02\/logo_koelnspd.png","url":"https:\/\/www.spdkoelnnord.de\/wp-content\/uploads\/2024\/02\/logo_koelnspd.png","width":945,"height":945},"wordCount":304,"keywords":["beschaftigte","jochen","machen","staat","stellen","unbesetzte"]},{"@type":"BlogPosting","@id":"https:\/\/www.spdkoelnnord.de\/resolution-bezueglich-der-nutzung-des-gelaendes-im-generationenpark-volkhoven-weiler\/","headline":"Resolution bez\u00fcglich der Nutzung des Gel\u00e4ndes im Generationenpark Volkhoven\/Weiler","url":"https:\/\/www.spdkoelnnord.de\/resolution-bezueglich-der-nutzung-des-gelaendes-im-generationenpark-volkhoven-weiler\/","datePublished":"2023-10-18","dateModified":"2023-10-18","mainEntityOfPage":"https:\/\/www.spdkoelnnord.de\/resolution-bezueglich-der-nutzung-des-gelaendes-im-generationenpark-volkhoven-weiler\/","author":{"@type":"Person","@id":"https:\/\/www.spdkoelnnord.de\/author\/lena_teschlade\/#Person","name":"Lena Teschlade","url":"https:\/\/www.spdkoelnnord.de\/author\/lena_teschlade\/","identifier":431,"image":{"@type":"ImageObject","@id":"https:\/\/www.spdkoelnnord.de\/wp-content\/uploads\/2024\/02\/Screenshot-2024-02-26-at-20-07-59-Lena_Teschlade.avif-AVIF-Grafik-500-\u00d7-500-Pixel-150x150.png","url":"https:\/\/www.spdkoelnnord.de\/wp-content\/uploads\/2024\/02\/Screenshot-2024-02-26-at-20-07-59-Lena_Teschlade.avif-AVIF-Grafik-500-\u00d7-500-Pixel-150x150.png","height":96,"width":96}},"publisher":{"@type":"Organization","name":"SPD im K\u00f6lner Norden","logo":{"@type":"ImageObject","@id":"https:\/\/www.spdkoelnnord.de\/wp-content\/uploads\/2019\/10\/cropped-logo_ko\u0308lnspd.jpg","url":"https:\/\/www.spdkoelnnord.de\/wp-content\/uploads\/2019\/10\/cropped-logo_ko\u0308lnspd.jpg","width":null,"height":null}},"image":{"@type":"ImageObject","@id":"https:\/\/www.spdkoelnnord.de\/wp-content\/uploads\/2025\/02\/spd-verschwommen.jpg","url":"https:\/\/www.spdkoelnnord.de\/wp-content\/uploads\/2025\/02\/spd-verschwommen.jpg","height":675,"width":1200},"wordCount":995,"keywords":["Akteur","Anwerbeabkommen zwischen der Bundesrepublik Deutschland und der T\u00fcrkei","bezuglich","Carolin Kirsch","chorweiler","demokratie","Demokratiebildung","Deutsche Mark","Die Linke","Dokumentarfilm","Dokumentarfilminitiative","Dortmund","dusseldorf","Esch\/Auweiler","Filmhaus K\u00f6ln","Filmregisseur","Filmwerkstatt M\u00fcnster","Freiluftkino","gelandes","gemeinschaft","generationenpark","Generationenpark (Alzenau)","Gesellschaft (Soziologie)","Hajo Schomerus","Identit\u00e4t","Jan Wagner (Schriftsteller)","Jochen Ott","Jusos","Kameramann","Karaa\u011fa\u00e7 (Edirne)","K\u00f6ln","Kultur","Lena Teschlade","Matthias W. Birkwald","Migration","Mitbestimmung","Mitglied des Deutschen Bundestages","nutzung","Offene Kinder- und Jugendarbeit","\u00d6ffentlichkeit","Partizipation","Pesch (K\u00f6ln)","Petra Hoffmann","Pixabay","politik","Projektmanagement","Rapid Eye Movies","Rassismus","resolution","Rolf M\u00fctzenich","Sanae Abdi","Sozialdienst katholischer M\u00e4nner","turkei","verantwortung","Verein","volkhoven","Volkhoven\/Weiler","Wertvorstellung"]}]},{"@context":"https:\/\/schema.org","@type":"WebSite","@id":"https:\/\/www.spdkoelnnord.de\/#website","name":"Die SPD im K\u00f6lner Norden","url":"https:\/\/www.spdkoelnnord.de","potentialAction":{"@type":"SearchAction","target":"https:\/\/www.spdkoelnnord.de\/?s={search_term_string}","query-input":"required name=search_term_string"}}]