[{"@context":"https:\/\/schema.org\/","@type":"Blog","@id":"https:\/\/www.spdkoelnnord.de#Blog","headline":"Die SPD im K\u00f6lner Norden","description":"Die SPD im Stadtbezirk K\u00f6ln - Chorweiler","url":"https:\/\/www.spdkoelnnord.de","blogPost":[{"@type":"BlogPosting","@id":"https:\/\/www.spdkoelnnord.de\/jochen-ott-krankenhausfinanzierung-nrw-ist-mit-in-der-verantwortung-landesregierung-muss-sich-nrw-pakt-anschliessen\/","headline":"Jochen Ott: \u201eKrankenhausfinanzierung: NRW ist mit in der Verantwortung \u2013 Landesregierung muss sich NRW-Pakt anschlie\u00dfen\u201c","url":"https:\/\/www.spdkoelnnord.de\/jochen-ott-krankenhausfinanzierung-nrw-ist-mit-in-der-verantwortung-landesregierung-muss-sich-nrw-pakt-anschliessen\/","datePublished":"2023-09-20","dateModified":"2023-09-20","mainEntityOfPage":"https:\/\/www.spdkoelnnord.de\/jochen-ott-krankenhausfinanzierung-nrw-ist-mit-in-der-verantwortung-landesregierung-muss-sich-nrw-pakt-anschliessen\/","author":{"@type":"Person","@id":"https:\/\/www.spdkoelnnord.de\/author\/ott\/#Person","name":"Jochen Ott","url":"https:\/\/www.spdkoelnnord.de\/author\/ott\/","identifier":344,"image":{"@type":"ImageObject","@id":"https:\/\/www.spdkoelnnord.de\/wp-content\/plugins\/wp-user-avatar\/deprecated\/wp-user-avatar\/images\/wpua-96x96.png","url":"https:\/\/www.spdkoelnnord.de\/wp-content\/plugins\/wp-user-avatar\/deprecated\/wp-user-avatar\/images\/wpua-96x96.png","height":96,"width":96}},"publisher":{"@type":"Organization","name":"SPD im K\u00f6lner Norden","logo":{"@type":"ImageObject","@id":"https:\/\/www.spdkoelnnord.de\/wp-content\/uploads\/2019\/10\/cropped-logo_ko\u0308lnspd.jpg","url":"https:\/\/www.spdkoelnnord.de\/wp-content\/uploads\/2019\/10\/cropped-logo_ko\u0308lnspd.jpg","width":null,"height":null}},"image":{"@type":"ImageObject","@id":"https:\/\/www.spdkoelnnord.de\/wp-content\/uploads\/2024\/02\/logo_koelnspd.png","url":"https:\/\/www.spdkoelnnord.de\/wp-content\/uploads\/2024\/02\/logo_koelnspd.png","width":945,"height":945},"wordCount":359,"keywords":["anschlie","jochen","krankenhausfinanzierung","landesregierung","verantwortung"]},{"@type":"BlogPosting","@id":"https:\/\/www.spdkoelnnord.de\/eroeffnung-des-bewegungsparcours-in-langel-an-der-faehre\/","headline":"Er\u00f6ffnung des Bewegungsparcours in Langel an der F\u00e4hre","url":"https:\/\/www.spdkoelnnord.de\/eroeffnung-des-bewegungsparcours-in-langel-an-der-faehre\/","datePublished":"2023-09-20","dateModified":"2023-09-21","mainEntityOfPage":"https:\/\/www.spdkoelnnord.de\/eroeffnung-des-bewegungsparcours-in-langel-an-der-faehre\/","author":{"@type":"Person","@id":"https:\/\/www.spdkoelnnord.de\/author\/koelnspd\/#Person","name":"K\u00f6lnSPD","url":"https:\/\/www.spdkoelnnord.de\/author\/koelnspd\/","identifier":11,"description":"SPD-Unterbezirk K\u00f6ln\r\nMagnusstra\u00dfe 18 b\r\n50672 K\u00f6ln\r\nTel: 0221 \/ 92 59 81-0","image":{"@type":"ImageObject","@id":"https:\/\/www.spdkoelnnord.de\/wp-content\/plugins\/wp-user-avatar\/deprecated\/wp-user-avatar\/images\/wpua-96x96.png","url":"https:\/\/www.spdkoelnnord.de\/wp-content\/plugins\/wp-user-avatar\/deprecated\/wp-user-avatar\/images\/wpua-96x96.png","height":96,"width":96}},"publisher":{"@type":"Organization","name":"SPD im K\u00f6lner Norden","logo":{"@type":"ImageObject","@id":"https:\/\/www.spdkoelnnord.de\/wp-content\/uploads\/2019\/10\/cropped-logo_ko\u0308lnspd.jpg","url":"https:\/\/www.spdkoelnnord.de\/wp-content\/uploads\/2019\/10\/cropped-logo_ko\u0308lnspd.jpg","width":null,"height":null}},"image":{"@type":"ImageObject","@id":"https:\/\/www.spdkoelnnord.de\/wp-content\/uploads\/2025\/02\/spd-verschwommen.jpg","url":"https:\/\/www.spdkoelnnord.de\/wp-content\/uploads\/2025\/02\/spd-verschwommen.jpg","height":675,"width":1200},"wordCount":255,"keywords":["bewegungsparcours","bezirksvertretung","Blumenberg (K\u00f6ln)","COVID-19-Pandemie in Deutschland","eroffnung","fahre","F\u00fchlinger See","K\u00f6ln-Chorweiler (Stadtbezirk)","langel","Langel (K\u00f6ln)"]},{"@type":"BlogPosting","@id":"https:\/\/www.spdkoelnnord.de\/neue-modulbauten-fuer-worringen-und-roggendorf-thenhoven\/","headline":"Neue Modulbauten f\u00fcr Worringen und Roggendorf\/Thenhoven!","url":"https:\/\/www.spdkoelnnord.de\/neue-modulbauten-fuer-worringen-und-roggendorf-thenhoven\/","datePublished":"2023-09-20","dateModified":"2023-09-20","mainEntityOfPage":"https:\/\/www.spdkoelnnord.de\/neue-modulbauten-fuer-worringen-und-roggendorf-thenhoven\/","author":{"@type":"Person","@id":"https:\/\/www.spdkoelnnord.de\/author\/lena_teschlade\/#Person","name":"Lena Teschlade","url":"https:\/\/www.spdkoelnnord.de\/author\/lena_teschlade\/","identifier":431,"image":{"@type":"ImageObject","@id":"https:\/\/www.spdkoelnnord.de\/wp-content\/uploads\/2024\/02\/Screenshot-2024-02-26-at-20-07-59-Lena_Teschlade.avif-AVIF-Grafik-500-\u00d7-500-Pixel-150x150.png","url":"https:\/\/www.spdkoelnnord.de\/wp-content\/uploads\/2024\/02\/Screenshot-2024-02-26-at-20-07-59-Lena_Teschlade.avif-AVIF-Grafik-500-\u00d7-500-Pixel-150x150.png","height":96,"width":96}},"publisher":{"@type":"Organization","name":"SPD im K\u00f6lner Norden","logo":{"@type":"ImageObject","@id":"https:\/\/www.spdkoelnnord.de\/wp-content\/uploads\/2019\/10\/cropped-logo_ko\u0308lnspd.jpg","url":"https:\/\/www.spdkoelnnord.de\/wp-content\/uploads\/2019\/10\/cropped-logo_ko\u0308lnspd.jpg","width":null,"height":null}},"image":{"@type":"ImageObject","@id":"https:\/\/www.spdkoelnnord.de\/wp-content\/uploads\/2025\/02\/spd-verschwommen.jpg","url":"https:\/\/www.spdkoelnnord.de\/wp-content\/uploads\/2025\/02\/spd-verschwommen.jpg","height":675,"width":1200},"wordCount":464,"keywords":["Grundschule","modulbauten","Nachverdichtung (St\u00e4dtebau)","roggendorf","Roggendorf\/Thenhoven","thenhoven","veedel","worringen"]},{"@type":"BlogPosting","@id":"https:\/\/www.spdkoelnnord.de\/digitale-verwaltung-jetzt-verbessern\/","headline":"Digitale Verwaltung jetzt verbessern","url":"https:\/\/www.spdkoelnnord.de\/digitale-verwaltung-jetzt-verbessern\/","datePublished":"2023-09-20","dateModified":"2023-09-20","mainEntityOfPage":"https:\/\/www.spdkoelnnord.de\/digitale-verwaltung-jetzt-verbessern\/","author":{"@type":"Person","@id":"https:\/\/www.spdkoelnnord.de\/author\/spdbundestagsfraktion\/#Person","name":"Bundestagsfraktion","url":"https:\/\/www.spdkoelnnord.de\/author\/spdbundestagsfraktion\/","identifier":325,"image":{"@type":"ImageObject","@id":"https:\/\/www.spdkoelnnord.de\/wp-content\/plugins\/wp-user-avatar\/deprecated\/wp-user-avatar\/images\/wpua-96x96.png","url":"https:\/\/www.spdkoelnnord.de\/wp-content\/plugins\/wp-user-avatar\/deprecated\/wp-user-avatar\/images\/wpua-96x96.png","height":96,"width":96}},"publisher":{"@type":"Organization","name":"SPD im K\u00f6lner Norden","logo":{"@type":"ImageObject","@id":"https:\/\/www.spdkoelnnord.de\/wp-content\/uploads\/2019\/10\/cropped-logo_ko\u0308lnspd.jpg","url":"https:\/\/www.spdkoelnnord.de\/wp-content\/uploads\/2019\/10\/cropped-logo_ko\u0308lnspd.jpg","width":null,"height":null}},"image":{"@type":"ImageObject","@id":"https:\/\/www.spdkoelnnord.de\/wp-content\/uploads\/2024\/02\/logo_koelnspd.png","url":"https:\/\/www.spdkoelnnord.de\/wp-content\/uploads\/2024\/02\/logo_koelnspd.png","width":945,"height":945},"wordCount":63,"keywords":["digitale","jetzt","verbessern","verwaltung"]},{"@type":"BlogPosting","@id":"https:\/\/www.spdkoelnnord.de\/pflegegipfel-jetzt\/","headline":"Pflegegipfel \u2013 Jetzt!","url":"https:\/\/www.spdkoelnnord.de\/pflegegipfel-jetzt\/","datePublished":"2023-09-20","dateModified":"2023-09-20","mainEntityOfPage":"https:\/\/www.spdkoelnnord.de\/pflegegipfel-jetzt\/","author":{"@type":"Person","@id":"https:\/\/www.spdkoelnnord.de\/author\/lena_teschlade\/#Person","name":"Lena Teschlade","url":"https:\/\/www.spdkoelnnord.de\/author\/lena_teschlade\/","identifier":431,"image":{"@type":"ImageObject","@id":"https:\/\/www.spdkoelnnord.de\/wp-content\/uploads\/2024\/02\/Screenshot-2024-02-26-at-20-07-59-Lena_Teschlade.avif-AVIF-Grafik-500-\u00d7-500-Pixel-150x150.png","url":"https:\/\/www.spdkoelnnord.de\/wp-content\/uploads\/2024\/02\/Screenshot-2024-02-26-at-20-07-59-Lena_Teschlade.avif-AVIF-Grafik-500-\u00d7-500-Pixel-150x150.png","height":96,"width":96}},"publisher":{"@type":"Organization","name":"SPD im K\u00f6lner Norden","logo":{"@type":"ImageObject","@id":"https:\/\/www.spdkoelnnord.de\/wp-content\/uploads\/2019\/10\/cropped-logo_ko\u0308lnspd.jpg","url":"https:\/\/www.spdkoelnnord.de\/wp-content\/uploads\/2019\/10\/cropped-logo_ko\u0308lnspd.jpg","width":null,"height":null}},"image":{"@type":"ImageObject","@id":"https:\/\/www.spdkoelnnord.de\/wp-content\/uploads\/2025\/02\/spd-verschwommen.jpg","url":"https:\/\/www.spdkoelnnord.de\/wp-content\/uploads\/2025\/02\/spd-verschwommen.jpg","height":675,"width":1200},"wordCount":489,"keywords":["Deutscher Gewerkschaftsbund","Gesundheitssystem","insolvenz","Investition","jetzt","Jochen Ott","Lisa Kapteinat","Notstand","pflegegipfel","Pflegekammer","Pflegende Angeh\u00f6rige","Pflegenotstand","Statistisches Bundesamt","Vereinte Dienstleistungsgewerkschaft"]},{"@type":"BlogPosting","@id":"https:\/\/www.spdkoelnnord.de\/revierkonferenz-am-14-09-2023-strukturwandel-muss-chefsache-werden\/","headline":"Revierkonferenz am 14.09.2023 \u2013 Strukturwandel muss Chefsache werden!","url":"https:\/\/www.spdkoelnnord.de\/revierkonferenz-am-14-09-2023-strukturwandel-muss-chefsache-werden\/","datePublished":"2023-09-20","dateModified":"2023-09-20","mainEntityOfPage":"https:\/\/www.spdkoelnnord.de\/revierkonferenz-am-14-09-2023-strukturwandel-muss-chefsache-werden\/","author":{"@type":"Person","@id":"https:\/\/www.spdkoelnnord.de\/author\/lena_teschlade\/#Person","name":"Lena Teschlade","url":"https:\/\/www.spdkoelnnord.de\/author\/lena_teschlade\/","identifier":431,"image":{"@type":"ImageObject","@id":"https:\/\/www.spdkoelnnord.de\/wp-content\/uploads\/2024\/02\/Screenshot-2024-02-26-at-20-07-59-Lena_Teschlade.avif-AVIF-Grafik-500-\u00d7-500-Pixel-150x150.png","url":"https:\/\/www.spdkoelnnord.de\/wp-content\/uploads\/2024\/02\/Screenshot-2024-02-26-at-20-07-59-Lena_Teschlade.avif-AVIF-Grafik-500-\u00d7-500-Pixel-150x150.png","height":96,"width":96}},"publisher":{"@type":"Organization","name":"SPD im K\u00f6lner Norden","logo":{"@type":"ImageObject","@id":"https:\/\/www.spdkoelnnord.de\/wp-content\/uploads\/2019\/10\/cropped-logo_ko\u0308lnspd.jpg","url":"https:\/\/www.spdkoelnnord.de\/wp-content\/uploads\/2019\/10\/cropped-logo_ko\u0308lnspd.jpg","width":null,"height":null}},"image":{"@type":"ImageObject","@id":"https:\/\/www.spdkoelnnord.de\/wp-content\/uploads\/2025\/02\/spd-verschwommen.jpg","url":"https:\/\/www.spdkoelnnord.de\/wp-content\/uploads\/2025\/02\/spd-verschwommen.jpg","height":675,"width":1200},"wordCount":557,"keywords":["Anja Weber (Badminton)","Bundesministerium f\u00fcr Arbeit und Soziales","chefsache","Hendrik W\u00fcst","Hubertus Heil","Keynote","kohleausstieg","Lena Teschlade","Regionaler Strukturwandel","revierkonferenz","Rheinisches Braunkohlerevier","strukturwandel","werden"]},{"@type":"BlogPosting","@id":"https:\/\/www.spdkoelnnord.de\/infrastrukturausbau-ermoeglichen-und-wasserstoffhochlauf-systematisch-voranbringen-fuer-klima-neutrale-industrie-und-mittelstand-in-nordrhein-westfalen-nrw\/","headline":"Infrastrukturausbau erm\u00f6glichen und Wasserstoffhochlauf systematisch voranbringen f\u00fcr klima-neutrale Industrie und Mittelstand in Nordrhein-Westfalen (NRW)","url":"https:\/\/www.spdkoelnnord.de\/infrastrukturausbau-ermoeglichen-und-wasserstoffhochlauf-systematisch-voranbringen-fuer-klima-neutrale-industrie-und-mittelstand-in-nordrhein-westfalen-nrw\/","datePublished":"2023-09-20","dateModified":"2024-03-15","mainEntityOfPage":"https:\/\/www.spdkoelnnord.de\/infrastrukturausbau-ermoeglichen-und-wasserstoffhochlauf-systematisch-voranbringen-fuer-klima-neutrale-industrie-und-mittelstand-in-nordrhein-westfalen-nrw\/","author":{"@type":"Person","@id":"https:\/\/www.spdkoelnnord.de\/author\/lena_teschlade\/#Person","name":"Lena Teschlade","url":"https:\/\/www.spdkoelnnord.de\/author\/lena_teschlade\/","identifier":431,"image":{"@type":"ImageObject","@id":"https:\/\/www.spdkoelnnord.de\/wp-content\/uploads\/2024\/02\/Screenshot-2024-02-26-at-20-07-59-Lena_Teschlade.avif-AVIF-Grafik-500-\u00d7-500-Pixel-150x150.png","url":"https:\/\/www.spdkoelnnord.de\/wp-content\/uploads\/2024\/02\/Screenshot-2024-02-26-at-20-07-59-Lena_Teschlade.avif-AVIF-Grafik-500-\u00d7-500-Pixel-150x150.png","height":96,"width":96}},"publisher":{"@type":"Organization","name":"SPD im K\u00f6lner Norden","logo":{"@type":"ImageObject","@id":"https:\/\/www.spdkoelnnord.de\/wp-content\/uploads\/2019\/10\/cropped-logo_ko\u0308lnspd.jpg","url":"https:\/\/www.spdkoelnnord.de\/wp-content\/uploads\/2019\/10\/cropped-logo_ko\u0308lnspd.jpg","width":null,"height":null}},"image":{"@type":"ImageObject","@id":"https:\/\/www.spdkoelnnord.de\/wp-content\/uploads\/2025\/02\/spd-verschwommen.jpg","url":"https:\/\/www.spdkoelnnord.de\/wp-content\/uploads\/2025\/02\/spd-verschwommen.jpg","height":675,"width":1200},"wordCount":365,"keywords":["ermoglichen","infrastrukturausbau","klima","systematisch","voranbringen","wasserstoffhochlauf"]}]},{"@context":"https:\/\/schema.org","@type":"WebSite","@id":"https:\/\/www.spdkoelnnord.de\/#website","name":"Die SPD im K\u00f6lner Norden","url":"https:\/\/www.spdkoelnnord.de","potentialAction":{"@type":"SearchAction","target":"https:\/\/www.spdkoelnnord.de\/?s={search_term_string}","query-input":"required name=search_term_string"}}]