[{"@context":"https:\/\/schema.org\/","@type":"Blog","@id":"https:\/\/www.spdkoelnnord.de#Blog","headline":"Die SPD im K\u00f6lner Norden","description":"Die SPD im Stadtbezirk K\u00f6ln - Chorweiler","url":"https:\/\/www.spdkoelnnord.de","blogPost":[{"@type":"BlogPosting","@id":"https:\/\/www.spdkoelnnord.de\/austausch-mit-der-parteivorsitzenden-der-koelnspd\/","headline":"Austausch mit der Parteivorsitzenden der K\u00f6lnSPD","url":"https:\/\/www.spdkoelnnord.de\/austausch-mit-der-parteivorsitzenden-der-koelnspd\/","datePublished":"2023-09-06","dateModified":"2023-09-06","mainEntityOfPage":"https:\/\/www.spdkoelnnord.de\/austausch-mit-der-parteivorsitzenden-der-koelnspd\/","author":{"@type":"Person","@id":"https:\/\/www.spdkoelnnord.de\/author\/mattis-dieterich\/#Person","name":"Mattis Dieterich","url":"https:\/\/www.spdkoelnnord.de\/author\/mattis-dieterich\/","identifier":326,"image":{"@type":"ImageObject","@id":"https:\/\/www.spdkoelnnord.de\/wp-content\/plugins\/wp-user-avatar\/deprecated\/wp-user-avatar\/images\/wpua-96x96.png","url":"https:\/\/www.spdkoelnnord.de\/wp-content\/plugins\/wp-user-avatar\/deprecated\/wp-user-avatar\/images\/wpua-96x96.png","height":96,"width":96}},"publisher":{"@type":"Organization","name":"SPD im K\u00f6lner Norden","logo":{"@type":"ImageObject","@id":"https:\/\/www.spdkoelnnord.de\/wp-content\/uploads\/2019\/10\/cropped-logo_ko\u0308lnspd.jpg","url":"https:\/\/www.spdkoelnnord.de\/wp-content\/uploads\/2019\/10\/cropped-logo_ko\u0308lnspd.jpg","width":null,"height":null}},"image":{"@type":"ImageObject","@id":"https:\/\/www.spdkoelnnord.de\/wp-content\/uploads\/2025\/02\/spd-verschwommen.jpg","url":"https:\/\/www.spdkoelnnord.de\/wp-content\/uploads\/2025\/02\/spd-verschwommen.jpg","height":675,"width":1200},"wordCount":134,"keywords":["austausch","kolnspd","parteivorsitzenden"]},{"@type":"BlogPosting","@id":"https:\/\/www.spdkoelnnord.de\/wir-investieren-in-die-zukunft-der-kinder-und-entlasten-familien\/","headline":"Wir investieren in die Zukunft der Kinder und entlasten Familien","url":"https:\/\/www.spdkoelnnord.de\/wir-investieren-in-die-zukunft-der-kinder-und-entlasten-familien\/","datePublished":"2023-09-05","dateModified":"2023-09-05","mainEntityOfPage":"https:\/\/www.spdkoelnnord.de\/wir-investieren-in-die-zukunft-der-kinder-und-entlasten-familien\/","author":{"@type":"Person","@id":"https:\/\/www.spdkoelnnord.de\/author\/spdbundestagsfraktion\/#Person","name":"Bundestagsfraktion","url":"https:\/\/www.spdkoelnnord.de\/author\/spdbundestagsfraktion\/","identifier":325,"image":{"@type":"ImageObject","@id":"https:\/\/www.spdkoelnnord.de\/wp-content\/plugins\/wp-user-avatar\/deprecated\/wp-user-avatar\/images\/wpua-96x96.png","url":"https:\/\/www.spdkoelnnord.de\/wp-content\/plugins\/wp-user-avatar\/deprecated\/wp-user-avatar\/images\/wpua-96x96.png","height":96,"width":96}},"publisher":{"@type":"Organization","name":"SPD im K\u00f6lner Norden","logo":{"@type":"ImageObject","@id":"https:\/\/www.spdkoelnnord.de\/wp-content\/uploads\/2019\/10\/cropped-logo_ko\u0308lnspd.jpg","url":"https:\/\/www.spdkoelnnord.de\/wp-content\/uploads\/2019\/10\/cropped-logo_ko\u0308lnspd.jpg","width":null,"height":null}},"image":{"@type":"ImageObject","@id":"https:\/\/www.spdkoelnnord.de\/wp-content\/uploads\/2025\/02\/spd-verschwommen.jpg","url":"https:\/\/www.spdkoelnnord.de\/wp-content\/uploads\/2025\/02\/spd-verschwommen.jpg","height":675,"width":1200},"wordCount":59,"keywords":["entlasten","familien","Felix D\u00f6ring","investieren","kinder","kindergrundsicherung","Kinderzuschlag","zukunft"]},{"@type":"BlogPosting","@id":"https:\/\/www.spdkoelnnord.de\/ende-der-diskriminierung-bei-blutspende-ist-wichtiger-schritt\/","headline":"Ende der Diskriminierung bei Blutspende ist wichtiger Schritt","url":"https:\/\/www.spdkoelnnord.de\/ende-der-diskriminierung-bei-blutspende-ist-wichtiger-schritt\/","datePublished":"2023-09-04","dateModified":"2023-09-04","mainEntityOfPage":"https:\/\/www.spdkoelnnord.de\/ende-der-diskriminierung-bei-blutspende-ist-wichtiger-schritt\/","author":{"@type":"Person","@id":"https:\/\/www.spdkoelnnord.de\/author\/spdbundestagsfraktion\/#Person","name":"Bundestagsfraktion","url":"https:\/\/www.spdkoelnnord.de\/author\/spdbundestagsfraktion\/","identifier":325,"image":{"@type":"ImageObject","@id":"https:\/\/www.spdkoelnnord.de\/wp-content\/plugins\/wp-user-avatar\/deprecated\/wp-user-avatar\/images\/wpua-96x96.png","url":"https:\/\/www.spdkoelnnord.de\/wp-content\/plugins\/wp-user-avatar\/deprecated\/wp-user-avatar\/images\/wpua-96x96.png","height":96,"width":96}},"publisher":{"@type":"Organization","name":"SPD im K\u00f6lner Norden","logo":{"@type":"ImageObject","@id":"https:\/\/www.spdkoelnnord.de\/wp-content\/uploads\/2019\/10\/cropped-logo_ko\u0308lnspd.jpg","url":"https:\/\/www.spdkoelnnord.de\/wp-content\/uploads\/2019\/10\/cropped-logo_ko\u0308lnspd.jpg","width":null,"height":null}},"image":{"@type":"ImageObject","@id":"https:\/\/www.spdkoelnnord.de\/wp-content\/uploads\/2024\/02\/logo_koelnspd.png","url":"https:\/\/www.spdkoelnnord.de\/wp-content\/uploads\/2024\/02\/logo_koelnspd.png","width":945,"height":945},"wordCount":59,"keywords":["blutspende","diskriminierung","schritt","wichtiger"]},{"@type":"BlogPosting","@id":"https:\/\/www.spdkoelnnord.de\/19-euro-sozialticket-fuer-koeln-einfuehren\/","headline":"19 Euro-Sozialticket f\u00fcr K\u00f6ln einf\u00fchren","url":"https:\/\/www.spdkoelnnord.de\/19-euro-sozialticket-fuer-koeln-einfuehren\/","datePublished":"2023-08-31","dateModified":"2023-08-31","mainEntityOfPage":"https:\/\/www.spdkoelnnord.de\/19-euro-sozialticket-fuer-koeln-einfuehren\/","author":{"@type":"Person","@id":"https:\/\/www.spdkoelnnord.de\/author\/koelnspd\/#Person","name":"K\u00f6lnSPD","url":"https:\/\/www.spdkoelnnord.de\/author\/koelnspd\/","identifier":11,"description":"SPD-Unterbezirk K\u00f6ln\r\nMagnusstra\u00dfe 18 b\r\n50672 K\u00f6ln\r\nTel: 0221 \/ 92 59 81-0","image":{"@type":"ImageObject","@id":"https:\/\/www.spdkoelnnord.de\/wp-content\/plugins\/wp-user-avatar\/deprecated\/wp-user-avatar\/images\/wpua-96x96.png","url":"https:\/\/www.spdkoelnnord.de\/wp-content\/plugins\/wp-user-avatar\/deprecated\/wp-user-avatar\/images\/wpua-96x96.png","height":96,"width":96}},"publisher":{"@type":"Organization","name":"SPD im K\u00f6lner Norden","logo":{"@type":"ImageObject","@id":"https:\/\/www.spdkoelnnord.de\/wp-content\/uploads\/2019\/10\/cropped-logo_ko\u0308lnspd.jpg","url":"https:\/\/www.spdkoelnnord.de\/wp-content\/uploads\/2019\/10\/cropped-logo_ko\u0308lnspd.jpg","width":null,"height":null}},"image":{"@type":"ImageObject","@id":"https:\/\/www.spdkoelnnord.de\/wp-content\/uploads\/2024\/02\/logo_koelnspd.png","url":"https:\/\/www.spdkoelnnord.de\/wp-content\/uploads\/2024\/02\/logo_koelnspd.png","width":945,"height":945},"wordCount":604,"keywords":["einfuhren","sozialticket"]},{"@type":"BlogPosting","@id":"https:\/\/www.spdkoelnnord.de\/hoehere-loehne-und-grossstadtzulage-gegen-den-fachkraeftemangel\/","headline":"H\u00f6here L\u00f6hne und Gro\u00dfstadtzulage gegen den Fachkr\u00e4ftemangel","url":"https:\/\/www.spdkoelnnord.de\/hoehere-loehne-und-grossstadtzulage-gegen-den-fachkraeftemangel\/","datePublished":"2023-08-31","dateModified":"2023-08-31","mainEntityOfPage":"https:\/\/www.spdkoelnnord.de\/hoehere-loehne-und-grossstadtzulage-gegen-den-fachkraeftemangel\/","author":{"@type":"Person","@id":"https:\/\/www.spdkoelnnord.de\/author\/koelnspd\/#Person","name":"K\u00f6lnSPD","url":"https:\/\/www.spdkoelnnord.de\/author\/koelnspd\/","identifier":11,"description":"SPD-Unterbezirk K\u00f6ln\r\nMagnusstra\u00dfe 18 b\r\n50672 K\u00f6ln\r\nTel: 0221 \/ 92 59 81-0","image":{"@type":"ImageObject","@id":"https:\/\/www.spdkoelnnord.de\/wp-content\/plugins\/wp-user-avatar\/deprecated\/wp-user-avatar\/images\/wpua-96x96.png","url":"https:\/\/www.spdkoelnnord.de\/wp-content\/plugins\/wp-user-avatar\/deprecated\/wp-user-avatar\/images\/wpua-96x96.png","height":96,"width":96}},"publisher":{"@type":"Organization","name":"SPD im K\u00f6lner Norden","logo":{"@type":"ImageObject","@id":"https:\/\/www.spdkoelnnord.de\/wp-content\/uploads\/2019\/10\/cropped-logo_ko\u0308lnspd.jpg","url":"https:\/\/www.spdkoelnnord.de\/wp-content\/uploads\/2019\/10\/cropped-logo_ko\u0308lnspd.jpg","width":null,"height":null}},"image":{"@type":"ImageObject","@id":"https:\/\/www.spdkoelnnord.de\/wp-content\/uploads\/2025\/02\/spd-verschwommen.jpg","url":"https:\/\/www.spdkoelnnord.de\/wp-content\/uploads\/2025\/02\/spd-verschwommen.jpg","height":675,"width":1200},"wordCount":438,"keywords":["Altersvorsorge","Arbeitsentgelt","arbeitsmarkt","Burgergemeinde Bern","Erwachsenen- und Weiterbildung","fachkraftemangel","Friedrich Krupp AG","gegen","Geschlechterrolle","hohere","K\u00f6ln","lohne","Nordrhein-Westfalen","\u00d6ffentlicher Dienst","Schwerbehinderter","stadtzulage"]},{"@type":"BlogPosting","@id":"https:\/\/www.spdkoelnnord.de\/15-milliarden-euro-fuer-studi-und-azubiheime-in-aussicht\/","headline":"1,5 Milliarden Euro f\u00fcr Studi- und Azubiheime in Aussicht","url":"https:\/\/www.spdkoelnnord.de\/15-milliarden-euro-fuer-studi-und-azubiheime-in-aussicht\/","datePublished":"2023-08-29","dateModified":"2023-08-29","mainEntityOfPage":"https:\/\/www.spdkoelnnord.de\/15-milliarden-euro-fuer-studi-und-azubiheime-in-aussicht\/","author":{"@type":"Person","@id":"https:\/\/www.spdkoelnnord.de\/author\/spdbundestagsfraktion\/#Person","name":"Bundestagsfraktion","url":"https:\/\/www.spdkoelnnord.de\/author\/spdbundestagsfraktion\/","identifier":325,"image":{"@type":"ImageObject","@id":"https:\/\/www.spdkoelnnord.de\/wp-content\/plugins\/wp-user-avatar\/deprecated\/wp-user-avatar\/images\/wpua-96x96.png","url":"https:\/\/www.spdkoelnnord.de\/wp-content\/plugins\/wp-user-avatar\/deprecated\/wp-user-avatar\/images\/wpua-96x96.png","height":96,"width":96}},"publisher":{"@type":"Organization","name":"SPD im K\u00f6lner Norden","logo":{"@type":"ImageObject","@id":"https:\/\/www.spdkoelnnord.de\/wp-content\/uploads\/2019\/10\/cropped-logo_ko\u0308lnspd.jpg","url":"https:\/\/www.spdkoelnnord.de\/wp-content\/uploads\/2019\/10\/cropped-logo_ko\u0308lnspd.jpg","width":null,"height":null}},"image":{"@type":"ImageObject","@id":"https:\/\/www.spdkoelnnord.de\/wp-content\/uploads\/2024\/02\/logo_koelnspd.png","url":"https:\/\/www.spdkoelnnord.de\/wp-content\/uploads\/2024\/02\/logo_koelnspd.png","width":945,"height":945},"wordCount":45,"keywords":["aussicht","azubiheime","milliarden","studi"]},{"@type":"BlogPosting","@id":"https:\/\/www.spdkoelnnord.de\/neue-badezonen-am-fuehlinger-see\/","headline":"Neue Badezonen am F\u00fchlinger See","url":"https:\/\/www.spdkoelnnord.de\/neue-badezonen-am-fuehlinger-see\/","datePublished":"2023-08-28","dateModified":"2024-03-15","mainEntityOfPage":"https:\/\/www.spdkoelnnord.de\/neue-badezonen-am-fuehlinger-see\/","author":{"@type":"Person","@id":"https:\/\/www.spdkoelnnord.de\/author\/koelnspd\/#Person","name":"K\u00f6lnSPD","url":"https:\/\/www.spdkoelnnord.de\/author\/koelnspd\/","identifier":11,"description":"SPD-Unterbezirk K\u00f6ln\r\nMagnusstra\u00dfe 18 b\r\n50672 K\u00f6ln\r\nTel: 0221 \/ 92 59 81-0","image":{"@type":"ImageObject","@id":"https:\/\/www.spdkoelnnord.de\/wp-content\/plugins\/wp-user-avatar\/deprecated\/wp-user-avatar\/images\/wpua-96x96.png","url":"https:\/\/www.spdkoelnnord.de\/wp-content\/plugins\/wp-user-avatar\/deprecated\/wp-user-avatar\/images\/wpua-96x96.png","height":96,"width":96}},"publisher":{"@type":"Organization","name":"SPD im K\u00f6lner Norden","logo":{"@type":"ImageObject","@id":"https:\/\/www.spdkoelnnord.de\/wp-content\/uploads\/2019\/10\/cropped-logo_ko\u0308lnspd.jpg","url":"https:\/\/www.spdkoelnnord.de\/wp-content\/uploads\/2019\/10\/cropped-logo_ko\u0308lnspd.jpg","width":null,"height":null}},"image":{"@type":"ImageObject","@id":"https:\/\/www.spdkoelnnord.de\/wp-content\/uploads\/2025\/02\/spd-verschwommen.jpg","url":"https:\/\/www.spdkoelnnord.de\/wp-content\/uploads\/2025\/02\/spd-verschwommen.jpg","height":675,"width":1200},"wordCount":1778,"keywords":["9K76 Temp-S","Alternative f\u00fcr Deutschland","badezonen","bezirksvertretung","Blackfoot","B\u00fcrgerbeteiligung","chorweiler","COVID-19-Pandemie","Deutsche Gesellschaft f\u00fcr das Badewesen","fuhlinger","F\u00fchlinger See","K\u00f6ln","K\u00f6ln-Chorweiler (Stadtbezirk)","Nordrhein-Westfalen","Petition","Risikoanalyse","Satzung (\u00f6ffentliches Recht)","schwimmen"]}]},{"@context":"https:\/\/schema.org","@type":"WebSite","@id":"https:\/\/www.spdkoelnnord.de\/#website","name":"Die SPD im K\u00f6lner Norden","url":"https:\/\/www.spdkoelnnord.de","potentialAction":{"@type":"SearchAction","target":"https:\/\/www.spdkoelnnord.de\/?s={search_term_string}","query-input":"required name=search_term_string"}}]